{"id":1945,"date":"2010-09-14T07:22:40","date_gmt":"2010-09-14T12:22:40","guid":{"rendered":"http:\/\/akunq.net\/tr\/?p=1945"},"modified":"2010-09-14T07:22:40","modified_gmt":"2010-09-14T12:22:40","slug":"tas-dussun","status":"publish","type":"post","link":"https:\/\/akunq.net\/turkish\/2010\/09\/14\/tas-dussun\/","title":{"rendered":"&#8216;&#8230;Ta\u015f d\u00fc\u015fs\u00fcn!&#8217;"},"content":{"rendered":"<p style=\"text-align: justify\">M\u00fcsl\u00fcman okuyucular\u0131m\u0131n, me\u015freblerine g\u00f6re, \u201cRamazan\u201d y\u00e2hut \u201c\u015eeker\u201d Bayramlar\u0131n\u0131 kutlar\u0131m. \u0130l\u00e2m\u00e2\u015fallah bunu bile bir \u201chayat-memat meselesi\u201d yapma becerisini (!) g\u00f6stermi\u015fizdir. Neyse, i\u015fte \u201co\u201d bayram\u0131n\u0131z kutlu olsun!<br \/>\n***Benim yurdi\u00e7inde ve d\u0131\u015f\u0131nda belirli bir Ermeni okuyucu grubum var. Ara s\u0131ra mesaj g\u00f6ndermelerinden biliyorum. B\u00e2z\u0131lar\u0131 telefon numaram\u0131 da bilirler. Arefe sabah\u0131 saat 09.45 sular\u0131 onlardan biri arad\u0131. \u00c2det\u00e2 a\u011flamakl\u0131yd\u0131. Me\u00e2len dedi ki \u201cYa\u011fmur Bey, \u015fu anda Flash tv\u2019de bir tart\u0131\u015fma program\u0131 izliyorum. Tart\u0131\u015fmac\u0131lardan \u00e7ok \u00fcst d\u00fczey bir AK Partili (ad\u0131n\u0131 da verdi!) K\u0131l\u0131\u00e7daro\u011flu\u2019nun annesi Ermeni diyerek ona hak\u00e2ret etmek istedi. Biz ne bi\u00e7im bir \u00fclkede ya\u015f\u0131yoruz? Hat\u0131rlayacaks\u0131n\u0131z, bundan birka\u00e7 ay \u00f6nce bir CHP\u2019li han\u0131m politikac\u0131 da Cumhurba\u015fkan\u0131 Abdullah G\u00fcl\u2019e hak\u00e2ret etmek i\u00e7in annesinin Ermeni oldu\u011funu iddia etmi\u015fdi. Ermeni kelimesinin bir insan\u0131 a\u015fa\u011f\u0131lamak i\u00e7in kullan\u0131lmas\u0131n\u0131 duya duya ben can\u0131mdan bezdim.\u201d<\/p>\n<p style=\"text-align: justify\">\u00a0Kekeleyerek birka\u00e7 c\u00fcmle s\u00f6yledim ama muhtemelen sadre \u015fif\u00e2 olacak t\u00fcrden s\u00f6zler de\u011fildi. \u015eimdi d\u00fc\u015f\u00fcncelerimi m\u00fcmkin mertebe d\u00fczene koyarak alenen bir\u015feyler daha if\u00e2de etmek istiyorum:<br \/>\nBir memlekette, ba\u015fka her konuya d\u00e2ir taban tabana z\u0131d g\u00f6r\u00fc\u015fler savunan politikac\u0131lar\u0131n Ermeni d\u00fc\u015fmanl\u0131\u011f\u0131 ve \u0131rk\u00e7\u0131l\u0131k konular\u0131nda b\u00f6ylesine can ci\u011fer kuzu sarmas\u0131 olmalar\u0131 fevkal\u00e2de cidd\u00ee bir r\u00fbh\u00ee rahats\u0131zl\u0131\u011f\u0131n semptomlar\u0131ndand\u0131r ve kat\u2019iyyen hayra al\u00e2met de\u011fildir! \u00dcstelik bu politikac\u0131lardan birinin faaliyet ve etkinlik alan\u0131 i\u00e7inde yakla\u015f\u0131k 75.000 Ermeninin de bulunuyor olmas\u0131 durumu onun z\u00e2viyesinden daha da vah\u00eem k\u0131lmaktad\u0131r. \u00c7\u00fcnki berikinden \u00a0z\u00e2ten do\u011fru d\u00fcr\u00fcst bir davran\u0131\u015f beklemek ham hay\u00e2ldir. Ne mal oldu\u011fu bellidir. Ama \u00fcstelik \u201c\u0130sl\u00e2miyet referansl\u0131\u201d bir partinin ilerigeleni olarak b\u00fct\u00fcn bir \u201ckavmi\u201d a\u015fa\u011f\u0131l\u0131yorsa onun M\u00fcsl\u00fcmanl\u0131\u011f\u0131ndan da \u015f\u00fcbhe etmek gerekir!<\/p>\n<p style=\"text-align: justify\"><strong>\u0130sl\u00e2mda \u201ckavmiyet\u00e7ilik\u201d var m\u0131?<\/strong><\/p>\n<p style=\"text-align: justify\">Bir Ermeni k\u00f6t\u00fc, al\u00e7ak, a\u015fa\u011f\u0131l\u0131k vs.olabilir! T\u0131pk\u0131 bir T\u00fcrk\/Rum\/Frans\u0131z\/Yahudi\/Meksikal\u0131 etc. gibi!!!<br \/>\nAma siz b\u00fct\u00fcn bir \u201cmilliyet\u201di menf\u00ee bir kavramla e\u015fde\u011fer tutarsan\u0131z o zaman yeriniz politik bir mes\u2019\u00fbliyet alan\u0131 de\u011fil usta bir psikanalistin minderi olmal\u0131d\u0131r! Hatt\u00e2 \u0131sr\u00e2r ederseniz c\u00fcrm-\u00fc me\u015fhud h\u00e2kiminin \u00f6n\u00fc!<br \/>\nBiz \u201cOsmanl\u0131\u201dy\u0131z! Tahl\u00eel edin (!) genlerimizi bakal\u0131m i\u00e7inden neler \u00e7\u0131kacak!!!<\/p>\n<p style=\"text-align: justify\">Unutmayal\u0131m ki Ermeniler bizim s\u00e2dece yurdda\u015fla\u0131m\u0131z de\u011fil; amcalar\u0131m\u0131z, teyzelerimiz, day\u0131lar\u0131m\u0131z, yengelerimiz, eni\u015ftelerimizdirler de!<br \/>\n\u201cErmeni\u201dyi k\u00fcf\u00fcr olarak kullananlara soruyorum:<br \/>\nE\u011fer bunda \u201cuygunsuz\u201d bir durum g\u00f6rm\u00fcyorsan\u0131z o vakit M\u00fcsl\u00fcman Bo\u015fnaklara hak\u00e2ret olsun diye \u201cT\u00fcrk\u201d diyen S\u0131rplara ne k\u0131z\u0131yorsunuz?<br \/>\n\u0130nsanlar m\u00fctem\u00e2diyen m\u00e2z\u00eede ya\u015fayamazlar!<br \/>\nM\u00e2z\u00eeyi unutmayal\u0131m ama ondan \u201ckin\u201d \u00fcretmek i\u00e7in de\u011fil! Ders al\u0131p fel\u00e2ketlerin tekerr\u00fcr etmesini \u00f6nlemek amac\u0131yla!<br \/>\n\u201cBeni 1915 metrelik bir k\u00f6rkuyunun dibine atmay\u0131n!\u201d demi\u015fdi Rahmetli Hrant Dink!<br \/>\nBu \u00fclkede Ermeniler \u00f6ylesine a\u011f\u0131r eziyetlere ve cin\u00e2yetlere m\u00e2ruz kald\u0131lar ki bu terbiye yoksunlar\u0131na a\u011f\u0131zlar\u0131n\u0131n pay\u0131n\u0131 verme\u011fe \u00e7ekiniyor olabilirler. Ama ben bir \u201cetnik beyaz T\u00fcrk\u201d olarak m\u00fcsaade ederlerse onlar\u0131n yerine tek kelime s\u00f6ylemek istiyorum:<br \/>\nErmeni kadar tepenize ta\u015f d\u00fc\u015fs\u00fcn!<\/p>\n<p style=\"text-align: justify\"><strong><em>Ya\u011fmur Ats\u0131z<\/em><\/strong><\/p>\n<p style=\"text-align: justify\"><strong><em>Kaynak:<\/em><\/strong><em> stargazete.com<br \/>\n<strong>Tarih:<\/strong> 10.9.2010<\/em><\/p>\n","protected":false},"excerpt":{"rendered":"<p>M\u00fcsl\u00fcman okuyucular\u0131m\u0131n, me\u015freblerine g\u00f6re, \u201cRamazan\u201d y\u00e2hut \u201c\u015eeker\u201d Bayramlar\u0131n\u0131 kutlar\u0131m. \u0130l\u00e2m\u00e2\u015fallah bunu bile bir \u201chayat-memat meselesi\u201d yapma becerisini (!) g\u00f6stermi\u015fizdir. Neyse, i\u015fte \u201co\u201d bayram\u0131n\u0131z kutlu olsun! ***Benim yurdi\u00e7inde ve d\u0131\u015f\u0131nda belirli bir Ermeni okuyucu grubum var. Ara s\u0131ra mesaj g\u00f6ndermelerinden biliyorum. B\u00e2z\u0131lar\u0131 telefon numaram\u0131 da bilirler. Arefe sabah\u0131 saat 09.45 sular\u0131 onlardan biri arad\u0131. \u00c2det\u00e2 a\u011flamakl\u0131yd\u0131. [&hellip;]<\/p>\n","protected":false},"author":3,"featured_media":0,"comment_status":"closed","ping_status":"open","sticky":false,"template":"","format":"standard","meta":{"footnotes":""},"categories":[14],"tags":[],"class_list":["post-1945","post","type-post","status-publish","format-standard","hentry","category-haberler"],"yoast_head":"<!-- This site is optimized with the Yoast SEO plugin v27.4 - https:\/\/yoast.com\/product\/yoast-seo-wordpress\/ -->\n<title>&#039;...Ta\u015f d\u00fc\u015fs\u00fcn!&#039; - Bati Ermenistan Ve Bati Ermenileri Sorunlari Ara\u015ftirmalar Merkezi<\/title>\n<meta name=\"robots\" content=\"index, follow, max-snippet:-1, max-image-preview:large, max-video-preview:-1\" \/>\n<link rel=\"canonical\" href=\"https:\/\/akunq.net\/turkish\/2010\/09\/14\/tas-dussun\/\" \/>\n<meta property=\"og:locale\" content=\"en_US\" \/>\n<meta property=\"og:type\" content=\"article\" \/>\n<meta property=\"og:title\" content=\"&#039;...Ta\u015f d\u00fc\u015fs\u00fcn!&#039; - Bati Ermenistan Ve Bati Ermenileri Sorunlari Ara\u015ftirmalar Merkezi\" \/>\n<meta property=\"og:description\" content=\"M\u00fcsl\u00fcman okuyucular\u0131m\u0131n, me\u015freblerine g\u00f6re, \u201cRamazan\u201d y\u00e2hut \u201c\u015eeker\u201d Bayramlar\u0131n\u0131 kutlar\u0131m. \u0130l\u00e2m\u00e2\u015fallah bunu bile bir \u201chayat-memat meselesi\u201d yapma becerisini (!) g\u00f6stermi\u015fizdir. Neyse, i\u015fte \u201co\u201d bayram\u0131n\u0131z kutlu olsun! ***Benim yurdi\u00e7inde ve d\u0131\u015f\u0131nda belirli bir Ermeni okuyucu grubum var. Ara s\u0131ra mesaj g\u00f6ndermelerinden biliyorum. B\u00e2z\u0131lar\u0131 telefon numaram\u0131 da bilirler. Arefe sabah\u0131 saat 09.45 sular\u0131 onlardan biri arad\u0131. \u00c2det\u00e2 a\u011flamakl\u0131yd\u0131. [&hellip;]\" \/>\n<meta property=\"og:url\" content=\"https:\/\/akunq.net\/turkish\/2010\/09\/14\/tas-dussun\/\" \/>\n<meta property=\"og:site_name\" content=\"Bati Ermenistan Ve Bati Ermenileri Sorunlari Ara\u015ftirmalar Merkezi\" \/>\n<meta property=\"article:published_time\" content=\"2010-09-14T12:22:40+00:00\" \/>\n<meta name=\"author\" content=\"kalem\" \/>\n<meta name=\"twitter:card\" content=\"summary_large_image\" \/>\n<meta name=\"twitter:label1\" content=\"Written by\" \/>\n\t<meta name=\"twitter:data1\" content=\"kalem\" \/>\n\t<meta name=\"twitter:label2\" content=\"Est. reading time\" \/>\n\t<meta name=\"twitter:data2\" content=\"3 minutes\" \/>\n<script type=\"application\/ld+json\" class=\"yoast-schema-graph\">{\"@context\":\"https:\\\/\\\/schema.org\",\"@graph\":[{\"@type\":\"Article\",\"@id\":\"https:\\\/\\\/akunq.net\\\/turkish\\\/2010\\\/09\\\/14\\\/tas-dussun\\\/#article\",\"isPartOf\":{\"@id\":\"https:\\\/\\\/akunq.net\\\/turkish\\\/2010\\\/09\\\/14\\\/tas-dussun\\\/\"},\"author\":{\"name\":\"kalem\",\"@id\":\"https:\\\/\\\/akunq.net\\\/turkish\\\/#\\\/schema\\\/person\\\/135e7923d1aeb8887890799619969a6c\"},\"headline\":\"&#8216;&#8230;Ta\u015f d\u00fc\u015fs\u00fcn!&#8217;\",\"datePublished\":\"2010-09-14T12:22:40+00:00\",\"mainEntityOfPage\":{\"@id\":\"https:\\\/\\\/akunq.net\\\/turkish\\\/2010\\\/09\\\/14\\\/tas-dussun\\\/\"},\"wordCount\":610,\"articleSection\":[\"Haberler\"],\"inLanguage\":\"en-US\"},{\"@type\":\"WebPage\",\"@id\":\"https:\\\/\\\/akunq.net\\\/turkish\\\/2010\\\/09\\\/14\\\/tas-dussun\\\/\",\"url\":\"https:\\\/\\\/akunq.net\\\/turkish\\\/2010\\\/09\\\/14\\\/tas-dussun\\\/\",\"name\":\"'...Ta\u015f d\u00fc\u015fs\u00fcn!' - Bati Ermenistan Ve Bati Ermenileri Sorunlari Ara\u015ftirmalar Merkezi\",\"isPartOf\":{\"@id\":\"https:\\\/\\\/akunq.net\\\/turkish\\\/#website\"},\"datePublished\":\"2010-09-14T12:22:40+00:00\",\"author\":{\"@id\":\"https:\\\/\\\/akunq.net\\\/turkish\\\/#\\\/schema\\\/person\\\/135e7923d1aeb8887890799619969a6c\"},\"breadcrumb\":{\"@id\":\"https:\\\/\\\/akunq.net\\\/turkish\\\/2010\\\/09\\\/14\\\/tas-dussun\\\/#breadcrumb\"},\"inLanguage\":\"en-US\",\"potentialAction\":[{\"@type\":\"ReadAction\",\"target\":[\"https:\\\/\\\/akunq.net\\\/turkish\\\/2010\\\/09\\\/14\\\/tas-dussun\\\/\"]}]},{\"@type\":\"BreadcrumbList\",\"@id\":\"https:\\\/\\\/akunq.net\\\/turkish\\\/2010\\\/09\\\/14\\\/tas-dussun\\\/#breadcrumb\",\"itemListElement\":[{\"@type\":\"ListItem\",\"position\":1,\"name\":\"Home\",\"item\":\"https:\\\/\\\/akunq.net\\\/turkish\\\/\"},{\"@type\":\"ListItem\",\"position\":2,\"name\":\"&#8216;&#8230;Ta\u015f d\u00fc\u015fs\u00fcn!&#8217;\"}]},{\"@type\":\"WebSite\",\"@id\":\"https:\\\/\\\/akunq.net\\\/turkish\\\/#website\",\"url\":\"https:\\\/\\\/akunq.net\\\/turkish\\\/\",\"name\":\"Bati Ermenistan Ve Bati Ermenileri Sorunlari Ara\u015ftirmalar Merkezi\",\"description\":\"\",\"potentialAction\":[{\"@type\":\"SearchAction\",\"target\":{\"@type\":\"EntryPoint\",\"urlTemplate\":\"https:\\\/\\\/akunq.net\\\/turkish\\\/?s={search_term_string}\"},\"query-input\":{\"@type\":\"PropertyValueSpecification\",\"valueRequired\":true,\"valueName\":\"search_term_string\"}}],\"inLanguage\":\"en-US\"},{\"@type\":\"Person\",\"@id\":\"https:\\\/\\\/akunq.net\\\/turkish\\\/#\\\/schema\\\/person\\\/135e7923d1aeb8887890799619969a6c\",\"name\":\"kalem\",\"image\":{\"@type\":\"ImageObject\",\"inLanguage\":\"en-US\",\"@id\":\"https:\\\/\\\/secure.gravatar.com\\\/avatar\\\/a06875e4b25feb5674296adf8e8a7ae1e587cebce2493fe63c456109967e27d3?s=96&d=mm&r=g\",\"url\":\"https:\\\/\\\/secure.gravatar.com\\\/avatar\\\/a06875e4b25feb5674296adf8e8a7ae1e587cebce2493fe63c456109967e27d3?s=96&d=mm&r=g\",\"contentUrl\":\"https:\\\/\\\/secure.gravatar.com\\\/avatar\\\/a06875e4b25feb5674296adf8e8a7ae1e587cebce2493fe63c456109967e27d3?s=96&d=mm&r=g\",\"caption\":\"kalem\"},\"url\":\"https:\\\/\\\/akunq.net\\\/turkish\\\/author\\\/kalem\\\/\"}]}<\/script>\n<!-- \/ Yoast SEO plugin. -->","yoast_head_json":{"title":"'...Ta\u015f d\u00fc\u015fs\u00fcn!' - Bati Ermenistan Ve Bati Ermenileri Sorunlari Ara\u015ftirmalar Merkezi","robots":{"index":"index","follow":"follow","max-snippet":"max-snippet:-1","max-image-preview":"max-image-preview:large","max-video-preview":"max-video-preview:-1"},"canonical":"https:\/\/akunq.net\/turkish\/2010\/09\/14\/tas-dussun\/","og_locale":"en_US","og_type":"article","og_title":"'...Ta\u015f d\u00fc\u015fs\u00fcn!' - Bati Ermenistan Ve Bati Ermenileri Sorunlari Ara\u015ftirmalar Merkezi","og_description":"M\u00fcsl\u00fcman okuyucular\u0131m\u0131n, me\u015freblerine g\u00f6re, \u201cRamazan\u201d y\u00e2hut \u201c\u015eeker\u201d Bayramlar\u0131n\u0131 kutlar\u0131m. \u0130l\u00e2m\u00e2\u015fallah bunu bile bir \u201chayat-memat meselesi\u201d yapma becerisini (!) g\u00f6stermi\u015fizdir. Neyse, i\u015fte \u201co\u201d bayram\u0131n\u0131z kutlu olsun! ***Benim yurdi\u00e7inde ve d\u0131\u015f\u0131nda belirli bir Ermeni okuyucu grubum var. Ara s\u0131ra mesaj g\u00f6ndermelerinden biliyorum. B\u00e2z\u0131lar\u0131 telefon numaram\u0131 da bilirler. Arefe sabah\u0131 saat 09.45 sular\u0131 onlardan biri arad\u0131. \u00c2det\u00e2 a\u011flamakl\u0131yd\u0131. [&hellip;]","og_url":"https:\/\/akunq.net\/turkish\/2010\/09\/14\/tas-dussun\/","og_site_name":"Bati Ermenistan Ve Bati Ermenileri Sorunlari Ara\u015ftirmalar Merkezi","article_published_time":"2010-09-14T12:22:40+00:00","author":"kalem","twitter_card":"summary_large_image","twitter_misc":{"Written by":"kalem","Est. reading time":"3 minutes"},"schema":{"@context":"https:\/\/schema.org","@graph":[{"@type":"Article","@id":"https:\/\/akunq.net\/turkish\/2010\/09\/14\/tas-dussun\/#article","isPartOf":{"@id":"https:\/\/akunq.net\/turkish\/2010\/09\/14\/tas-dussun\/"},"author":{"name":"kalem","@id":"https:\/\/akunq.net\/turkish\/#\/schema\/person\/135e7923d1aeb8887890799619969a6c"},"headline":"&#8216;&#8230;Ta\u015f d\u00fc\u015fs\u00fcn!&#8217;","datePublished":"2010-09-14T12:22:40+00:00","mainEntityOfPage":{"@id":"https:\/\/akunq.net\/turkish\/2010\/09\/14\/tas-dussun\/"},"wordCount":610,"articleSection":["Haberler"],"inLanguage":"en-US"},{"@type":"WebPage","@id":"https:\/\/akunq.net\/turkish\/2010\/09\/14\/tas-dussun\/","url":"https:\/\/akunq.net\/turkish\/2010\/09\/14\/tas-dussun\/","name":"'...Ta\u015f d\u00fc\u015fs\u00fcn!' - Bati Ermenistan Ve Bati Ermenileri Sorunlari Ara\u015ftirmalar Merkezi","isPartOf":{"@id":"https:\/\/akunq.net\/turkish\/#website"},"datePublished":"2010-09-14T12:22:40+00:00","author":{"@id":"https:\/\/akunq.net\/turkish\/#\/schema\/person\/135e7923d1aeb8887890799619969a6c"},"breadcrumb":{"@id":"https:\/\/akunq.net\/turkish\/2010\/09\/14\/tas-dussun\/#breadcrumb"},"inLanguage":"en-US","potentialAction":[{"@type":"ReadAction","target":["https:\/\/akunq.net\/turkish\/2010\/09\/14\/tas-dussun\/"]}]},{"@type":"BreadcrumbList","@id":"https:\/\/akunq.net\/turkish\/2010\/09\/14\/tas-dussun\/#breadcrumb","itemListElement":[{"@type":"ListItem","position":1,"name":"Home","item":"https:\/\/akunq.net\/turkish\/"},{"@type":"ListItem","position":2,"name":"&#8216;&#8230;Ta\u015f d\u00fc\u015fs\u00fcn!&#8217;"}]},{"@type":"WebSite","@id":"https:\/\/akunq.net\/turkish\/#website","url":"https:\/\/akunq.net\/turkish\/","name":"Bati Ermenistan Ve Bati Ermenileri Sorunlari Ara\u015ftirmalar Merkezi","description":"","potentialAction":[{"@type":"SearchAction","target":{"@type":"EntryPoint","urlTemplate":"https:\/\/akunq.net\/turkish\/?s={search_term_string}"},"query-input":{"@type":"PropertyValueSpecification","valueRequired":true,"valueName":"search_term_string"}}],"inLanguage":"en-US"},{"@type":"Person","@id":"https:\/\/akunq.net\/turkish\/#\/schema\/person\/135e7923d1aeb8887890799619969a6c","name":"kalem","image":{"@type":"ImageObject","inLanguage":"en-US","@id":"https:\/\/secure.gravatar.com\/avatar\/a06875e4b25feb5674296adf8e8a7ae1e587cebce2493fe63c456109967e27d3?s=96&d=mm&r=g","url":"https:\/\/secure.gravatar.com\/avatar\/a06875e4b25feb5674296adf8e8a7ae1e587cebce2493fe63c456109967e27d3?s=96&d=mm&r=g","contentUrl":"https:\/\/secure.gravatar.com\/avatar\/a06875e4b25feb5674296adf8e8a7ae1e587cebce2493fe63c456109967e27d3?s=96&d=mm&r=g","caption":"kalem"},"url":"https:\/\/akunq.net\/turkish\/author\/kalem\/"}]}},"_links":{"self":[{"href":"https:\/\/akunq.net\/turkish\/wp-json\/wp\/v2\/posts\/1945","targetHints":{"allow":["GET"]}}],"collection":[{"href":"https:\/\/akunq.net\/turkish\/wp-json\/wp\/v2\/posts"}],"about":[{"href":"https:\/\/akunq.net\/turkish\/wp-json\/wp\/v2\/types\/post"}],"author":[{"embeddable":true,"href":"https:\/\/akunq.net\/turkish\/wp-json\/wp\/v2\/users\/3"}],"replies":[{"embeddable":true,"href":"https:\/\/akunq.net\/turkish\/wp-json\/wp\/v2\/comments?post=1945"}],"version-history":[{"count":0,"href":"https:\/\/akunq.net\/turkish\/wp-json\/wp\/v2\/posts\/1945\/revisions"}],"wp:attachment":[{"href":"https:\/\/akunq.net\/turkish\/wp-json\/wp\/v2\/media?parent=1945"}],"wp:term":[{"taxonomy":"category","embeddable":true,"href":"https:\/\/akunq.net\/turkish\/wp-json\/wp\/v2\/categories?post=1945"},{"taxonomy":"post_tag","embeddable":true,"href":"https:\/\/akunq.net\/turkish\/wp-json\/wp\/v2\/tags?post=1945"}],"curies":[{"name":"wp","href":"https:\/\/api.w.org\/{rel}","templated":true}]}}