{"id":1942,"date":"2010-09-14T03:05:08","date_gmt":"2010-09-14T08:05:08","guid":{"rendered":"http:\/\/akunq.net\/tr\/?p=1942"},"modified":"2010-09-14T03:05:08","modified_gmt":"2010-09-14T08:05:08","slug":"sandiktan-evet-cikti","status":"publish","type":"post","link":"https:\/\/akunq.net\/turkish\/2010\/09\/14\/sandiktan-evet-cikti\/","title":{"rendered":"Sand\u0131ktan &#8216;evet&#8217; \u00c7\u0131kt\u0131"},"content":{"rendered":"<p style=\"text-align: justify\">Haftalard\u0131r siyasi liderlerin \u015fehir \u015fehir dola\u015farak anlatt\u0131\u011f\u0131, evet yada hay\u0131r y\u00f6n\u00fcnde destek istedi\u011fi Anayasa paketinin kabul edilip edilmeyece\u011fi konusunda son karar\u0131 T\u00fcrk halk\u0131 verdi.<\/p>\n<p>52 milyondan fazla se\u00e7menin kay\u0131tl\u0131 oldu\u011fu referandumda 38 milyon 369 bin 253 se\u00e7men Anayasa de\u011fi\u015fikli\u011fiyle ilgili tercihini belirtmek \u00fczere 151 bin 546 sand\u0131kta oy verdi.<\/p>\n<p>Darbe anayasas\u0131yla y\u00fczle\u015fmek \u00fczere sand\u0131\u011fa giden T\u00fcrk halk\u0131n\u0131n y\u00fczde 58&#8217;i &#8216;EVET&#8217; oyu kullan\u0131rken, y\u00fczde 42&#8217;si ise &#8216;HAYIR&#8217; oyu kulland\u0131.<\/p>\n<p>Tarihi referandumda il baz\u0131nda en \u00e7ok &#8216;EVET&#8217; y\u00fczde 96 ile A\u011fr\u0131&#8217;dan \u00e7\u0131kt\u0131.<\/p>\n<p>A\u011fr\u0131&#8217;y\u0131 s\u0131ras\u0131 ile y\u00fczde 95 ile <a title=\"Batman Haberleri\" href=\"http:\/\/www.haberler.com\/batman\/\">Batman<\/a>, <a title=\"Siirt Haberleri\" href=\"http:\/\/www.haberler.com\/siirt\/\">Siirt<\/a> ve <a title=\"Bing\u00f6l Haberleri\" href=\"http:\/\/www.haberler.com\/bingol\/\">Bing\u00f6l<\/a> takip etti.<\/p>\n<p>Bu referandumda merakla beklenen il <a title=\"Diyarbak\u0131r Haberleri\" href=\"http:\/\/www.haberler.com\/diyarbakir\/\">Diyarbak\u0131r<\/a> oldu. <a title=\"Diyarbak\u0131r Haberleri\" href=\"http:\/\/www.haberler.com\/diyarbakir\/\">Diyarbak\u0131r<\/a>&#8216;da se\u00e7menlerin sadece y\u00fczde 35&#8217;i sand\u0131\u011fa giderken, oy kullananlar\u0131n y\u00fczde 94&#8217;\u00fc &#8216;EVET&#8217; dedi.<\/p>\n<p>En\u00e7ok &#8216;HAYIR&#8217; <a title=\"Oyun\" href=\"http:\/\/www.oyungemisi.com\/\" target=\"_blank\">Oyun<\/a>u veren ise y\u00fczde 81 ile <a title=\"Tunceli Haberleri\" href=\"http:\/\/www.haberler.com\/tunceli\/\">Tunceli<\/a> oldu. <a title=\"Tunceli Haberleri\" href=\"http:\/\/www.haberler.com\/tunceli\/\">Tunceli<\/a>&#8216;yi y\u00fczde 74 ile <a title=\"K\u0131rklareli Haberleri\" href=\"http:\/\/www.haberler.com\/kirklareli\/\">K\u0131rklareli<\/a> ve <a title=\"Edirne Haberleri\" href=\"http:\/\/www.haberler.com\/edirne\/\">Edirne<\/a> takip etti.<\/p>\n<p>Bu arada referandumda en \u00e7ok kat\u0131l\u0131m y\u00fczde 89,30 ile <a title=\"Burdur Haberleri\" href=\"http:\/\/www.haberler.com\/burdur\/\">Burdur<\/a>&#8216;da, en az kat\u0131l\u0131m ise 9,05 ile <a title=\"Hakkari Haberleri\" href=\"http:\/\/www.haberler.com\/hakkari\/\">Hakkari<\/a>&#8216;de ger\u00e7ekle\u015firken 62 ilde evet 19 ilde ise hay\u0131r \u00e7\u0131kt\u0131.<\/p>\n<p style=\"text-align: justify\"><strong><em>Cihan Haber Ajans\u0131<\/em><\/strong><\/p>\n<p style=\"text-align: justify\"><strong><em>13.09.2010<\/em><\/strong><\/p>\n","protected":false},"excerpt":{"rendered":"<p>Haftalard\u0131r siyasi liderlerin \u015fehir \u015fehir dola\u015farak anlatt\u0131\u011f\u0131, evet yada hay\u0131r y\u00f6n\u00fcnde destek istedi\u011fi Anayasa paketinin kabul edilip edilmeyece\u011fi konusunda son karar\u0131 T\u00fcrk halk\u0131 verdi. 52 milyondan fazla se\u00e7menin kay\u0131tl\u0131 oldu\u011fu referandumda 38 milyon 369 bin 253 se\u00e7men Anayasa de\u011fi\u015fikli\u011fiyle ilgili tercihini belirtmek \u00fczere 151 bin 546 sand\u0131kta oy verdi. Darbe anayasas\u0131yla y\u00fczle\u015fmek \u00fczere sand\u0131\u011fa giden [&hellip;]<\/p>\n","protected":false},"author":3,"featured_media":0,"comment_status":"closed","ping_status":"open","sticky":false,"template":"","format":"standard","meta":{"footnotes":""},"categories":[14],"tags":[],"class_list":["post-1942","post","type-post","status-publish","format-standard","hentry","category-haberler"],"yoast_head":"<!-- This site is optimized with the Yoast SEO plugin v27.4 - https:\/\/yoast.com\/product\/yoast-seo-wordpress\/ -->\n<title>Sand\u0131ktan &#039;evet&#039; \u00c7\u0131kt\u0131 - Bati Ermenistan Ve Bati Ermenileri Sorunlari Ara\u015ftirmalar Merkezi<\/title>\n<meta name=\"robots\" content=\"index, follow, max-snippet:-1, max-image-preview:large, max-video-preview:-1\" \/>\n<link rel=\"canonical\" href=\"https:\/\/akunq.net\/turkish\/2010\/09\/14\/sandiktan-evet-cikti\/\" \/>\n<meta property=\"og:locale\" content=\"en_US\" \/>\n<meta property=\"og:type\" content=\"article\" \/>\n<meta property=\"og:title\" content=\"Sand\u0131ktan &#039;evet&#039; \u00c7\u0131kt\u0131 - Bati Ermenistan Ve Bati Ermenileri Sorunlari Ara\u015ftirmalar Merkezi\" \/>\n<meta property=\"og:description\" content=\"Haftalard\u0131r siyasi liderlerin \u015fehir \u015fehir dola\u015farak anlatt\u0131\u011f\u0131, evet yada hay\u0131r y\u00f6n\u00fcnde destek istedi\u011fi Anayasa paketinin kabul edilip edilmeyece\u011fi konusunda son karar\u0131 T\u00fcrk halk\u0131 verdi. 52 milyondan fazla se\u00e7menin kay\u0131tl\u0131 oldu\u011fu referandumda 38 milyon 369 bin 253 se\u00e7men Anayasa de\u011fi\u015fikli\u011fiyle ilgili tercihini belirtmek \u00fczere 151 bin 546 sand\u0131kta oy verdi. Darbe anayasas\u0131yla y\u00fczle\u015fmek \u00fczere sand\u0131\u011fa giden [&hellip;]\" \/>\n<meta property=\"og:url\" content=\"https:\/\/akunq.net\/turkish\/2010\/09\/14\/sandiktan-evet-cikti\/\" \/>\n<meta property=\"og:site_name\" content=\"Bati Ermenistan Ve Bati Ermenileri Sorunlari Ara\u015ftirmalar Merkezi\" \/>\n<meta property=\"article:published_time\" content=\"2010-09-14T08:05:08+00:00\" \/>\n<meta name=\"author\" content=\"kalem\" \/>\n<meta name=\"twitter:card\" content=\"summary_large_image\" \/>\n<meta name=\"twitter:label1\" content=\"Written by\" \/>\n\t<meta name=\"twitter:data1\" content=\"kalem\" \/>\n\t<meta name=\"twitter:label2\" content=\"Est. reading time\" \/>\n\t<meta name=\"twitter:data2\" content=\"1 minute\" \/>\n<script type=\"application\/ld+json\" class=\"yoast-schema-graph\">{\"@context\":\"https:\\\/\\\/schema.org\",\"@graph\":[{\"@type\":\"Article\",\"@id\":\"https:\\\/\\\/akunq.net\\\/turkish\\\/2010\\\/09\\\/14\\\/sandiktan-evet-cikti\\\/#article\",\"isPartOf\":{\"@id\":\"https:\\\/\\\/akunq.net\\\/turkish\\\/2010\\\/09\\\/14\\\/sandiktan-evet-cikti\\\/\"},\"author\":{\"name\":\"kalem\",\"@id\":\"https:\\\/\\\/akunq.net\\\/turkish\\\/#\\\/schema\\\/person\\\/135e7923d1aeb8887890799619969a6c\"},\"headline\":\"Sand\u0131ktan &#8216;evet&#8217; \u00c7\u0131kt\u0131\",\"datePublished\":\"2010-09-14T08:05:08+00:00\",\"mainEntityOfPage\":{\"@id\":\"https:\\\/\\\/akunq.net\\\/turkish\\\/2010\\\/09\\\/14\\\/sandiktan-evet-cikti\\\/\"},\"wordCount\":204,\"articleSection\":[\"Haberler\"],\"inLanguage\":\"en-US\"},{\"@type\":\"WebPage\",\"@id\":\"https:\\\/\\\/akunq.net\\\/turkish\\\/2010\\\/09\\\/14\\\/sandiktan-evet-cikti\\\/\",\"url\":\"https:\\\/\\\/akunq.net\\\/turkish\\\/2010\\\/09\\\/14\\\/sandiktan-evet-cikti\\\/\",\"name\":\"Sand\u0131ktan 'evet' \u00c7\u0131kt\u0131 - Bati Ermenistan Ve Bati Ermenileri Sorunlari Ara\u015ftirmalar Merkezi\",\"isPartOf\":{\"@id\":\"https:\\\/\\\/akunq.net\\\/turkish\\\/#website\"},\"datePublished\":\"2010-09-14T08:05:08+00:00\",\"author\":{\"@id\":\"https:\\\/\\\/akunq.net\\\/turkish\\\/#\\\/schema\\\/person\\\/135e7923d1aeb8887890799619969a6c\"},\"breadcrumb\":{\"@id\":\"https:\\\/\\\/akunq.net\\\/turkish\\\/2010\\\/09\\\/14\\\/sandiktan-evet-cikti\\\/#breadcrumb\"},\"inLanguage\":\"en-US\",\"potentialAction\":[{\"@type\":\"ReadAction\",\"target\":[\"https:\\\/\\\/akunq.net\\\/turkish\\\/2010\\\/09\\\/14\\\/sandiktan-evet-cikti\\\/\"]}]},{\"@type\":\"BreadcrumbList\",\"@id\":\"https:\\\/\\\/akunq.net\\\/turkish\\\/2010\\\/09\\\/14\\\/sandiktan-evet-cikti\\\/#breadcrumb\",\"itemListElement\":[{\"@type\":\"ListItem\",\"position\":1,\"name\":\"Home\",\"item\":\"https:\\\/\\\/akunq.net\\\/turkish\\\/\"},{\"@type\":\"ListItem\",\"position\":2,\"name\":\"Sand\u0131ktan &#8216;evet&#8217; \u00c7\u0131kt\u0131\"}]},{\"@type\":\"WebSite\",\"@id\":\"https:\\\/\\\/akunq.net\\\/turkish\\\/#website\",\"url\":\"https:\\\/\\\/akunq.net\\\/turkish\\\/\",\"name\":\"Bati Ermenistan Ve Bati Ermenileri Sorunlari Ara\u015ftirmalar Merkezi\",\"description\":\"\",\"potentialAction\":[{\"@type\":\"SearchAction\",\"target\":{\"@type\":\"EntryPoint\",\"urlTemplate\":\"https:\\\/\\\/akunq.net\\\/turkish\\\/?s={search_term_string}\"},\"query-input\":{\"@type\":\"PropertyValueSpecification\",\"valueRequired\":true,\"valueName\":\"search_term_string\"}}],\"inLanguage\":\"en-US\"},{\"@type\":\"Person\",\"@id\":\"https:\\\/\\\/akunq.net\\\/turkish\\\/#\\\/schema\\\/person\\\/135e7923d1aeb8887890799619969a6c\",\"name\":\"kalem\",\"image\":{\"@type\":\"ImageObject\",\"inLanguage\":\"en-US\",\"@id\":\"https:\\\/\\\/secure.gravatar.com\\\/avatar\\\/a06875e4b25feb5674296adf8e8a7ae1e587cebce2493fe63c456109967e27d3?s=96&d=mm&r=g\",\"url\":\"https:\\\/\\\/secure.gravatar.com\\\/avatar\\\/a06875e4b25feb5674296adf8e8a7ae1e587cebce2493fe63c456109967e27d3?s=96&d=mm&r=g\",\"contentUrl\":\"https:\\\/\\\/secure.gravatar.com\\\/avatar\\\/a06875e4b25feb5674296adf8e8a7ae1e587cebce2493fe63c456109967e27d3?s=96&d=mm&r=g\",\"caption\":\"kalem\"},\"url\":\"https:\\\/\\\/akunq.net\\\/turkish\\\/author\\\/kalem\\\/\"}]}<\/script>\n<!-- \/ Yoast SEO plugin. -->","yoast_head_json":{"title":"Sand\u0131ktan 'evet' \u00c7\u0131kt\u0131 - Bati Ermenistan Ve Bati Ermenileri Sorunlari Ara\u015ftirmalar Merkezi","robots":{"index":"index","follow":"follow","max-snippet":"max-snippet:-1","max-image-preview":"max-image-preview:large","max-video-preview":"max-video-preview:-1"},"canonical":"https:\/\/akunq.net\/turkish\/2010\/09\/14\/sandiktan-evet-cikti\/","og_locale":"en_US","og_type":"article","og_title":"Sand\u0131ktan 'evet' \u00c7\u0131kt\u0131 - Bati Ermenistan Ve Bati Ermenileri Sorunlari Ara\u015ftirmalar Merkezi","og_description":"Haftalard\u0131r siyasi liderlerin \u015fehir \u015fehir dola\u015farak anlatt\u0131\u011f\u0131, evet yada hay\u0131r y\u00f6n\u00fcnde destek istedi\u011fi Anayasa paketinin kabul edilip edilmeyece\u011fi konusunda son karar\u0131 T\u00fcrk halk\u0131 verdi. 52 milyondan fazla se\u00e7menin kay\u0131tl\u0131 oldu\u011fu referandumda 38 milyon 369 bin 253 se\u00e7men Anayasa de\u011fi\u015fikli\u011fiyle ilgili tercihini belirtmek \u00fczere 151 bin 546 sand\u0131kta oy verdi. Darbe anayasas\u0131yla y\u00fczle\u015fmek \u00fczere sand\u0131\u011fa giden [&hellip;]","og_url":"https:\/\/akunq.net\/turkish\/2010\/09\/14\/sandiktan-evet-cikti\/","og_site_name":"Bati Ermenistan Ve Bati Ermenileri Sorunlari Ara\u015ftirmalar Merkezi","article_published_time":"2010-09-14T08:05:08+00:00","author":"kalem","twitter_card":"summary_large_image","twitter_misc":{"Written by":"kalem","Est. reading time":"1 minute"},"schema":{"@context":"https:\/\/schema.org","@graph":[{"@type":"Article","@id":"https:\/\/akunq.net\/turkish\/2010\/09\/14\/sandiktan-evet-cikti\/#article","isPartOf":{"@id":"https:\/\/akunq.net\/turkish\/2010\/09\/14\/sandiktan-evet-cikti\/"},"author":{"name":"kalem","@id":"https:\/\/akunq.net\/turkish\/#\/schema\/person\/135e7923d1aeb8887890799619969a6c"},"headline":"Sand\u0131ktan &#8216;evet&#8217; \u00c7\u0131kt\u0131","datePublished":"2010-09-14T08:05:08+00:00","mainEntityOfPage":{"@id":"https:\/\/akunq.net\/turkish\/2010\/09\/14\/sandiktan-evet-cikti\/"},"wordCount":204,"articleSection":["Haberler"],"inLanguage":"en-US"},{"@type":"WebPage","@id":"https:\/\/akunq.net\/turkish\/2010\/09\/14\/sandiktan-evet-cikti\/","url":"https:\/\/akunq.net\/turkish\/2010\/09\/14\/sandiktan-evet-cikti\/","name":"Sand\u0131ktan 'evet' \u00c7\u0131kt\u0131 - Bati Ermenistan Ve Bati Ermenileri Sorunlari Ara\u015ftirmalar Merkezi","isPartOf":{"@id":"https:\/\/akunq.net\/turkish\/#website"},"datePublished":"2010-09-14T08:05:08+00:00","author":{"@id":"https:\/\/akunq.net\/turkish\/#\/schema\/person\/135e7923d1aeb8887890799619969a6c"},"breadcrumb":{"@id":"https:\/\/akunq.net\/turkish\/2010\/09\/14\/sandiktan-evet-cikti\/#breadcrumb"},"inLanguage":"en-US","potentialAction":[{"@type":"ReadAction","target":["https:\/\/akunq.net\/turkish\/2010\/09\/14\/sandiktan-evet-cikti\/"]}]},{"@type":"BreadcrumbList","@id":"https:\/\/akunq.net\/turkish\/2010\/09\/14\/sandiktan-evet-cikti\/#breadcrumb","itemListElement":[{"@type":"ListItem","position":1,"name":"Home","item":"https:\/\/akunq.net\/turkish\/"},{"@type":"ListItem","position":2,"name":"Sand\u0131ktan &#8216;evet&#8217; \u00c7\u0131kt\u0131"}]},{"@type":"WebSite","@id":"https:\/\/akunq.net\/turkish\/#website","url":"https:\/\/akunq.net\/turkish\/","name":"Bati Ermenistan Ve Bati Ermenileri Sorunlari Ara\u015ftirmalar Merkezi","description":"","potentialAction":[{"@type":"SearchAction","target":{"@type":"EntryPoint","urlTemplate":"https:\/\/akunq.net\/turkish\/?s={search_term_string}"},"query-input":{"@type":"PropertyValueSpecification","valueRequired":true,"valueName":"search_term_string"}}],"inLanguage":"en-US"},{"@type":"Person","@id":"https:\/\/akunq.net\/turkish\/#\/schema\/person\/135e7923d1aeb8887890799619969a6c","name":"kalem","image":{"@type":"ImageObject","inLanguage":"en-US","@id":"https:\/\/secure.gravatar.com\/avatar\/a06875e4b25feb5674296adf8e8a7ae1e587cebce2493fe63c456109967e27d3?s=96&d=mm&r=g","url":"https:\/\/secure.gravatar.com\/avatar\/a06875e4b25feb5674296adf8e8a7ae1e587cebce2493fe63c456109967e27d3?s=96&d=mm&r=g","contentUrl":"https:\/\/secure.gravatar.com\/avatar\/a06875e4b25feb5674296adf8e8a7ae1e587cebce2493fe63c456109967e27d3?s=96&d=mm&r=g","caption":"kalem"},"url":"https:\/\/akunq.net\/turkish\/author\/kalem\/"}]}},"_links":{"self":[{"href":"https:\/\/akunq.net\/turkish\/wp-json\/wp\/v2\/posts\/1942","targetHints":{"allow":["GET"]}}],"collection":[{"href":"https:\/\/akunq.net\/turkish\/wp-json\/wp\/v2\/posts"}],"about":[{"href":"https:\/\/akunq.net\/turkish\/wp-json\/wp\/v2\/types\/post"}],"author":[{"embeddable":true,"href":"https:\/\/akunq.net\/turkish\/wp-json\/wp\/v2\/users\/3"}],"replies":[{"embeddable":true,"href":"https:\/\/akunq.net\/turkish\/wp-json\/wp\/v2\/comments?post=1942"}],"version-history":[{"count":0,"href":"https:\/\/akunq.net\/turkish\/wp-json\/wp\/v2\/posts\/1942\/revisions"}],"wp:attachment":[{"href":"https:\/\/akunq.net\/turkish\/wp-json\/wp\/v2\/media?parent=1942"}],"wp:term":[{"taxonomy":"category","embeddable":true,"href":"https:\/\/akunq.net\/turkish\/wp-json\/wp\/v2\/categories?post=1942"},{"taxonomy":"post_tag","embeddable":true,"href":"https:\/\/akunq.net\/turkish\/wp-json\/wp\/v2\/tags?post=1942"}],"curies":[{"name":"wp","href":"https:\/\/api.w.org\/{rel}","templated":true}]}}