{"id":1934,"date":"2010-09-14T01:37:25","date_gmt":"2010-09-14T06:37:25","guid":{"rendered":"http:\/\/akunq.net\/tr\/?p=1934"},"modified":"2010-09-14T01:37:25","modified_gmt":"2010-09-14T06:37:25","slug":"nisanyan-sirinceli-koyluleri-de-yakti","status":"publish","type":"post","link":"https:\/\/akunq.net\/turkish\/2010\/09\/14\/nisanyan-sirinceli-koyluleri-de-yakti\/","title":{"rendered":"Ni\u015fanyan \u015eirinceli k\u00f6yl\u00fcleri de yakt\u0131"},"content":{"rendered":"<p style=\"text-align: center\"><strong>Sevan Ni\u015fanyan\u2019\u0131nkilerle birlikte k\u00f6ydeki b\u00fct\u00fcn y\u0131k\u0131m kararlar\u0131n\u0131n uygulanmas\u0131 talimat\u0131 verildi<\/strong><\/p>\n<p style=\"text-align: justify\"><a rel=\"attachment wp-att-1935\" href=\"http:\/\/akunq.net\/tr\/?attachment_id=1935\"><img loading=\"lazy\" decoding=\"async\" class=\"alignleft size-medium wp-image-1935\" title=\"\u0546\u056b\u0577\u0561\u0576\u0575\u0561\u0576\" src=\"http:\/\/akunq.net\/tr\/wp-content\/uploads\/2010\/09\/\u0546\u056b\u0577\u0561\u0576\u0575\u0561\u0576-300x185.jpg\" alt=\"\" width=\"300\" height=\"185\" \/><\/a>Sel\u00e7uk\u2019un tarihi ve turistik k\u00f6y\u00fc \u015eirince\u2019de Kaunos\u2019taki kaya mezarlar\u0131n\u0131n \u00f6rne\u011fini yapt\u0131rarak g\u00fcndeme gelen, ka\u00e7ak yap\u0131lar\u0131 hakk\u0131nda y\u0131k\u0131m karar\u0131 alan devlet g\u00f6revlileri ile tart\u0131\u015fan\u00a0<a href=\"http:\/\/www.milliyet.com.tr\/index\/Sevan%20Nisanyan\" target=\"_blank\">Sevan Ni\u015fanyan<\/a>, tamam\u0131 1. derece arkeolojik\u00a0<a href=\"http:\/\/www.milliyet.com.tr\/index\/sit%20alani\" target=\"_blank\">sit alan\u0131<\/a>i\u00e7inde kalan k\u00f6yde krize neden oldu.\u00a0<a href=\"http:\/\/www.milliyet.com.tr\/index\/Izmir\" target=\"_blank\">\u0130zmir<\/a>\u00a0Valili\u011fi, \u0130l \u00d6zel \u0130daresi\u2019ne talimat vererek Ni\u015fanyan\u2019a ait y\u0131k\u0131m karar\u0131 verilen 16 ka\u00e7ak bina ile birlikte k\u00f6yde oturan halka ait olan ve yakla\u015f\u0131k 10 y\u0131ldan bu yana uygulanmayan 35 y\u0131k\u0131m karar\u0131n\u0131n da uygulanmas\u0131n\u0131 istedi.<\/p>\n<p style=\"text-align: center\"><strong>Sezon sonuna kadar s\u00fcre<\/strong><\/p>\n<p style=\"text-align: justify\">\u0130l \u00d6zel \u0130daresi Genel Sekreteri \u0130rfan \u0130\u00e7\u00f6z, Ni\u015fanyan\u2019a ka\u00e7ak yap\u0131lar\u0131n\u0131 y\u0131kmas\u0131 i\u00e7in tebligat yapt\u0131klar\u0131n\u0131, turizm sezonu sonuna kadar m\u00fcsaade ettiklerini belirterek, \u201cTurizm sezonu bittikten sonra y\u0131k\u0131m\u0131 ger\u00e7ekle\u015ftirmezse biz yapaca\u011f\u0131z. K\u00f6yde bulunan 35 kadar binan\u0131n da y\u0131k\u0131m\u0131 yap\u0131lacak. Kesilmi\u015f cezalar, kesinle\u015fmi\u015f mahkeme kararlar\u0131d\u0131r. Binalar\u0131n tamam\u0131 y\u0131k\u0131lmayacak, K\u00fclt\u00fcr ve Tabiat Varl\u0131klar\u0131n\u0131 Koruma Kurulu\u2019ndan izin al\u0131nmadan yap\u0131lan cumba, sundurma, \u00e7at\u0131 gibi ka\u00e7ak k\u0131s\u0131mlar var, bunlar\u0131n y\u0131k\u0131lmas\u0131 laz\u0131m. Sahipleri y\u0131kmazsa kesinlikle y\u0131kaca\u011f\u0131z\u201d diye konu\u015ftu.<\/p>\n<p style=\"text-align: center\"><strong>\u2018Tek kalmayay\u0131m diye\u2019<\/strong><\/p>\n<p style=\"text-align: justify\"><a rel=\"attachment wp-att-1936\" href=\"http:\/\/akunq.net\/tr\/?attachment_id=1936\"><img loading=\"lazy\" decoding=\"async\" class=\"alignnone size-large wp-image-1936\" title=\"\u0546\u056b\u0577\u0561\u0576\u0575\u0561\u0576\u056b \u057f\u0576\u0565\u0580\u0568\" src=\"http:\/\/akunq.net\/tr\/wp-content\/uploads\/2010\/09\/\u0546\u056b\u0577\u0561\u0576\u0575\u0561\u0576\u056b-\u057f\u0576\u0565\u0580\u0568-600x382.jpg\" alt=\"\" width=\"600\" height=\"382\" \/><\/a><\/p>\n<p style=\"text-align: justify\">Ni\u015fanyan, y\u0131k\u0131m ile ilgili tebligat\u0131 ald\u0131\u011f\u0131n\u0131, iptali i\u00e7in mahkemeye ba\u015fvurdu\u011funu s\u00f6yledi. Kendisine ait 16 bina bulundu\u011funu ve bunlar\u0131n tamam\u0131 hakk\u0131nda y\u0131k\u0131m karar\u0131 oldu\u011funu dile getiren Ni\u015fanyan, \u201cNi\u015fanyan Evleri d\u00fcnyan\u0131n tan\u0131nm\u0131\u015f k\u00fc\u00e7\u00fck otelleri aras\u0131nda. K\u00f6yde y\u0131k\u0131m karar\u0131 bulunan bina say\u0131s\u0131 35 de\u011fil, 39. Bunlara ben tek ba\u015f\u0131ma kalmayay\u0131m diye ceza yazd\u0131lar\u201d dedi.\u00a0<\/p>\n<p style=\"text-align: justify\">12 Eyl\u00fcl 2010<\/p>\n<p style=\"text-align: justify\">TURAN G\u00dcLTEK\u0130N \u0130zmir DHA<\/p>\n<p style=\"text-align: justify\">\u00a0<a href=\"http:\/\/www.milliyet.com.tr\/nisanyan-sirinceli-koyluleri-de-yakti\/guncel\/haberdetayarsiv\/14.09.2010\/1287931\/default.htm\">http:\/\/www.milliyet.com.tr\/nisanyan-sirinceli-koyluleri-de-yakti\/guncel\/haberdetayarsiv\/14.09.2010\/1287931\/default.htm<\/a><\/p>\n","protected":false},"excerpt":{"rendered":"<p>Sevan Ni\u015fanyan\u2019\u0131nkilerle birlikte k\u00f6ydeki b\u00fct\u00fcn y\u0131k\u0131m kararlar\u0131n\u0131n uygulanmas\u0131 talimat\u0131 verildi Sel\u00e7uk\u2019un tarihi ve turistik k\u00f6y\u00fc \u015eirince\u2019de Kaunos\u2019taki kaya mezarlar\u0131n\u0131n \u00f6rne\u011fini yapt\u0131rarak g\u00fcndeme gelen, ka\u00e7ak yap\u0131lar\u0131 hakk\u0131nda y\u0131k\u0131m karar\u0131 alan devlet g\u00f6revlileri ile tart\u0131\u015fan\u00a0Sevan Ni\u015fanyan, tamam\u0131 1. derece arkeolojik\u00a0sit alan\u0131i\u00e7inde kalan k\u00f6yde krize neden oldu.\u00a0\u0130zmir\u00a0Valili\u011fi, \u0130l \u00d6zel \u0130daresi\u2019ne talimat vererek Ni\u015fanyan\u2019a ait y\u0131k\u0131m karar\u0131 verilen 16 [&hellip;]<\/p>\n","protected":false},"author":3,"featured_media":0,"comment_status":"closed","ping_status":"open","sticky":false,"template":"","format":"standard","meta":{"footnotes":""},"categories":[14],"tags":[],"class_list":["post-1934","post","type-post","status-publish","format-standard","hentry","category-haberler"],"yoast_head":"<!-- This site is optimized with the Yoast SEO plugin v27.4 - https:\/\/yoast.com\/product\/yoast-seo-wordpress\/ -->\n<title>Ni\u015fanyan \u015eirinceli k\u00f6yl\u00fcleri de yakt\u0131 - Bati Ermenistan Ve Bati Ermenileri Sorunlari Ara\u015ftirmalar Merkezi<\/title>\n<meta name=\"robots\" content=\"index, follow, max-snippet:-1, max-image-preview:large, max-video-preview:-1\" \/>\n<link rel=\"canonical\" href=\"https:\/\/akunq.net\/turkish\/2010\/09\/14\/nisanyan-sirinceli-koyluleri-de-yakti\/\" \/>\n<meta property=\"og:locale\" content=\"en_US\" \/>\n<meta property=\"og:type\" content=\"article\" \/>\n<meta property=\"og:title\" content=\"Ni\u015fanyan \u015eirinceli k\u00f6yl\u00fcleri de yakt\u0131 - Bati Ermenistan Ve Bati Ermenileri Sorunlari Ara\u015ftirmalar Merkezi\" \/>\n<meta property=\"og:description\" content=\"Sevan Ni\u015fanyan\u2019\u0131nkilerle birlikte k\u00f6ydeki b\u00fct\u00fcn y\u0131k\u0131m kararlar\u0131n\u0131n uygulanmas\u0131 talimat\u0131 verildi Sel\u00e7uk\u2019un tarihi ve turistik k\u00f6y\u00fc \u015eirince\u2019de Kaunos\u2019taki kaya mezarlar\u0131n\u0131n \u00f6rne\u011fini yapt\u0131rarak g\u00fcndeme gelen, ka\u00e7ak yap\u0131lar\u0131 hakk\u0131nda y\u0131k\u0131m karar\u0131 alan devlet g\u00f6revlileri ile tart\u0131\u015fan\u00a0Sevan Ni\u015fanyan, tamam\u0131 1. derece arkeolojik\u00a0sit alan\u0131i\u00e7inde kalan k\u00f6yde krize neden oldu.\u00a0\u0130zmir\u00a0Valili\u011fi, \u0130l \u00d6zel \u0130daresi\u2019ne talimat vererek Ni\u015fanyan\u2019a ait y\u0131k\u0131m karar\u0131 verilen 16 [&hellip;]\" \/>\n<meta property=\"og:url\" content=\"https:\/\/akunq.net\/turkish\/2010\/09\/14\/nisanyan-sirinceli-koyluleri-de-yakti\/\" \/>\n<meta property=\"og:site_name\" content=\"Bati Ermenistan Ve Bati Ermenileri Sorunlari Ara\u015ftirmalar Merkezi\" \/>\n<meta property=\"article:published_time\" content=\"2010-09-14T06:37:25+00:00\" \/>\n<meta name=\"author\" content=\"kalem\" \/>\n<meta name=\"twitter:card\" content=\"summary_large_image\" \/>\n<meta name=\"twitter:label1\" content=\"Written by\" \/>\n\t<meta name=\"twitter:data1\" content=\"kalem\" \/>\n\t<meta name=\"twitter:label2\" content=\"Est. reading time\" \/>\n\t<meta name=\"twitter:data2\" content=\"2 minutes\" \/>\n<script type=\"application\/ld+json\" class=\"yoast-schema-graph\">{\"@context\":\"https:\\\/\\\/schema.org\",\"@graph\":[{\"@type\":\"Article\",\"@id\":\"https:\\\/\\\/akunq.net\\\/turkish\\\/2010\\\/09\\\/14\\\/nisanyan-sirinceli-koyluleri-de-yakti\\\/#article\",\"isPartOf\":{\"@id\":\"https:\\\/\\\/akunq.net\\\/turkish\\\/2010\\\/09\\\/14\\\/nisanyan-sirinceli-koyluleri-de-yakti\\\/\"},\"author\":{\"name\":\"kalem\",\"@id\":\"https:\\\/\\\/akunq.net\\\/turkish\\\/#\\\/schema\\\/person\\\/135e7923d1aeb8887890799619969a6c\"},\"headline\":\"Ni\u015fanyan \u015eirinceli k\u00f6yl\u00fcleri de yakt\u0131\",\"datePublished\":\"2010-09-14T06:37:25+00:00\",\"mainEntityOfPage\":{\"@id\":\"https:\\\/\\\/akunq.net\\\/turkish\\\/2010\\\/09\\\/14\\\/nisanyan-sirinceli-koyluleri-de-yakti\\\/\"},\"wordCount\":347,\"articleSection\":[\"Haberler\"],\"inLanguage\":\"en-US\"},{\"@type\":\"WebPage\",\"@id\":\"https:\\\/\\\/akunq.net\\\/turkish\\\/2010\\\/09\\\/14\\\/nisanyan-sirinceli-koyluleri-de-yakti\\\/\",\"url\":\"https:\\\/\\\/akunq.net\\\/turkish\\\/2010\\\/09\\\/14\\\/nisanyan-sirinceli-koyluleri-de-yakti\\\/\",\"name\":\"Ni\u015fanyan \u015eirinceli k\u00f6yl\u00fcleri de yakt\u0131 - Bati Ermenistan Ve Bati Ermenileri Sorunlari Ara\u015ftirmalar Merkezi\",\"isPartOf\":{\"@id\":\"https:\\\/\\\/akunq.net\\\/turkish\\\/#website\"},\"datePublished\":\"2010-09-14T06:37:25+00:00\",\"author\":{\"@id\":\"https:\\\/\\\/akunq.net\\\/turkish\\\/#\\\/schema\\\/person\\\/135e7923d1aeb8887890799619969a6c\"},\"breadcrumb\":{\"@id\":\"https:\\\/\\\/akunq.net\\\/turkish\\\/2010\\\/09\\\/14\\\/nisanyan-sirinceli-koyluleri-de-yakti\\\/#breadcrumb\"},\"inLanguage\":\"en-US\",\"potentialAction\":[{\"@type\":\"ReadAction\",\"target\":[\"https:\\\/\\\/akunq.net\\\/turkish\\\/2010\\\/09\\\/14\\\/nisanyan-sirinceli-koyluleri-de-yakti\\\/\"]}]},{\"@type\":\"BreadcrumbList\",\"@id\":\"https:\\\/\\\/akunq.net\\\/turkish\\\/2010\\\/09\\\/14\\\/nisanyan-sirinceli-koyluleri-de-yakti\\\/#breadcrumb\",\"itemListElement\":[{\"@type\":\"ListItem\",\"position\":1,\"name\":\"Home\",\"item\":\"https:\\\/\\\/akunq.net\\\/turkish\\\/\"},{\"@type\":\"ListItem\",\"position\":2,\"name\":\"Ni\u015fanyan \u015eirinceli k\u00f6yl\u00fcleri de yakt\u0131\"}]},{\"@type\":\"WebSite\",\"@id\":\"https:\\\/\\\/akunq.net\\\/turkish\\\/#website\",\"url\":\"https:\\\/\\\/akunq.net\\\/turkish\\\/\",\"name\":\"Bati Ermenistan Ve Bati Ermenileri Sorunlari Ara\u015ftirmalar Merkezi\",\"description\":\"\",\"potentialAction\":[{\"@type\":\"SearchAction\",\"target\":{\"@type\":\"EntryPoint\",\"urlTemplate\":\"https:\\\/\\\/akunq.net\\\/turkish\\\/?s={search_term_string}\"},\"query-input\":{\"@type\":\"PropertyValueSpecification\",\"valueRequired\":true,\"valueName\":\"search_term_string\"}}],\"inLanguage\":\"en-US\"},{\"@type\":\"Person\",\"@id\":\"https:\\\/\\\/akunq.net\\\/turkish\\\/#\\\/schema\\\/person\\\/135e7923d1aeb8887890799619969a6c\",\"name\":\"kalem\",\"image\":{\"@type\":\"ImageObject\",\"inLanguage\":\"en-US\",\"@id\":\"https:\\\/\\\/secure.gravatar.com\\\/avatar\\\/a06875e4b25feb5674296adf8e8a7ae1e587cebce2493fe63c456109967e27d3?s=96&d=mm&r=g\",\"url\":\"https:\\\/\\\/secure.gravatar.com\\\/avatar\\\/a06875e4b25feb5674296adf8e8a7ae1e587cebce2493fe63c456109967e27d3?s=96&d=mm&r=g\",\"contentUrl\":\"https:\\\/\\\/secure.gravatar.com\\\/avatar\\\/a06875e4b25feb5674296adf8e8a7ae1e587cebce2493fe63c456109967e27d3?s=96&d=mm&r=g\",\"caption\":\"kalem\"},\"url\":\"https:\\\/\\\/akunq.net\\\/turkish\\\/author\\\/kalem\\\/\"}]}<\/script>\n<!-- \/ Yoast SEO plugin. -->","yoast_head_json":{"title":"Ni\u015fanyan \u015eirinceli k\u00f6yl\u00fcleri de yakt\u0131 - Bati Ermenistan Ve Bati Ermenileri Sorunlari Ara\u015ftirmalar Merkezi","robots":{"index":"index","follow":"follow","max-snippet":"max-snippet:-1","max-image-preview":"max-image-preview:large","max-video-preview":"max-video-preview:-1"},"canonical":"https:\/\/akunq.net\/turkish\/2010\/09\/14\/nisanyan-sirinceli-koyluleri-de-yakti\/","og_locale":"en_US","og_type":"article","og_title":"Ni\u015fanyan \u015eirinceli k\u00f6yl\u00fcleri de yakt\u0131 - Bati Ermenistan Ve Bati Ermenileri Sorunlari Ara\u015ftirmalar Merkezi","og_description":"Sevan Ni\u015fanyan\u2019\u0131nkilerle birlikte k\u00f6ydeki b\u00fct\u00fcn y\u0131k\u0131m kararlar\u0131n\u0131n uygulanmas\u0131 talimat\u0131 verildi Sel\u00e7uk\u2019un tarihi ve turistik k\u00f6y\u00fc \u015eirince\u2019de Kaunos\u2019taki kaya mezarlar\u0131n\u0131n \u00f6rne\u011fini yapt\u0131rarak g\u00fcndeme gelen, ka\u00e7ak yap\u0131lar\u0131 hakk\u0131nda y\u0131k\u0131m karar\u0131 alan devlet g\u00f6revlileri ile tart\u0131\u015fan\u00a0Sevan Ni\u015fanyan, tamam\u0131 1. derece arkeolojik\u00a0sit alan\u0131i\u00e7inde kalan k\u00f6yde krize neden oldu.\u00a0\u0130zmir\u00a0Valili\u011fi, \u0130l \u00d6zel \u0130daresi\u2019ne talimat vererek Ni\u015fanyan\u2019a ait y\u0131k\u0131m karar\u0131 verilen 16 [&hellip;]","og_url":"https:\/\/akunq.net\/turkish\/2010\/09\/14\/nisanyan-sirinceli-koyluleri-de-yakti\/","og_site_name":"Bati Ermenistan Ve Bati Ermenileri Sorunlari Ara\u015ftirmalar Merkezi","article_published_time":"2010-09-14T06:37:25+00:00","author":"kalem","twitter_card":"summary_large_image","twitter_misc":{"Written by":"kalem","Est. reading time":"2 minutes"},"schema":{"@context":"https:\/\/schema.org","@graph":[{"@type":"Article","@id":"https:\/\/akunq.net\/turkish\/2010\/09\/14\/nisanyan-sirinceli-koyluleri-de-yakti\/#article","isPartOf":{"@id":"https:\/\/akunq.net\/turkish\/2010\/09\/14\/nisanyan-sirinceli-koyluleri-de-yakti\/"},"author":{"name":"kalem","@id":"https:\/\/akunq.net\/turkish\/#\/schema\/person\/135e7923d1aeb8887890799619969a6c"},"headline":"Ni\u015fanyan \u015eirinceli k\u00f6yl\u00fcleri de yakt\u0131","datePublished":"2010-09-14T06:37:25+00:00","mainEntityOfPage":{"@id":"https:\/\/akunq.net\/turkish\/2010\/09\/14\/nisanyan-sirinceli-koyluleri-de-yakti\/"},"wordCount":347,"articleSection":["Haberler"],"inLanguage":"en-US"},{"@type":"WebPage","@id":"https:\/\/akunq.net\/turkish\/2010\/09\/14\/nisanyan-sirinceli-koyluleri-de-yakti\/","url":"https:\/\/akunq.net\/turkish\/2010\/09\/14\/nisanyan-sirinceli-koyluleri-de-yakti\/","name":"Ni\u015fanyan \u015eirinceli k\u00f6yl\u00fcleri de yakt\u0131 - Bati Ermenistan Ve Bati Ermenileri Sorunlari Ara\u015ftirmalar Merkezi","isPartOf":{"@id":"https:\/\/akunq.net\/turkish\/#website"},"datePublished":"2010-09-14T06:37:25+00:00","author":{"@id":"https:\/\/akunq.net\/turkish\/#\/schema\/person\/135e7923d1aeb8887890799619969a6c"},"breadcrumb":{"@id":"https:\/\/akunq.net\/turkish\/2010\/09\/14\/nisanyan-sirinceli-koyluleri-de-yakti\/#breadcrumb"},"inLanguage":"en-US","potentialAction":[{"@type":"ReadAction","target":["https:\/\/akunq.net\/turkish\/2010\/09\/14\/nisanyan-sirinceli-koyluleri-de-yakti\/"]}]},{"@type":"BreadcrumbList","@id":"https:\/\/akunq.net\/turkish\/2010\/09\/14\/nisanyan-sirinceli-koyluleri-de-yakti\/#breadcrumb","itemListElement":[{"@type":"ListItem","position":1,"name":"Home","item":"https:\/\/akunq.net\/turkish\/"},{"@type":"ListItem","position":2,"name":"Ni\u015fanyan \u015eirinceli k\u00f6yl\u00fcleri de yakt\u0131"}]},{"@type":"WebSite","@id":"https:\/\/akunq.net\/turkish\/#website","url":"https:\/\/akunq.net\/turkish\/","name":"Bati Ermenistan Ve Bati Ermenileri Sorunlari Ara\u015ftirmalar Merkezi","description":"","potentialAction":[{"@type":"SearchAction","target":{"@type":"EntryPoint","urlTemplate":"https:\/\/akunq.net\/turkish\/?s={search_term_string}"},"query-input":{"@type":"PropertyValueSpecification","valueRequired":true,"valueName":"search_term_string"}}],"inLanguage":"en-US"},{"@type":"Person","@id":"https:\/\/akunq.net\/turkish\/#\/schema\/person\/135e7923d1aeb8887890799619969a6c","name":"kalem","image":{"@type":"ImageObject","inLanguage":"en-US","@id":"https:\/\/secure.gravatar.com\/avatar\/a06875e4b25feb5674296adf8e8a7ae1e587cebce2493fe63c456109967e27d3?s=96&d=mm&r=g","url":"https:\/\/secure.gravatar.com\/avatar\/a06875e4b25feb5674296adf8e8a7ae1e587cebce2493fe63c456109967e27d3?s=96&d=mm&r=g","contentUrl":"https:\/\/secure.gravatar.com\/avatar\/a06875e4b25feb5674296adf8e8a7ae1e587cebce2493fe63c456109967e27d3?s=96&d=mm&r=g","caption":"kalem"},"url":"https:\/\/akunq.net\/turkish\/author\/kalem\/"}]}},"_links":{"self":[{"href":"https:\/\/akunq.net\/turkish\/wp-json\/wp\/v2\/posts\/1934","targetHints":{"allow":["GET"]}}],"collection":[{"href":"https:\/\/akunq.net\/turkish\/wp-json\/wp\/v2\/posts"}],"about":[{"href":"https:\/\/akunq.net\/turkish\/wp-json\/wp\/v2\/types\/post"}],"author":[{"embeddable":true,"href":"https:\/\/akunq.net\/turkish\/wp-json\/wp\/v2\/users\/3"}],"replies":[{"embeddable":true,"href":"https:\/\/akunq.net\/turkish\/wp-json\/wp\/v2\/comments?post=1934"}],"version-history":[{"count":0,"href":"https:\/\/akunq.net\/turkish\/wp-json\/wp\/v2\/posts\/1934\/revisions"}],"wp:attachment":[{"href":"https:\/\/akunq.net\/turkish\/wp-json\/wp\/v2\/media?parent=1934"}],"wp:term":[{"taxonomy":"category","embeddable":true,"href":"https:\/\/akunq.net\/turkish\/wp-json\/wp\/v2\/categories?post=1934"},{"taxonomy":"post_tag","embeddable":true,"href":"https:\/\/akunq.net\/turkish\/wp-json\/wp\/v2\/tags?post=1934"}],"curies":[{"name":"wp","href":"https:\/\/api.w.org\/{rel}","templated":true}]}}