{"id":1923,"date":"2010-09-11T06:47:09","date_gmt":"2010-09-11T11:47:09","guid":{"rendered":"http:\/\/akunq.net\/tr\/?p=1923"},"modified":"2010-09-11T06:47:09","modified_gmt":"2010-09-11T11:47:09","slug":"ankarada-95-yildir-inkar-edilen-soykirim-tartisiliyor","status":"publish","type":"post","link":"https:\/\/akunq.net\/turkish\/2010\/09\/11\/ankarada-95-yildir-inkar-edilen-soykirim-tartisiliyor\/","title":{"rendered":"Ankara\u2019da 95 y\u0131ld\u0131r inkar edilen soyk\u0131r\u0131m tart\u0131\u015f\u0131l\u0131yor"},"content":{"rendered":"<p style=\"text-align: justify\"><strong>ANKARA\u00a0<\/strong>&#8211; Ankara D\u00fc\u015f\u00fcnceye \u00d6zg\u00fcrl\u00fck Giri\u015fimi\u2019nin d\u00fczenledi\u011fi \u2018Hrant\u2019\u0131n B\u0131rakt\u0131\u011f\u0131 Yerden \u00d6ncesi ve Sonras\u0131yla 1915 \u0130nkar ve Y\u00fczle\u015fme Sempozyumu\u2019nda konu\u015fan Prof. Dr. Fikret Ba\u015fkaya, sempozyumda 95 y\u0131ll\u0131k yalan\u0131 tart\u0131\u015facaklar\u0131n\u0131 s\u00f6yledi.<\/p>\n<p style=\"text-align: justify\">&#8220;Hrant\u2019\u0131n B\u0131rakt\u0131\u011f\u0131 Yerden \u00d6ncesi ve Sonras\u0131yla 1915 \u0130nkar ve Y\u00fczle\u015fme Sempozyumu&#8221; katliamlarda ya\u015fam\u0131n\u0131 yitirenler i\u00e7in yap\u0131lan sayg\u0131 duru\u015fuyla ba\u015flad\u0131. Sayg\u0131 duru\u015funun ard\u0131ndan Prof. Dr. Fikret Ba\u015fkaya a\u00e7\u0131l\u0131\u015f konu\u015fmas\u0131 yapt\u0131. Sempozyumda, rejimin y\u00fczy\u0131ll\u0131k tabusunu konu\u015facaklar\u0131n\u0131, belirten Ba\u015fkaya, \u201c95 y\u0131ll\u0131k yalan\u0131 burada tart\u0131\u015faca\u011f\u0131z. Bug\u00fcn burada yapaca\u011f\u0131m\u0131z \u015fey rejimin \u00f6nemli tabular\u0131ndan birini etkisizle\u015ftirmek, daha do\u011frusu bu alanda yap\u0131lan \u00e7abalara kat\u0131lmak ve burada bir ba\u015flang\u0131\u00e7 yapmakt\u0131r\u201d dedi. Resmi tarihin ger\u00e7e\u011fin \u00fcst\u00fcn\u00fc kapatt\u0131\u011f\u0131n\u0131 s\u00f6yleyen Ba\u015fkaya, bu i\u015fi de resmi tarih\u00e7ilerin yapt\u0131\u011f\u0131na i\u015faret etti.\u00a0<\/p>\n<p style=\"text-align: justify\">\u2018YALANCILARI TE\u015eH\u0130R ETMEL\u0130Y\u0130Z\u2019<\/p>\n<p style=\"text-align: justify\">Resmi tarih\u00e7inin iki misyonunun oldu\u011funu ifade eden Ba\u015fkaya, bunlardan birinin karartmak, ikincisinin ise parlatmak oldu\u011funu s\u00f6yledi. Resmi tarih\u00e7ilerin \u2018\u015fanl\u0131\u2019 bir ge\u00e7mi\u015fi yaratmakla y\u00fck\u00fcml\u00fc olduklar\u0131n\u0131 dile getiren Ba\u015fkaya, \u015funlar\u0131 kaydetti:<\/p>\n<p style=\"text-align: justify\">\u201c\u0130nsanlar diyor ki \u2018benim atalar\u0131m b\u00f6yle bir \u015fey yapmaz\u2019, bunu s\u00f6yleten resmi tarihtir. Bunu ge\u00e7mi\u015fi parlatarak yap\u0131yor. Bunu a\u015fman\u0131n yolu resmi tarihin yaratt\u0131\u011f\u0131 bu safsatalar\u0131 a\u015fmakla olur. Peki bu yalan neden bu kadar uzun s\u00fcre dayanabildi? Bu talihsiz olay, bu facia Osmanl\u0131n\u0131n son d\u00f6neminde 1915\u2019te cereyan etmi\u015fti. Cumhuriyet de 1923\u2019te kuruldu\u011funa g\u00f6re neden cumhuriyet rejimi bu sorunu gerekti\u011fi gibi y\u00f6netmeyi ba\u015faramad\u0131. \u00c7\u00fcnk\u00fc 1923\u2019te bir kopu\u015f s\u00f6z konusu olmad\u0131, sadece bir h\u00fck\u00fcmet darbesi oldu ve bununla da yeni bir \u015fey yap\u0131lamazd\u0131. Dolay\u0131s\u0131yla bu katliam\u0131n failleri cumhuriyette devletin \u00e7ok \u00fcst d\u00fczeyinde g\u00f6revlerde bulundular. Dolay\u0131s\u0131yla \u2018biz yapmad\u0131k\u2019 demeleri m\u00fcmk\u00fcn de\u011fildir. Bir ba\u015fka sorun ise rejimin iki y\u00fczl\u00fc\u011f\u00fcn\u00fcn yan\u0131nda bir de emperyalist \u00fclkelerin iki y\u00fczl\u00fcl\u00fc\u011f\u00fcn\u00fcn \u00e7at\u0131\u015ft\u0131\u011f\u0131 bir noktada tezah\u00fcr ediyor. Tabu normal insanlara yasaklanm\u0131\u015ft\u0131r. S\u0131radan insanlar bunu tart\u0131\u015fabildi\u011fi zaman biz amac\u0131m\u0131za ula\u015fm\u0131\u015f olaca\u011f\u0131z. Tarih sa\u011f\u0131r ve dilsiz de\u011fildir, duyup s\u00f6ylemeye devam ediyor. E\u011fer tarihimize sahip \u00e7\u0131karsak, yalanc\u0131lar\u0131, tabular\u0131 in\u015fa edenleri te\u015fhir edebilirsek tarih bizi \u00f6zg\u00fcrle\u015ftirecektir.\u201d\u00a0<\/p>\n<p style=\"text-align: justify\">\u2018TEM\u0130ZLEMEK ZORUNDAYIZ\u2019<\/p>\n<p style=\"text-align: justify\">Oturumun moterat\u00f6rl\u00fc\u011f\u00fcn\u00fc yapan Hacettepe \u00dcniversitesi \u00d6\u011fretim \u00dcyesi Sibel \u00d6zbudun da k\u0131sa bir konu\u015fma yapt\u0131. \u00d6zbudun, \u201cBu suskunlu\u011fun, unutulmu\u015fun, silinmenin deh\u015fet boyutlar\u0131n\u0131 tart\u0131\u015fmam\u0131z gerekiyor. Biz buna y\u00fck\u00fcml\u00fcy\u00fcz. Diasporadaki Ermeniler soyk\u0131r\u0131m iddialar\u0131ndan vazge\u00e7seler de biz bunu temizlemek zorunday\u0131z. Bu zehirli kan\u0131 temizlemek hepimize d\u00fc\u015f\u00fcyor\u201d dedi.<\/p>\n<p style=\"text-align: justify\">Oturumda tarihsel ve genel bir \u00e7er\u00e7evede sunum yapan Prof. Dr. Bask\u0131n Oran ise 1071\u2019de hem K\u00fcrtlerin hem de Ermenilerin efendisinin T\u00fcrkler oldu\u011funu s\u00f6yleyerek, ancak K\u00fcrtler tek efendiye, Ermenilerin ise yak\u0131n efendi K\u00fcrtler ve uzak efendi Osmanl\u0131 olmak \u00fczere iki efendisinin oldu\u011funu s\u00f6yledi. Oran, Osmanl\u0131\u2019n\u0131n ve \u0130ttihat Terakki\u2019nin sonuna kadar sefalet i\u00e7inde olan do\u011fu Ermenileri i\u00e7in en ufak bir reform yapmaya yana\u015fmad\u0131\u011f\u0131n\u0131 kaydetti.\u00a0<\/p>\n<p style=\"text-align: justify\">GELENEK DEVAM ED\u0130YOR<\/p>\n<p style=\"text-align: justify\">Yazar Adil Okay da yapt\u0131\u011f\u0131 sunumda, b\u00fct\u00fcn ya\u015fananlara ra\u011fmen Ermenilerin nefret duygular\u0131 beslemedi\u011fini s\u00f6yledi. Ermenileri katleden katillerin, Mustafa Suphi\u2019leri de katletti\u011fini, ayn\u0131 katillerin 12 Eyl\u00fcl darbesinden sonra bir milyon insan\u0131 zindanlara doldurdu\u011funu, \u00e7o\u011fu K\u00fcrt 17 bin insan\u0131 katletti\u011fini ifade ederek, T\u00fcrkiye\u2019de katliamlarda devaml\u0131l\u0131\u011f\u0131n oldu\u011funa i\u015faret etti. 1915\u2019te onurlar\u0131n\u0131 korumak isteyen bir grup Ermeni\u2019nin onurlar\u0131n\u0131 korumak i\u00e7in cezaevinde kendini yakt\u0131\u011f\u0131n\u0131 dile getiren Okay, K\u00fcrt tutsaklar\u0131n da Diyarbak\u0131r zindan\u0131nda onurlar\u0131n\u0131 korumak i\u00e7in kendilerini yakt\u0131\u011f\u0131n\u0131 hat\u0131rlatt\u0131. Osmanl\u0131daki y\u00f6ntemlerin cumhuriyetten sonra da devam etti\u011fine dikkat \u00e7eken Okay, \u00f6ncelikle bu ya\u015fananlardan \u00f6t\u00fcr\u00fc \u00f6z\u00fcr dilenmesi gerekti\u011fini s\u00f6zlerine ekledi.\u00a0<\/p>\n<p style=\"text-align: justify\">K\u00dcRTLER\u0130 B\u0130T\u0130REMED\u0130<\/p>\n<p style=\"text-align: justify\">Sosyalist Parti y\u00f6neticisi Mahir Say\u0131n, T\u00fcrkiye\u2019nin soyunu k\u0131rd\u0131\u011f\u0131 tek milletin Ermeniler olmad\u0131\u011f\u0131n\u0131, Rumlar\u0131n da bu topraklardan silindi\u011fini, Asuri, S\u00fcryani ve Ezidilerin de bitme noktas\u0131na geldi\u011fini, ancak K\u00fcrtlerin bitirilemedi\u011fini s\u00f6yledi. K\u00fcrtlerin k\u0131ra k\u0131ra bitirilemedi\u011fini, y\u00fczy\u0131llard\u0131r isyan ettiklerini ifade eden Say\u0131n, \u201c\u00d6yle bir travman\u0131n alt\u0131nday\u0131z ki b\u00fct\u00fcn tarihimiz yalan olmu\u015f. Ermenilerin katli demokrasinin katliyle paralel geli\u015fti\u201d dedi.<\/p>\n<p style=\"text-align: justify\">\u00a0<\/p>\n<p style=\"text-align: justify\"><strong>&#8216;\u00c7ankaya K\u00f6\u015fk\u00fc ve Atat\u00fcrk evlerinin hepsi az\u0131nl\u0131klara ait&#8217;<\/strong><\/p>\n<p style=\"text-align: justify\"><strong>ANKARA \u2013\u00a0<\/strong>&#8211; \u20181915 \u0130nkar ve Y\u00fczle\u015fme Sempozyumu\u2019nda konu\u015fan yazarlar ve akademisyenler, T\u00fcrkiye\u2019nin \u00f6ncelikle \u00f6z\u00fcr dilemesi ve ge\u00e7mi\u015fiyle y\u00fczle\u015fmesi gerekti\u011fini s\u00f6ylediler. Yazar Sevan Ni\u015fanyan, \u00c7ankaya K\u00f6\u015fk\u00fc\u2019n\u00fcn ve farkl\u0131 yerlerde bulunan Atat\u00fcrk Evlerinin hepsinin asl\u0131nda gayri M\u00fcslim katliam\u0131nda elde edilmi\u015f m\u00fclkler oldu\u011funu s\u00f6yledi.\u00a0<br \/>\n\u2018Hrant\u2019\u0131n B\u0131rakt\u0131\u011f\u0131 Yerden \u00d6ncesi ve Sonras\u0131yla 1915 \u0130nk\u00e2r ve Y\u00fczle\u015fme Sempozyumu\u2019nun ikinci g\u00fcn\u00fcnde, yap\u0131lan \u2018Ermeni Meselesi: Ne ve Nas\u0131l Yapmal\u0131?\u2019 ba\u015fl\u0131kl\u0131 d\u00f6rd\u00fcnc\u00fc oturumunda konu\u015fan, Boston\u2019da yay\u0131nlanan haftal\u0131k bir Ermeni gazetesinin ba\u015fyazar\u0131 Khatchig Mouradian, \u2018T\u00fcrkiye\u2019de herkesin T\u00fcrk devletine ba\u011fl\u0131d\u0131r \u015feklinde yanl\u0131\u015f bir alg\u0131 oldu\u011funu\u2019 s\u00f6yledi. Hrant Dink\u2019in \u00f6l\u00fcm\u00fcn\u00fcn T\u00fcrkiye\u2019de bir d\u00f6n\u00fcm noktas\u0131 haline geldi\u011fini ifade eden Mouradian, meseleye demokrasinin \u00f6tesine ge\u00e7ilen bir perspektiften bak\u0131lmas\u0131 gerekti\u011fini, bu noktada adalet kelimesinin b\u00fcy\u00fck \u00f6nem kazand\u0131\u011f\u0131n\u0131 ifade etti. T\u00fcrk-Ermeni meselesinin \u00e7\u00f6z\u00fclmesinde \u00f6ncelikle \u00f6z\u00fcr dilenmesinin ve ard\u0131ndan tazminatlar\u0131n yani haklar\u0131n geri verilmesinin \u00f6nemine vurgu yapan Mouradian, \u00e7\u00fcnk\u00fc Ermenilere bir adaletsizlik yap\u0131ld\u0131\u011f\u0131n\u0131n alt\u0131n\u0131 \u00e7izdi.<\/p>\n<p style=\"text-align: justify\">SORUNUN KAYNI\u011eI M\u0130LL\u0130 G\u00dcVENL\u0130K S\u0130STEM\u0130<\/p>\n<p style=\"text-align: justify\">Yazar Rag\u0131p Zarakolu ise bu i\u015fin i\u00e7inden \u00e7\u0131kmak i\u00e7in anayasa de\u011fi\u015fikli\u011fi kadar, devlet i\u00e7indeki de\u011fi\u015fikliklerin de \u00f6nemli oldu\u011funu s\u00f6yledi. \u00d6ncelikle soyk\u0131r\u0131m konusunun bir milli g\u00fcvenlik sorunu olmaktan \u00e7\u0131kmak zorunda oldu\u011funu dile getiren Zarakolu, milli g\u00fcvenlik sistemine g\u00f6re az\u0131nl\u0131klar\u0131n i\u00e7 g\u00fcvenli\u011fi tehdit eden bir unsur olarak g\u00f6r\u00fcld\u00fc\u011f\u00fcne i\u015faret etti. Baz\u0131 \u00fclkelerin kendini bu sistemden kurtard\u0131\u011f\u0131n\u0131 ancak T\u00fcrkiye\u2019nin ise halen milli g\u00fcvenlik devleti olmaktan \u00e7\u0131kman\u0131n sanc\u0131lar\u0131n\u0131 ya\u015fad\u0131\u011f\u0131n\u0131 ifade eden Zarakolu, 1915\u2019le y\u00fczle\u015fmenin ger\u00e7ek demokrasiye ge\u00e7i\u015fi katk\u0131 sunaca\u011f\u0131n\u0131 dile getirerek, \u201cOrayla hesapla\u015ft\u0131\u011f\u0131m\u0131z zaman sadece Ermenilere kar\u015f\u0131 vicdani g\u00f6revimizi yerine getirmi\u015f olmayaca\u011f\u0131z, ayr\u0131ca b\u00fct\u00fcn T\u00fcrkiye yurtta\u015flar\u0131na kar\u015f\u0131 g\u00f6revimizi de yerine getirmi\u015f olaca\u011f\u0131z\u201d dedi.\u00a0<\/p>\n<p style=\"text-align: justify\">ERMEN\u0130LER E\u015e\u0130T DE\u011e\u0130LLER<\/p>\n<p style=\"text-align: justify\">Akademisyen Henry Theriault, \u015fuan ki m\u00fczakere s\u00fcrecinde Ermeni soyk\u0131r\u0131m\u0131 ve etkilerinin g\u00f6zden ka\u00e7\u0131r\u0131ld\u0131\u011f\u0131n\u0131 ifade ederek, bunlar ele al\u0131nmadan sa\u011fl\u0131kl\u0131 ili\u015fkilerin sa\u011flanamayaca\u011f\u0131n\u0131 s\u00f6yledi. \u0130li\u015fkilerin T\u00fcrklerin askeri olarak Ermenistan\u2019\u0131 i\u015fgal ettiklerinde ba\u015flad\u0131\u011f\u0131n\u0131 dile getiren Theriault, soyk\u0131r\u0131m\u0131n bu ili\u015fkileri geli\u015ftirmedi\u011fini ancak, fethi devlet taraf\u0131ndan kapsaml\u0131 bir yok etmeye \u00e7evirdi\u011fini s\u00f6yledi. Faillerin hedeflerine ula\u015fabildi\u011fini ve kurbanlar\u0131n t\u00fcm topraklar\u0131n, kaynaklar\u0131na el koydu\u011funu belirten Theriault, \u201cSoyk\u0131r\u0131m\u0131n iki \u00f6nemli \u00f6zelli\u011fi var, \u00f6ncelikle Ermeniler halen mevcuttur ve T\u00fcrk milliyet\u00e7ili\u011fi i\u00e7in bir engel olu\u015fturmaktad\u0131rlar. \u00c7\u00fcnk\u00fc Ermeniler ikinci s\u0131n\u0131f vatanda\u015f olmaya kar\u015f\u0131 direnmektedirler. \u0130kinci olarak da bu ili\u015fki T\u00fcrkiye Ermeni soyk\u0131r\u0131m\u0131n\u0131 tan\u0131mamas\u0131yla bu ili\u015fki ba\u015fka bir boyuta ge\u00e7er. Bu yine ili\u015fkilere zarar verecektir. T\u00fcrkler ve Ermeniler e\u015fit de\u011filler\u201d dedi.\u00a0<\/p>\n<p style=\"text-align: justify\">Theriault, Obama\u2019n\u0131n Ermeni ve T\u00fcrkleri kendi sorunlar\u0131n\u0131 \u00e7\u00f6zmesi i\u00e7in serbest b\u0131rakt\u0131\u011f\u0131n\u0131 savunarak, bunun iki halk a\u00e7\u0131s\u0131ndan ac\u0131 bir re\u00e7ete oldu\u011funu s\u00f6zlerine ekledi.<\/p>\n<p style=\"text-align: justify\">K\u00dcD\u0130STAN, ERMEN\u0130STAN, T\u00dcRK\u0130YE<\/p>\n<p style=\"text-align: justify\">Galler b\u00f6lgesinden kat\u0131lan politikac\u0131 Eilian Williab\u00f6lms, Hrant\u2019\u0131n \u00f6ld\u00fcr\u00fclmesinin ard\u0131ndan Galler\u2019de T\u00fcm Soyk\u0131r\u0131m Kurbanlar\u0131yla Dayan\u0131\u015fma isimli bir grup kurduklar\u0131n\u0131 s\u00f6yledi. T\u00fcrk Ermeni ili\u015fkilerinde inkar\u0131n s\u00f6z konusu oldu\u011funa i\u015faret eden Williab\u00f6lms, Ermenilerin haklar\u0131n\u0131n tazmin edilmesinin sorunun \u00e7\u00f6z\u00fcm\u00fcnde bir ad\u0131m olabilece\u011fini ifade etti. Williab\u00f6lms, dinleyicilerin K\u00fcrt ve Ermeni sorunlar\u0131 aras\u0131ndaki ba\u011flant\u0131ya ili\u015fkin sorusunu da \u201cEksik olan \u015fey bence diyalogdur. Bat\u0131 Ermenistan, Kuzey K\u00fcrdistan ve Do\u011fu T\u00fcrkiye, bu \u00fc\u00e7 kavram birbiriyle \u00f6rt\u00fc\u015f\u00fcyor. Bu ba\u011flamda bir diyalog g\u00f6rmek isterim ben. Bu \u00fc\u00e7 kavram her taraftan kabul edilmeli\u201d diye konu\u015ftu.\u00a0<\/p>\n<p style=\"text-align: justify\">\u00c7ANKAYA K\u00d6\u015eK\u00dc VE ATAT\u00dcRK EVLER\u0130<\/p>\n<p style=\"text-align: justify\">Yazar Sevan Ni\u015fanyan, 1915 olaylar\u0131n\u0131n daha \u00e7ok duygusal ve vicdani a\u00e7\u0131dan ele al\u0131nmas\u0131 gerekti\u011fini s\u00f6yledi. \u0130\u015fin ekonomik boyutunun g\u00f6zden ka\u00e7\u0131r\u0131ld\u0131\u011f\u0131n\u0131 dile getiren Ni\u015fanyan, haklar\u0131n tazmin konusuna de\u011findi. \u00c7ankaya K\u00f6\u015fk\u00fc\u2019n\u00fcn Kasapyan k\u00f6\u015fk\u00fc oldu\u011funu belirterek, de\u011fi\u015fik yerlerde bulunan Atat\u00fcrk Evlerinin hepsinin asl\u0131nda gayri M\u00fcslim katliam\u0131nda elde edilmi\u015f m\u00fclkler oldu\u011funu s\u00f6yledi.\u00a0<\/p>\n<p style=\"text-align: justify\">\u2018T.C VATANDA\u015eLI\u011eI VER\u0130LMEL\u0130\u2019<\/p>\n<p style=\"text-align: justify\">T\u00fcrkiye\u2019nin her \u015feyden \u00f6nce \u00f6z\u00fcr dilemesi gerekti\u011fini ifade eden Ni\u015fanyan, bunun medeni bir \u00fclke olmak i\u00e7in vazge\u00e7ilmez oldu\u011funu kaydetti. Bu \u00f6zr\u00fcn yar\u0131m a\u011f\u0131zla olamayaca\u011f\u0131n\u0131 da dile getiren Ni\u015fanyan, \u2018Sembolik olarak \u00f6z\u00fcr dilemesi gerekiyor. \u00d6rne\u011fin Halaskar Gazi Caddesi\u2019nin ad\u0131, Hrant Dink olarak de\u011fi\u015fmeli\u201d dedi. T\u00fcrkiye\u2019nin ge\u00e7mi\u015fiyle y\u00fczle\u015fmesinin, sald\u0131rgan \u0131rk\u00e7\u0131l\u0131\u011f\u0131n sorgulanmas\u0131 anlam\u0131na geldi\u011fini ifade eden Ni\u015fanyan, Ermeni diasporas\u0131na T\u00fcrkiye Cumhuriyeti vatanda\u015fl\u0131\u011f\u0131n\u0131n verilmesinin bir jest olabilece\u011fini s\u00f6yledi.\u00a0<\/p>\n<p style=\"text-align: justify\">\u2018HIRSIZLI\u011eIN BELGES\u0130 OLMAZ\u2019<\/p>\n<p style=\"text-align: justify\">Yazar Temel Demirer, resmi tarihin unutturma \u00fczerine kuruldu\u011funu belirterek, Ermeni sorununun bir hat\u0131rlatma sorunu oldu\u011funu s\u00f6yledi. Bu \u00fclkede Ermeni soyk\u0131r\u0131m\u0131 oldu\u011fu i\u00e7in lin\u00e7 oldu\u011funu, K\u00fcrt sorununun ya\u015fand\u0131\u011f\u0131n\u0131 belirten Demirer, soyk\u0131r\u0131m\u0131n ve Ermenilerin mallar\u0131na el konulmas\u0131na ili\u015fkin belgelerin olmamas\u0131n\u0131 \u201cH\u0131rs\u0131zl\u0131\u011f\u0131n belgesi olur mu\u201d diyerek a\u00e7\u0131klad\u0131.\u00a0<\/p>\n<p style=\"text-align: justify\">\u2018\u00c7ANKAYA K\u00d6\u015eK\u00dcN\u00dcN SAH\u0130B\u0130 KASAP\u00c7\u0130YAN\u2019DIR\u2019<\/p>\n<p style=\"text-align: justify\">Ermeni soyk\u0131r\u0131m\u0131na parlamentolarda tart\u0131\u015f\u0131larak \u00e7\u00f6z\u00fcm bulunamayaca\u011f\u0131n\u0131 ifade eden Demirer, \u201cProblem Hrant\u2019\u0131n dedi\u011fi gibi halklar\u0131n karde\u015fli\u011fi ile \u00e7\u00f6z\u00fclecek\u201d dedi. \u00c7ankaya K\u00f6\u015fk\u00fc\u2019n\u00fcn as\u0131l sahibinin Kasap\u00e7iyan oldu\u011funa i\u015faret eden Demirer, \u201cBunu s\u00f6ylemek zorunday\u0131z, bu bir i\u015fgaldir\u201d diye konu\u015ftu. Ermenilerin mallar\u0131n\u0131n geri verilmesi durumunda kaybedenlerin T\u00fcrkiye\u2019nin b\u00fcy\u00fck zenginleri olaca\u011f\u0131na dikkat \u00e7eken Demirer, \u201cErmeni sorunu kolektif haklar ekseninde politik bir sorundur. Ger\u00e7e\u011fi g\u00fc\u00e7l\u00fc k\u0131lman\u0131n zaman\u0131d\u0131r. Ermeni meselesini tan\u0131ma, tazmin etme meselesi oldu\u011funu, bunun da sorumlusunun T\u00fcrk sermayesi oldu\u011funu s\u00f6yl\u00fcyoruz\u201d diye kaydetti.\u00a0<\/p>\n<p style=\"text-align: justify\">\u2018HRANT M\u00dcKEMMEL B\u0130R MODELD\u0130\u2019<\/p>\n<p style=\"text-align: justify\">Boston\u2019da ya\u015fayan, ailesi soyk\u0131r\u0131mdan kurtulan Harry Parsekian, T\u00fcrkiye\u2019yi zaman zaman ziyaret etti\u011fini belirterek, d\u00fc\u015f\u00fcncelerini dile getirdi. T\u00fcrkiye\u2019ye ilk geli\u015finde A\u011fr\u0131 Da\u011f\u0131\u2019na K\u00fcrtlerle T\u00fcrkler aras\u0131nda \u00e7at\u0131\u015fma oldu\u011fu i\u00e7in \u00e7\u0131kamad\u0131\u011f\u0131n\u0131 s\u00f6yleyen Parsekian, daha sonraki y\u0131llarda A\u011fr\u0131 Da\u011f\u0131\u2019na da \u00e7\u0131kt\u0131\u011f\u0131n\u0131 s\u00f6yledi.\u00a0<br \/>\nAnnesinin kendisine soyk\u0131r\u0131m\u0131 anlatt\u0131\u011f\u0131n\u0131 ve bunlar\u0131 yalan yere s\u00f6ylemedi\u011fini ifade eden Parsekian, \u201cHrant bence m\u00fckemmel bir modeldi T\u00fcrkiye i\u00e7in. Ben k\u00f6y\u00fcm\u00fczde o ta\u015flar\u0131n \u00fczerinde dola\u015f\u0131rken t\u00fcylerim diken diken oluyor. T\u00fcrkiye Ermeni sorunundan kurtuldu\u011funda uluslararas\u0131 arenada \u00e7ok sayg\u0131 g\u00f6recek\u201d dedi. T\u00fcrkiye\u2019de \u00f6z\u00fcr konusunda uzmanla\u015fm\u0131\u015f ki\u015filerin oldu\u011funu ve zaman\u0131 geldi\u011finde y\u00f6neticilerin de bunu \u00f6\u011frenece\u011fini dile getiren Parsekian, \u201cH\u00fck\u00fcmetin \u00f6z\u00fcr dilemesi gerekir. \u0130n\u015fallah gelecekte bu ger\u00e7ekle\u015fir. D\u00f6rt g\u00f6zle bekliyorum. T\u00fcrkiye ile Ermeniler aras\u0131nda \u00e7ok iyi ili\u015fkiler olmas\u0131n\u0131 istiyorum. En \u00f6nemli sorun tazminat. \u00c7\u00fcnk\u00fc haklar\u0131n iadesi gerekiyor\u201d diye konu\u015ftu.\u00a0<\/p>\n<p style=\"text-align: justify\">ANF NEWS AGENCY<strong>\u00a0<\/strong><\/p>\n<p style=\"text-align: justify\"><a href=\"http:\/\/www.firatnews.eu\/index.php?rupel=nuce&amp;nuceID=25281\" target=\"_blank\">http:\/\/www.firatnews.eu\/index.php?rupel=nuce&amp;nuceID=25281<\/a><\/p>\n","protected":false},"excerpt":{"rendered":"<p>ANKARA\u00a0&#8211; Ankara D\u00fc\u015f\u00fcnceye \u00d6zg\u00fcrl\u00fck Giri\u015fimi\u2019nin d\u00fczenledi\u011fi \u2018Hrant\u2019\u0131n B\u0131rakt\u0131\u011f\u0131 Yerden \u00d6ncesi ve Sonras\u0131yla 1915 \u0130nkar ve Y\u00fczle\u015fme Sempozyumu\u2019nda konu\u015fan Prof. Dr. Fikret Ba\u015fkaya, sempozyumda 95 y\u0131ll\u0131k yalan\u0131 tart\u0131\u015facaklar\u0131n\u0131 s\u00f6yledi. &#8220;Hrant\u2019\u0131n B\u0131rakt\u0131\u011f\u0131 Yerden \u00d6ncesi ve Sonras\u0131yla 1915 \u0130nkar ve Y\u00fczle\u015fme Sempozyumu&#8221; katliamlarda ya\u015fam\u0131n\u0131 yitirenler i\u00e7in yap\u0131lan sayg\u0131 duru\u015fuyla ba\u015flad\u0131. Sayg\u0131 duru\u015funun ard\u0131ndan Prof. Dr. Fikret Ba\u015fkaya a\u00e7\u0131l\u0131\u015f [&hellip;]<\/p>\n","protected":false},"author":3,"featured_media":0,"comment_status":"closed","ping_status":"open","sticky":false,"template":"","format":"standard","meta":{"footnotes":""},"categories":[6,12,14,15],"tags":[],"class_list":["post-1923","post","type-post","status-publish","format-standard","hentry","category-ermeni-soykirimi","category-gunumuzde-bati-ermenileri","category-haberler","category-haklarimiz"],"yoast_head":"<!-- This site is optimized with the Yoast SEO plugin v26.6 - https:\/\/yoast.com\/wordpress\/plugins\/seo\/ -->\n<title>Ankara\u2019da 95 y\u0131ld\u0131r inkar edilen soyk\u0131r\u0131m tart\u0131\u015f\u0131l\u0131yor - Bati Ermenistan Ve Bati Ermenileri Sorunlari Ara\u015ftirmalar Merkezi<\/title>\n<meta name=\"robots\" content=\"index, follow, max-snippet:-1, max-image-preview:large, max-video-preview:-1\" \/>\n<link rel=\"canonical\" href=\"https:\/\/akunq.net\/turkish\/2010\/09\/11\/ankarada-95-yildir-inkar-edilen-soykirim-tartisiliyor\/\" \/>\n<meta property=\"og:locale\" content=\"en_US\" \/>\n<meta property=\"og:type\" content=\"article\" \/>\n<meta property=\"og:title\" content=\"Ankara\u2019da 95 y\u0131ld\u0131r inkar edilen soyk\u0131r\u0131m tart\u0131\u015f\u0131l\u0131yor - Bati Ermenistan Ve Bati Ermenileri Sorunlari Ara\u015ftirmalar Merkezi\" \/>\n<meta property=\"og:description\" content=\"ANKARA\u00a0&#8211; Ankara D\u00fc\u015f\u00fcnceye \u00d6zg\u00fcrl\u00fck Giri\u015fimi\u2019nin d\u00fczenledi\u011fi \u2018Hrant\u2019\u0131n B\u0131rakt\u0131\u011f\u0131 Yerden \u00d6ncesi ve Sonras\u0131yla 1915 \u0130nkar ve Y\u00fczle\u015fme Sempozyumu\u2019nda konu\u015fan Prof. Dr. Fikret Ba\u015fkaya, sempozyumda 95 y\u0131ll\u0131k yalan\u0131 tart\u0131\u015facaklar\u0131n\u0131 s\u00f6yledi. &#8220;Hrant\u2019\u0131n B\u0131rakt\u0131\u011f\u0131 Yerden \u00d6ncesi ve Sonras\u0131yla 1915 \u0130nkar ve Y\u00fczle\u015fme Sempozyumu&#8221; katliamlarda ya\u015fam\u0131n\u0131 yitirenler i\u00e7in yap\u0131lan sayg\u0131 duru\u015fuyla ba\u015flad\u0131. Sayg\u0131 duru\u015funun ard\u0131ndan Prof. Dr. Fikret Ba\u015fkaya a\u00e7\u0131l\u0131\u015f [&hellip;]\" \/>\n<meta property=\"og:url\" content=\"https:\/\/akunq.net\/turkish\/2010\/09\/11\/ankarada-95-yildir-inkar-edilen-soykirim-tartisiliyor\/\" \/>\n<meta property=\"og:site_name\" content=\"Bati Ermenistan Ve Bati Ermenileri Sorunlari Ara\u015ftirmalar Merkezi\" \/>\n<meta property=\"article:published_time\" content=\"2010-09-11T11:47:09+00:00\" \/>\n<meta name=\"author\" content=\"kalem\" \/>\n<meta name=\"twitter:card\" content=\"summary_large_image\" \/>\n<meta name=\"twitter:label1\" content=\"Written by\" \/>\n\t<meta name=\"twitter:data1\" content=\"kalem\" \/>\n\t<meta name=\"twitter:label2\" content=\"Est. reading time\" \/>\n\t<meta name=\"twitter:data2\" content=\"11 minutes\" \/>\n<script type=\"application\/ld+json\" class=\"yoast-schema-graph\">{\"@context\":\"https:\/\/schema.org\",\"@graph\":[{\"@type\":\"WebPage\",\"@id\":\"https:\/\/akunq.net\/turkish\/2010\/09\/11\/ankarada-95-yildir-inkar-edilen-soykirim-tartisiliyor\/\",\"url\":\"https:\/\/akunq.net\/turkish\/2010\/09\/11\/ankarada-95-yildir-inkar-edilen-soykirim-tartisiliyor\/\",\"name\":\"Ankara\u2019da 95 y\u0131ld\u0131r inkar edilen soyk\u0131r\u0131m tart\u0131\u015f\u0131l\u0131yor - Bati Ermenistan Ve Bati Ermenileri Sorunlari Ara\u015ftirmalar Merkezi\",\"isPartOf\":{\"@id\":\"https:\/\/akunq.net\/turkish\/#website\"},\"datePublished\":\"2010-09-11T11:47:09+00:00\",\"author\":{\"@id\":\"https:\/\/akunq.net\/turkish\/#\/schema\/person\/135e7923d1aeb8887890799619969a6c\"},\"breadcrumb\":{\"@id\":\"https:\/\/akunq.net\/turkish\/2010\/09\/11\/ankarada-95-yildir-inkar-edilen-soykirim-tartisiliyor\/#breadcrumb\"},\"inLanguage\":\"en-US\",\"potentialAction\":[{\"@type\":\"ReadAction\",\"target\":[\"https:\/\/akunq.net\/turkish\/2010\/09\/11\/ankarada-95-yildir-inkar-edilen-soykirim-tartisiliyor\/\"]}]},{\"@type\":\"BreadcrumbList\",\"@id\":\"https:\/\/akunq.net\/turkish\/2010\/09\/11\/ankarada-95-yildir-inkar-edilen-soykirim-tartisiliyor\/#breadcrumb\",\"itemListElement\":[{\"@type\":\"ListItem\",\"position\":1,\"name\":\"Home\",\"item\":\"https:\/\/akunq.net\/turkish\/\"},{\"@type\":\"ListItem\",\"position\":2,\"name\":\"Ankara\u2019da 95 y\u0131ld\u0131r inkar edilen soyk\u0131r\u0131m tart\u0131\u015f\u0131l\u0131yor\"}]},{\"@type\":\"WebSite\",\"@id\":\"https:\/\/akunq.net\/turkish\/#website\",\"url\":\"https:\/\/akunq.net\/turkish\/\",\"name\":\"Bati Ermenistan Ve Bati Ermenileri Sorunlari Ara\u015ftirmalar Merkezi\",\"description\":\"\",\"potentialAction\":[{\"@type\":\"SearchAction\",\"target\":{\"@type\":\"EntryPoint\",\"urlTemplate\":\"https:\/\/akunq.net\/turkish\/?s={search_term_string}\"},\"query-input\":{\"@type\":\"PropertyValueSpecification\",\"valueRequired\":true,\"valueName\":\"search_term_string\"}}],\"inLanguage\":\"en-US\"},{\"@type\":\"Person\",\"@id\":\"https:\/\/akunq.net\/turkish\/#\/schema\/person\/135e7923d1aeb8887890799619969a6c\",\"name\":\"kalem\",\"image\":{\"@type\":\"ImageObject\",\"inLanguage\":\"en-US\",\"@id\":\"https:\/\/akunq.net\/turkish\/#\/schema\/person\/image\/\",\"url\":\"https:\/\/secure.gravatar.com\/avatar\/a06875e4b25feb5674296adf8e8a7ae1e587cebce2493fe63c456109967e27d3?s=96&d=mm&r=g\",\"contentUrl\":\"https:\/\/secure.gravatar.com\/avatar\/a06875e4b25feb5674296adf8e8a7ae1e587cebce2493fe63c456109967e27d3?s=96&d=mm&r=g\",\"caption\":\"kalem\"},\"url\":\"https:\/\/akunq.net\/turkish\/author\/kalem\/\"}]}<\/script>\n<!-- \/ Yoast SEO plugin. -->","yoast_head_json":{"title":"Ankara\u2019da 95 y\u0131ld\u0131r inkar edilen soyk\u0131r\u0131m tart\u0131\u015f\u0131l\u0131yor - Bati Ermenistan Ve Bati Ermenileri Sorunlari Ara\u015ftirmalar Merkezi","robots":{"index":"index","follow":"follow","max-snippet":"max-snippet:-1","max-image-preview":"max-image-preview:large","max-video-preview":"max-video-preview:-1"},"canonical":"https:\/\/akunq.net\/turkish\/2010\/09\/11\/ankarada-95-yildir-inkar-edilen-soykirim-tartisiliyor\/","og_locale":"en_US","og_type":"article","og_title":"Ankara\u2019da 95 y\u0131ld\u0131r inkar edilen soyk\u0131r\u0131m tart\u0131\u015f\u0131l\u0131yor - Bati Ermenistan Ve Bati Ermenileri Sorunlari Ara\u015ftirmalar Merkezi","og_description":"ANKARA\u00a0&#8211; Ankara D\u00fc\u015f\u00fcnceye \u00d6zg\u00fcrl\u00fck Giri\u015fimi\u2019nin d\u00fczenledi\u011fi \u2018Hrant\u2019\u0131n B\u0131rakt\u0131\u011f\u0131 Yerden \u00d6ncesi ve Sonras\u0131yla 1915 \u0130nkar ve Y\u00fczle\u015fme Sempozyumu\u2019nda konu\u015fan Prof. Dr. Fikret Ba\u015fkaya, sempozyumda 95 y\u0131ll\u0131k yalan\u0131 tart\u0131\u015facaklar\u0131n\u0131 s\u00f6yledi. &#8220;Hrant\u2019\u0131n B\u0131rakt\u0131\u011f\u0131 Yerden \u00d6ncesi ve Sonras\u0131yla 1915 \u0130nkar ve Y\u00fczle\u015fme Sempozyumu&#8221; katliamlarda ya\u015fam\u0131n\u0131 yitirenler i\u00e7in yap\u0131lan sayg\u0131 duru\u015fuyla ba\u015flad\u0131. Sayg\u0131 duru\u015funun ard\u0131ndan Prof. Dr. Fikret Ba\u015fkaya a\u00e7\u0131l\u0131\u015f [&hellip;]","og_url":"https:\/\/akunq.net\/turkish\/2010\/09\/11\/ankarada-95-yildir-inkar-edilen-soykirim-tartisiliyor\/","og_site_name":"Bati Ermenistan Ve Bati Ermenileri Sorunlari Ara\u015ftirmalar Merkezi","article_published_time":"2010-09-11T11:47:09+00:00","author":"kalem","twitter_card":"summary_large_image","twitter_misc":{"Written by":"kalem","Est. reading time":"11 minutes"},"schema":{"@context":"https:\/\/schema.org","@graph":[{"@type":"WebPage","@id":"https:\/\/akunq.net\/turkish\/2010\/09\/11\/ankarada-95-yildir-inkar-edilen-soykirim-tartisiliyor\/","url":"https:\/\/akunq.net\/turkish\/2010\/09\/11\/ankarada-95-yildir-inkar-edilen-soykirim-tartisiliyor\/","name":"Ankara\u2019da 95 y\u0131ld\u0131r inkar edilen soyk\u0131r\u0131m tart\u0131\u015f\u0131l\u0131yor - Bati Ermenistan Ve Bati Ermenileri Sorunlari Ara\u015ftirmalar Merkezi","isPartOf":{"@id":"https:\/\/akunq.net\/turkish\/#website"},"datePublished":"2010-09-11T11:47:09+00:00","author":{"@id":"https:\/\/akunq.net\/turkish\/#\/schema\/person\/135e7923d1aeb8887890799619969a6c"},"breadcrumb":{"@id":"https:\/\/akunq.net\/turkish\/2010\/09\/11\/ankarada-95-yildir-inkar-edilen-soykirim-tartisiliyor\/#breadcrumb"},"inLanguage":"en-US","potentialAction":[{"@type":"ReadAction","target":["https:\/\/akunq.net\/turkish\/2010\/09\/11\/ankarada-95-yildir-inkar-edilen-soykirim-tartisiliyor\/"]}]},{"@type":"BreadcrumbList","@id":"https:\/\/akunq.net\/turkish\/2010\/09\/11\/ankarada-95-yildir-inkar-edilen-soykirim-tartisiliyor\/#breadcrumb","itemListElement":[{"@type":"ListItem","position":1,"name":"Home","item":"https:\/\/akunq.net\/turkish\/"},{"@type":"ListItem","position":2,"name":"Ankara\u2019da 95 y\u0131ld\u0131r inkar edilen soyk\u0131r\u0131m tart\u0131\u015f\u0131l\u0131yor"}]},{"@type":"WebSite","@id":"https:\/\/akunq.net\/turkish\/#website","url":"https:\/\/akunq.net\/turkish\/","name":"Bati Ermenistan Ve Bati Ermenileri Sorunlari Ara\u015ftirmalar Merkezi","description":"","potentialAction":[{"@type":"SearchAction","target":{"@type":"EntryPoint","urlTemplate":"https:\/\/akunq.net\/turkish\/?s={search_term_string}"},"query-input":{"@type":"PropertyValueSpecification","valueRequired":true,"valueName":"search_term_string"}}],"inLanguage":"en-US"},{"@type":"Person","@id":"https:\/\/akunq.net\/turkish\/#\/schema\/person\/135e7923d1aeb8887890799619969a6c","name":"kalem","image":{"@type":"ImageObject","inLanguage":"en-US","@id":"https:\/\/akunq.net\/turkish\/#\/schema\/person\/image\/","url":"https:\/\/secure.gravatar.com\/avatar\/a06875e4b25feb5674296adf8e8a7ae1e587cebce2493fe63c456109967e27d3?s=96&d=mm&r=g","contentUrl":"https:\/\/secure.gravatar.com\/avatar\/a06875e4b25feb5674296adf8e8a7ae1e587cebce2493fe63c456109967e27d3?s=96&d=mm&r=g","caption":"kalem"},"url":"https:\/\/akunq.net\/turkish\/author\/kalem\/"}]}},"_links":{"self":[{"href":"https:\/\/akunq.net\/turkish\/wp-json\/wp\/v2\/posts\/1923","targetHints":{"allow":["GET"]}}],"collection":[{"href":"https:\/\/akunq.net\/turkish\/wp-json\/wp\/v2\/posts"}],"about":[{"href":"https:\/\/akunq.net\/turkish\/wp-json\/wp\/v2\/types\/post"}],"author":[{"embeddable":true,"href":"https:\/\/akunq.net\/turkish\/wp-json\/wp\/v2\/users\/3"}],"replies":[{"embeddable":true,"href":"https:\/\/akunq.net\/turkish\/wp-json\/wp\/v2\/comments?post=1923"}],"version-history":[{"count":0,"href":"https:\/\/akunq.net\/turkish\/wp-json\/wp\/v2\/posts\/1923\/revisions"}],"wp:attachment":[{"href":"https:\/\/akunq.net\/turkish\/wp-json\/wp\/v2\/media?parent=1923"}],"wp:term":[{"taxonomy":"category","embeddable":true,"href":"https:\/\/akunq.net\/turkish\/wp-json\/wp\/v2\/categories?post=1923"},{"taxonomy":"post_tag","embeddable":true,"href":"https:\/\/akunq.net\/turkish\/wp-json\/wp\/v2\/tags?post=1923"}],"curies":[{"name":"wp","href":"https:\/\/api.w.org\/{rel}","templated":true}]}}