{"id":1916,"date":"2010-09-11T05:07:11","date_gmt":"2010-09-11T10:07:11","guid":{"rendered":"http:\/\/akunq.net\/tr\/?p=1916"},"modified":"2010-09-11T05:07:11","modified_gmt":"2010-09-11T10:07:11","slug":"chp-ve-akp-gayrimuslimlere-hakaret-ediyor","status":"publish","type":"post","link":"https:\/\/akunq.net\/turkish\/2010\/09\/11\/chp-ve-akp-gayrimuslimlere-hakaret-ediyor\/","title":{"rendered":"CHP ve AKP gayrim\u00fcslimlere hakaret ediyor"},"content":{"rendered":"<p style=\"text-align: justify\"><strong><em><a rel=\"attachment wp-att-1917\" href=\"http:\/\/akunq.net\/tr\/?attachment_id=1917\"><img loading=\"lazy\" decoding=\"async\" class=\"alignleft size-full wp-image-1917\" title=\"CHP_ve_AKP_gayrimuslimlere_hakaret_ediyor_20100909_120431\" src=\"http:\/\/akunq.net\/tr\/wp-content\/uploads\/2010\/09\/CHP_ve_AKP_gayrimuslimlere_hakaret_ediyor_20100909_120431.jpg\" alt=\"\" width=\"345\" height=\"236\" \/><\/a>\u00a0<\/em><\/strong>Hrant Dink&#8217;in \u00e7al\u0131\u015fma arkada\u015f\u0131 Rober Kopta\u015f, Ahtamar &#8216;jesti&#8217;nde ha\u00e7 krizini ve T\u00fcrkiye&#8217;nin A\u0130HM savunmas\u0131n\u0131 ETHA&#8217;ya de\u011ferlendirdi. Kopta\u015f&#8217;a g\u00f6re Ahtamar\u2019da s\u00fcrecin ba\u015f\u0131ndan beri ya\u015fananlar jest de\u011fil riyakarl\u0131k. Kopta\u015f, ETHA&#8217;ya &#8216;rahibe k\u0131yafet&#8217;i tart\u0131\u015fmas\u0131n\u0131 da yorumlad\u0131, \u201cCHP ve AKP gayrim\u00fcslimlere hakaret ediyorlar\u201d dedi.<\/p>\n<p style=\"text-align: justify\">Van\u2019\u0131n Geva\u015f il\u00e7esi bulunan 1100 y\u0131ll\u0131k Ahtamar Kilisesi (Surp Ha\u00e7 Kilisesi) 1915\u2019ten sonra ilk dini ayin yap\u0131lacak. Ermeni Ba\u015f Patrikli\u011fi, ha\u00e7 \u00fc\u00e7 y\u0131ld\u0131r dikilemedi\u011fi i\u00e7in 19 Eyl\u00fcl\u2019de yap\u0131lacak ayine kat\u0131lmayacak. Ayini T\u00fcrkiye Ermenileri Patrikli\u011fi d\u00fczenleyecek.<\/p>\n<p style=\"text-align: justify\"><strong>\u00d6nce &#8216;jest&#8217; krizine a\u00e7\u0131kl\u0131k getirdi<\/strong><strong> <\/strong><\/p>\n<p style=\"text-align: justify\">H\u00fck\u00fcmete yak\u0131n \u00e7evrelere g\u00f6re Ahtamar&#8217;\u0131n &#8216;inan\u00e7 turizmi&#8217; kapsam\u0131nda y\u0131lda bir g\u00fcn, saati ve s\u00fcresi Valilik\u00e7e belirlenmek kayd\u0131yla s\u0131n\u0131rl\u0131 say\u0131da ziyaret\u00e7iye ibadete a\u00e7\u0131lmas\u0131 b\u00fcy\u00fck bir jest. Ama Ermeniler bu fikirde de\u011fil. Rober Kopta\u015f&#8217;a gore, Ahtamar\u2019da restorasyon s\u00fcrecinin ba\u015f\u0131ndan bu yana sergilenenler \u201criyak\u00e2rl\u0131k\u201d.<\/p>\n<p style=\"text-align: justify\">Agos gazetesinin \u00e7i\u00e7e\u011fi burnunda genel yay\u0131n y\u00f6netmeni Rober Kopta\u015f, Ahtamar &#8216;jesti&#8217;nde ha\u00e7 krizini ETHA&#8217;ya de\u011ferlendirdi. Kopta\u015f, \u00f6nce krize a\u00e7\u0131kl\u0131k getirdi, \u201cErmeni Patrikhanesi kat\u0131lmayacak\u201d haberlerinin yanl\u0131\u015f oldu\u011funu belirtti.<\/p>\n<p style=\"text-align: justify\">D\u00fcnyada 4 patrikhane oldu\u011funu ifade eden Kopta\u015f, \u201cBa\u015f patriklik, bizim Ermenice&#8217;de &#8216;Gato\u011figosluk&#8217; dedi\u011fimiz, Ermenistan\u2019\u0131n E\u00e7miyadzin kentindeki kurum. Onlar bir t\u00fcr boykot tavr\u0131 i\u00e7indeler. Oran\u0131n d\u0131\u015f\u0131nda \u00fc\u00e7 patriklik daha var. \u0130stanbul onlardan biri. Bir tane Beyrut&#8217;ta, bir de Kud\u00fcs&#8217;te Patrikhane var ve ayini \u0130stanbul Ermeni Patrikli\u011fi d\u00fczenleyecek. Dolas\u0131y\u0131s\u0131yla \u00f6nce Patrikli\u011fin ayini boykot edece\u011fine dair haberlerin yanl\u0131\u015f oldu\u011funu s\u00f6ylemek gerek.\u201d<\/p>\n<p style=\"text-align: justify\"><strong>Diplomasi malzemesi yap\u0131lmas\u0131 incitiyor<\/strong><strong> <\/strong><\/p>\n<p style=\"text-align: justify\">Ahtamar Kilisesi&#8217;nin restore edilmesinin olumlu bir ad\u0131m oldu\u011funu belirten Kopta\u015f, kilisenin Ermeniler a\u00e7\u0131s\u0131ndan \u00f6nemli oldu\u011funu kaydetti. Kilisenin bin seneyi a\u015fk\u0131n bir tarihe sahip eski bir dini merkez oldu\u011funu s\u00f6yleyen Kopta\u015f, \u201c1915&#8217;ten sonra bu kilise y\u0131k\u0131nt\u0131 halde, sahipsiz kald\u0131. Cemaati yok. Katledilmi\u015f, yurt d\u0131\u015f\u0131na g\u00f6nderilmi\u015f ya da s\u00fcrg\u00fcn edilmi\u015f. Harabe halindeydi. Ve Ermeniler a\u00e7\u0131s\u0131ndan da kendi tarihleriyle, yok edilmi\u015flikleriyle, kovulmu\u015fluklar\u0131yla ba\u011f kurduklar\u0131 bir simgeydi asl\u0131nda\u201d \u015feklinde konu\u015ftu.<\/p>\n<p style=\"text-align: justify\">Kilisenin Ermeni Orta \u00c7a\u011f mimarisinin doruk noktalar\u0131ndan ve en g\u00fczel \u00f6rneklerinden biri oldu\u011funu ifade eden Rober Kopta\u015f, harabeye d\u00f6n\u00fc\u015ft\u00fcr\u00fclen kilisenin insanlar\u0131n y\u00fcre\u011fini s\u0131zlatt\u0131\u011f\u0131n\u0131, ayn\u0131 zamanda da o yerinden yurdundan edilmi\u015flik halini anlatt\u0131\u011f\u0131n\u0131 dile getirdi.<\/p>\n<p style=\"text-align: justify\">Ahtamar Kilisesi&#8217;nin d\u00fcnya halklar\u0131na ait bir miras oldu\u011funu vurgulayan Kopta\u015f, \u201cO miras\u0131n restore edilmesi ba\u015fta g\u00fczel bir ad\u0131md\u0131. Ama bir de g\u00fczel olmayan, insanlar\u0131n onurunu inciten bir yan\u0131 var. O da bu jestin, bu g\u00fczel ad\u0131m\u0131n, T\u00fcrkiye devleti taraf\u0131ndan hep bir diplomasi malzemesi, bir halkla ili\u015fkiler ad\u0131m\u0131, bir t\u00fcr imaj \u00e7al\u0131\u015fmas\u0131 gibi kullan\u0131lmas\u0131\u201d diye belirtti.<\/p>\n<p style=\"text-align: justify\"><strong>Tehcirin y\u0131l d\u00f6n\u00fcm\u00fcne a\u00e7\u0131l\u0131\u015f\u0131<\/strong><strong> <\/strong><\/p>\n<p style=\"text-align: justify\">Kopta\u015f, \u201cBu durum asl\u0131nda restorasyonun ard\u0131ndan kilisenin a\u00e7\u0131l\u0131\u015f\u0131ndan itibaren ba\u015flad\u0131\u201d dedi ve ekledi: \u201cA\u00e7\u0131l\u0131\u015f tarihini Avrupa Birli\u011fi s\u00fcrecinde \u00f6nemli olan bir tarihe denk getirdiler \u00f6nce, sonra olmad\u0131, ba\u015fka bir g\u00fcne de\u011fi\u015ftirdiler. Sonra da 24 Nisan dediler. \u0130\u015fte o Ermeni tehcirinin g\u00fcnd\u00fc. O zaman Agos tepki g\u00f6sterdi. Hrant Dink daha \u00f6lmemi\u015fti. Bu tepki \u00fczerine 11 Nisan&#8217;a ald\u0131lar bu sefer. 11 Nisan da eski takvimde Ermeni tehcirinin ba\u015flad\u0131\u011f\u0131 tarihti!\u201d<\/p>\n<p style=\"text-align: justify\">Kopta\u015f, neticede kilisenin, Mart ay\u0131n\u0131n sonuna bir g\u00fcn bulunup a\u00e7\u0131ld\u0131\u011f\u0131n\u0131 kaydetti ve onur k\u0131r\u0131c\u0131 olan\u0131n, bu durumun bir pazarl\u0131k unsuru olarak kullan\u0131l\u0131yor olmas\u0131 oldu\u011funu ifade etti. Kopta\u015f, \u201c\u0130\u015fin daha da \u00f6nemli bir taraf\u0131 da var\u201d diyerek s\u00f6zlerini \u015f\u00f6yle s\u00fcrd\u00fcrd\u00fc:<\/p>\n<p style=\"text-align: justify\">\u201cNeticede buras\u0131 bir Ermeni kilisesiydi. Tarihi boyunca hep \u00f6yleydi. Ve siz buray\u0131 al\u0131yorsunuz, 1915&#8217;te tehcir etti\u011finiz, bir k\u0131sm\u0131 yollarda \u00f6lm\u00fc\u015f, \u00f6ld\u00fcr\u00fclm\u00fc\u015f; bir k\u0131sm\u0131 yurt d\u0131\u015f\u0131na g\u00f6\u00e7mek zorunda kalm\u0131\u015f, d\u00fcnyan\u0131n d\u00f6rt bir taraf\u0131nda da\u011f\u0131lm\u0131\u015f bir halk\u0131n eseri ve mal\u0131 olan, m\u00fclk\u00fc olan bir yeri sahipleniyorsunuz \u00f6nce. \u00d6nce harabe haline getiriyorsunuz, sonra sahipleniyorsunuz, sonra da bunun restorasyonunu da \u00e7ok b\u00fcy\u00fck bir jest olarak sunuyorsunuz. Burada insanlar\u0131 rahats\u0131z eden, vicdanlar\u0131 rahats\u0131z eden bir \u015fey var.\u201d<\/p>\n<p style=\"text-align: justify\"><strong>&#8216;Jest yaparken bile T\u00fcrkle\u015ftirdiler&#8217;<\/strong><strong> <\/strong><\/p>\n<p style=\"text-align: justify\">Kendisini rahats\u0131z eden bir di\u011fer \u015feyin bu kilisenin bir an\u0131t m\u00fcze olarak a\u00e7\u0131lmas\u0131 oldu\u011funu belirten Kopta\u015f, bir efsaneden kaynakl\u0131 Ermenilerin oraya Ahtamar, Ahtamara dediklerini fakat devletin \u0131srar ederek Akdamar diyerek oray\u0131 bile \u201cT\u00fcrkle\u015ftirdi\u011fini\u201d kaydetti. \u201cJest\u201d yaparken o inceli\u011fin dahi g\u00f6sterilmedi\u011fini s\u00f6yleyen Kopta\u015f, \u201cT\u00fcrk\u00e7ele\u015ftiriyorsunuz, T\u00fcrkle\u015ftiriyorsunuz. Yani oraya Akdamar demeyi \u0131srarla s\u00fcrd\u00fcr\u00fcyorsunuz\u201d dedi.<\/p>\n<p style=\"text-align: justify\">Ermeni Kilisesi&#8217;nin an\u0131t m\u00fcze olarak a\u00e7\u0131lmas\u0131na anlam veremediklerini belirten Kopta\u015f, \u201cNeden bir kilise olarak a\u00e7\u0131lm\u0131yor?\u201d diye sordu. \u201cBir ka\u00e7 ay \u00f6nce, y\u0131lda bir g\u00fcn, ka\u00e7 ki\u015finin kat\u0131laca\u011f\u0131 valilik taraf\u0131ndan belirlenen, kilisenin tamam\u0131nda da de\u011fil, K\u00fclt\u00fcr Bakanl\u0131\u011f\u0131&#8217;n\u0131n yaz\u0131s\u0131na g\u00f6re bir k\u0131sm\u0131nda bir ayin yap\u0131lmas\u0131na izin veriyorsunuz. Burada izin verme tabiri bile \u00e7ok irrite edici bir \u015fey\u201d diye tepki g\u00f6steren Kopta\u015f, Bunun \u201cDin ve vicdan \u00f6zg\u00fcrl\u00fc\u011f\u00fc\u201dne de ayk\u0131r\u0131 oldu\u011funu vurgulad\u0131.<\/p>\n<p style=\"text-align: justify\"><strong>&#8216;Ha\u00e7 krizinin nedeni referandum&#8217;<\/strong><strong> <\/strong><\/p>\n<p style=\"text-align: justify\">\u201cBa\u015f\u0131 s\u0131k\u0131\u015ft\u0131k\u00e7a bir hak vermek ve bunu g\u0131d\u0131m g\u0131d\u0131m yapmak\u201d takti\u011fiyle hareket edildi\u011fini belirten Kopta\u015f&#8217;a g\u00f6re ha\u00e7\u0131n konulmamas\u0131n\u0131n nedeni, referandum \u00f6ncesi milliyet\u00e7ilerden gelen bask\u0131lar nedeniyle oy kayb\u0131 korkusu. Bu s\u00fcrecin d\u00fcnyan\u0131n her taraf\u0131ndaki Ermeniler i\u00e7in b\u00fcy\u00fck soru i\u015faretleri anlam\u0131na geldi\u011fini ifade eden Rober Kopta\u015f&#8217;a g\u00f6re \u201cGer\u00e7ekten samimi bir ge\u00e7mi\u015fle hesapla\u015fma, y\u00fczle\u015fme, bir tarihe, bir k\u00fclt\u00fcre, bir k\u00fclt\u00fcrel mirasa sahip \u00e7\u0131kma, onu bug\u00fcnlere kazand\u0131rma, Ermenilerle bar\u0131\u015fma, diyalog kurmaya dair bir niyetiniz varsa bu \u015feklinde davranmaman\u0131z gerekirdi.\u201d<\/p>\n<p style=\"text-align: justify\">Kendisinin yine de ibadet esnas\u0131nda Ahtamar Kilisesi&#8217;nde bulunaca\u011f\u0131n\u0131 belirten Kopta\u015f, \u201cBen \u00e7ok dindar bir insan da de\u011filim. Ama yine de 100 y\u0131ld\u0131r sahipsiz kalm\u0131\u015f bir kilisede ilk defa bir dini ayinin yap\u0131lacak olmas\u0131, Ermeni adetlerine g\u00f6re bir ayin yap\u0131lacak olmas\u0131, bana sanki ge\u00e7mi\u015f elimizden bir s\u00fcr\u00fc \u015feyi alm\u0131\u015f g\u00f6t\u00fcrm\u00fc\u015f olsa da bug\u00fcn hala bizim yapacak bir \u015feylerimiz var umudunu veriyor. Dolay\u0131s\u0131yla ben oraya bir Ermeni olarak, T\u00fcrkiye&#8217;de do\u011fmu\u015f bir Ermeni olarak o ge\u00e7mi\u015fle bir ba\u011f kurmak \u00fczere gitmek istiyorum\u201d dedi.<\/p>\n<p style=\"text-align: justify\"><strong>&#8216;CHP ve AKP resmi ideolojinin \u015fekillendirdi\u011fi hareketler&#8217;<\/strong><strong> <\/strong><\/p>\n<p style=\"text-align: justify\">Kopta\u015f&#8217;\u0131n tepki g\u00f6sterdi\u011fi bir \u015fey daha var. O da, S\u00fcryani K\u00fclt\u00fcr Derne\u011fi Ba\u015fkan\u0131 Yuhanna Akta\u015f gibi CHP ile AKP&#8217;ye &#8216;rahibe k\u0131yafet&#8217; tart\u0131\u015fmas\u0131 nedeniyle tepkili.<\/p>\n<p style=\"text-align: justify\">Pop\u00fclist bir seyir i\u00e7indeki tart\u0131\u015fman\u0131n gayrim\u00fcslimlere hakarete vard\u0131\u011f\u0131n\u0131 belirten Kopta\u015f, resmi ideolojinin toplumun her kesimini etkilemi\u015f oldu\u011funu s\u00f6yledi. Herkesin Milli E\u011fitim&#8217;in s\u0131ralardan ge\u00e7erek \u201ce\u011fitildi\u011fini\u201d kaydeden Kopta\u015f, \u201cE\u011fitim almayanlar asker oca\u011f\u0131 denilen o yerde \u2018e\u011fitildiler\u2019 bir \u015fekilde. Milliyet\u00e7i, militarist, devlet\u00e7i bir zihniyet b\u00fct\u00fcn T\u00fcrkiye&#8217;nin her kesiminde, her co\u011frafyas\u0131ndaki her b\u00f6lgede hakim oldu. \u0130nsanlar\u0131n d\u00fc\u015f\u00fcncesi bunun d\u0131\u015f\u0131na \u00e7\u0131kmakta zorlan\u0131yor\u201d dedi.<\/p>\n<p style=\"text-align: justify\">CHP ve AKP&#8217;nin resmi ideolojinin \u015fekillendirdi\u011fi hareketler oldu\u011funu s\u00f6yleyen Kopta\u015f, CHP&#8217;ye bak\u0131ld\u0131\u011f\u0131nda eskiden devlet gelene\u011fine sahip, ama bug\u00fcn yalpalayan ve nas\u0131l yapar\u0131m da oy toplar\u0131m derdine d\u00fc\u015fm\u00fc\u015f bir parti oldu\u011funu belirtti. CHP&#8217;nin kah \u00e7ar\u015faf a\u00e7\u0131l\u0131m\u0131 yapt\u0131\u011f\u0131n\u0131, kah rahibe k\u0131yafetini ba\u015f \u00f6rt\u00fcs\u00fcne benzeterek ne yapaca\u011f\u0131n\u0131 kendisinin de bilmedi\u011fini savunan Kopta\u015f, CHP&#8217;nin sorunlar\u0131 \u00e7\u00f6zme y\u00f6n\u00fcnde ger\u00e7ekten bir arzular\u0131 olmad\u0131\u011f\u0131n\u0131 belirtti.<\/p>\n<p style=\"text-align: justify\"><strong>&#8216;AKP demokratik d\u00fc\u015f\u00fcnceyi i\u00e7selle\u015ftirmemi\u015f&#8217;<\/strong><strong> <\/strong><\/p>\n<p style=\"text-align: justify\">Kopta\u015f&#8217;\u0131n AKP&#8217;ye ili\u015fkin ele\u015ftirisi ise \u015f\u00f6yle: \u201cMilli ideolojinin, o milleti y\u00fcceltmenin, o militarist d\u00fc\u015f\u00fcncenin, o milliyet\u00e7i d\u00fc\u015f\u00fcncenin kal\u0131plar\u0131n\u0131 k\u0131rmakta zorlan\u0131yorlar. Yani ger\u00e7ek anlamda demokratik d\u00fc\u015f\u00fcnceyi i\u00e7selle\u015ftirmi\u015f olsalar, ba\u015fbakan bug\u00fcn \u00e7\u0131k\u0131p o ba\u015f \u00f6rt\u00fcs\u00fc k\u0131yafeti, ba\u015f \u00f6rt\u00fcs\u00fcn\u00fc rahibe k\u0131yafetine benzeten afi\u015fe kar\u015f\u0131 ger\u00e7ekten demokratik ve ger\u00e7ekten kimseyi incitmeyecek a\u00e7\u0131klama yapard\u0131. Ama o bunu K\u0131l\u0131\u00e7daro\u011flu&#8217;nun aleyhine kullanmay\u0131 tercih etti. Sanki Hristiyanlar, rahibeler bu durumdan incinmezmi\u015f gibi sadece ba\u015f \u00f6rt\u00fcs\u00fc takanlar\u0131n hakk\u0131n\u0131 savunmay\u0131 tercih etti.\u201d<\/p>\n<p style=\"text-align: justify\">Ger\u00e7ek demokrat duru\u015fun &#8220;Sizin bu yapt\u0131\u011f\u0131n\u0131z hem M\u00fcsl\u00fcmanlara hem de Hristiyanlara hakarettir, dolay\u0131s\u0131yla do\u011fru de\u011fildir&#8221; demek oldu\u011funu belirten Kopta\u015f, Erdo\u011fan&#8217;\u0131n bunu tek taraftan g\u00f6rmeyi tercih etti\u011fini s\u00f6yledi. \u201cE\u011fer bu de\u011fi\u015fimi ger\u00e7ekten demokrasi, ger\u00e7ekten insan haklar\u0131, \u00f6zg\u00fcrl\u00fck temeline oturtabilirse o hareket var olabilecektir ileride. Ama e\u011fer bunlar\u0131 yapamazsa toplumsal de\u011fi\u015fim, toplumsal dinamikler AKP&#8217;yi de a\u015facakt\u0131r ve kendi ba\u015fka dinamiklerini yaratacakt\u0131r\u201d \u015feklinde konu\u015fan Kopta\u015f, T\u00fcrkiye&#8217;de ya\u015fanan bir\u00e7ok \u015feyi bu form\u00fclle, bu dinamiklerle \u015fekillenece\u011fini ifade etti.<\/p>\n<p style=\"text-align: justify\">S\u00fcryani K\u00fclt\u00fcr Derne\u011fi Ba\u015fkan\u0131 Yuhanna Akta\u015f, rahibe k\u0131yafetinin H\u0131ristiyanl\u0131k i\u00e7in \u00f6nemli bir de\u011fer oldu\u011funu belirterek, Ba\u015fbakan Recep Tayyip Erdo\u011fan ve CHP Genel Ba\u015fkan\u0131 Kemal K\u0131l\u0131\u00e7daro\u011flu\u2019nu \u00fclkede ya\u015fayan H\u0131ristanyanlardan \u00f6z\u00fcr dileyeme \u00e7a\u011f\u0131rm\u0131\u015ft\u0131.<\/p>\n<p style=\"text-align: justify\"><strong>A\u0130HM karar\u0131 buruk bir sevin\u00e7 yaratt\u0131<\/strong><strong> <\/strong><\/p>\n<p style=\"text-align: justify\">Hrant Dink&#8217;in \u00e7al\u0131\u015fma arkada\u015f\u0131 Rober Kopta\u015f&#8217;a en son Hrant Dink davas\u0131nda T\u00fcrkiye&#8217;nin yapt\u0131\u011f\u0131 savunmay\u0131 ve mahkumiyeti soruyoruz. Bas\u0131na s\u0131zan 14 Eyl\u00fcl&#8217;de a\u00e7\u0131klayacak A\u0130HM karar\u0131n\u0131n Hrant&#8217;\u0131n \u00e7al\u0131\u015fma arkada\u015flar\u0131 olarak kendilerinde buruk bir sevin\u00e7 yaratt\u0131\u011f\u0131n\u0131 belirten Kopta\u015f, sevinme sebeplerini Hrant&#8217;\u0131n A\u0130HM&#8217;e giderken \u00e7ok umutlu olmas\u0131 oldu\u011funu kaydetti ve ekledi:<\/p>\n<p style=\"text-align: justify\">\u201cHrant Dink, T\u00fcrkl\u00fc\u011f\u00fc a\u015fa\u011f\u0131lamak su\u00e7lamas\u0131ndan ceza ald\u0131ktan sonra bunu kendi \u015fahs\u0131na, kendi varolu\u015funa, kendi d\u00fcnya g\u00f6r\u00fc\u015f\u00fcne b\u00fcy\u00fck bir hakaret sayd\u0131. Ve birlikte ya\u015fad\u0131\u011f\u0131 insanlara T\u00fcrklere, T\u00fcrkiyelilere hakaret etmeyece\u011fini, asla bunun kendi d\u00fcnya g\u00f6r\u00fc\u015f\u00fc a\u00e7\u0131s\u0131ndan kabul edilemez oldu\u011funu, bunun \u0131rk\u00e7\u0131l\u0131k oldu\u011funu ve bu su\u00e7u asla i\u015flemeyece\u011fini y\u00fcksek sesle hayk\u0131rd\u0131. Ama yine de bu cezay\u0131 verdiler ona. O da bunun ruhsal a\u011f\u0131rl\u0131\u011f\u0131n\u0131 \u00fczerinden ta\u015f\u0131d\u0131. Sadece ruhsal a\u011f\u0131rl\u0131\u011f\u0131n\u0131 da \u00fczerinde ta\u015f\u0131mad\u0131, bu karar onu bu \u00fclkede bir hedef haline getirdi ve neticede \u00f6l\u00fcm\u00fcne giden yollar\u0131 d\u00f6\u015fedi. Dolay\u0131s\u0131yla A\u0130HM&#8217;de aklanmay\u0131, A\u0130HM&#8217;de kendisine verilen cezan\u0131n haks\u0131z oldu\u011funu ispatlamay\u0131 \u00e7ok \u00f6nemsiyordu.\u201d<\/p>\n<p style=\"text-align: justify\"><strong>&#8216;Bu bir utan\u00e7 savunmas\u0131&#8217;<\/strong><strong> <\/strong><\/p>\n<p style=\"text-align: justify\">Hrant&#8217;\u0131n bu sayede tekrar o kastetti\u011fi \u0131rk\u00e7\u0131l\u0131k su\u00e7unu i\u015flemedi\u011fini ispatlayarak, T\u00fcrkiye&#8217;de aln\u0131 a\u00e7\u0131k ya\u015famaya devam etmi\u015f olaca\u011f\u0131n\u0131 s\u00f6yleyen Kopta\u015f, adaletin eninde sonunda yerini buldu\u011funu ifade etti. Kopta\u015f, bu kararla Hrant Dink&#8217;in arzusunun yerine geldi\u011fine sevindiklerini dile getirdi. H\u00fck\u00fcmet&#8217;in A\u0130HM&#8217;de yap\u0131lan savunmadan dolay\u0131 utanc\u0131n alt\u0131nda ezildi\u011fi i\u00e7in baz\u0131 ad\u0131mlar atmak zorunda kald\u0131\u011f\u0131n\u0131 belirten Kopta\u015f, bu durumun T\u00fcrkiye&#8217;de ya\u015fayan Ermeniler a\u00e7\u0131s\u0131ndan da bir utan\u00e7 savunmas\u0131 oldu\u011funu ifade etti.<\/p>\n<p style=\"text-align: justify\">Dink davas\u0131na kar\u015f\u0131 bu tutumu, on y\u0131llard\u0131r s\u00fcren resmi ideolojinin bir devam\u0131 olarak g\u00f6rd\u00fcklerini belirten Kopta\u015f, gayrim\u00fcslimleri, az\u0131nl\u0131klar\u0131, T\u00fcrk olmayanlar\u0131 genelde 2 s\u0131n\u0131f vatanda\u015f olarak g\u00f6ren, ger\u00e7ek yurtta\u015f olarak g\u00f6rmeyen zihniyetin yapaca\u011f\u0131n\u0131n bundan ziyade olmayaca\u011f\u0131n\u0131 s\u00f6yledi. \u201cDavan\u0131n bu \u015fekilde sonu\u00e7lan\u0131yor olmas\u0131n\u0131n bizim a\u00e7\u0131m\u0131zdan \u015f\u00f6yle de bir anlam\u0131 var: Biz eninde sonunda gazete olarak, Agos olarak t\u0131pk\u0131 Hrant Dink gibi bu \u00fclkenin demokratikle\u015fmesini istiyoruz. Bu bizim i\u00e7in \u00e7ok \u00f6ncelikli bir mesele. \u00c7\u00fcnk\u00fc bu \u00fclkede \u00f6zg\u00fcrce ya\u015famak istiyoruz, e\u015fit vatanda\u015flar ya\u015famak istiyoruz\u201d \u015feklinde konu\u015fan Kopta\u015f, bu davadan \u00e7\u0131kan mahkumiyet sadece Hrant Dink a\u00e7\u0131s\u0131ndan de\u011fil, T\u00fcrkiye&#8217;nin b\u00fct\u00fcn ifade \u00f6zg\u00fcrl\u00fc\u011f\u00fc ma\u011fdurlar\u0131 i\u00e7in de anlaml\u0131 oldu\u011funu dile getirdi.<\/p>\n<p style=\"text-align: justify\"><strong>&#8216;6-7 Eyl\u00fcl&#8217;den sonra \u00e7ok bir \u015fey de\u011fi\u015fmedi&#8217;<\/strong><strong> <\/strong><\/p>\n<p style=\"text-align: justify\">\u201cT\u00fcrkiye Cumhuriyeti kurulu\u015fundan beri gayrim\u00fcslimleri kendinden saymad\u0131, kendi vatanda\u015f\u0131 saymad\u0131, e\u015fit vatanda\u015f\u0131 saymad\u0131. Ne mutlu T\u00fcrk\u00fcm s\u00f6z\u00fcn\u00fcn b\u00fct\u00fcn T\u00fcrkiye yurtta\u015flar\u0131n\u0131 kapsad\u0131\u011f\u0131 bir safsata. Burada \u00e7ok bariz bir etnik vurgu var. O etnik vurgunun d\u0131\u015f\u0131nda kalan hi\u00e7bir grup ger\u00e7ek vatanda\u015f say\u0131lmad\u0131, gayrim\u00fcslimler 2 kere \u00f6telendi. Hep yabanc\u0131 olarak g\u00f6r\u00fcld\u00fc, hep rehin olarak g\u00f6r\u00fcld\u00fc\u201d diye konu\u015fan Kopta\u015f, 6-7 Eyl\u00fcl olaylar\u0131n\u0131n da bu rehin zihniyetinin bir sonucu oldu\u011funu kaydetti.<\/p>\n<p style=\"text-align: justify\">Generallerden birinin o zaman 6-7 Eyl\u00fcl&#8217;\u00fcn muhte\u015fem bir \u00f6zel harp \u00f6rg\u00fctlenmesi olarak nitelendirip, \u201cba\u015far\u0131ya da ula\u015ft\u0131\u201d dedi\u011fini hat\u0131rlatan Kopta\u015f, \u201cBa\u015far\u0131ya ula\u015ft\u0131 dedi\u011fi \u015fey T\u00fcrkiye&#8217;yi, \u0130stanbul&#8217;u T\u00fcrkle\u015ftirmek. \u0130\u015fte gayrim\u00fcslimleri bu memleketten kovmak, onlara korku salmak, onlar\u0131 hep diken \u00fcst\u00fcnde tutmak gibi bir resmi ideolojinin tezah\u00fcr\u00fc, d\u0131\u015fa vurumu. Hrant Dink olay\u0131 belki bunlar\u0131n sonuncusu ve savunma dedi\u011fim gibi bu zihniyetin savunmas\u0131. Dolay\u0131s\u0131yla \u00e7ok ta bir \u015fey de\u011fi\u015fmemi\u015f hissiyat\u0131 veriyor\u201d dedi.<\/p>\n<p style=\"text-align: justify\">\u00a0<strong><em>Yusuf \u00c7obano\u011flu<\/em><\/strong><\/p>\n<p style=\"text-align: justify\"><strong><em>ETHA<\/em><\/strong><\/p>\n<p style=\"text-align: justify\"><strong><em>09.09.2010<\/em><\/strong><\/p>\n<p style=\"text-align: justify\"><a href=\"http:\/\/www.atilim.org\/haberler\/2010\/09\/09\/CHP_ve_AKP_gayrimuslimlere_hakaret_ediyor.html\"><strong><em>http:\/\/www.atilim.org\/haberler\/2010\/09\/09\/CHP_ve_AKP_gayrimuslimlere_hakaret_ediyor.html<\/em><\/strong><\/a><strong><em> <\/em><\/strong><\/p>\n","protected":false},"excerpt":{"rendered":"<p>\u00a0Hrant Dink&#8217;in \u00e7al\u0131\u015fma arkada\u015f\u0131 Rober Kopta\u015f, Ahtamar &#8216;jesti&#8217;nde ha\u00e7 krizini ve T\u00fcrkiye&#8217;nin A\u0130HM savunmas\u0131n\u0131 ETHA&#8217;ya de\u011ferlendirdi. Kopta\u015f&#8217;a g\u00f6re Ahtamar\u2019da s\u00fcrecin ba\u015f\u0131ndan beri ya\u015fananlar jest de\u011fil riyakarl\u0131k. Kopta\u015f, ETHA&#8217;ya &#8216;rahibe k\u0131yafet&#8217;i tart\u0131\u015fmas\u0131n\u0131 da yorumlad\u0131, \u201cCHP ve AKP gayrim\u00fcslimlere hakaret ediyorlar\u201d dedi. Van\u2019\u0131n Geva\u015f il\u00e7esi bulunan 1100 y\u0131ll\u0131k Ahtamar Kilisesi (Surp Ha\u00e7 Kilisesi) 1915\u2019ten sonra ilk dini [&hellip;]<\/p>\n","protected":false},"author":3,"featured_media":0,"comment_status":"closed","ping_status":"open","sticky":false,"template":"","format":"standard","meta":{"footnotes":""},"categories":[6,12,14,15],"tags":[],"class_list":["post-1916","post","type-post","status-publish","format-standard","hentry","category-ermeni-soykirimi","category-gunumuzde-bati-ermenileri","category-haberler","category-haklarimiz"],"yoast_head":"<!-- This site is optimized with the Yoast SEO plugin v26.6 - https:\/\/yoast.com\/wordpress\/plugins\/seo\/ -->\n<title>CHP ve AKP gayrim\u00fcslimlere hakaret ediyor - Bati Ermenistan Ve Bati Ermenileri Sorunlari Ara\u015ftirmalar Merkezi<\/title>\n<meta name=\"robots\" content=\"index, follow, max-snippet:-1, max-image-preview:large, max-video-preview:-1\" \/>\n<link rel=\"canonical\" href=\"https:\/\/akunq.net\/turkish\/2010\/09\/11\/chp-ve-akp-gayrimuslimlere-hakaret-ediyor\/\" \/>\n<meta property=\"og:locale\" content=\"en_US\" \/>\n<meta property=\"og:type\" content=\"article\" \/>\n<meta property=\"og:title\" content=\"CHP ve AKP gayrim\u00fcslimlere hakaret ediyor - Bati Ermenistan Ve Bati Ermenileri Sorunlari Ara\u015ftirmalar Merkezi\" \/>\n<meta property=\"og:description\" content=\"\u00a0Hrant Dink&#8217;in \u00e7al\u0131\u015fma arkada\u015f\u0131 Rober Kopta\u015f, Ahtamar &#8216;jesti&#8217;nde ha\u00e7 krizini ve T\u00fcrkiye&#8217;nin A\u0130HM savunmas\u0131n\u0131 ETHA&#8217;ya de\u011ferlendirdi. Kopta\u015f&#8217;a g\u00f6re Ahtamar\u2019da s\u00fcrecin ba\u015f\u0131ndan beri ya\u015fananlar jest de\u011fil riyakarl\u0131k. Kopta\u015f, ETHA&#8217;ya &#8216;rahibe k\u0131yafet&#8217;i tart\u0131\u015fmas\u0131n\u0131 da yorumlad\u0131, \u201cCHP ve AKP gayrim\u00fcslimlere hakaret ediyorlar\u201d dedi. Van\u2019\u0131n Geva\u015f il\u00e7esi bulunan 1100 y\u0131ll\u0131k Ahtamar Kilisesi (Surp Ha\u00e7 Kilisesi) 1915\u2019ten sonra ilk dini [&hellip;]\" \/>\n<meta property=\"og:url\" content=\"https:\/\/akunq.net\/turkish\/2010\/09\/11\/chp-ve-akp-gayrimuslimlere-hakaret-ediyor\/\" \/>\n<meta property=\"og:site_name\" content=\"Bati Ermenistan Ve Bati Ermenileri Sorunlari Ara\u015ftirmalar Merkezi\" \/>\n<meta property=\"article:published_time\" content=\"2010-09-11T10:07:11+00:00\" \/>\n<meta property=\"og:image\" content=\"https:\/\/akunq.net\/turkish\/wp-content\/uploads\/sites\/5\/2010\/09\/CHP_ve_AKP_gayrimuslimlere_hakaret_ediyor_20100909_120431.jpg\" \/>\n\t<meta property=\"og:image:width\" content=\"400\" \/>\n\t<meta property=\"og:image:height\" content=\"259\" \/>\n\t<meta property=\"og:image:type\" content=\"image\/jpeg\" \/>\n<meta name=\"author\" content=\"kalem\" \/>\n<meta name=\"twitter:card\" content=\"summary_large_image\" \/>\n<meta name=\"twitter:label1\" content=\"Written by\" \/>\n\t<meta name=\"twitter:data1\" content=\"kalem\" \/>\n\t<meta name=\"twitter:label2\" content=\"Est. reading time\" \/>\n\t<meta name=\"twitter:data2\" content=\"11 minutes\" \/>\n<script type=\"application\/ld+json\" class=\"yoast-schema-graph\">{\"@context\":\"https:\/\/schema.org\",\"@graph\":[{\"@type\":\"WebPage\",\"@id\":\"https:\/\/akunq.net\/turkish\/2010\/09\/11\/chp-ve-akp-gayrimuslimlere-hakaret-ediyor\/\",\"url\":\"https:\/\/akunq.net\/turkish\/2010\/09\/11\/chp-ve-akp-gayrimuslimlere-hakaret-ediyor\/\",\"name\":\"CHP ve AKP gayrim\u00fcslimlere hakaret ediyor - Bati Ermenistan Ve Bati Ermenileri Sorunlari Ara\u015ftirmalar Merkezi\",\"isPartOf\":{\"@id\":\"https:\/\/akunq.net\/turkish\/#website\"},\"primaryImageOfPage\":{\"@id\":\"https:\/\/akunq.net\/turkish\/2010\/09\/11\/chp-ve-akp-gayrimuslimlere-hakaret-ediyor\/#primaryimage\"},\"image\":{\"@id\":\"https:\/\/akunq.net\/turkish\/2010\/09\/11\/chp-ve-akp-gayrimuslimlere-hakaret-ediyor\/#primaryimage\"},\"thumbnailUrl\":\"http:\/\/akunq.net\/tr\/wp-content\/uploads\/2010\/09\/CHP_ve_AKP_gayrimuslimlere_hakaret_ediyor_20100909_120431.jpg\",\"datePublished\":\"2010-09-11T10:07:11+00:00\",\"author\":{\"@id\":\"https:\/\/akunq.net\/turkish\/#\/schema\/person\/135e7923d1aeb8887890799619969a6c\"},\"breadcrumb\":{\"@id\":\"https:\/\/akunq.net\/turkish\/2010\/09\/11\/chp-ve-akp-gayrimuslimlere-hakaret-ediyor\/#breadcrumb\"},\"inLanguage\":\"en-US\",\"potentialAction\":[{\"@type\":\"ReadAction\",\"target\":[\"https:\/\/akunq.net\/turkish\/2010\/09\/11\/chp-ve-akp-gayrimuslimlere-hakaret-ediyor\/\"]}]},{\"@type\":\"ImageObject\",\"inLanguage\":\"en-US\",\"@id\":\"https:\/\/akunq.net\/turkish\/2010\/09\/11\/chp-ve-akp-gayrimuslimlere-hakaret-ediyor\/#primaryimage\",\"url\":\"http:\/\/akunq.net\/tr\/wp-content\/uploads\/2010\/09\/CHP_ve_AKP_gayrimuslimlere_hakaret_ediyor_20100909_120431.jpg\",\"contentUrl\":\"http:\/\/akunq.net\/tr\/wp-content\/uploads\/2010\/09\/CHP_ve_AKP_gayrimuslimlere_hakaret_ediyor_20100909_120431.jpg\"},{\"@type\":\"BreadcrumbList\",\"@id\":\"https:\/\/akunq.net\/turkish\/2010\/09\/11\/chp-ve-akp-gayrimuslimlere-hakaret-ediyor\/#breadcrumb\",\"itemListElement\":[{\"@type\":\"ListItem\",\"position\":1,\"name\":\"Home\",\"item\":\"https:\/\/akunq.net\/turkish\/\"},{\"@type\":\"ListItem\",\"position\":2,\"name\":\"CHP ve AKP gayrim\u00fcslimlere hakaret ediyor\"}]},{\"@type\":\"WebSite\",\"@id\":\"https:\/\/akunq.net\/turkish\/#website\",\"url\":\"https:\/\/akunq.net\/turkish\/\",\"name\":\"Bati Ermenistan Ve Bati Ermenileri Sorunlari Ara\u015ftirmalar Merkezi\",\"description\":\"\",\"potentialAction\":[{\"@type\":\"SearchAction\",\"target\":{\"@type\":\"EntryPoint\",\"urlTemplate\":\"https:\/\/akunq.net\/turkish\/?s={search_term_string}\"},\"query-input\":{\"@type\":\"PropertyValueSpecification\",\"valueRequired\":true,\"valueName\":\"search_term_string\"}}],\"inLanguage\":\"en-US\"},{\"@type\":\"Person\",\"@id\":\"https:\/\/akunq.net\/turkish\/#\/schema\/person\/135e7923d1aeb8887890799619969a6c\",\"name\":\"kalem\",\"image\":{\"@type\":\"ImageObject\",\"inLanguage\":\"en-US\",\"@id\":\"https:\/\/akunq.net\/turkish\/#\/schema\/person\/image\/\",\"url\":\"https:\/\/secure.gravatar.com\/avatar\/a06875e4b25feb5674296adf8e8a7ae1e587cebce2493fe63c456109967e27d3?s=96&d=mm&r=g\",\"contentUrl\":\"https:\/\/secure.gravatar.com\/avatar\/a06875e4b25feb5674296adf8e8a7ae1e587cebce2493fe63c456109967e27d3?s=96&d=mm&r=g\",\"caption\":\"kalem\"},\"url\":\"https:\/\/akunq.net\/turkish\/author\/kalem\/\"}]}<\/script>\n<!-- \/ Yoast SEO plugin. -->","yoast_head_json":{"title":"CHP ve AKP gayrim\u00fcslimlere hakaret ediyor - Bati Ermenistan Ve Bati Ermenileri Sorunlari Ara\u015ftirmalar Merkezi","robots":{"index":"index","follow":"follow","max-snippet":"max-snippet:-1","max-image-preview":"max-image-preview:large","max-video-preview":"max-video-preview:-1"},"canonical":"https:\/\/akunq.net\/turkish\/2010\/09\/11\/chp-ve-akp-gayrimuslimlere-hakaret-ediyor\/","og_locale":"en_US","og_type":"article","og_title":"CHP ve AKP gayrim\u00fcslimlere hakaret ediyor - Bati Ermenistan Ve Bati Ermenileri Sorunlari Ara\u015ftirmalar Merkezi","og_description":"\u00a0Hrant Dink&#8217;in \u00e7al\u0131\u015fma arkada\u015f\u0131 Rober Kopta\u015f, Ahtamar &#8216;jesti&#8217;nde ha\u00e7 krizini ve T\u00fcrkiye&#8217;nin A\u0130HM savunmas\u0131n\u0131 ETHA&#8217;ya de\u011ferlendirdi. Kopta\u015f&#8217;a g\u00f6re Ahtamar\u2019da s\u00fcrecin ba\u015f\u0131ndan beri ya\u015fananlar jest de\u011fil riyakarl\u0131k. Kopta\u015f, ETHA&#8217;ya &#8216;rahibe k\u0131yafet&#8217;i tart\u0131\u015fmas\u0131n\u0131 da yorumlad\u0131, \u201cCHP ve AKP gayrim\u00fcslimlere hakaret ediyorlar\u201d dedi. Van\u2019\u0131n Geva\u015f il\u00e7esi bulunan 1100 y\u0131ll\u0131k Ahtamar Kilisesi (Surp Ha\u00e7 Kilisesi) 1915\u2019ten sonra ilk dini [&hellip;]","og_url":"https:\/\/akunq.net\/turkish\/2010\/09\/11\/chp-ve-akp-gayrimuslimlere-hakaret-ediyor\/","og_site_name":"Bati Ermenistan Ve Bati Ermenileri Sorunlari Ara\u015ftirmalar Merkezi","article_published_time":"2010-09-11T10:07:11+00:00","og_image":[{"width":400,"height":259,"url":"https:\/\/akunq.net\/turkish\/wp-content\/uploads\/sites\/5\/2010\/09\/CHP_ve_AKP_gayrimuslimlere_hakaret_ediyor_20100909_120431.jpg","type":"image\/jpeg"}],"author":"kalem","twitter_card":"summary_large_image","twitter_misc":{"Written by":"kalem","Est. reading time":"11 minutes"},"schema":{"@context":"https:\/\/schema.org","@graph":[{"@type":"WebPage","@id":"https:\/\/akunq.net\/turkish\/2010\/09\/11\/chp-ve-akp-gayrimuslimlere-hakaret-ediyor\/","url":"https:\/\/akunq.net\/turkish\/2010\/09\/11\/chp-ve-akp-gayrimuslimlere-hakaret-ediyor\/","name":"CHP ve AKP gayrim\u00fcslimlere hakaret ediyor - Bati Ermenistan Ve Bati Ermenileri Sorunlari Ara\u015ftirmalar Merkezi","isPartOf":{"@id":"https:\/\/akunq.net\/turkish\/#website"},"primaryImageOfPage":{"@id":"https:\/\/akunq.net\/turkish\/2010\/09\/11\/chp-ve-akp-gayrimuslimlere-hakaret-ediyor\/#primaryimage"},"image":{"@id":"https:\/\/akunq.net\/turkish\/2010\/09\/11\/chp-ve-akp-gayrimuslimlere-hakaret-ediyor\/#primaryimage"},"thumbnailUrl":"http:\/\/akunq.net\/tr\/wp-content\/uploads\/2010\/09\/CHP_ve_AKP_gayrimuslimlere_hakaret_ediyor_20100909_120431.jpg","datePublished":"2010-09-11T10:07:11+00:00","author":{"@id":"https:\/\/akunq.net\/turkish\/#\/schema\/person\/135e7923d1aeb8887890799619969a6c"},"breadcrumb":{"@id":"https:\/\/akunq.net\/turkish\/2010\/09\/11\/chp-ve-akp-gayrimuslimlere-hakaret-ediyor\/#breadcrumb"},"inLanguage":"en-US","potentialAction":[{"@type":"ReadAction","target":["https:\/\/akunq.net\/turkish\/2010\/09\/11\/chp-ve-akp-gayrimuslimlere-hakaret-ediyor\/"]}]},{"@type":"ImageObject","inLanguage":"en-US","@id":"https:\/\/akunq.net\/turkish\/2010\/09\/11\/chp-ve-akp-gayrimuslimlere-hakaret-ediyor\/#primaryimage","url":"http:\/\/akunq.net\/tr\/wp-content\/uploads\/2010\/09\/CHP_ve_AKP_gayrimuslimlere_hakaret_ediyor_20100909_120431.jpg","contentUrl":"http:\/\/akunq.net\/tr\/wp-content\/uploads\/2010\/09\/CHP_ve_AKP_gayrimuslimlere_hakaret_ediyor_20100909_120431.jpg"},{"@type":"BreadcrumbList","@id":"https:\/\/akunq.net\/turkish\/2010\/09\/11\/chp-ve-akp-gayrimuslimlere-hakaret-ediyor\/#breadcrumb","itemListElement":[{"@type":"ListItem","position":1,"name":"Home","item":"https:\/\/akunq.net\/turkish\/"},{"@type":"ListItem","position":2,"name":"CHP ve AKP gayrim\u00fcslimlere hakaret ediyor"}]},{"@type":"WebSite","@id":"https:\/\/akunq.net\/turkish\/#website","url":"https:\/\/akunq.net\/turkish\/","name":"Bati Ermenistan Ve Bati Ermenileri Sorunlari Ara\u015ftirmalar Merkezi","description":"","potentialAction":[{"@type":"SearchAction","target":{"@type":"EntryPoint","urlTemplate":"https:\/\/akunq.net\/turkish\/?s={search_term_string}"},"query-input":{"@type":"PropertyValueSpecification","valueRequired":true,"valueName":"search_term_string"}}],"inLanguage":"en-US"},{"@type":"Person","@id":"https:\/\/akunq.net\/turkish\/#\/schema\/person\/135e7923d1aeb8887890799619969a6c","name":"kalem","image":{"@type":"ImageObject","inLanguage":"en-US","@id":"https:\/\/akunq.net\/turkish\/#\/schema\/person\/image\/","url":"https:\/\/secure.gravatar.com\/avatar\/a06875e4b25feb5674296adf8e8a7ae1e587cebce2493fe63c456109967e27d3?s=96&d=mm&r=g","contentUrl":"https:\/\/secure.gravatar.com\/avatar\/a06875e4b25feb5674296adf8e8a7ae1e587cebce2493fe63c456109967e27d3?s=96&d=mm&r=g","caption":"kalem"},"url":"https:\/\/akunq.net\/turkish\/author\/kalem\/"}]}},"_links":{"self":[{"href":"https:\/\/akunq.net\/turkish\/wp-json\/wp\/v2\/posts\/1916","targetHints":{"allow":["GET"]}}],"collection":[{"href":"https:\/\/akunq.net\/turkish\/wp-json\/wp\/v2\/posts"}],"about":[{"href":"https:\/\/akunq.net\/turkish\/wp-json\/wp\/v2\/types\/post"}],"author":[{"embeddable":true,"href":"https:\/\/akunq.net\/turkish\/wp-json\/wp\/v2\/users\/3"}],"replies":[{"embeddable":true,"href":"https:\/\/akunq.net\/turkish\/wp-json\/wp\/v2\/comments?post=1916"}],"version-history":[{"count":0,"href":"https:\/\/akunq.net\/turkish\/wp-json\/wp\/v2\/posts\/1916\/revisions"}],"wp:attachment":[{"href":"https:\/\/akunq.net\/turkish\/wp-json\/wp\/v2\/media?parent=1916"}],"wp:term":[{"taxonomy":"category","embeddable":true,"href":"https:\/\/akunq.net\/turkish\/wp-json\/wp\/v2\/categories?post=1916"},{"taxonomy":"post_tag","embeddable":true,"href":"https:\/\/akunq.net\/turkish\/wp-json\/wp\/v2\/tags?post=1916"}],"curies":[{"name":"wp","href":"https:\/\/api.w.org\/{rel}","templated":true}]}}