{"id":1908,"date":"2010-09-10T05:13:23","date_gmt":"2010-09-10T10:13:23","guid":{"rendered":"http:\/\/akunq.net\/tr\/?p=1908"},"modified":"2010-09-10T05:13:23","modified_gmt":"2010-09-10T10:13:23","slug":"kinaliadaya-hrant-dink-parki","status":"publish","type":"post","link":"https:\/\/akunq.net\/turkish\/2010\/09\/10\/kinaliadaya-hrant-dink-parki\/","title":{"rendered":"K\u0131nal\u0131ada\u2019ya Hrant Dink park\u0131"},"content":{"rendered":"<p style=\"text-align: justify\"><strong><em>CHP&#8217;li Adalar Belediye Ba\u015fkan\u0131 Farsako\u011flu&#8217;nun giri\u015fimiyle K\u0131nal\u0131ada&#8217;daki bir \u00e7ocuk park\u0131na &#8216;Gazeteci Hrant Dink \u00c7ocuk Park\u0131&#8217; ad\u0131 verildi.<\/em><\/strong><\/p>\n<p style=\"text-align: justify\">CHP\u2019li Adalar Belediyesi, AK Partili meclis \u00fcyelerini de katk\u0131s\u0131yla, \u00f6ld\u00fcr\u00fclen AGOS Gazetesi Genel Yay\u0131n Y\u00f6netmeni Hrant Dink\u2019in evinin oldu\u011fu K\u0131nal\u0131ada\u2019daki isimsiz \u00e7ocuk park\u0131na \u2018Gazeteci Hrant Dink \u00c7ocuk Park\u0131\u2019 ad\u0131n\u0131 verdi.<\/p>\n<p style=\"text-align: justify\">\u00a0Radikal gazetesinin haberine g\u00f6re \u00e7ocuk park\u0131, yar\u0131n hizmete a\u00e7\u0131l\u0131yor. B\u00f6ylece Hrant Dink\u2019in ad\u0131, ilk kez bir belediye taraf\u0131ndan bir alana verilmi\u015f oldu.<\/p>\n<p style=\"text-align: justify\">Kendisi de bir K\u0131nal\u0131ada sakini olan Dink\u2019in ad\u0131n\u0131n bir soka\u011fa ya da mahalleye verilmesi fikri, Adalar\u2019\u0131n CHP\u2019li Belediye Ba\u015fkan\u0131 Mustafa Farsako\u011flu\u2019ndan \u00e7\u0131kt\u0131. Farsako\u011flu, belediye meclisine \u00f6nerge vererek, d\u00fc\u015f\u00fcncesini \u00fcyelere a\u00e7t\u0131. T\u00fcm isim de\u011fi\u015fikliklerinin \u0130stanbul B\u00fcy\u00fck\u015fehir Belediyesi\u2019nin (\u0130BB) onay\u0131ndan ge\u00e7mesi gerekti\u011finden Dink\u2019in ad\u0131n\u0131n isimsiz bir b\u00f6lgeye verilmesi kararla\u015ft\u0131r\u0131ld\u0131. Bunun \u00fczerine adada Bal\u0131k\u00e7\u0131lar Kooperatifi\u2019nin kar\u015f\u0131s\u0131ndaki \u00e7ocuk park\u0131 g\u00fcndeme geldi.<\/p>\n<p style=\"text-align: justify\">Ge\u00e7en pazartesi toplanan belediye meclisi, \u00f6neriyi karara ba\u011flad\u0131 ve parka, Gazeteci Hrant Dink \u00c7ocuk Park\u0131 ad\u0131n\u0131 verdi. Park, Dink\u2019in e\u015fi Rakel Dink\u2019in de kat\u0131l\u0131m\u0131yla yar\u0131n saat 13.00\u2019te a\u00e7\u0131l\u0131yor. Ba\u015fkan Farsako\u011flu, Dink ad\u0131n\u0131n Adal\u0131 \u00e7ocuklara \u0131\u015f\u0131k tutaca\u011f\u0131n\u0131 belirtiyor:<\/p>\n<p style=\"text-align: justify\">\u201cDink, benim eskiden Adalar\u2019da kaymakaml\u0131k yaparken tan\u0131d\u0131\u011f\u0131m de\u011ferli bir gazeteci ve iyi bir yurtseverdi. Onun \u00fcz\u00fcnt\u00fc verici olay sonucu hayat\u0131n\u0131 kaybetmesi, Adalar\u2019da derin bir travmaya neden oldu. Onun gibi de\u011ferli insanlar\u0131n isimlerinin Adalar\u2019da ya\u015fat\u0131lmas\u0131 gerekti\u011fini d\u00fc\u015f\u00fcn\u00fcyoruz. Dink \u00e7ocuklar\u0131 severdi. \u0130nsan sevgisiyle doluydu. Ad\u0131n\u0131 orada g\u00f6rd\u00fckleri vakit \u00e7ocuklar da mutlu olacaklar. Hi\u00e7 de\u011filse onlara \u0131\u015f\u0131k tutacakt\u0131r.\u201d<\/p>\n<p style=\"text-align: justify\">Ba\u015fkan Faksako\u011flu\u2019nun uluslararas\u0131 ili\u015fkiler ve k\u00fclt\u00fcr sanattan sorumlu ba\u015fdan\u0131\u015fman\u0131 K\u00fclt\u00fcr \u0130\u015fleri M\u00fcd\u00fcr\u00fc Raffi Hermon Araks da Hrant Dink \u00c7ocuk Park\u0131\u2019n\u0131n yan\u0131 s\u0131ra yine Farsako\u011flu\u2019nun iste\u011fiyle Ermenistan\u2019\u0131n Sevan G\u00f6l\u00fc Belediyesi ile \u2018karde\u015f \u015fehir\u2019 olma y\u00f6n\u00fcnde ad\u0131m att\u0131klar\u0131n\u0131 belirtiyor.<\/p>\n<p style=\"text-align: justify\">Bu arada, Hrant Dink\u2019in ad\u0131 da ilk kez bir mekana verilmi\u015f oldu. Ge\u00e7en y\u0131l CHP\u2019li \u0130BB Meclis \u00dcyeleri, \u015ei\u015fli\u2019deki Ergenekon Caddesi\u2019nin Hrant Dink Caddesi diye de\u011fi\u015ftirilmesini \u00f6nermi\u015fti. \u0130BB\u2019de, 8 \u015eubat 2009\u2019da yap\u0131lan toplant\u0131da, CHP\u2019lilerin \u00f6nerisi AK Partililer taraf\u0131ndan reddedilmi\u015fti.<\/p>\n<p style=\"text-align: justify\">Adalar\u2019\u0131n iki CHP\u2019li meclis \u00fcyesi Raffi Hermon Araks ile Ali Ercan Akpolat, bu y\u0131l ba\u015f\u0131nda B\u00fcy\u00fckada\u2019da belediye binas\u0131n\u0131n yan\u0131ndaki Evren Orman\u0131\u2019n\u0131n \u2018\u00d6zg\u00fcrl\u00fck ve Demokrasi Park\u0131\u2019 diye de\u011fi\u015ftirilmesi \u00f6nerisi sundu. \u00d6neri mecliste AK Partili \u00fcyelerin de kat\u0131l\u0131m\u0131yla oybirli\u011fiyle kabul edildi. Ancak karar \u0130BB\u2019den geri d\u00f6nd\u00fc.<\/p>\n<p style=\"text-align: justify\"><strong>Kaynak:<\/strong> ntvmsnbc.com<br \/>\n<strong>Tarih:<\/strong> 10.9.2010<\/p>\n","protected":false},"excerpt":{"rendered":"<p>CHP&#8217;li Adalar Belediye Ba\u015fkan\u0131 Farsako\u011flu&#8217;nun giri\u015fimiyle K\u0131nal\u0131ada&#8217;daki bir \u00e7ocuk park\u0131na &#8216;Gazeteci Hrant Dink \u00c7ocuk Park\u0131&#8217; ad\u0131 verildi. CHP\u2019li Adalar Belediyesi, AK Partili meclis \u00fcyelerini de katk\u0131s\u0131yla, \u00f6ld\u00fcr\u00fclen AGOS Gazetesi Genel Yay\u0131n Y\u00f6netmeni Hrant Dink\u2019in evinin oldu\u011fu K\u0131nal\u0131ada\u2019daki isimsiz \u00e7ocuk park\u0131na \u2018Gazeteci Hrant Dink \u00c7ocuk Park\u0131\u2019 ad\u0131n\u0131 verdi. \u00a0Radikal gazetesinin haberine g\u00f6re \u00e7ocuk park\u0131, yar\u0131n hizmete [&hellip;]<\/p>\n","protected":false},"author":3,"featured_media":0,"comment_status":"closed","ping_status":"open","sticky":false,"template":"","format":"standard","meta":{"footnotes":""},"categories":[14],"tags":[],"class_list":["post-1908","post","type-post","status-publish","format-standard","hentry","category-haberler"],"yoast_head":"<!-- This site is optimized with the Yoast SEO plugin v27.4 - https:\/\/yoast.com\/product\/yoast-seo-wordpress\/ -->\n<title>K\u0131nal\u0131ada\u2019ya Hrant Dink park\u0131 - Bati Ermenistan Ve Bati Ermenileri Sorunlari Ara\u015ftirmalar Merkezi<\/title>\n<meta name=\"robots\" content=\"index, follow, max-snippet:-1, max-image-preview:large, max-video-preview:-1\" \/>\n<link rel=\"canonical\" href=\"https:\/\/akunq.net\/turkish\/2010\/09\/10\/kinaliadaya-hrant-dink-parki\/\" \/>\n<meta property=\"og:locale\" content=\"en_US\" \/>\n<meta property=\"og:type\" content=\"article\" \/>\n<meta property=\"og:title\" content=\"K\u0131nal\u0131ada\u2019ya Hrant Dink park\u0131 - Bati Ermenistan Ve Bati Ermenileri Sorunlari Ara\u015ftirmalar Merkezi\" \/>\n<meta property=\"og:description\" content=\"CHP&#8217;li Adalar Belediye Ba\u015fkan\u0131 Farsako\u011flu&#8217;nun giri\u015fimiyle K\u0131nal\u0131ada&#8217;daki bir \u00e7ocuk park\u0131na &#8216;Gazeteci Hrant Dink \u00c7ocuk Park\u0131&#8217; ad\u0131 verildi. CHP\u2019li Adalar Belediyesi, AK Partili meclis \u00fcyelerini de katk\u0131s\u0131yla, \u00f6ld\u00fcr\u00fclen AGOS Gazetesi Genel Yay\u0131n Y\u00f6netmeni Hrant Dink\u2019in evinin oldu\u011fu K\u0131nal\u0131ada\u2019daki isimsiz \u00e7ocuk park\u0131na \u2018Gazeteci Hrant Dink \u00c7ocuk Park\u0131\u2019 ad\u0131n\u0131 verdi. \u00a0Radikal gazetesinin haberine g\u00f6re \u00e7ocuk park\u0131, yar\u0131n hizmete [&hellip;]\" \/>\n<meta property=\"og:url\" content=\"https:\/\/akunq.net\/turkish\/2010\/09\/10\/kinaliadaya-hrant-dink-parki\/\" \/>\n<meta property=\"og:site_name\" content=\"Bati Ermenistan Ve Bati Ermenileri Sorunlari Ara\u015ftirmalar Merkezi\" \/>\n<meta property=\"article:published_time\" content=\"2010-09-10T10:13:23+00:00\" \/>\n<meta name=\"author\" content=\"kalem\" \/>\n<meta name=\"twitter:card\" content=\"summary_large_image\" \/>\n<meta name=\"twitter:label1\" content=\"Written by\" \/>\n\t<meta name=\"twitter:data1\" content=\"kalem\" \/>\n\t<meta name=\"twitter:label2\" content=\"Est. reading time\" \/>\n\t<meta name=\"twitter:data2\" content=\"3 minutes\" \/>\n<script type=\"application\/ld+json\" class=\"yoast-schema-graph\">{\"@context\":\"https:\\\/\\\/schema.org\",\"@graph\":[{\"@type\":\"Article\",\"@id\":\"https:\\\/\\\/akunq.net\\\/turkish\\\/2010\\\/09\\\/10\\\/kinaliadaya-hrant-dink-parki\\\/#article\",\"isPartOf\":{\"@id\":\"https:\\\/\\\/akunq.net\\\/turkish\\\/2010\\\/09\\\/10\\\/kinaliadaya-hrant-dink-parki\\\/\"},\"author\":{\"name\":\"kalem\",\"@id\":\"https:\\\/\\\/akunq.net\\\/turkish\\\/#\\\/schema\\\/person\\\/135e7923d1aeb8887890799619969a6c\"},\"headline\":\"K\u0131nal\u0131ada\u2019ya Hrant Dink park\u0131\",\"datePublished\":\"2010-09-10T10:13:23+00:00\",\"mainEntityOfPage\":{\"@id\":\"https:\\\/\\\/akunq.net\\\/turkish\\\/2010\\\/09\\\/10\\\/kinaliadaya-hrant-dink-parki\\\/\"},\"wordCount\":514,\"articleSection\":[\"Haberler\"],\"inLanguage\":\"en-US\"},{\"@type\":\"WebPage\",\"@id\":\"https:\\\/\\\/akunq.net\\\/turkish\\\/2010\\\/09\\\/10\\\/kinaliadaya-hrant-dink-parki\\\/\",\"url\":\"https:\\\/\\\/akunq.net\\\/turkish\\\/2010\\\/09\\\/10\\\/kinaliadaya-hrant-dink-parki\\\/\",\"name\":\"K\u0131nal\u0131ada\u2019ya Hrant Dink park\u0131 - Bati Ermenistan Ve Bati Ermenileri Sorunlari Ara\u015ftirmalar Merkezi\",\"isPartOf\":{\"@id\":\"https:\\\/\\\/akunq.net\\\/turkish\\\/#website\"},\"datePublished\":\"2010-09-10T10:13:23+00:00\",\"author\":{\"@id\":\"https:\\\/\\\/akunq.net\\\/turkish\\\/#\\\/schema\\\/person\\\/135e7923d1aeb8887890799619969a6c\"},\"breadcrumb\":{\"@id\":\"https:\\\/\\\/akunq.net\\\/turkish\\\/2010\\\/09\\\/10\\\/kinaliadaya-hrant-dink-parki\\\/#breadcrumb\"},\"inLanguage\":\"en-US\",\"potentialAction\":[{\"@type\":\"ReadAction\",\"target\":[\"https:\\\/\\\/akunq.net\\\/turkish\\\/2010\\\/09\\\/10\\\/kinaliadaya-hrant-dink-parki\\\/\"]}]},{\"@type\":\"BreadcrumbList\",\"@id\":\"https:\\\/\\\/akunq.net\\\/turkish\\\/2010\\\/09\\\/10\\\/kinaliadaya-hrant-dink-parki\\\/#breadcrumb\",\"itemListElement\":[{\"@type\":\"ListItem\",\"position\":1,\"name\":\"Home\",\"item\":\"https:\\\/\\\/akunq.net\\\/turkish\\\/\"},{\"@type\":\"ListItem\",\"position\":2,\"name\":\"K\u0131nal\u0131ada\u2019ya Hrant Dink park\u0131\"}]},{\"@type\":\"WebSite\",\"@id\":\"https:\\\/\\\/akunq.net\\\/turkish\\\/#website\",\"url\":\"https:\\\/\\\/akunq.net\\\/turkish\\\/\",\"name\":\"Bati Ermenistan Ve Bati Ermenileri Sorunlari Ara\u015ftirmalar Merkezi\",\"description\":\"\",\"potentialAction\":[{\"@type\":\"SearchAction\",\"target\":{\"@type\":\"EntryPoint\",\"urlTemplate\":\"https:\\\/\\\/akunq.net\\\/turkish\\\/?s={search_term_string}\"},\"query-input\":{\"@type\":\"PropertyValueSpecification\",\"valueRequired\":true,\"valueName\":\"search_term_string\"}}],\"inLanguage\":\"en-US\"},{\"@type\":\"Person\",\"@id\":\"https:\\\/\\\/akunq.net\\\/turkish\\\/#\\\/schema\\\/person\\\/135e7923d1aeb8887890799619969a6c\",\"name\":\"kalem\",\"image\":{\"@type\":\"ImageObject\",\"inLanguage\":\"en-US\",\"@id\":\"https:\\\/\\\/secure.gravatar.com\\\/avatar\\\/a06875e4b25feb5674296adf8e8a7ae1e587cebce2493fe63c456109967e27d3?s=96&d=mm&r=g\",\"url\":\"https:\\\/\\\/secure.gravatar.com\\\/avatar\\\/a06875e4b25feb5674296adf8e8a7ae1e587cebce2493fe63c456109967e27d3?s=96&d=mm&r=g\",\"contentUrl\":\"https:\\\/\\\/secure.gravatar.com\\\/avatar\\\/a06875e4b25feb5674296adf8e8a7ae1e587cebce2493fe63c456109967e27d3?s=96&d=mm&r=g\",\"caption\":\"kalem\"},\"url\":\"https:\\\/\\\/akunq.net\\\/turkish\\\/author\\\/kalem\\\/\"}]}<\/script>\n<!-- \/ Yoast SEO plugin. -->","yoast_head_json":{"title":"K\u0131nal\u0131ada\u2019ya Hrant Dink park\u0131 - Bati Ermenistan Ve Bati Ermenileri Sorunlari Ara\u015ftirmalar Merkezi","robots":{"index":"index","follow":"follow","max-snippet":"max-snippet:-1","max-image-preview":"max-image-preview:large","max-video-preview":"max-video-preview:-1"},"canonical":"https:\/\/akunq.net\/turkish\/2010\/09\/10\/kinaliadaya-hrant-dink-parki\/","og_locale":"en_US","og_type":"article","og_title":"K\u0131nal\u0131ada\u2019ya Hrant Dink park\u0131 - Bati Ermenistan Ve Bati Ermenileri Sorunlari Ara\u015ftirmalar Merkezi","og_description":"CHP&#8217;li Adalar Belediye Ba\u015fkan\u0131 Farsako\u011flu&#8217;nun giri\u015fimiyle K\u0131nal\u0131ada&#8217;daki bir \u00e7ocuk park\u0131na &#8216;Gazeteci Hrant Dink \u00c7ocuk Park\u0131&#8217; ad\u0131 verildi. CHP\u2019li Adalar Belediyesi, AK Partili meclis \u00fcyelerini de katk\u0131s\u0131yla, \u00f6ld\u00fcr\u00fclen AGOS Gazetesi Genel Yay\u0131n Y\u00f6netmeni Hrant Dink\u2019in evinin oldu\u011fu K\u0131nal\u0131ada\u2019daki isimsiz \u00e7ocuk park\u0131na \u2018Gazeteci Hrant Dink \u00c7ocuk Park\u0131\u2019 ad\u0131n\u0131 verdi. \u00a0Radikal gazetesinin haberine g\u00f6re \u00e7ocuk park\u0131, yar\u0131n hizmete [&hellip;]","og_url":"https:\/\/akunq.net\/turkish\/2010\/09\/10\/kinaliadaya-hrant-dink-parki\/","og_site_name":"Bati Ermenistan Ve Bati Ermenileri Sorunlari Ara\u015ftirmalar Merkezi","article_published_time":"2010-09-10T10:13:23+00:00","author":"kalem","twitter_card":"summary_large_image","twitter_misc":{"Written by":"kalem","Est. reading time":"3 minutes"},"schema":{"@context":"https:\/\/schema.org","@graph":[{"@type":"Article","@id":"https:\/\/akunq.net\/turkish\/2010\/09\/10\/kinaliadaya-hrant-dink-parki\/#article","isPartOf":{"@id":"https:\/\/akunq.net\/turkish\/2010\/09\/10\/kinaliadaya-hrant-dink-parki\/"},"author":{"name":"kalem","@id":"https:\/\/akunq.net\/turkish\/#\/schema\/person\/135e7923d1aeb8887890799619969a6c"},"headline":"K\u0131nal\u0131ada\u2019ya Hrant Dink park\u0131","datePublished":"2010-09-10T10:13:23+00:00","mainEntityOfPage":{"@id":"https:\/\/akunq.net\/turkish\/2010\/09\/10\/kinaliadaya-hrant-dink-parki\/"},"wordCount":514,"articleSection":["Haberler"],"inLanguage":"en-US"},{"@type":"WebPage","@id":"https:\/\/akunq.net\/turkish\/2010\/09\/10\/kinaliadaya-hrant-dink-parki\/","url":"https:\/\/akunq.net\/turkish\/2010\/09\/10\/kinaliadaya-hrant-dink-parki\/","name":"K\u0131nal\u0131ada\u2019ya Hrant Dink park\u0131 - Bati Ermenistan Ve Bati Ermenileri Sorunlari Ara\u015ftirmalar Merkezi","isPartOf":{"@id":"https:\/\/akunq.net\/turkish\/#website"},"datePublished":"2010-09-10T10:13:23+00:00","author":{"@id":"https:\/\/akunq.net\/turkish\/#\/schema\/person\/135e7923d1aeb8887890799619969a6c"},"breadcrumb":{"@id":"https:\/\/akunq.net\/turkish\/2010\/09\/10\/kinaliadaya-hrant-dink-parki\/#breadcrumb"},"inLanguage":"en-US","potentialAction":[{"@type":"ReadAction","target":["https:\/\/akunq.net\/turkish\/2010\/09\/10\/kinaliadaya-hrant-dink-parki\/"]}]},{"@type":"BreadcrumbList","@id":"https:\/\/akunq.net\/turkish\/2010\/09\/10\/kinaliadaya-hrant-dink-parki\/#breadcrumb","itemListElement":[{"@type":"ListItem","position":1,"name":"Home","item":"https:\/\/akunq.net\/turkish\/"},{"@type":"ListItem","position":2,"name":"K\u0131nal\u0131ada\u2019ya Hrant Dink park\u0131"}]},{"@type":"WebSite","@id":"https:\/\/akunq.net\/turkish\/#website","url":"https:\/\/akunq.net\/turkish\/","name":"Bati Ermenistan Ve Bati Ermenileri Sorunlari Ara\u015ftirmalar Merkezi","description":"","potentialAction":[{"@type":"SearchAction","target":{"@type":"EntryPoint","urlTemplate":"https:\/\/akunq.net\/turkish\/?s={search_term_string}"},"query-input":{"@type":"PropertyValueSpecification","valueRequired":true,"valueName":"search_term_string"}}],"inLanguage":"en-US"},{"@type":"Person","@id":"https:\/\/akunq.net\/turkish\/#\/schema\/person\/135e7923d1aeb8887890799619969a6c","name":"kalem","image":{"@type":"ImageObject","inLanguage":"en-US","@id":"https:\/\/secure.gravatar.com\/avatar\/a06875e4b25feb5674296adf8e8a7ae1e587cebce2493fe63c456109967e27d3?s=96&d=mm&r=g","url":"https:\/\/secure.gravatar.com\/avatar\/a06875e4b25feb5674296adf8e8a7ae1e587cebce2493fe63c456109967e27d3?s=96&d=mm&r=g","contentUrl":"https:\/\/secure.gravatar.com\/avatar\/a06875e4b25feb5674296adf8e8a7ae1e587cebce2493fe63c456109967e27d3?s=96&d=mm&r=g","caption":"kalem"},"url":"https:\/\/akunq.net\/turkish\/author\/kalem\/"}]}},"_links":{"self":[{"href":"https:\/\/akunq.net\/turkish\/wp-json\/wp\/v2\/posts\/1908","targetHints":{"allow":["GET"]}}],"collection":[{"href":"https:\/\/akunq.net\/turkish\/wp-json\/wp\/v2\/posts"}],"about":[{"href":"https:\/\/akunq.net\/turkish\/wp-json\/wp\/v2\/types\/post"}],"author":[{"embeddable":true,"href":"https:\/\/akunq.net\/turkish\/wp-json\/wp\/v2\/users\/3"}],"replies":[{"embeddable":true,"href":"https:\/\/akunq.net\/turkish\/wp-json\/wp\/v2\/comments?post=1908"}],"version-history":[{"count":0,"href":"https:\/\/akunq.net\/turkish\/wp-json\/wp\/v2\/posts\/1908\/revisions"}],"wp:attachment":[{"href":"https:\/\/akunq.net\/turkish\/wp-json\/wp\/v2\/media?parent=1908"}],"wp:term":[{"taxonomy":"category","embeddable":true,"href":"https:\/\/akunq.net\/turkish\/wp-json\/wp\/v2\/categories?post=1908"},{"taxonomy":"post_tag","embeddable":true,"href":"https:\/\/akunq.net\/turkish\/wp-json\/wp\/v2\/tags?post=1908"}],"curies":[{"name":"wp","href":"https:\/\/api.w.org\/{rel}","templated":true}]}}