{"id":1903,"date":"2010-09-10T05:06:51","date_gmt":"2010-09-10T10:06:51","guid":{"rendered":"http:\/\/akunq.net\/tr\/?p=1903"},"modified":"2010-09-10T05:06:51","modified_gmt":"2010-09-10T10:06:51","slug":"muslumanlastirilan-ermeni-kadinlarin-yasami-kara-kefen","status":"publish","type":"post","link":"https:\/\/akunq.net\/turkish\/2010\/09\/10\/muslumanlastirilan-ermeni-kadinlarin-yasami-kara-kefen\/","title":{"rendered":"M\u00fcsl\u00fcmanla\u015ft\u0131r\u0131lan Ermeni kad\u0131nlar\u0131n ya\u015fam\u0131 kara kefen"},"content":{"rendered":"<p style=\"text-align: justify\"><a rel=\"attachment wp-att-1904\" href=\"http:\/\/akunq.net\/tr\/?attachment_id=1904\"><img loading=\"lazy\" decoding=\"async\" class=\"alignleft size-full wp-image-1904\" title=\" kara kefen\" src=\"http:\/\/akunq.net\/tr\/wp-content\/uploads\/2010\/09\/312947_2.jpg\" alt=\"\" width=\"270\" height=\"390\" srcset=\"https:\/\/akunq.net\/turkish\/wp-content\/uploads\/sites\/5\/2010\/09\/312947_2.jpg 270w, https:\/\/akunq.net\/turkish\/wp-content\/uploads\/sites\/5\/2010\/09\/312947_2-208x300.jpg 208w\" sizes=\"auto, (max-width: 270px) 100vw, 270px\" \/><\/a>Varter Tumacanyan, Elaz\u0131\u011f\u2019\u0131n Kulveng k\u00f6y\u00fcnden, Zarure, Adana Hacun k\u00f6y\u00fcnden, Xezal Van\u2019l\u0131, Zero Kozluk\u2019lu\u2026<\/p>\n<p style=\"text-align: justify\">Varter Tumacanyan, Elaz\u0131\u011f\u2019\u0131n Kulveng k\u00f6y\u00fcnden, Zarure, Adana Hacun k\u00f6y\u00fcnden, Xezal Van\u2019l\u0131, Zero Kozluk\u2019lu\u2026 Bu kad\u0131nlar\u0131n ortak yan\u0131 Ermeni olmalar\u0131, 1915 y\u0131l\u0131nda ya\u015fanan Ermeni tehcirinden kurtulmalar\u0131 ve kendilerini ka\u00e7\u0131ran ya da kurtaran K\u00fcrt a\u015firet beyleri ile evlenmeleri&#8230;<\/p>\n<p style=\"text-align: justify\">Ya\u015fan\u0131lan b\u00fcy\u00fck bir ac\u0131&#8230; \u0130lk gen\u00e7lik d\u00f6nemlerinde k\u00f6ylerinden, ailelerinden kopar\u0131lan, ailelerinin neredeyse tamam\u0131n\u0131 yitiren bu kad\u0131nlar, hayatlar\u0131n\u0131n geri kalan k\u0131sm\u0131n\u0131 isimlerini, dillerini ve dinlerini de\u011fi\u015ftirerek ya\u015famak zorunda kalm\u0131\u015flar.<\/p>\n<p style=\"text-align: justify\">Ac\u0131lar\u0131 y\u00fcz \u00e7izgilerine yerle\u015fmi\u015f, ger\u00e7ek kimliklerini gizleyerek ya\u015fam\u0131\u015flar, kendileri gibi olan kad\u0131nlar\u0131 karde\u015f bellemi\u015fler, ba\u015fka \u00fclkelere ka\u00e7an akrabalar\u0131 ile g\u00f6r\u00fc\u015femeden, kavu\u015famadan bu d\u00fcnyadan g\u00f6\u00e7m\u00fc\u015fler.<\/p>\n<p style=\"text-align: justify\">B\u00fct\u00fcn ya\u015famlar\u0131 boyunca biriktirdikleri, kimseyle payla\u015fmad\u0131klar\u0131 ac\u0131lar\u0131 \u00f6l\u00fcrken g\u00fcn y\u00fcz\u00fcne \u00e7\u0131km\u0131\u015f. Kimisi kara kefenle g\u00f6m\u00fclmek istemi\u015f, kimisi de hi\u00e7 y\u0131kanmadan g\u00f6m\u00fclmek\u2026<\/p>\n<p style=\"text-align: justify\">Dil ve asimilasyon politikalar\u0131 \u00fczerine \u00e7al\u0131\u015fmalar\u0131 bulunan E\u011fitimci-Yazar G\u00fcl\u00e7i\u00e7ek G\u00fcnel Tekin\u2019in son kitab\u0131 Kara Kefen kas\u0131m ay\u0131nda Belge Yay\u0131nlar\u0131ndan \u00e7\u0131kt\u0131. \u201cM\u00fcsl\u00fcmanla\u015ft\u0131r\u0131lan Ermeni Kad\u0131nlar\u0131n Dram\u0131\u201dn\u0131 anlatan Tekin, kom\u015fusu \u015eirin Tan\u2019\u0131n, annesine ili\u015fkin anlatt\u0131klar\u0131ndan yola \u00e7\u0131karak, toplad\u0131\u011f\u0131 benzer hikayelerle olu\u015fturmu\u015f kitab\u0131n\u0131. \u0130zmir, \u0130stanbul, Mardin, Batman, Mersin illerini dola\u015farak, \u00e7ocuklar\u0131ndan, torunlar\u0131ndan bu kad\u0131nlar\u0131n hikayelerini dinlemi\u015f.<\/p>\n<p style=\"text-align: justify\">Tekin\u2019in en b\u00fcy\u00fck \u00fcz\u00fcnt\u00fcs\u00fc kad\u0131nlar\u0131n \u00f6yk\u00fclerini kendilerinden dinleyememek olmu\u015f. \u201cAncak sorsayd\u0131m da anlat\u0131rlar m\u0131yd\u0131 bilemiyorum. \u00c7\u00fcnk\u00fc kendi \u00e7ocuklar\u0131na bile ancak \u00f6l\u00fcmlerine yak\u0131n anlatmaya ba\u015flam\u0131\u015flar ve \u015fimdi hi\u00e7birisi hayatta de\u011fil\u201d diyor.<\/p>\n<p style=\"text-align: justify\"><strong>Anadolu halklar\u0131 <\/strong><\/p>\n<p style=\"text-align: justify\">D\u00f6nemin iktidar\u0131, \u0130ttihat ve Terakki Partisi\u2019nin uygulad\u0131\u011f\u0131 T\u00fcrkle\u015ftirme politikas\u0131n\u0131n gayri-m\u00fcslimlere y\u00f6nelik olan boyutunun onlar\u0131n b\u00fct\u00fcn\u00fcyle Anadolu\u2019dan temizlenmesini i\u00e7erdi\u011fini belirten Tekin, \u201cHaz\u0131rlad\u0131\u011f\u0131m kitap bu plan\u0131n \u00f6nemli bir par\u00e7as\u0131n\u0131 i\u00e7eriyor. \u00d6zellikle Rumlar korkutularak sindirilerek Anadolu\u2019dan temizleniyor ve ikinci olarak 1914-15\u2019te \u00f6zellikle Ermeniler \u00fczerinde uygulan\u0131yor. Partinin merkezi yani Dahiliye Naz\u0131r\u0131 Talat Pa\u015fa, Dr. Bahattin \u015eakir ve Maarif Naz\u0131rl\u0131\u011f\u0131 da yapan Doktor N\u00e2z\u0131m eliyle gizlice planlan\u0131yor.<\/p>\n<p style=\"text-align: justify\">Tehcirin, \u201cSuriye\u2019ye ve Arabistan \u00e7\u00f6llerine g\u00f6nderilecekler\u201d diye yans\u0131t\u0131ld\u0131\u011f\u0131n\u0131 ancak ger\u00e7ek amac\u0131n b\u00fct\u00fcn\u00fcyle Ermenilerin yok edilmesi oldu\u011funu ifade eden Tekin, \u201cRumlar Yunanistan\u2019a gidiyor\u201d diye anlatmaya ba\u015fl\u0131yor: \u201cAma Ermenilerin b\u00f6yle bir \u015fanslar\u0131 yok. Ermeniler Anadolu\u2019nun yerli halk\u0131, K\u00fcrtler de Lazlar da. T\u00fcrkler de \u00e7ok \u00f6nceden gelip yerle\u015fmi\u015f. M\u00fcsl\u00fcman halklar\u0131n sesinin \u00e7\u0131kmamas\u0131 i\u00e7in, \u2018Bunlar\u0131n mal\u0131-m\u00fclk\u00fc topra\u011f\u0131 size kalacak. \u0130kincisi istedi\u011finiz kad\u0131na el koyabileceksiniz\u2019 diyorlar. 10 ya\u015f\u0131na kadar olan \u00e7ocuklara da m\u00fcsl\u00fcmanlar taraf\u0131ndan el konabilece\u011fine ili\u015fkin bir yasa da var. M\u00fcsl\u00fcman halklar\u0131n\u0131n a\u011fz\u0131na bir parmak bal \u00e7alarak Ermeni katliam\u0131na ortak olmalar\u0131, onlar\u0131n da kat\u0131lmalar\u0131 i\u00e7in bu karar al\u0131n\u0131yor.\u201d<\/p>\n<p style=\"text-align: justify\">Toplad\u0131\u011f\u0131 \u00f6yk\u00fclerde kad\u0131nlar\u0131n genelde K\u00fcrtler taraf\u0131ndan ka\u00e7\u0131r\u0131lan kad\u0131nlar oldu\u011funu, bunlardan baz\u0131lar\u0131na ka\u00e7\u0131r\u0131l\u0131p el konuldu\u011funu baz\u0131lar\u0131n\u0131n ise katliamdan kurtar\u0131ld\u0131\u011f\u0131n\u0131 ifade eden Tekin \u015funlar\u0131 s\u00f6yl\u00fcyor: \u201cBunlar genelde K\u00fcrt a\u015firet beyleri. Zaten halktan insanlar\u0131n b\u00f6yle bir \u015fey yapabilmeleri m\u00fcmk\u00fcn de\u011fil. A\u015firet beyleri ile ittihat\u00e7\u0131lar\u0131n birlikte anla\u015ft\u0131klar\u0131 bir i\u015f bu. Ka\u00e7\u0131r\u0131lan, el konulan Ermeni kad\u0131nlar isteseler de istemeseler de bir \u015fekilde bu ki\u015filerle evlenmek zorundalar. Ba\u015fka \u015fanslar\u0131 yok. Ailelerinin y\u00fczde 90\u2019\u0131 katlediliyor. Sa\u011f kalan ya sadece kendileri ya da bir erkek karde\u015fleri. \u0130\u015fin ac\u0131 taraf\u0131 \u015fu, kendileri ile evlenen erkeklerin \u00e7o\u011fu asl\u0131nda katliama kat\u0131lan, devlete destek olan ya da bir \u015fekilde tehcirde Ermeni \u00f6ld\u00fcren erkekler.\u201d<\/p>\n<p style=\"text-align: justify\">Tekin\u2019in ebe annesi Zero da tehcirden kurtulan Ermeni bir kad\u0131n. K\u00f6yde neredeyse hemen herkesin do\u011fumunda bulunan Zero, \u2018de\u011fer verilen ki\u015fi, nine\u2019 anlam\u0131nda Sitto Zero diye \u00e7a\u011fr\u0131l\u0131rm\u0131\u015f. Tekin \u00e7ocukluk an\u0131lar\u0131nda kalan g\u00fcnleri anlat\u0131yor. \u201cO zaman i\u00e7in birilerine \u2018o Ermeni\u2019 diyorlard\u0131 ama Ermenilik nedir? O bilin\u00e7te de\u011fildik. Annem, Ermenilere sak\u0131n k\u00f6t\u00fc laf etmeyin diye bizi s\u00fcrekli uyar\u0131rd\u0131. Halk, ebe oldu\u011fu, \u00e7ok emek verdi\u011fi i\u00e7in Zero\u2019ya sayg\u0131 duyard\u0131 ama toplumda kendi kimli\u011fi s\u00fcrekli a\u015fa\u011f\u0131lan\u0131yordu. Kad\u0131nlar buna \u015fahit oluyor, kimliklerini gizlemek zorunda kal\u0131yor. Kad\u0131nlar olarak kendi k\u00fclt\u00fcr\u00fcm\u00fczden dinimizden insanlarla evlendi\u011fimizde bile bir s\u00fcr\u00fc problemler ya\u015f\u0131yoruz. Evlili\u011fin kendisi zor bir olay, bir de bu Ermeni kad\u0131nlar\u0131 d\u00fc\u015f\u00fcn\u00fcn.\u201d <strong><\/strong><\/p>\n<p style=\"text-align: justify\"><strong>Ac\u0131lar payla\u015f\u0131lmal\u0131<\/strong><\/p>\n<p style=\"text-align: justify\">Tekin\u2019i en \u00e7ok etkileyen ve kitab\u0131 yazmaya iten \u015eirin Tan\u2019\u0131n annesinin \u00f6yk\u00fcs\u00fc olmu\u015f. \u201cBir kad\u0131n \u00f6ylesine ac\u0131 \u00e7ekiyor ki \u00f6lmeden \u00f6nce, \u2018b\u00fct\u00fcn ya\u015fam\u0131m ac\u0131 dolu oldu, beni beyaz kefenle de\u011fil, kara kefenle g\u00f6m\u00fcn\u2019 diyor. Kad\u0131n \u00f6l\u00fcm\u00fcnden \u00fc\u00e7 g\u00fcn \u00f6nce \u00e7ocu\u011funa kefenini ald\u0131rt\u0131yor. \u00d6l\u00fcm d\u00f6\u015fe\u011finde yata\u011f\u0131n\u0131n tam kar\u015f\u0131s\u0131na ast\u0131r\u0131-yor. Ve \u00fc\u00e7 g\u00fcn boyunca ona bak\u0131yor. Onunla g\u00f6m\u00fcl\u00fcyor\u201d.<\/p>\n<p style=\"text-align: justify\">Kitab\u0131n yay\u0131nlanmas\u0131ndan sonra s\u0131k s\u0131k benzer hikaye-lerle kar\u015f\u0131la\u015fm\u0131\u015f G\u00fcl\u00e7i\u00e7ek G\u00fcnel Tekin. \u201c\u0130stanbul Kitap Fuar\u0131nda yan\u0131ma gelen biri bana, \u2018kara kefenle g\u00f6m\u00fclmekten daha ac\u0131 olaylar oldu\u011funu s\u00f6yledi. Beni y\u0131kamadan g\u00f6m\u00fcn diye vasiyet edenler var\u2019 dedi. Sonra kiminle kar\u015f\u0131la\u015fsam, \u2018Aaa benim de anneannem, benim ye\u011fenimin de kay\u0131nvalidesi Ermeni idi\u2019 diyenler oldu. Bunlar gizleni-yor. \u00c7ocuklar\u0131 taraf\u0131ndan da gizleniyor hakl\u0131 olarak.\u201d<\/p>\n<p style=\"text-align: justify\">Bunlar\u0131n bilince \u00e7\u0131kar\u0131l\u0131p, tart\u0131\u015f\u0131lmas\u0131n\u0131n ve konu\u015fulmas\u0131n\u0131n bu kad\u0131nlardan \u00f6z\u00fcr dilemekten daha olumlu etkisinin olaca\u011f\u0131n\u0131 d\u00fc\u015f\u00fcnd\u00fc\u011f\u00fcn\u00fc ifade eden Tekin, \u201cKendileriyle olamasa bile \u00e7ocuklar\u0131 ve torunlar\u0131yla payla\u015fmak gerekiyor. Ac\u0131 i\u00e7inde \u00f6len bu kad\u0131nlar\u0131n \u00f6yk\u00fclerini bilmek ve tart\u0131\u015fmak gerek. Bu kad\u0131nlar Rusya\u2019ya Amerika\u2019ya ka\u00e7\u0131p kurtulan akrabalar\u0131 ile de birlikte olamad\u0131, g\u00f6remedi. Bunlar aras\u0131nda da bir k\u00f6pr\u00fc i\u015flevi olu-nabilir\u201d diyor.<\/p>\n<p style=\"text-align: justify\"><strong>Ayn\u0131 zihniyet s\u00fcr\u00fcyor<\/strong><\/p>\n<p style=\"text-align: justify\">Y\u00f6netimler k\u0131\u015fk\u0131rtmad\u0131\u011f\u0131 s\u00fcrece halklar\u0131n birbirleri ile hi\u00e7bir problemi olmad\u0131\u011f\u0131n\u0131 belirten Tekin, Bakan Vecdi G\u00f6n\u00fcl\u2019\u00fcn bir s\u00fcre \u00f6nce s\u00f6yledi\u011fi s\u00f6zlerin b\u00fct\u00fcn bu anlatt\u0131klar\u0131n\u0131n tescili mahiyetinde oldu\u011funu d\u00fc\u015f\u00fcn\u00fcyor.<\/p>\n<p style=\"text-align: justify\">Canan Ar\u0131tman\u2019\u0131n Abdullah G\u00fcl i\u00e7in s\u00f6yledikleri ve G\u00fcl\u2019\u00fcn, \u201cBenim ninem y\u00fczde y\u00fcz T\u00fcrkt\u00fcr\u201d demesinin de devlet y\u00f6neticilerinin, AKP\u2019nin ve di\u011ferlerinin olaya ne kadar \u0131rk\u00e7\u0131 ve milliyet\u00e7i yakla\u015ft\u0131klar\u0131n\u0131n bir i\u015fareti oldu\u011funa dikkat \u00e7ekiyor Tekin. \u201cErmeni olsa ne olur, K\u00fcrt olsa ne olur, T\u00fcrk olsa ne olur? Ne fark eder? \u00d6nemli olan insan\u0131n insan olmas\u0131 ve insani de\u011ferleri ta\u015f\u0131mas\u0131 de\u011fil midir? Ar\u0131tman\u2019\u0131n tavr\u0131 CHP\u2019nin \u0131rk\u00e7\u0131, milliyet\u00e7i anlay\u0131\u015f\u0131n\u0131 sergilemesi a\u00e7\u0131s\u0131ndan \u00e7arp\u0131c\u0131d\u0131r\u201d diyor.<\/p>\n<p style=\"text-align: justify\">Bir s\u00fcre \u00f6nce ayd\u0131nlar\u0131n ba\u015flatt\u0131\u011f\u0131 ve \u00e7ok\u00e7a tart\u0131\u015f\u0131lan \u201c\u00d6z\u00fcr diliyorum\u201d kampanyas\u0131na ili\u015fkin olarak da, \u201cBana g\u00f6re \u00f6ncelikle Anadolu\u2019yu T\u00fcrkle\u015ftirme politikalar\u0131 nas\u0131l uyguland\u0131, neler yap\u0131ld\u0131, ekonomi nas\u0131l T\u00fcrkle\u015ftirildi, bu co\u011frafya nas\u0131l T\u00fcrkle\u015ftirildi bunlar konu\u015fulmal\u0131\u201d diyor. \u201cErdo\u011fan\u2019\u0131n s\u0131rt\u0131n\u0131 Hakkari\u2019ye verip de tek dil, tek k\u00fclt\u00fcr, tek kimlik, tek devlet, tek millet, tek bayrak demesi ne anlama geliyor tart\u0131\u015f\u0131lmal\u0131. \u0130\u015fin en korkun\u00e7 yan\u0131 K\u00fcrtlerin de, \u2018asimilasyona hay\u0131r\u2019 dedikleri i\u00e7in hedefte olmalar\u0131. Bu planlar\u0131n ortaya \u00e7\u0131kar\u0131lmas\u0131 \u00e7ok \u00f6nemli\u201d.<\/p>\n<p style=\"text-align: justify\">Ayd\u0131nlar\u0131n imza kampanyas\u0131n\u0131n yumu\u015fak bir ad\u0131m oldu\u011funu belirten Tekin, \u201cNas\u0131l ki K\u00fcrt\u00e7e\u2019ye bilinmeyen bir dil denilip de \u015fu anda K\u00fcrt\u00e7e Televizyon kanal\u0131 a\u00e7\u0131lmak zorunda kal\u0131nd\u0131ysa -ama oy toplama amac\u0131yla ama ba\u015fka bir ama\u00e7la- devlet y\u00f6neticileri Ermeni meselesinde de yap\u0131lan\u0131n yanl\u0131\u015f oldu\u011funu, halklar i\u00e7in bir travma oldu\u011funu kabul etmeli. B\u00f6yle bir \u015feyi ayd\u0131nlar de\u011fil, bizzat devlet y\u00f6neticileri yapmak zorunda. Devlet y\u00f6neticileri o zaman i\u00e7in yap\u0131lanlardan \u00f6z\u00fcr dilemek zorunda. Bu sadece olumlu bir ad\u0131m olur.\u201d<\/p>\n<p style=\"text-align: justify\"><strong><em><a href=\"http:\/\/www.evrensel.net\/ekhaber.php?haber_id=45205\">http:\/\/www.evrensel.net\/ekhaber.php?haber_id=45205<\/a><\/em><\/strong><\/p>\n<p style=\"text-align: justify\"><strong><em>08\/02\/2009<\/em><\/strong><\/p>\n","protected":false},"excerpt":{"rendered":"<p>Varter Tumacanyan, Elaz\u0131\u011f\u2019\u0131n Kulveng k\u00f6y\u00fcnden, Zarure, Adana Hacun k\u00f6y\u00fcnden, Xezal Van\u2019l\u0131, Zero Kozluk\u2019lu\u2026 Varter Tumacanyan, Elaz\u0131\u011f\u2019\u0131n Kulveng k\u00f6y\u00fcnden, Zarure, Adana Hacun k\u00f6y\u00fcnden, Xezal Van\u2019l\u0131, Zero Kozluk\u2019lu\u2026 Bu kad\u0131nlar\u0131n ortak yan\u0131 Ermeni olmalar\u0131, 1915 y\u0131l\u0131nda ya\u015fanan Ermeni tehcirinden kurtulmalar\u0131 ve kendilerini ka\u00e7\u0131ran ya da kurtaran K\u00fcrt a\u015firet beyleri ile evlenmeleri&#8230; Ya\u015fan\u0131lan b\u00fcy\u00fck bir ac\u0131&#8230; \u0130lk gen\u00e7lik [&hellip;]<\/p>\n","protected":false},"author":3,"featured_media":0,"comment_status":"closed","ping_status":"open","sticky":false,"template":"","format":"standard","meta":{"footnotes":""},"categories":[6,12,14,15],"tags":[],"class_list":["post-1903","post","type-post","status-publish","format-standard","hentry","category-ermeni-soykirimi","category-gunumuzde-bati-ermenileri","category-haberler","category-haklarimiz"],"yoast_head":"<!-- This site is optimized with the Yoast SEO plugin v26.6 - https:\/\/yoast.com\/wordpress\/plugins\/seo\/ -->\n<title>M\u00fcsl\u00fcmanla\u015ft\u0131r\u0131lan Ermeni kad\u0131nlar\u0131n ya\u015fam\u0131 kara kefen - Bati Ermenistan Ve Bati Ermenileri Sorunlari Ara\u015ftirmalar Merkezi<\/title>\n<meta name=\"robots\" content=\"index, follow, max-snippet:-1, max-image-preview:large, max-video-preview:-1\" \/>\n<link rel=\"canonical\" href=\"https:\/\/akunq.net\/turkish\/2010\/09\/10\/muslumanlastirilan-ermeni-kadinlarin-yasami-kara-kefen\/\" \/>\n<meta property=\"og:locale\" content=\"en_US\" \/>\n<meta property=\"og:type\" content=\"article\" \/>\n<meta property=\"og:title\" content=\"M\u00fcsl\u00fcmanla\u015ft\u0131r\u0131lan Ermeni kad\u0131nlar\u0131n ya\u015fam\u0131 kara kefen - Bati Ermenistan Ve Bati Ermenileri Sorunlari Ara\u015ftirmalar Merkezi\" \/>\n<meta property=\"og:description\" content=\"Varter Tumacanyan, Elaz\u0131\u011f\u2019\u0131n Kulveng k\u00f6y\u00fcnden, Zarure, Adana Hacun k\u00f6y\u00fcnden, Xezal Van\u2019l\u0131, Zero Kozluk\u2019lu\u2026 Varter Tumacanyan, Elaz\u0131\u011f\u2019\u0131n Kulveng k\u00f6y\u00fcnden, Zarure, Adana Hacun k\u00f6y\u00fcnden, Xezal Van\u2019l\u0131, Zero Kozluk\u2019lu\u2026 Bu kad\u0131nlar\u0131n ortak yan\u0131 Ermeni olmalar\u0131, 1915 y\u0131l\u0131nda ya\u015fanan Ermeni tehcirinden kurtulmalar\u0131 ve kendilerini ka\u00e7\u0131ran ya da kurtaran K\u00fcrt a\u015firet beyleri ile evlenmeleri&#8230; Ya\u015fan\u0131lan b\u00fcy\u00fck bir ac\u0131&#8230; \u0130lk gen\u00e7lik [&hellip;]\" \/>\n<meta property=\"og:url\" content=\"https:\/\/akunq.net\/turkish\/2010\/09\/10\/muslumanlastirilan-ermeni-kadinlarin-yasami-kara-kefen\/\" \/>\n<meta property=\"og:site_name\" content=\"Bati Ermenistan Ve Bati Ermenileri Sorunlari Ara\u015ftirmalar Merkezi\" \/>\n<meta property=\"article:published_time\" content=\"2010-09-10T10:06:51+00:00\" \/>\n<meta property=\"og:image\" content=\"https:\/\/akunq.net\/turkish\/wp-content\/uploads\/sites\/5\/2010\/09\/312947_2.jpg\" \/>\n\t<meta property=\"og:image:width\" content=\"270\" \/>\n\t<meta property=\"og:image:height\" content=\"390\" \/>\n\t<meta property=\"og:image:type\" content=\"image\/jpeg\" \/>\n<meta name=\"author\" content=\"kalem\" \/>\n<meta name=\"twitter:card\" content=\"summary_large_image\" \/>\n<meta name=\"twitter:label1\" content=\"Written by\" \/>\n\t<meta name=\"twitter:data1\" content=\"kalem\" \/>\n\t<meta name=\"twitter:label2\" content=\"Est. reading time\" \/>\n\t<meta name=\"twitter:data2\" content=\"7 minutes\" \/>\n<script type=\"application\/ld+json\" class=\"yoast-schema-graph\">{\"@context\":\"https:\/\/schema.org\",\"@graph\":[{\"@type\":\"WebPage\",\"@id\":\"https:\/\/akunq.net\/turkish\/2010\/09\/10\/muslumanlastirilan-ermeni-kadinlarin-yasami-kara-kefen\/\",\"url\":\"https:\/\/akunq.net\/turkish\/2010\/09\/10\/muslumanlastirilan-ermeni-kadinlarin-yasami-kara-kefen\/\",\"name\":\"M\u00fcsl\u00fcmanla\u015ft\u0131r\u0131lan Ermeni kad\u0131nlar\u0131n ya\u015fam\u0131 kara kefen - Bati Ermenistan Ve Bati Ermenileri Sorunlari Ara\u015ftirmalar Merkezi\",\"isPartOf\":{\"@id\":\"https:\/\/akunq.net\/turkish\/#website\"},\"primaryImageOfPage\":{\"@id\":\"https:\/\/akunq.net\/turkish\/2010\/09\/10\/muslumanlastirilan-ermeni-kadinlarin-yasami-kara-kefen\/#primaryimage\"},\"image\":{\"@id\":\"https:\/\/akunq.net\/turkish\/2010\/09\/10\/muslumanlastirilan-ermeni-kadinlarin-yasami-kara-kefen\/#primaryimage\"},\"thumbnailUrl\":\"http:\/\/akunq.net\/tr\/wp-content\/uploads\/2010\/09\/312947_2.jpg\",\"datePublished\":\"2010-09-10T10:06:51+00:00\",\"author\":{\"@id\":\"https:\/\/akunq.net\/turkish\/#\/schema\/person\/135e7923d1aeb8887890799619969a6c\"},\"breadcrumb\":{\"@id\":\"https:\/\/akunq.net\/turkish\/2010\/09\/10\/muslumanlastirilan-ermeni-kadinlarin-yasami-kara-kefen\/#breadcrumb\"},\"inLanguage\":\"en-US\",\"potentialAction\":[{\"@type\":\"ReadAction\",\"target\":[\"https:\/\/akunq.net\/turkish\/2010\/09\/10\/muslumanlastirilan-ermeni-kadinlarin-yasami-kara-kefen\/\"]}]},{\"@type\":\"ImageObject\",\"inLanguage\":\"en-US\",\"@id\":\"https:\/\/akunq.net\/turkish\/2010\/09\/10\/muslumanlastirilan-ermeni-kadinlarin-yasami-kara-kefen\/#primaryimage\",\"url\":\"http:\/\/akunq.net\/tr\/wp-content\/uploads\/2010\/09\/312947_2.jpg\",\"contentUrl\":\"http:\/\/akunq.net\/tr\/wp-content\/uploads\/2010\/09\/312947_2.jpg\"},{\"@type\":\"BreadcrumbList\",\"@id\":\"https:\/\/akunq.net\/turkish\/2010\/09\/10\/muslumanlastirilan-ermeni-kadinlarin-yasami-kara-kefen\/#breadcrumb\",\"itemListElement\":[{\"@type\":\"ListItem\",\"position\":1,\"name\":\"Home\",\"item\":\"https:\/\/akunq.net\/turkish\/\"},{\"@type\":\"ListItem\",\"position\":2,\"name\":\"M\u00fcsl\u00fcmanla\u015ft\u0131r\u0131lan Ermeni kad\u0131nlar\u0131n ya\u015fam\u0131 kara kefen\"}]},{\"@type\":\"WebSite\",\"@id\":\"https:\/\/akunq.net\/turkish\/#website\",\"url\":\"https:\/\/akunq.net\/turkish\/\",\"name\":\"Bati Ermenistan Ve Bati Ermenileri Sorunlari Ara\u015ftirmalar Merkezi\",\"description\":\"\",\"potentialAction\":[{\"@type\":\"SearchAction\",\"target\":{\"@type\":\"EntryPoint\",\"urlTemplate\":\"https:\/\/akunq.net\/turkish\/?s={search_term_string}\"},\"query-input\":{\"@type\":\"PropertyValueSpecification\",\"valueRequired\":true,\"valueName\":\"search_term_string\"}}],\"inLanguage\":\"en-US\"},{\"@type\":\"Person\",\"@id\":\"https:\/\/akunq.net\/turkish\/#\/schema\/person\/135e7923d1aeb8887890799619969a6c\",\"name\":\"kalem\",\"image\":{\"@type\":\"ImageObject\",\"inLanguage\":\"en-US\",\"@id\":\"https:\/\/akunq.net\/turkish\/#\/schema\/person\/image\/\",\"url\":\"https:\/\/secure.gravatar.com\/avatar\/a06875e4b25feb5674296adf8e8a7ae1e587cebce2493fe63c456109967e27d3?s=96&d=mm&r=g\",\"contentUrl\":\"https:\/\/secure.gravatar.com\/avatar\/a06875e4b25feb5674296adf8e8a7ae1e587cebce2493fe63c456109967e27d3?s=96&d=mm&r=g\",\"caption\":\"kalem\"},\"url\":\"https:\/\/akunq.net\/turkish\/author\/kalem\/\"}]}<\/script>\n<!-- \/ Yoast SEO plugin. -->","yoast_head_json":{"title":"M\u00fcsl\u00fcmanla\u015ft\u0131r\u0131lan Ermeni kad\u0131nlar\u0131n ya\u015fam\u0131 kara kefen - Bati Ermenistan Ve Bati Ermenileri Sorunlari Ara\u015ftirmalar Merkezi","robots":{"index":"index","follow":"follow","max-snippet":"max-snippet:-1","max-image-preview":"max-image-preview:large","max-video-preview":"max-video-preview:-1"},"canonical":"https:\/\/akunq.net\/turkish\/2010\/09\/10\/muslumanlastirilan-ermeni-kadinlarin-yasami-kara-kefen\/","og_locale":"en_US","og_type":"article","og_title":"M\u00fcsl\u00fcmanla\u015ft\u0131r\u0131lan Ermeni kad\u0131nlar\u0131n ya\u015fam\u0131 kara kefen - Bati Ermenistan Ve Bati Ermenileri Sorunlari Ara\u015ftirmalar Merkezi","og_description":"Varter Tumacanyan, Elaz\u0131\u011f\u2019\u0131n Kulveng k\u00f6y\u00fcnden, Zarure, Adana Hacun k\u00f6y\u00fcnden, Xezal Van\u2019l\u0131, Zero Kozluk\u2019lu\u2026 Varter Tumacanyan, Elaz\u0131\u011f\u2019\u0131n Kulveng k\u00f6y\u00fcnden, Zarure, Adana Hacun k\u00f6y\u00fcnden, Xezal Van\u2019l\u0131, Zero Kozluk\u2019lu\u2026 Bu kad\u0131nlar\u0131n ortak yan\u0131 Ermeni olmalar\u0131, 1915 y\u0131l\u0131nda ya\u015fanan Ermeni tehcirinden kurtulmalar\u0131 ve kendilerini ka\u00e7\u0131ran ya da kurtaran K\u00fcrt a\u015firet beyleri ile evlenmeleri&#8230; Ya\u015fan\u0131lan b\u00fcy\u00fck bir ac\u0131&#8230; \u0130lk gen\u00e7lik [&hellip;]","og_url":"https:\/\/akunq.net\/turkish\/2010\/09\/10\/muslumanlastirilan-ermeni-kadinlarin-yasami-kara-kefen\/","og_site_name":"Bati Ermenistan Ve Bati Ermenileri Sorunlari Ara\u015ftirmalar Merkezi","article_published_time":"2010-09-10T10:06:51+00:00","og_image":[{"width":270,"height":390,"url":"https:\/\/akunq.net\/turkish\/wp-content\/uploads\/sites\/5\/2010\/09\/312947_2.jpg","type":"image\/jpeg"}],"author":"kalem","twitter_card":"summary_large_image","twitter_misc":{"Written by":"kalem","Est. reading time":"7 minutes"},"schema":{"@context":"https:\/\/schema.org","@graph":[{"@type":"WebPage","@id":"https:\/\/akunq.net\/turkish\/2010\/09\/10\/muslumanlastirilan-ermeni-kadinlarin-yasami-kara-kefen\/","url":"https:\/\/akunq.net\/turkish\/2010\/09\/10\/muslumanlastirilan-ermeni-kadinlarin-yasami-kara-kefen\/","name":"M\u00fcsl\u00fcmanla\u015ft\u0131r\u0131lan Ermeni kad\u0131nlar\u0131n ya\u015fam\u0131 kara kefen - Bati Ermenistan Ve Bati Ermenileri Sorunlari Ara\u015ftirmalar Merkezi","isPartOf":{"@id":"https:\/\/akunq.net\/turkish\/#website"},"primaryImageOfPage":{"@id":"https:\/\/akunq.net\/turkish\/2010\/09\/10\/muslumanlastirilan-ermeni-kadinlarin-yasami-kara-kefen\/#primaryimage"},"image":{"@id":"https:\/\/akunq.net\/turkish\/2010\/09\/10\/muslumanlastirilan-ermeni-kadinlarin-yasami-kara-kefen\/#primaryimage"},"thumbnailUrl":"http:\/\/akunq.net\/tr\/wp-content\/uploads\/2010\/09\/312947_2.jpg","datePublished":"2010-09-10T10:06:51+00:00","author":{"@id":"https:\/\/akunq.net\/turkish\/#\/schema\/person\/135e7923d1aeb8887890799619969a6c"},"breadcrumb":{"@id":"https:\/\/akunq.net\/turkish\/2010\/09\/10\/muslumanlastirilan-ermeni-kadinlarin-yasami-kara-kefen\/#breadcrumb"},"inLanguage":"en-US","potentialAction":[{"@type":"ReadAction","target":["https:\/\/akunq.net\/turkish\/2010\/09\/10\/muslumanlastirilan-ermeni-kadinlarin-yasami-kara-kefen\/"]}]},{"@type":"ImageObject","inLanguage":"en-US","@id":"https:\/\/akunq.net\/turkish\/2010\/09\/10\/muslumanlastirilan-ermeni-kadinlarin-yasami-kara-kefen\/#primaryimage","url":"http:\/\/akunq.net\/tr\/wp-content\/uploads\/2010\/09\/312947_2.jpg","contentUrl":"http:\/\/akunq.net\/tr\/wp-content\/uploads\/2010\/09\/312947_2.jpg"},{"@type":"BreadcrumbList","@id":"https:\/\/akunq.net\/turkish\/2010\/09\/10\/muslumanlastirilan-ermeni-kadinlarin-yasami-kara-kefen\/#breadcrumb","itemListElement":[{"@type":"ListItem","position":1,"name":"Home","item":"https:\/\/akunq.net\/turkish\/"},{"@type":"ListItem","position":2,"name":"M\u00fcsl\u00fcmanla\u015ft\u0131r\u0131lan Ermeni kad\u0131nlar\u0131n ya\u015fam\u0131 kara kefen"}]},{"@type":"WebSite","@id":"https:\/\/akunq.net\/turkish\/#website","url":"https:\/\/akunq.net\/turkish\/","name":"Bati Ermenistan Ve Bati Ermenileri Sorunlari Ara\u015ftirmalar Merkezi","description":"","potentialAction":[{"@type":"SearchAction","target":{"@type":"EntryPoint","urlTemplate":"https:\/\/akunq.net\/turkish\/?s={search_term_string}"},"query-input":{"@type":"PropertyValueSpecification","valueRequired":true,"valueName":"search_term_string"}}],"inLanguage":"en-US"},{"@type":"Person","@id":"https:\/\/akunq.net\/turkish\/#\/schema\/person\/135e7923d1aeb8887890799619969a6c","name":"kalem","image":{"@type":"ImageObject","inLanguage":"en-US","@id":"https:\/\/akunq.net\/turkish\/#\/schema\/person\/image\/","url":"https:\/\/secure.gravatar.com\/avatar\/a06875e4b25feb5674296adf8e8a7ae1e587cebce2493fe63c456109967e27d3?s=96&d=mm&r=g","contentUrl":"https:\/\/secure.gravatar.com\/avatar\/a06875e4b25feb5674296adf8e8a7ae1e587cebce2493fe63c456109967e27d3?s=96&d=mm&r=g","caption":"kalem"},"url":"https:\/\/akunq.net\/turkish\/author\/kalem\/"}]}},"_links":{"self":[{"href":"https:\/\/akunq.net\/turkish\/wp-json\/wp\/v2\/posts\/1903","targetHints":{"allow":["GET"]}}],"collection":[{"href":"https:\/\/akunq.net\/turkish\/wp-json\/wp\/v2\/posts"}],"about":[{"href":"https:\/\/akunq.net\/turkish\/wp-json\/wp\/v2\/types\/post"}],"author":[{"embeddable":true,"href":"https:\/\/akunq.net\/turkish\/wp-json\/wp\/v2\/users\/3"}],"replies":[{"embeddable":true,"href":"https:\/\/akunq.net\/turkish\/wp-json\/wp\/v2\/comments?post=1903"}],"version-history":[{"count":0,"href":"https:\/\/akunq.net\/turkish\/wp-json\/wp\/v2\/posts\/1903\/revisions"}],"wp:attachment":[{"href":"https:\/\/akunq.net\/turkish\/wp-json\/wp\/v2\/media?parent=1903"}],"wp:term":[{"taxonomy":"category","embeddable":true,"href":"https:\/\/akunq.net\/turkish\/wp-json\/wp\/v2\/categories?post=1903"},{"taxonomy":"post_tag","embeddable":true,"href":"https:\/\/akunq.net\/turkish\/wp-json\/wp\/v2\/tags?post=1903"}],"curies":[{"name":"wp","href":"https:\/\/api.w.org\/{rel}","templated":true}]}}