{"id":1883,"date":"2010-09-08T01:31:31","date_gmt":"2010-09-08T06:31:31","guid":{"rendered":"http:\/\/akunq.net\/tr\/?p=1883"},"modified":"2010-09-08T01:31:31","modified_gmt":"2010-09-08T06:31:31","slug":"taksimde-utandiran-tarih-yuruyusu","status":"publish","type":"post","link":"https:\/\/akunq.net\/turkish\/2010\/09\/08\/taksimde-utandiran-tarih-yuruyusu\/","title":{"rendered":"Taksim&#8217;de &#8216;Utand\u0131ran Tarih&#8217; y\u00fcr\u00fcy\u00fc\u015f\u00fc"},"content":{"rendered":"<p style=\"text-align: justify\">\u0130HD Irk\u00e7\u0131l\u0131k ve Ayr\u0131mc\u0131l\u0131\u011fa Kar\u015f\u0131 Komisyon ve \u00c7\u0131plak Ayaklar Kumpanyas\u0131, 6-7 Eyl\u00fcl&#8217;\u00fcn y\u0131l d\u00f6n\u00fcm\u00fcnde \u0130stiklal Caddesi&#8217;nde \u201cIrk\u00e7\u0131l\u0131\u011fa, ya\u011fmaya, talana bir daha asla\u201d slogan\u0131yla y\u00fcr\u00fcd\u00fc, &#8216;Utand\u0131ran Tarih&#8217; ba\u015fl\u0131kl\u0131 bildirileri da\u011f\u0131tt\u0131.<\/p>\n<p style=\"text-align: justify\">6-7 Eyl\u00fcl lin\u00e7 olaylar\u0131n\u0131n 55. y\u0131l\u0131nda \u0130HD Irk\u00e7\u0131l\u0131k ve Ayr\u0131mc\u0131l\u0131\u011fa Kar\u015f\u0131 Komisyon ve \u00c7\u0131plak Ayaklar Kumpanyas\u0131 Taksim Tramvay Dura\u011f\u0131&#8217;ndan Galatasaray&#8217;a y\u00fcr\u00fcd\u00fc, &#8220;6-7 Eyl\u00fcl taland\u0131r, ya\u011fmad\u0131r, y\u0131k\u0131md\u0131r, tecav\u00fczd\u00fcr, lin\u00e7tir&#8221; dedi.<\/p>\n<p style=\"text-align: justify\"><strong><em>Ama\u00e7; tek millet, tek devlet, tek k\u00fclt\u00fcr<br \/>\n<\/em><\/strong><br \/>\n\u0130stiklal Caddesi boyunca 6-7 Eyl\u00fcl&#8217;\u00fc anlatan bildiriler de da\u011f\u0131tan insan haklar\u0131 savunucular\u0131 ad\u0131na \u0130HD \u0130stanbul \u015eube Ba\u015fkan\u0131 Abd\u00fclbaki Bo\u011fa a\u00e7\u0131klama yapt\u0131.<\/p>\n<p style=\"text-align: justify\">Vah\u015fetin boyutlar\u0131 ile ilgili rakamlar veren Bo\u011fa, resmi kay\u0131tlara g\u00f6re \u00f6ld\u00fcr\u00fclen ki\u015fi say\u0131s\u0131n\u0131n 37, kay\u0131tlara 60 olarak ge\u00e7en tecav\u00fcz vakas\u0131n\u0131n ise 400 civar\u0131nda oldu\u011funu s\u00f6yledi.<\/p>\n<p style=\"text-align: justify\">Bo\u011fa, baz\u0131 kad\u0131nlar\u0131n tecav\u00fcz edildikten sonra \u00f6ld\u00fcr\u00fcld\u00fc\u011f\u00fcne dikkat \u00e7ekti. 90 ya\u015f\u0131ndaki rahip Hrisantos Mantas&#8217;\u0131n diri diri yak\u0131ld\u0131\u011f\u0131n\u0131 ve baz\u0131 rahiplerinin b\u0131\u00e7akla zorla s\u00fcnnet edildi\u011finin alt\u0131n\u0131 \u00e7izdi.<\/p>\n<p style=\"text-align: justify\">4 bin 214 ev, 73 kilise, 26 okul, 1 sinagog ve i\u015fyeri, d\u00fckkan benzeri toplam 5 bin 317 mekan\u0131n yak\u0131ld\u0131\u011f\u0131n\u0131, y\u0131k\u0131ld\u0131\u011f\u0131n\u0131 ve ya\u011fmaland\u0131\u011f\u0131n\u0131 hat\u0131rlatan Bo\u011fa, \u0130stanbul Anadolu yakas\u0131ndan B\u00fcy\u00fckada&#8217;ya ya\u011fmac\u0131lar\u0131 ta\u015f\u0131yan 40 vapurun kald\u0131r\u0131ld\u0131\u011f\u0131n\u0131 s\u00f6yledi.<\/p>\n<p style=\"text-align: justify\">&#8220;6-7 Eyl\u00fcl gizli bir devlet operasyonuydu. Kitleleri tahrik etmek i\u00e7in kullan\u0131lan Atat\u00fcrk&#8217;\u00fcn evine bomba konulmas\u0131 i\u015finin ger\u00e7ekte M\u0130T&#8217;in organizasyonu oldu\u011fu 1960 darbecilerinin kurdu\u011fu Yass\u0131ada duru\u015fmalar\u0131 s\u0131ras\u0131nda ortaya \u00e7\u0131kt\u0131&#8221; \u015feklinde konu\u015fan Bo\u011fa, s\u00fcrecin hala devam etti\u011fini, tek millet, tek din, tek k\u00fclt\u00fcr anlay\u0131\u015f\u0131n\u0131n egemenli\u011fini s\u00fcrd\u00fcrd\u00fc\u011f\u00fcn\u00fc s\u00f6yledi.<br \/>\n<strong><em><br \/>\nM\u00fccadelede en \u00f6nemli ara\u00e7 ayna tutmak<\/em><\/strong><\/p>\n<p style=\"text-align: justify\">Toplumun kendisiyle y\u00fczle\u015fmesini sa\u011flaman\u0131n, \u0131rk\u00e7\u0131l\u0131k, milliyet\u00e7ilik ve ayr\u0131mc\u0131l\u0131kla m\u00fccadelenin en \u00f6nemli unsurunun topluma ayna tutmak oldu\u011funu kaydeden Bo\u011fa, \u201cBu y\u00fczden biz insan haklar\u0131 savunucular\u0131 lin\u00e7 k\u00fclt\u00fcr\u00fcn\u00fcn b\u00fct\u00fcn bile\u015fenlerini aram\u0131zdan kovana kadar m\u00fccadele edece\u011fiz\u201d dedi.<\/p>\n<p style=\"text-align: justify\"><strong>\u00a0<\/strong><strong><em>atilimhaber.org<br \/>\n07.09.2010<\/em><\/strong><\/p>\n","protected":false},"excerpt":{"rendered":"<p>\u0130HD Irk\u00e7\u0131l\u0131k ve Ayr\u0131mc\u0131l\u0131\u011fa Kar\u015f\u0131 Komisyon ve \u00c7\u0131plak Ayaklar Kumpanyas\u0131, 6-7 Eyl\u00fcl&#8217;\u00fcn y\u0131l d\u00f6n\u00fcm\u00fcnde \u0130stiklal Caddesi&#8217;nde \u201cIrk\u00e7\u0131l\u0131\u011fa, ya\u011fmaya, talana bir daha asla\u201d slogan\u0131yla y\u00fcr\u00fcd\u00fc, &#8216;Utand\u0131ran Tarih&#8217; ba\u015fl\u0131kl\u0131 bildirileri da\u011f\u0131tt\u0131. 6-7 Eyl\u00fcl lin\u00e7 olaylar\u0131n\u0131n 55. y\u0131l\u0131nda \u0130HD Irk\u00e7\u0131l\u0131k ve Ayr\u0131mc\u0131l\u0131\u011fa Kar\u015f\u0131 Komisyon ve \u00c7\u0131plak Ayaklar Kumpanyas\u0131 Taksim Tramvay Dura\u011f\u0131&#8217;ndan Galatasaray&#8217;a y\u00fcr\u00fcd\u00fc, &#8220;6-7 Eyl\u00fcl taland\u0131r, ya\u011fmad\u0131r, y\u0131k\u0131md\u0131r, [&hellip;]<\/p>\n","protected":false},"author":3,"featured_media":0,"comment_status":"closed","ping_status":"open","sticky":false,"template":"","format":"standard","meta":{"footnotes":""},"categories":[14],"tags":[],"class_list":["post-1883","post","type-post","status-publish","format-standard","hentry","category-haberler"],"yoast_head":"<!-- This site is optimized with the Yoast SEO plugin v27.4 - https:\/\/yoast.com\/product\/yoast-seo-wordpress\/ -->\n<title>Taksim&#039;de &#039;Utand\u0131ran Tarih&#039; y\u00fcr\u00fcy\u00fc\u015f\u00fc - Bati Ermenistan Ve Bati Ermenileri Sorunlari Ara\u015ftirmalar Merkezi<\/title>\n<meta name=\"robots\" content=\"index, follow, max-snippet:-1, max-image-preview:large, max-video-preview:-1\" \/>\n<link rel=\"canonical\" href=\"https:\/\/akunq.net\/turkish\/2010\/09\/08\/taksimde-utandiran-tarih-yuruyusu\/\" \/>\n<meta property=\"og:locale\" content=\"en_US\" \/>\n<meta property=\"og:type\" content=\"article\" \/>\n<meta property=\"og:title\" content=\"Taksim&#039;de &#039;Utand\u0131ran Tarih&#039; y\u00fcr\u00fcy\u00fc\u015f\u00fc - Bati Ermenistan Ve Bati Ermenileri Sorunlari Ara\u015ftirmalar Merkezi\" \/>\n<meta property=\"og:description\" content=\"\u0130HD Irk\u00e7\u0131l\u0131k ve Ayr\u0131mc\u0131l\u0131\u011fa Kar\u015f\u0131 Komisyon ve \u00c7\u0131plak Ayaklar Kumpanyas\u0131, 6-7 Eyl\u00fcl&#8217;\u00fcn y\u0131l d\u00f6n\u00fcm\u00fcnde \u0130stiklal Caddesi&#8217;nde \u201cIrk\u00e7\u0131l\u0131\u011fa, ya\u011fmaya, talana bir daha asla\u201d slogan\u0131yla y\u00fcr\u00fcd\u00fc, &#8216;Utand\u0131ran Tarih&#8217; ba\u015fl\u0131kl\u0131 bildirileri da\u011f\u0131tt\u0131. 6-7 Eyl\u00fcl lin\u00e7 olaylar\u0131n\u0131n 55. y\u0131l\u0131nda \u0130HD Irk\u00e7\u0131l\u0131k ve Ayr\u0131mc\u0131l\u0131\u011fa Kar\u015f\u0131 Komisyon ve \u00c7\u0131plak Ayaklar Kumpanyas\u0131 Taksim Tramvay Dura\u011f\u0131&#8217;ndan Galatasaray&#8217;a y\u00fcr\u00fcd\u00fc, &#8220;6-7 Eyl\u00fcl taland\u0131r, ya\u011fmad\u0131r, y\u0131k\u0131md\u0131r, [&hellip;]\" \/>\n<meta property=\"og:url\" content=\"https:\/\/akunq.net\/turkish\/2010\/09\/08\/taksimde-utandiran-tarih-yuruyusu\/\" \/>\n<meta property=\"og:site_name\" content=\"Bati Ermenistan Ve Bati Ermenileri Sorunlari Ara\u015ftirmalar Merkezi\" \/>\n<meta property=\"article:published_time\" content=\"2010-09-08T06:31:31+00:00\" \/>\n<meta name=\"author\" content=\"kalem\" \/>\n<meta name=\"twitter:card\" content=\"summary_large_image\" \/>\n<meta name=\"twitter:label1\" content=\"Written by\" \/>\n\t<meta name=\"twitter:data1\" content=\"kalem\" \/>\n\t<meta name=\"twitter:label2\" content=\"Est. reading time\" \/>\n\t<meta name=\"twitter:data2\" content=\"2 minutes\" \/>\n<script type=\"application\/ld+json\" class=\"yoast-schema-graph\">{\"@context\":\"https:\\\/\\\/schema.org\",\"@graph\":[{\"@type\":\"Article\",\"@id\":\"https:\\\/\\\/akunq.net\\\/turkish\\\/2010\\\/09\\\/08\\\/taksimde-utandiran-tarih-yuruyusu\\\/#article\",\"isPartOf\":{\"@id\":\"https:\\\/\\\/akunq.net\\\/turkish\\\/2010\\\/09\\\/08\\\/taksimde-utandiran-tarih-yuruyusu\\\/\"},\"author\":{\"name\":\"kalem\",\"@id\":\"https:\\\/\\\/akunq.net\\\/turkish\\\/#\\\/schema\\\/person\\\/135e7923d1aeb8887890799619969a6c\"},\"headline\":\"Taksim&#8217;de &#8216;Utand\u0131ran Tarih&#8217; y\u00fcr\u00fcy\u00fc\u015f\u00fc\",\"datePublished\":\"2010-09-08T06:31:31+00:00\",\"mainEntityOfPage\":{\"@id\":\"https:\\\/\\\/akunq.net\\\/turkish\\\/2010\\\/09\\\/08\\\/taksimde-utandiran-tarih-yuruyusu\\\/\"},\"wordCount\":412,\"articleSection\":[\"Haberler\"],\"inLanguage\":\"en-US\"},{\"@type\":\"WebPage\",\"@id\":\"https:\\\/\\\/akunq.net\\\/turkish\\\/2010\\\/09\\\/08\\\/taksimde-utandiran-tarih-yuruyusu\\\/\",\"url\":\"https:\\\/\\\/akunq.net\\\/turkish\\\/2010\\\/09\\\/08\\\/taksimde-utandiran-tarih-yuruyusu\\\/\",\"name\":\"Taksim'de 'Utand\u0131ran Tarih' y\u00fcr\u00fcy\u00fc\u015f\u00fc - Bati Ermenistan Ve Bati Ermenileri Sorunlari Ara\u015ftirmalar Merkezi\",\"isPartOf\":{\"@id\":\"https:\\\/\\\/akunq.net\\\/turkish\\\/#website\"},\"datePublished\":\"2010-09-08T06:31:31+00:00\",\"author\":{\"@id\":\"https:\\\/\\\/akunq.net\\\/turkish\\\/#\\\/schema\\\/person\\\/135e7923d1aeb8887890799619969a6c\"},\"breadcrumb\":{\"@id\":\"https:\\\/\\\/akunq.net\\\/turkish\\\/2010\\\/09\\\/08\\\/taksimde-utandiran-tarih-yuruyusu\\\/#breadcrumb\"},\"inLanguage\":\"en-US\",\"potentialAction\":[{\"@type\":\"ReadAction\",\"target\":[\"https:\\\/\\\/akunq.net\\\/turkish\\\/2010\\\/09\\\/08\\\/taksimde-utandiran-tarih-yuruyusu\\\/\"]}]},{\"@type\":\"BreadcrumbList\",\"@id\":\"https:\\\/\\\/akunq.net\\\/turkish\\\/2010\\\/09\\\/08\\\/taksimde-utandiran-tarih-yuruyusu\\\/#breadcrumb\",\"itemListElement\":[{\"@type\":\"ListItem\",\"position\":1,\"name\":\"Home\",\"item\":\"https:\\\/\\\/akunq.net\\\/turkish\\\/\"},{\"@type\":\"ListItem\",\"position\":2,\"name\":\"Taksim&#8217;de &#8216;Utand\u0131ran Tarih&#8217; y\u00fcr\u00fcy\u00fc\u015f\u00fc\"}]},{\"@type\":\"WebSite\",\"@id\":\"https:\\\/\\\/akunq.net\\\/turkish\\\/#website\",\"url\":\"https:\\\/\\\/akunq.net\\\/turkish\\\/\",\"name\":\"Bati Ermenistan Ve Bati Ermenileri Sorunlari Ara\u015ftirmalar Merkezi\",\"description\":\"\",\"potentialAction\":[{\"@type\":\"SearchAction\",\"target\":{\"@type\":\"EntryPoint\",\"urlTemplate\":\"https:\\\/\\\/akunq.net\\\/turkish\\\/?s={search_term_string}\"},\"query-input\":{\"@type\":\"PropertyValueSpecification\",\"valueRequired\":true,\"valueName\":\"search_term_string\"}}],\"inLanguage\":\"en-US\"},{\"@type\":\"Person\",\"@id\":\"https:\\\/\\\/akunq.net\\\/turkish\\\/#\\\/schema\\\/person\\\/135e7923d1aeb8887890799619969a6c\",\"name\":\"kalem\",\"image\":{\"@type\":\"ImageObject\",\"inLanguage\":\"en-US\",\"@id\":\"https:\\\/\\\/secure.gravatar.com\\\/avatar\\\/a06875e4b25feb5674296adf8e8a7ae1e587cebce2493fe63c456109967e27d3?s=96&d=mm&r=g\",\"url\":\"https:\\\/\\\/secure.gravatar.com\\\/avatar\\\/a06875e4b25feb5674296adf8e8a7ae1e587cebce2493fe63c456109967e27d3?s=96&d=mm&r=g\",\"contentUrl\":\"https:\\\/\\\/secure.gravatar.com\\\/avatar\\\/a06875e4b25feb5674296adf8e8a7ae1e587cebce2493fe63c456109967e27d3?s=96&d=mm&r=g\",\"caption\":\"kalem\"},\"url\":\"https:\\\/\\\/akunq.net\\\/turkish\\\/author\\\/kalem\\\/\"}]}<\/script>\n<!-- \/ Yoast SEO plugin. -->","yoast_head_json":{"title":"Taksim'de 'Utand\u0131ran Tarih' y\u00fcr\u00fcy\u00fc\u015f\u00fc - Bati Ermenistan Ve Bati Ermenileri Sorunlari Ara\u015ftirmalar Merkezi","robots":{"index":"index","follow":"follow","max-snippet":"max-snippet:-1","max-image-preview":"max-image-preview:large","max-video-preview":"max-video-preview:-1"},"canonical":"https:\/\/akunq.net\/turkish\/2010\/09\/08\/taksimde-utandiran-tarih-yuruyusu\/","og_locale":"en_US","og_type":"article","og_title":"Taksim'de 'Utand\u0131ran Tarih' y\u00fcr\u00fcy\u00fc\u015f\u00fc - Bati Ermenistan Ve Bati Ermenileri Sorunlari Ara\u015ftirmalar Merkezi","og_description":"\u0130HD Irk\u00e7\u0131l\u0131k ve Ayr\u0131mc\u0131l\u0131\u011fa Kar\u015f\u0131 Komisyon ve \u00c7\u0131plak Ayaklar Kumpanyas\u0131, 6-7 Eyl\u00fcl&#8217;\u00fcn y\u0131l d\u00f6n\u00fcm\u00fcnde \u0130stiklal Caddesi&#8217;nde \u201cIrk\u00e7\u0131l\u0131\u011fa, ya\u011fmaya, talana bir daha asla\u201d slogan\u0131yla y\u00fcr\u00fcd\u00fc, &#8216;Utand\u0131ran Tarih&#8217; ba\u015fl\u0131kl\u0131 bildirileri da\u011f\u0131tt\u0131. 6-7 Eyl\u00fcl lin\u00e7 olaylar\u0131n\u0131n 55. y\u0131l\u0131nda \u0130HD Irk\u00e7\u0131l\u0131k ve Ayr\u0131mc\u0131l\u0131\u011fa Kar\u015f\u0131 Komisyon ve \u00c7\u0131plak Ayaklar Kumpanyas\u0131 Taksim Tramvay Dura\u011f\u0131&#8217;ndan Galatasaray&#8217;a y\u00fcr\u00fcd\u00fc, &#8220;6-7 Eyl\u00fcl taland\u0131r, ya\u011fmad\u0131r, y\u0131k\u0131md\u0131r, [&hellip;]","og_url":"https:\/\/akunq.net\/turkish\/2010\/09\/08\/taksimde-utandiran-tarih-yuruyusu\/","og_site_name":"Bati Ermenistan Ve Bati Ermenileri Sorunlari Ara\u015ftirmalar Merkezi","article_published_time":"2010-09-08T06:31:31+00:00","author":"kalem","twitter_card":"summary_large_image","twitter_misc":{"Written by":"kalem","Est. reading time":"2 minutes"},"schema":{"@context":"https:\/\/schema.org","@graph":[{"@type":"Article","@id":"https:\/\/akunq.net\/turkish\/2010\/09\/08\/taksimde-utandiran-tarih-yuruyusu\/#article","isPartOf":{"@id":"https:\/\/akunq.net\/turkish\/2010\/09\/08\/taksimde-utandiran-tarih-yuruyusu\/"},"author":{"name":"kalem","@id":"https:\/\/akunq.net\/turkish\/#\/schema\/person\/135e7923d1aeb8887890799619969a6c"},"headline":"Taksim&#8217;de &#8216;Utand\u0131ran Tarih&#8217; y\u00fcr\u00fcy\u00fc\u015f\u00fc","datePublished":"2010-09-08T06:31:31+00:00","mainEntityOfPage":{"@id":"https:\/\/akunq.net\/turkish\/2010\/09\/08\/taksimde-utandiran-tarih-yuruyusu\/"},"wordCount":412,"articleSection":["Haberler"],"inLanguage":"en-US"},{"@type":"WebPage","@id":"https:\/\/akunq.net\/turkish\/2010\/09\/08\/taksimde-utandiran-tarih-yuruyusu\/","url":"https:\/\/akunq.net\/turkish\/2010\/09\/08\/taksimde-utandiran-tarih-yuruyusu\/","name":"Taksim'de 'Utand\u0131ran Tarih' y\u00fcr\u00fcy\u00fc\u015f\u00fc - Bati Ermenistan Ve Bati Ermenileri Sorunlari Ara\u015ftirmalar Merkezi","isPartOf":{"@id":"https:\/\/akunq.net\/turkish\/#website"},"datePublished":"2010-09-08T06:31:31+00:00","author":{"@id":"https:\/\/akunq.net\/turkish\/#\/schema\/person\/135e7923d1aeb8887890799619969a6c"},"breadcrumb":{"@id":"https:\/\/akunq.net\/turkish\/2010\/09\/08\/taksimde-utandiran-tarih-yuruyusu\/#breadcrumb"},"inLanguage":"en-US","potentialAction":[{"@type":"ReadAction","target":["https:\/\/akunq.net\/turkish\/2010\/09\/08\/taksimde-utandiran-tarih-yuruyusu\/"]}]},{"@type":"BreadcrumbList","@id":"https:\/\/akunq.net\/turkish\/2010\/09\/08\/taksimde-utandiran-tarih-yuruyusu\/#breadcrumb","itemListElement":[{"@type":"ListItem","position":1,"name":"Home","item":"https:\/\/akunq.net\/turkish\/"},{"@type":"ListItem","position":2,"name":"Taksim&#8217;de &#8216;Utand\u0131ran Tarih&#8217; y\u00fcr\u00fcy\u00fc\u015f\u00fc"}]},{"@type":"WebSite","@id":"https:\/\/akunq.net\/turkish\/#website","url":"https:\/\/akunq.net\/turkish\/","name":"Bati Ermenistan Ve Bati Ermenileri Sorunlari Ara\u015ftirmalar Merkezi","description":"","potentialAction":[{"@type":"SearchAction","target":{"@type":"EntryPoint","urlTemplate":"https:\/\/akunq.net\/turkish\/?s={search_term_string}"},"query-input":{"@type":"PropertyValueSpecification","valueRequired":true,"valueName":"search_term_string"}}],"inLanguage":"en-US"},{"@type":"Person","@id":"https:\/\/akunq.net\/turkish\/#\/schema\/person\/135e7923d1aeb8887890799619969a6c","name":"kalem","image":{"@type":"ImageObject","inLanguage":"en-US","@id":"https:\/\/secure.gravatar.com\/avatar\/a06875e4b25feb5674296adf8e8a7ae1e587cebce2493fe63c456109967e27d3?s=96&d=mm&r=g","url":"https:\/\/secure.gravatar.com\/avatar\/a06875e4b25feb5674296adf8e8a7ae1e587cebce2493fe63c456109967e27d3?s=96&d=mm&r=g","contentUrl":"https:\/\/secure.gravatar.com\/avatar\/a06875e4b25feb5674296adf8e8a7ae1e587cebce2493fe63c456109967e27d3?s=96&d=mm&r=g","caption":"kalem"},"url":"https:\/\/akunq.net\/turkish\/author\/kalem\/"}]}},"_links":{"self":[{"href":"https:\/\/akunq.net\/turkish\/wp-json\/wp\/v2\/posts\/1883","targetHints":{"allow":["GET"]}}],"collection":[{"href":"https:\/\/akunq.net\/turkish\/wp-json\/wp\/v2\/posts"}],"about":[{"href":"https:\/\/akunq.net\/turkish\/wp-json\/wp\/v2\/types\/post"}],"author":[{"embeddable":true,"href":"https:\/\/akunq.net\/turkish\/wp-json\/wp\/v2\/users\/3"}],"replies":[{"embeddable":true,"href":"https:\/\/akunq.net\/turkish\/wp-json\/wp\/v2\/comments?post=1883"}],"version-history":[{"count":0,"href":"https:\/\/akunq.net\/turkish\/wp-json\/wp\/v2\/posts\/1883\/revisions"}],"wp:attachment":[{"href":"https:\/\/akunq.net\/turkish\/wp-json\/wp\/v2\/media?parent=1883"}],"wp:term":[{"taxonomy":"category","embeddable":true,"href":"https:\/\/akunq.net\/turkish\/wp-json\/wp\/v2\/categories?post=1883"},{"taxonomy":"post_tag","embeddable":true,"href":"https:\/\/akunq.net\/turkish\/wp-json\/wp\/v2\/tags?post=1883"}],"curies":[{"name":"wp","href":"https:\/\/api.w.org\/{rel}","templated":true}]}}