{"id":1869,"date":"2010-09-07T01:59:55","date_gmt":"2010-09-07T06:59:55","guid":{"rendered":"http:\/\/akunq.net\/tr\/?p=1869"},"modified":"2010-09-07T01:59:55","modified_gmt":"2010-09-07T06:59:55","slug":"depardieu-turkiye-soykirimi-taniyacak","status":"publish","type":"post","link":"https:\/\/akunq.net\/turkish\/2010\/09\/07\/depardieu-turkiye-soykirimi-taniyacak\/","title":{"rendered":"Depardieu: T\u00fcrkiye soyk\u0131r\u0131m\u0131 tan\u0131yacak"},"content":{"rendered":"<p style=\"text-align: justify\"><strong><em>Ermeni soyk\u0131r\u0131m\u0131 iddialar\u0131na destek veren \u00fcnl\u00fc Frans\u0131z akt\u00f6r Gerard Depardieu, T\u00fcrkiye&#8217;nin &#8220;Soyk\u0131r\u0131m\u0131 tan\u0131ma \u00e7al\u0131\u015fmas\u0131 ba\u015flatt\u0131\u011f\u0131n\u0131&#8221; ileri s\u00fcrd\u00fc. <\/em><\/strong><\/p>\n<p style=\"text-align: justify\">Ermenistan&#8217;daki bir k\u00fclt\u00fcr festivaline kat\u0131lan Gerard Depardieu, soyk\u0131r\u0131m iddialar\u0131na destek verdi. Gerard Depardieu, Ankara&#8217;n\u0131n, &#8220;\u00e7ekinerek&#8221; de olsa, soyk\u0131r\u0131m\u0131 tan\u0131mak i\u00e7in \u00e7al\u0131\u015fma ba\u015flatt\u0131\u011f\u0131n\u0131 s\u00f6yledi. Depardieu, &#8220;Politikaya bula\u015fmak istemiyorum ama soyk\u0131r\u0131m\u0131 tan\u0131ma konusunun baz\u0131 \u00fclkeler taraf\u0131ndan T\u00fcrkiye&#8217;nin \u00f6n\u00fcne konuldu\u011funu biliyorum&#8221; dedi. Frans\u0131z akt\u00f6r, T\u00fcrkiye&#8217;nin soyk\u0131r\u0131m\u0131 tan\u0131mas\u0131 i\u00e7in k\u00fclt\u00fcr\u00fcn ara\u00e7 olarak kullan\u0131lmas\u0131n\u0131 \u00f6nerdi.<\/p>\n<p style=\"text-align: justify\"><strong><em>06\/09\/2010 <\/em><\/strong><\/p>\n<p style=\"text-align: justify\"><strong><em>www.radikal.com.tr<\/em><\/strong><\/p>\n","protected":false},"excerpt":{"rendered":"<p>Ermeni soyk\u0131r\u0131m\u0131 iddialar\u0131na destek veren \u00fcnl\u00fc Frans\u0131z akt\u00f6r Gerard Depardieu, T\u00fcrkiye&#8217;nin &#8220;Soyk\u0131r\u0131m\u0131 tan\u0131ma \u00e7al\u0131\u015fmas\u0131 ba\u015flatt\u0131\u011f\u0131n\u0131&#8221; ileri s\u00fcrd\u00fc. Ermenistan&#8217;daki bir k\u00fclt\u00fcr festivaline kat\u0131lan Gerard Depardieu, soyk\u0131r\u0131m iddialar\u0131na destek verdi. Gerard Depardieu, Ankara&#8217;n\u0131n, &#8220;\u00e7ekinerek&#8221; de olsa, soyk\u0131r\u0131m\u0131 tan\u0131mak i\u00e7in \u00e7al\u0131\u015fma ba\u015flatt\u0131\u011f\u0131n\u0131 s\u00f6yledi. Depardieu, &#8220;Politikaya bula\u015fmak istemiyorum ama soyk\u0131r\u0131m\u0131 tan\u0131ma konusunun baz\u0131 \u00fclkeler taraf\u0131ndan T\u00fcrkiye&#8217;nin \u00f6n\u00fcne konuldu\u011funu biliyorum&#8221; [&hellip;]<\/p>\n","protected":false},"author":3,"featured_media":0,"comment_status":"closed","ping_status":"open","sticky":false,"template":"","format":"standard","meta":{"footnotes":""},"categories":[14],"tags":[],"class_list":["post-1869","post","type-post","status-publish","format-standard","hentry","category-haberler"],"yoast_head":"<!-- This site is optimized with the Yoast SEO plugin v27.4 - https:\/\/yoast.com\/product\/yoast-seo-wordpress\/ -->\n<title>Depardieu: T\u00fcrkiye soyk\u0131r\u0131m\u0131 tan\u0131yacak - Bati Ermenistan Ve Bati Ermenileri Sorunlari Ara\u015ftirmalar Merkezi<\/title>\n<meta name=\"robots\" content=\"index, follow, max-snippet:-1, max-image-preview:large, max-video-preview:-1\" \/>\n<link rel=\"canonical\" href=\"https:\/\/akunq.net\/turkish\/2010\/09\/07\/depardieu-turkiye-soykirimi-taniyacak\/\" \/>\n<meta property=\"og:locale\" content=\"en_US\" \/>\n<meta property=\"og:type\" content=\"article\" \/>\n<meta property=\"og:title\" content=\"Depardieu: T\u00fcrkiye soyk\u0131r\u0131m\u0131 tan\u0131yacak - Bati Ermenistan Ve Bati Ermenileri Sorunlari Ara\u015ftirmalar Merkezi\" \/>\n<meta property=\"og:description\" content=\"Ermeni soyk\u0131r\u0131m\u0131 iddialar\u0131na destek veren \u00fcnl\u00fc Frans\u0131z akt\u00f6r Gerard Depardieu, T\u00fcrkiye&#8217;nin &#8220;Soyk\u0131r\u0131m\u0131 tan\u0131ma \u00e7al\u0131\u015fmas\u0131 ba\u015flatt\u0131\u011f\u0131n\u0131&#8221; ileri s\u00fcrd\u00fc. Ermenistan&#8217;daki bir k\u00fclt\u00fcr festivaline kat\u0131lan Gerard Depardieu, soyk\u0131r\u0131m iddialar\u0131na destek verdi. Gerard Depardieu, Ankara&#8217;n\u0131n, &#8220;\u00e7ekinerek&#8221; de olsa, soyk\u0131r\u0131m\u0131 tan\u0131mak i\u00e7in \u00e7al\u0131\u015fma ba\u015flatt\u0131\u011f\u0131n\u0131 s\u00f6yledi. Depardieu, &#8220;Politikaya bula\u015fmak istemiyorum ama soyk\u0131r\u0131m\u0131 tan\u0131ma konusunun baz\u0131 \u00fclkeler taraf\u0131ndan T\u00fcrkiye&#8217;nin \u00f6n\u00fcne konuldu\u011funu biliyorum&#8221; [&hellip;]\" \/>\n<meta property=\"og:url\" content=\"https:\/\/akunq.net\/turkish\/2010\/09\/07\/depardieu-turkiye-soykirimi-taniyacak\/\" \/>\n<meta property=\"og:site_name\" content=\"Bati Ermenistan Ve Bati Ermenileri Sorunlari Ara\u015ftirmalar Merkezi\" \/>\n<meta property=\"article:published_time\" content=\"2010-09-07T06:59:55+00:00\" \/>\n<meta name=\"author\" content=\"kalem\" \/>\n<meta name=\"twitter:card\" content=\"summary_large_image\" \/>\n<meta name=\"twitter:label1\" content=\"Written by\" \/>\n\t<meta name=\"twitter:data1\" content=\"kalem\" \/>\n\t<meta name=\"twitter:label2\" content=\"Est. reading time\" \/>\n\t<meta name=\"twitter:data2\" content=\"1 minute\" \/>\n<script type=\"application\/ld+json\" class=\"yoast-schema-graph\">{\"@context\":\"https:\\\/\\\/schema.org\",\"@graph\":[{\"@type\":\"Article\",\"@id\":\"https:\\\/\\\/akunq.net\\\/turkish\\\/2010\\\/09\\\/07\\\/depardieu-turkiye-soykirimi-taniyacak\\\/#article\",\"isPartOf\":{\"@id\":\"https:\\\/\\\/akunq.net\\\/turkish\\\/2010\\\/09\\\/07\\\/depardieu-turkiye-soykirimi-taniyacak\\\/\"},\"author\":{\"name\":\"kalem\",\"@id\":\"https:\\\/\\\/akunq.net\\\/turkish\\\/#\\\/schema\\\/person\\\/135e7923d1aeb8887890799619969a6c\"},\"headline\":\"Depardieu: T\u00fcrkiye soyk\u0131r\u0131m\u0131 tan\u0131yacak\",\"datePublished\":\"2010-09-07T06:59:55+00:00\",\"mainEntityOfPage\":{\"@id\":\"https:\\\/\\\/akunq.net\\\/turkish\\\/2010\\\/09\\\/07\\\/depardieu-turkiye-soykirimi-taniyacak\\\/\"},\"wordCount\":127,\"articleSection\":[\"Haberler\"],\"inLanguage\":\"en-US\"},{\"@type\":\"WebPage\",\"@id\":\"https:\\\/\\\/akunq.net\\\/turkish\\\/2010\\\/09\\\/07\\\/depardieu-turkiye-soykirimi-taniyacak\\\/\",\"url\":\"https:\\\/\\\/akunq.net\\\/turkish\\\/2010\\\/09\\\/07\\\/depardieu-turkiye-soykirimi-taniyacak\\\/\",\"name\":\"Depardieu: T\u00fcrkiye soyk\u0131r\u0131m\u0131 tan\u0131yacak - Bati Ermenistan Ve Bati Ermenileri Sorunlari Ara\u015ftirmalar Merkezi\",\"isPartOf\":{\"@id\":\"https:\\\/\\\/akunq.net\\\/turkish\\\/#website\"},\"datePublished\":\"2010-09-07T06:59:55+00:00\",\"author\":{\"@id\":\"https:\\\/\\\/akunq.net\\\/turkish\\\/#\\\/schema\\\/person\\\/135e7923d1aeb8887890799619969a6c\"},\"breadcrumb\":{\"@id\":\"https:\\\/\\\/akunq.net\\\/turkish\\\/2010\\\/09\\\/07\\\/depardieu-turkiye-soykirimi-taniyacak\\\/#breadcrumb\"},\"inLanguage\":\"en-US\",\"potentialAction\":[{\"@type\":\"ReadAction\",\"target\":[\"https:\\\/\\\/akunq.net\\\/turkish\\\/2010\\\/09\\\/07\\\/depardieu-turkiye-soykirimi-taniyacak\\\/\"]}]},{\"@type\":\"BreadcrumbList\",\"@id\":\"https:\\\/\\\/akunq.net\\\/turkish\\\/2010\\\/09\\\/07\\\/depardieu-turkiye-soykirimi-taniyacak\\\/#breadcrumb\",\"itemListElement\":[{\"@type\":\"ListItem\",\"position\":1,\"name\":\"Home\",\"item\":\"https:\\\/\\\/akunq.net\\\/turkish\\\/\"},{\"@type\":\"ListItem\",\"position\":2,\"name\":\"Depardieu: T\u00fcrkiye soyk\u0131r\u0131m\u0131 tan\u0131yacak\"}]},{\"@type\":\"WebSite\",\"@id\":\"https:\\\/\\\/akunq.net\\\/turkish\\\/#website\",\"url\":\"https:\\\/\\\/akunq.net\\\/turkish\\\/\",\"name\":\"Bati Ermenistan Ve Bati Ermenileri Sorunlari Ara\u015ftirmalar Merkezi\",\"description\":\"\",\"potentialAction\":[{\"@type\":\"SearchAction\",\"target\":{\"@type\":\"EntryPoint\",\"urlTemplate\":\"https:\\\/\\\/akunq.net\\\/turkish\\\/?s={search_term_string}\"},\"query-input\":{\"@type\":\"PropertyValueSpecification\",\"valueRequired\":true,\"valueName\":\"search_term_string\"}}],\"inLanguage\":\"en-US\"},{\"@type\":\"Person\",\"@id\":\"https:\\\/\\\/akunq.net\\\/turkish\\\/#\\\/schema\\\/person\\\/135e7923d1aeb8887890799619969a6c\",\"name\":\"kalem\",\"image\":{\"@type\":\"ImageObject\",\"inLanguage\":\"en-US\",\"@id\":\"https:\\\/\\\/secure.gravatar.com\\\/avatar\\\/a06875e4b25feb5674296adf8e8a7ae1e587cebce2493fe63c456109967e27d3?s=96&d=mm&r=g\",\"url\":\"https:\\\/\\\/secure.gravatar.com\\\/avatar\\\/a06875e4b25feb5674296adf8e8a7ae1e587cebce2493fe63c456109967e27d3?s=96&d=mm&r=g\",\"contentUrl\":\"https:\\\/\\\/secure.gravatar.com\\\/avatar\\\/a06875e4b25feb5674296adf8e8a7ae1e587cebce2493fe63c456109967e27d3?s=96&d=mm&r=g\",\"caption\":\"kalem\"},\"url\":\"https:\\\/\\\/akunq.net\\\/turkish\\\/author\\\/kalem\\\/\"}]}<\/script>\n<!-- \/ Yoast SEO plugin. -->","yoast_head_json":{"title":"Depardieu: T\u00fcrkiye soyk\u0131r\u0131m\u0131 tan\u0131yacak - Bati Ermenistan Ve Bati Ermenileri Sorunlari Ara\u015ftirmalar Merkezi","robots":{"index":"index","follow":"follow","max-snippet":"max-snippet:-1","max-image-preview":"max-image-preview:large","max-video-preview":"max-video-preview:-1"},"canonical":"https:\/\/akunq.net\/turkish\/2010\/09\/07\/depardieu-turkiye-soykirimi-taniyacak\/","og_locale":"en_US","og_type":"article","og_title":"Depardieu: T\u00fcrkiye soyk\u0131r\u0131m\u0131 tan\u0131yacak - Bati Ermenistan Ve Bati Ermenileri Sorunlari Ara\u015ftirmalar Merkezi","og_description":"Ermeni soyk\u0131r\u0131m\u0131 iddialar\u0131na destek veren \u00fcnl\u00fc Frans\u0131z akt\u00f6r Gerard Depardieu, T\u00fcrkiye&#8217;nin &#8220;Soyk\u0131r\u0131m\u0131 tan\u0131ma \u00e7al\u0131\u015fmas\u0131 ba\u015flatt\u0131\u011f\u0131n\u0131&#8221; ileri s\u00fcrd\u00fc. Ermenistan&#8217;daki bir k\u00fclt\u00fcr festivaline kat\u0131lan Gerard Depardieu, soyk\u0131r\u0131m iddialar\u0131na destek verdi. Gerard Depardieu, Ankara&#8217;n\u0131n, &#8220;\u00e7ekinerek&#8221; de olsa, soyk\u0131r\u0131m\u0131 tan\u0131mak i\u00e7in \u00e7al\u0131\u015fma ba\u015flatt\u0131\u011f\u0131n\u0131 s\u00f6yledi. Depardieu, &#8220;Politikaya bula\u015fmak istemiyorum ama soyk\u0131r\u0131m\u0131 tan\u0131ma konusunun baz\u0131 \u00fclkeler taraf\u0131ndan T\u00fcrkiye&#8217;nin \u00f6n\u00fcne konuldu\u011funu biliyorum&#8221; [&hellip;]","og_url":"https:\/\/akunq.net\/turkish\/2010\/09\/07\/depardieu-turkiye-soykirimi-taniyacak\/","og_site_name":"Bati Ermenistan Ve Bati Ermenileri Sorunlari Ara\u015ftirmalar Merkezi","article_published_time":"2010-09-07T06:59:55+00:00","author":"kalem","twitter_card":"summary_large_image","twitter_misc":{"Written by":"kalem","Est. reading time":"1 minute"},"schema":{"@context":"https:\/\/schema.org","@graph":[{"@type":"Article","@id":"https:\/\/akunq.net\/turkish\/2010\/09\/07\/depardieu-turkiye-soykirimi-taniyacak\/#article","isPartOf":{"@id":"https:\/\/akunq.net\/turkish\/2010\/09\/07\/depardieu-turkiye-soykirimi-taniyacak\/"},"author":{"name":"kalem","@id":"https:\/\/akunq.net\/turkish\/#\/schema\/person\/135e7923d1aeb8887890799619969a6c"},"headline":"Depardieu: T\u00fcrkiye soyk\u0131r\u0131m\u0131 tan\u0131yacak","datePublished":"2010-09-07T06:59:55+00:00","mainEntityOfPage":{"@id":"https:\/\/akunq.net\/turkish\/2010\/09\/07\/depardieu-turkiye-soykirimi-taniyacak\/"},"wordCount":127,"articleSection":["Haberler"],"inLanguage":"en-US"},{"@type":"WebPage","@id":"https:\/\/akunq.net\/turkish\/2010\/09\/07\/depardieu-turkiye-soykirimi-taniyacak\/","url":"https:\/\/akunq.net\/turkish\/2010\/09\/07\/depardieu-turkiye-soykirimi-taniyacak\/","name":"Depardieu: T\u00fcrkiye soyk\u0131r\u0131m\u0131 tan\u0131yacak - Bati Ermenistan Ve Bati Ermenileri Sorunlari Ara\u015ftirmalar Merkezi","isPartOf":{"@id":"https:\/\/akunq.net\/turkish\/#website"},"datePublished":"2010-09-07T06:59:55+00:00","author":{"@id":"https:\/\/akunq.net\/turkish\/#\/schema\/person\/135e7923d1aeb8887890799619969a6c"},"breadcrumb":{"@id":"https:\/\/akunq.net\/turkish\/2010\/09\/07\/depardieu-turkiye-soykirimi-taniyacak\/#breadcrumb"},"inLanguage":"en-US","potentialAction":[{"@type":"ReadAction","target":["https:\/\/akunq.net\/turkish\/2010\/09\/07\/depardieu-turkiye-soykirimi-taniyacak\/"]}]},{"@type":"BreadcrumbList","@id":"https:\/\/akunq.net\/turkish\/2010\/09\/07\/depardieu-turkiye-soykirimi-taniyacak\/#breadcrumb","itemListElement":[{"@type":"ListItem","position":1,"name":"Home","item":"https:\/\/akunq.net\/turkish\/"},{"@type":"ListItem","position":2,"name":"Depardieu: T\u00fcrkiye soyk\u0131r\u0131m\u0131 tan\u0131yacak"}]},{"@type":"WebSite","@id":"https:\/\/akunq.net\/turkish\/#website","url":"https:\/\/akunq.net\/turkish\/","name":"Bati Ermenistan Ve Bati Ermenileri Sorunlari Ara\u015ftirmalar Merkezi","description":"","potentialAction":[{"@type":"SearchAction","target":{"@type":"EntryPoint","urlTemplate":"https:\/\/akunq.net\/turkish\/?s={search_term_string}"},"query-input":{"@type":"PropertyValueSpecification","valueRequired":true,"valueName":"search_term_string"}}],"inLanguage":"en-US"},{"@type":"Person","@id":"https:\/\/akunq.net\/turkish\/#\/schema\/person\/135e7923d1aeb8887890799619969a6c","name":"kalem","image":{"@type":"ImageObject","inLanguage":"en-US","@id":"https:\/\/secure.gravatar.com\/avatar\/a06875e4b25feb5674296adf8e8a7ae1e587cebce2493fe63c456109967e27d3?s=96&d=mm&r=g","url":"https:\/\/secure.gravatar.com\/avatar\/a06875e4b25feb5674296adf8e8a7ae1e587cebce2493fe63c456109967e27d3?s=96&d=mm&r=g","contentUrl":"https:\/\/secure.gravatar.com\/avatar\/a06875e4b25feb5674296adf8e8a7ae1e587cebce2493fe63c456109967e27d3?s=96&d=mm&r=g","caption":"kalem"},"url":"https:\/\/akunq.net\/turkish\/author\/kalem\/"}]}},"_links":{"self":[{"href":"https:\/\/akunq.net\/turkish\/wp-json\/wp\/v2\/posts\/1869","targetHints":{"allow":["GET"]}}],"collection":[{"href":"https:\/\/akunq.net\/turkish\/wp-json\/wp\/v2\/posts"}],"about":[{"href":"https:\/\/akunq.net\/turkish\/wp-json\/wp\/v2\/types\/post"}],"author":[{"embeddable":true,"href":"https:\/\/akunq.net\/turkish\/wp-json\/wp\/v2\/users\/3"}],"replies":[{"embeddable":true,"href":"https:\/\/akunq.net\/turkish\/wp-json\/wp\/v2\/comments?post=1869"}],"version-history":[{"count":0,"href":"https:\/\/akunq.net\/turkish\/wp-json\/wp\/v2\/posts\/1869\/revisions"}],"wp:attachment":[{"href":"https:\/\/akunq.net\/turkish\/wp-json\/wp\/v2\/media?parent=1869"}],"wp:term":[{"taxonomy":"category","embeddable":true,"href":"https:\/\/akunq.net\/turkish\/wp-json\/wp\/v2\/categories?post=1869"},{"taxonomy":"post_tag","embeddable":true,"href":"https:\/\/akunq.net\/turkish\/wp-json\/wp\/v2\/tags?post=1869"}],"curies":[{"name":"wp","href":"https:\/\/api.w.org\/{rel}","templated":true}]}}