{"id":1865,"date":"2010-09-07T01:57:59","date_gmt":"2010-09-07T06:57:59","guid":{"rendered":"http:\/\/akunq.net\/tr\/?p=1865"},"modified":"2010-09-07T01:57:59","modified_gmt":"2010-09-07T06:57:59","slug":"patriklik-ayin-planinda-degisiklik-yok","status":"publish","type":"post","link":"https:\/\/akunq.net\/turkish\/2010\/09\/07\/patriklik-ayin-planinda-degisiklik-yok\/","title":{"rendered":"Patriklik: Ayin Plan\u0131nda De\u011fi\u015fiklik Yok"},"content":{"rendered":"<p style=\"text-align: justify\">T\u00fcrkiye Ermenileri Patrikli\u011fi, bug\u00fcn toplanan Ruhani Meclis&#8217;in Surp Ha\u00e7 Kilisesi&#8217;nde 19 Eyl\u00fclde yap\u0131lmas\u0131 planlanan ayinin hi\u00e7bir de\u011fi\u015fikli\u011fe u\u011framaks\u0131z\u0131n daha \u00f6nce planland\u0131\u011f\u0131 \u015fekilde yap\u0131lmas\u0131na karar verdi\u011fini bildirdi.<\/p>\n<p style=\"text-align: justify\">T\u00fcrkiye Ermenileri Patrikli\u011fi imzas\u0131yla yap\u0131lan yaz\u0131l\u0131 a\u00e7\u0131klamada, \u015f\u00f6yle denildi:<br \/>\n&#8216;T\u00fcrkiye Ermenileri Patrikli\u011fi Ruhani Meclisi, Patrik Genel Vekili Ba\u015fpiskopos Aram Ate\u015fyan riyasetinde toplanarak, Van ili Geva\u015f \u0130l\u00e7esi, Ahtamar Adas\u0131&#8217;nda bulunan Surp Ha\u00e7 Kilisesi&#8217;nde 19 Eyl\u00fcl 2010 Pazar saat 11.00&#8217;de ger\u00e7ekle\u015ftirilmesi planlanan dini t\u00f6ren ile ilgili g\u00f6r\u00fc\u015fmelerde bulunmu\u015ftur. Ruhani Meclis, organizasyonun hi\u00e7bir de\u011fi\u015fikli\u011fe u\u011framaks\u0131z\u0131n, daha \u00f6nce planland\u0131\u011f\u0131 \u015fekilde ger\u00e7ekle\u015ftirilmesine karar vermi\u015ftir.<\/p>\n<p style=\"text-align: justify\">Medya organlar\u0131nda yay\u0131nlanan &#8216;Ermeni Patrikhanesi&#8217; ifadesinin T\u00fcrkiye Ermenileri Patrikli\u011fi ile ili\u015fkisi yoktur.<\/p>\n<p style=\"text-align: justify\"><strong>\u00a0<\/strong><strong>Kaynak:<\/strong> beyazgazete.com<br \/>\n<strong>Tarih:<\/strong> 06.09.2010<\/p>\n","protected":false},"excerpt":{"rendered":"<p>T\u00fcrkiye Ermenileri Patrikli\u011fi, bug\u00fcn toplanan Ruhani Meclis&#8217;in Surp Ha\u00e7 Kilisesi&#8217;nde 19 Eyl\u00fclde yap\u0131lmas\u0131 planlanan ayinin hi\u00e7bir de\u011fi\u015fikli\u011fe u\u011framaks\u0131z\u0131n daha \u00f6nce planland\u0131\u011f\u0131 \u015fekilde yap\u0131lmas\u0131na karar verdi\u011fini bildirdi. T\u00fcrkiye Ermenileri Patrikli\u011fi imzas\u0131yla yap\u0131lan yaz\u0131l\u0131 a\u00e7\u0131klamada, \u015f\u00f6yle denildi: &#8216;T\u00fcrkiye Ermenileri Patrikli\u011fi Ruhani Meclisi, Patrik Genel Vekili Ba\u015fpiskopos Aram Ate\u015fyan riyasetinde toplanarak, Van ili Geva\u015f \u0130l\u00e7esi, Ahtamar Adas\u0131&#8217;nda bulunan [&hellip;]<\/p>\n","protected":false},"author":3,"featured_media":0,"comment_status":"closed","ping_status":"open","sticky":false,"template":"","format":"standard","meta":{"footnotes":""},"categories":[14],"tags":[],"class_list":["post-1865","post","type-post","status-publish","format-standard","hentry","category-haberler"],"yoast_head":"<!-- This site is optimized with the Yoast SEO plugin v27.4 - https:\/\/yoast.com\/product\/yoast-seo-wordpress\/ -->\n<title>Patriklik: Ayin Plan\u0131nda De\u011fi\u015fiklik Yok - Bati Ermenistan Ve Bati Ermenileri Sorunlari Ara\u015ftirmalar Merkezi<\/title>\n<meta name=\"robots\" content=\"index, follow, max-snippet:-1, max-image-preview:large, max-video-preview:-1\" \/>\n<link rel=\"canonical\" href=\"https:\/\/akunq.net\/turkish\/2010\/09\/07\/patriklik-ayin-planinda-degisiklik-yok\/\" \/>\n<meta property=\"og:locale\" content=\"en_US\" \/>\n<meta property=\"og:type\" content=\"article\" \/>\n<meta property=\"og:title\" content=\"Patriklik: Ayin Plan\u0131nda De\u011fi\u015fiklik Yok - Bati Ermenistan Ve Bati Ermenileri Sorunlari Ara\u015ftirmalar Merkezi\" \/>\n<meta property=\"og:description\" content=\"T\u00fcrkiye Ermenileri Patrikli\u011fi, bug\u00fcn toplanan Ruhani Meclis&#8217;in Surp Ha\u00e7 Kilisesi&#8217;nde 19 Eyl\u00fclde yap\u0131lmas\u0131 planlanan ayinin hi\u00e7bir de\u011fi\u015fikli\u011fe u\u011framaks\u0131z\u0131n daha \u00f6nce planland\u0131\u011f\u0131 \u015fekilde yap\u0131lmas\u0131na karar verdi\u011fini bildirdi. T\u00fcrkiye Ermenileri Patrikli\u011fi imzas\u0131yla yap\u0131lan yaz\u0131l\u0131 a\u00e7\u0131klamada, \u015f\u00f6yle denildi: &#8216;T\u00fcrkiye Ermenileri Patrikli\u011fi Ruhani Meclisi, Patrik Genel Vekili Ba\u015fpiskopos Aram Ate\u015fyan riyasetinde toplanarak, Van ili Geva\u015f \u0130l\u00e7esi, Ahtamar Adas\u0131&#8217;nda bulunan [&hellip;]\" \/>\n<meta property=\"og:url\" content=\"https:\/\/akunq.net\/turkish\/2010\/09\/07\/patriklik-ayin-planinda-degisiklik-yok\/\" \/>\n<meta property=\"og:site_name\" content=\"Bati Ermenistan Ve Bati Ermenileri Sorunlari Ara\u015ftirmalar Merkezi\" \/>\n<meta property=\"article:published_time\" content=\"2010-09-07T06:57:59+00:00\" \/>\n<meta name=\"author\" content=\"kalem\" \/>\n<meta name=\"twitter:card\" content=\"summary_large_image\" \/>\n<meta name=\"twitter:label1\" content=\"Written by\" \/>\n\t<meta name=\"twitter:data1\" content=\"kalem\" \/>\n\t<meta name=\"twitter:label2\" content=\"Est. reading time\" \/>\n\t<meta name=\"twitter:data2\" content=\"1 minute\" \/>\n<script type=\"application\/ld+json\" class=\"yoast-schema-graph\">{\"@context\":\"https:\\\/\\\/schema.org\",\"@graph\":[{\"@type\":\"Article\",\"@id\":\"https:\\\/\\\/akunq.net\\\/turkish\\\/2010\\\/09\\\/07\\\/patriklik-ayin-planinda-degisiklik-yok\\\/#article\",\"isPartOf\":{\"@id\":\"https:\\\/\\\/akunq.net\\\/turkish\\\/2010\\\/09\\\/07\\\/patriklik-ayin-planinda-degisiklik-yok\\\/\"},\"author\":{\"name\":\"kalem\",\"@id\":\"https:\\\/\\\/akunq.net\\\/turkish\\\/#\\\/schema\\\/person\\\/135e7923d1aeb8887890799619969a6c\"},\"headline\":\"Patriklik: Ayin Plan\u0131nda De\u011fi\u015fiklik Yok\",\"datePublished\":\"2010-09-07T06:57:59+00:00\",\"mainEntityOfPage\":{\"@id\":\"https:\\\/\\\/akunq.net\\\/turkish\\\/2010\\\/09\\\/07\\\/patriklik-ayin-planinda-degisiklik-yok\\\/\"},\"wordCount\":155,\"articleSection\":[\"Haberler\"],\"inLanguage\":\"en-US\"},{\"@type\":\"WebPage\",\"@id\":\"https:\\\/\\\/akunq.net\\\/turkish\\\/2010\\\/09\\\/07\\\/patriklik-ayin-planinda-degisiklik-yok\\\/\",\"url\":\"https:\\\/\\\/akunq.net\\\/turkish\\\/2010\\\/09\\\/07\\\/patriklik-ayin-planinda-degisiklik-yok\\\/\",\"name\":\"Patriklik: Ayin Plan\u0131nda De\u011fi\u015fiklik Yok - Bati Ermenistan Ve Bati Ermenileri Sorunlari Ara\u015ftirmalar Merkezi\",\"isPartOf\":{\"@id\":\"https:\\\/\\\/akunq.net\\\/turkish\\\/#website\"},\"datePublished\":\"2010-09-07T06:57:59+00:00\",\"author\":{\"@id\":\"https:\\\/\\\/akunq.net\\\/turkish\\\/#\\\/schema\\\/person\\\/135e7923d1aeb8887890799619969a6c\"},\"breadcrumb\":{\"@id\":\"https:\\\/\\\/akunq.net\\\/turkish\\\/2010\\\/09\\\/07\\\/patriklik-ayin-planinda-degisiklik-yok\\\/#breadcrumb\"},\"inLanguage\":\"en-US\",\"potentialAction\":[{\"@type\":\"ReadAction\",\"target\":[\"https:\\\/\\\/akunq.net\\\/turkish\\\/2010\\\/09\\\/07\\\/patriklik-ayin-planinda-degisiklik-yok\\\/\"]}]},{\"@type\":\"BreadcrumbList\",\"@id\":\"https:\\\/\\\/akunq.net\\\/turkish\\\/2010\\\/09\\\/07\\\/patriklik-ayin-planinda-degisiklik-yok\\\/#breadcrumb\",\"itemListElement\":[{\"@type\":\"ListItem\",\"position\":1,\"name\":\"Home\",\"item\":\"https:\\\/\\\/akunq.net\\\/turkish\\\/\"},{\"@type\":\"ListItem\",\"position\":2,\"name\":\"Patriklik: Ayin Plan\u0131nda De\u011fi\u015fiklik Yok\"}]},{\"@type\":\"WebSite\",\"@id\":\"https:\\\/\\\/akunq.net\\\/turkish\\\/#website\",\"url\":\"https:\\\/\\\/akunq.net\\\/turkish\\\/\",\"name\":\"Bati Ermenistan Ve Bati Ermenileri Sorunlari Ara\u015ftirmalar Merkezi\",\"description\":\"\",\"potentialAction\":[{\"@type\":\"SearchAction\",\"target\":{\"@type\":\"EntryPoint\",\"urlTemplate\":\"https:\\\/\\\/akunq.net\\\/turkish\\\/?s={search_term_string}\"},\"query-input\":{\"@type\":\"PropertyValueSpecification\",\"valueRequired\":true,\"valueName\":\"search_term_string\"}}],\"inLanguage\":\"en-US\"},{\"@type\":\"Person\",\"@id\":\"https:\\\/\\\/akunq.net\\\/turkish\\\/#\\\/schema\\\/person\\\/135e7923d1aeb8887890799619969a6c\",\"name\":\"kalem\",\"image\":{\"@type\":\"ImageObject\",\"inLanguage\":\"en-US\",\"@id\":\"https:\\\/\\\/secure.gravatar.com\\\/avatar\\\/a06875e4b25feb5674296adf8e8a7ae1e587cebce2493fe63c456109967e27d3?s=96&d=mm&r=g\",\"url\":\"https:\\\/\\\/secure.gravatar.com\\\/avatar\\\/a06875e4b25feb5674296adf8e8a7ae1e587cebce2493fe63c456109967e27d3?s=96&d=mm&r=g\",\"contentUrl\":\"https:\\\/\\\/secure.gravatar.com\\\/avatar\\\/a06875e4b25feb5674296adf8e8a7ae1e587cebce2493fe63c456109967e27d3?s=96&d=mm&r=g\",\"caption\":\"kalem\"},\"url\":\"https:\\\/\\\/akunq.net\\\/turkish\\\/author\\\/kalem\\\/\"}]}<\/script>\n<!-- \/ Yoast SEO plugin. -->","yoast_head_json":{"title":"Patriklik: Ayin Plan\u0131nda De\u011fi\u015fiklik Yok - Bati Ermenistan Ve Bati Ermenileri Sorunlari Ara\u015ftirmalar Merkezi","robots":{"index":"index","follow":"follow","max-snippet":"max-snippet:-1","max-image-preview":"max-image-preview:large","max-video-preview":"max-video-preview:-1"},"canonical":"https:\/\/akunq.net\/turkish\/2010\/09\/07\/patriklik-ayin-planinda-degisiklik-yok\/","og_locale":"en_US","og_type":"article","og_title":"Patriklik: Ayin Plan\u0131nda De\u011fi\u015fiklik Yok - Bati Ermenistan Ve Bati Ermenileri Sorunlari Ara\u015ftirmalar Merkezi","og_description":"T\u00fcrkiye Ermenileri Patrikli\u011fi, bug\u00fcn toplanan Ruhani Meclis&#8217;in Surp Ha\u00e7 Kilisesi&#8217;nde 19 Eyl\u00fclde yap\u0131lmas\u0131 planlanan ayinin hi\u00e7bir de\u011fi\u015fikli\u011fe u\u011framaks\u0131z\u0131n daha \u00f6nce planland\u0131\u011f\u0131 \u015fekilde yap\u0131lmas\u0131na karar verdi\u011fini bildirdi. T\u00fcrkiye Ermenileri Patrikli\u011fi imzas\u0131yla yap\u0131lan yaz\u0131l\u0131 a\u00e7\u0131klamada, \u015f\u00f6yle denildi: &#8216;T\u00fcrkiye Ermenileri Patrikli\u011fi Ruhani Meclisi, Patrik Genel Vekili Ba\u015fpiskopos Aram Ate\u015fyan riyasetinde toplanarak, Van ili Geva\u015f \u0130l\u00e7esi, Ahtamar Adas\u0131&#8217;nda bulunan [&hellip;]","og_url":"https:\/\/akunq.net\/turkish\/2010\/09\/07\/patriklik-ayin-planinda-degisiklik-yok\/","og_site_name":"Bati Ermenistan Ve Bati Ermenileri Sorunlari Ara\u015ftirmalar Merkezi","article_published_time":"2010-09-07T06:57:59+00:00","author":"kalem","twitter_card":"summary_large_image","twitter_misc":{"Written by":"kalem","Est. reading time":"1 minute"},"schema":{"@context":"https:\/\/schema.org","@graph":[{"@type":"Article","@id":"https:\/\/akunq.net\/turkish\/2010\/09\/07\/patriklik-ayin-planinda-degisiklik-yok\/#article","isPartOf":{"@id":"https:\/\/akunq.net\/turkish\/2010\/09\/07\/patriklik-ayin-planinda-degisiklik-yok\/"},"author":{"name":"kalem","@id":"https:\/\/akunq.net\/turkish\/#\/schema\/person\/135e7923d1aeb8887890799619969a6c"},"headline":"Patriklik: Ayin Plan\u0131nda De\u011fi\u015fiklik Yok","datePublished":"2010-09-07T06:57:59+00:00","mainEntityOfPage":{"@id":"https:\/\/akunq.net\/turkish\/2010\/09\/07\/patriklik-ayin-planinda-degisiklik-yok\/"},"wordCount":155,"articleSection":["Haberler"],"inLanguage":"en-US"},{"@type":"WebPage","@id":"https:\/\/akunq.net\/turkish\/2010\/09\/07\/patriklik-ayin-planinda-degisiklik-yok\/","url":"https:\/\/akunq.net\/turkish\/2010\/09\/07\/patriklik-ayin-planinda-degisiklik-yok\/","name":"Patriklik: Ayin Plan\u0131nda De\u011fi\u015fiklik Yok - Bati Ermenistan Ve Bati Ermenileri Sorunlari Ara\u015ftirmalar Merkezi","isPartOf":{"@id":"https:\/\/akunq.net\/turkish\/#website"},"datePublished":"2010-09-07T06:57:59+00:00","author":{"@id":"https:\/\/akunq.net\/turkish\/#\/schema\/person\/135e7923d1aeb8887890799619969a6c"},"breadcrumb":{"@id":"https:\/\/akunq.net\/turkish\/2010\/09\/07\/patriklik-ayin-planinda-degisiklik-yok\/#breadcrumb"},"inLanguage":"en-US","potentialAction":[{"@type":"ReadAction","target":["https:\/\/akunq.net\/turkish\/2010\/09\/07\/patriklik-ayin-planinda-degisiklik-yok\/"]}]},{"@type":"BreadcrumbList","@id":"https:\/\/akunq.net\/turkish\/2010\/09\/07\/patriklik-ayin-planinda-degisiklik-yok\/#breadcrumb","itemListElement":[{"@type":"ListItem","position":1,"name":"Home","item":"https:\/\/akunq.net\/turkish\/"},{"@type":"ListItem","position":2,"name":"Patriklik: Ayin Plan\u0131nda De\u011fi\u015fiklik Yok"}]},{"@type":"WebSite","@id":"https:\/\/akunq.net\/turkish\/#website","url":"https:\/\/akunq.net\/turkish\/","name":"Bati Ermenistan Ve Bati Ermenileri Sorunlari Ara\u015ftirmalar Merkezi","description":"","potentialAction":[{"@type":"SearchAction","target":{"@type":"EntryPoint","urlTemplate":"https:\/\/akunq.net\/turkish\/?s={search_term_string}"},"query-input":{"@type":"PropertyValueSpecification","valueRequired":true,"valueName":"search_term_string"}}],"inLanguage":"en-US"},{"@type":"Person","@id":"https:\/\/akunq.net\/turkish\/#\/schema\/person\/135e7923d1aeb8887890799619969a6c","name":"kalem","image":{"@type":"ImageObject","inLanguage":"en-US","@id":"https:\/\/secure.gravatar.com\/avatar\/a06875e4b25feb5674296adf8e8a7ae1e587cebce2493fe63c456109967e27d3?s=96&d=mm&r=g","url":"https:\/\/secure.gravatar.com\/avatar\/a06875e4b25feb5674296adf8e8a7ae1e587cebce2493fe63c456109967e27d3?s=96&d=mm&r=g","contentUrl":"https:\/\/secure.gravatar.com\/avatar\/a06875e4b25feb5674296adf8e8a7ae1e587cebce2493fe63c456109967e27d3?s=96&d=mm&r=g","caption":"kalem"},"url":"https:\/\/akunq.net\/turkish\/author\/kalem\/"}]}},"_links":{"self":[{"href":"https:\/\/akunq.net\/turkish\/wp-json\/wp\/v2\/posts\/1865","targetHints":{"allow":["GET"]}}],"collection":[{"href":"https:\/\/akunq.net\/turkish\/wp-json\/wp\/v2\/posts"}],"about":[{"href":"https:\/\/akunq.net\/turkish\/wp-json\/wp\/v2\/types\/post"}],"author":[{"embeddable":true,"href":"https:\/\/akunq.net\/turkish\/wp-json\/wp\/v2\/users\/3"}],"replies":[{"embeddable":true,"href":"https:\/\/akunq.net\/turkish\/wp-json\/wp\/v2\/comments?post=1865"}],"version-history":[{"count":0,"href":"https:\/\/akunq.net\/turkish\/wp-json\/wp\/v2\/posts\/1865\/revisions"}],"wp:attachment":[{"href":"https:\/\/akunq.net\/turkish\/wp-json\/wp\/v2\/media?parent=1865"}],"wp:term":[{"taxonomy":"category","embeddable":true,"href":"https:\/\/akunq.net\/turkish\/wp-json\/wp\/v2\/categories?post=1865"},{"taxonomy":"post_tag","embeddable":true,"href":"https:\/\/akunq.net\/turkish\/wp-json\/wp\/v2\/tags?post=1865"}],"curies":[{"name":"wp","href":"https:\/\/api.w.org\/{rel}","templated":true}]}}