{"id":1857,"date":"2010-09-06T04:27:31","date_gmt":"2010-09-06T09:27:31","guid":{"rendered":"http:\/\/akunq.net\/tr\/?p=1857"},"modified":"2010-09-06T04:27:31","modified_gmt":"2010-09-06T09:27:31","slug":"suyun-ote-yakasina-baris-mesajlari","status":"publish","type":"post","link":"https:\/\/akunq.net\/turkish\/2010\/09\/06\/suyun-ote-yakasina-baris-mesajlari\/","title":{"rendered":"Suyun \u00f6te yakas\u0131na bar\u0131\u015f mesajlar\u0131"},"content":{"rendered":"<p style=\"text-align: justify\">D\u00fcnya Bar\u0131\u015f G\u00fcn\u00fc nedeniyle d\u00fczenlenen etkinlikler kapsam\u0131nda Ege Denizi\u2019ni Bar\u0131\u015f denizine d\u00f6n\u00fc\u015ft\u00fcrme kararl\u0131l\u0131\u011f\u0131n\u0131 bu y\u0131l da s\u00fcrd\u00fcren \u0130HD, Bozcaada\u2019dan denize bar\u0131\u015f mesajlar\u0131n\u0131n yer ald\u0131\u011f\u0131 \u015fi\u015feyi, Yunanistan\u2019a ula\u015fmas\u0131 i\u00e7in Ege Denizi\u2019ne b\u0131rakt\u0131lar.<\/p>\n<p style=\"text-align: justify\">Bozcaada\u2019daki bar\u0131\u015f etkinli\u011fine \u00c7anakkale \u0130HD\u2019nin yan\u0131 s\u0131ra bu y\u0131l Bal\u0131kesir\u2019den de \u00e7ok say\u0131da kat\u0131l\u0131m oldu. Bozcaada Kalesi \u00f6n\u00fcnde yap\u0131lan bas\u0131n a\u00e7\u0131klamas\u0131nda bar\u0131\u015f \u00e7a\u011fr\u0131lar\u0131 yinelendi.<\/p>\n<p style=\"text-align: justify\">\u0130stanbul, Bursa, Bal\u0131kesir, Sakarya ve \u00c7anakkale \u0130HD \u015eubeleri\u2019nin ortakla\u015fa d\u00fczenledikleri &#8220;7. Geleneksel D\u00fcnya Bar\u0131\u015f G\u00fcn\u00fc&#8221; kutlamalar\u0131 kapsam\u0131nda, bar\u0131\u015fa dikkat \u00e7ekmek amac\u0131yla ger\u00e7ekle\u015ftirilen etkinli\u011fe kat\u0131lanlar, toplu olarak Bozcaada a\u00e7\u0131klar\u0131nda denize bar\u0131\u015f mesajlar\u0131n\u0131n bulundu\u011fu bir \u015fi\u015fe b\u0131rakt\u0131.<\/p>\n<p style=\"text-align: justify\">Bozcaada il\u00e7esinde d\u00fczenlenen etkinlikte bir araya gelen \u0130HD y\u00f6neticileri ve \u00fcyeleri, bar\u0131\u015fa dikkat \u00e7eken pankartlar a\u00e7t\u0131ktan sonra \u00e7e\u015fitli sloganlar atarak kilisenin \u00f6n\u00fcne kadar y\u00fcr\u00fcd\u00fc. Kilisenin \u00f6n\u00fcnde toplanan \u0130HD y\u00f6neticilerinin de aralar\u0131nda bulundu\u011fu yakla\u015f\u0131k 80 ki\u015fi bar\u0131\u015f mesajlar\u0131 verdi.<\/p>\n<p style=\"text-align: justify\">\u0130HD \u00c7anakkale \u015eube Ba\u015fkan\u0131 Kenan D\u00f6ner, yapt\u0131\u011f\u0131 a\u00e7\u0131klamada, bar\u0131\u015f\u0131 savunan t\u00fcm kesimlerin bar\u0131\u015f \u00e7a\u011fr\u0131lar\u0131na destek vermesini beklediklerini belirterek; \u201c1 Eyl\u00fcl 1939\u2019da Hitler ordular\u0131n\u0131n Polonya\u2019ya sald\u0131rmas\u0131yla ba\u015flayan \u0130kinci D\u00fcnya Sava\u015f\u0131\u2019n\u0131n ba\u015flang\u0131\u00e7 tarihi, Birle\u015fmi\u015f Milletler taraf\u0131ndan D\u00fcnya Bar\u0131\u015f G\u00fcn\u00fc olarak ilan edilmi\u015ftir. Aradan ge\u00e7en bunca y\u0131la kar\u015f\u0131n ne d\u00fcnyada ne de \u00fclkemizde adalete dayanan kal\u0131c\u0131 bir bar\u0131\u015f sa\u011flanamam\u0131\u015f olmas\u0131n\u0131, biz insan haklar\u0131 savunucular\u0131 olarak insanl\u0131k toplumu i\u00e7in gelecek tehdidi olarak g\u00f6rmekteyiz. Bizler \u00c7anakkaleli, Bal\u0131kesirli k\u0131saca Marmaral\u0131 ve ayn\u0131 zamanda d\u00fcnyal\u0131 insan haklar\u0131 savunucular\u0131 olarak, \u00f6ncelikle \u00fclkemizde 30 y\u0131ld\u0131r s\u00fcren kirli bir sava\u015f\u0131n, 40 bin fiilen \u00f6l\u00fcme ve 17 bin faili me\u00e7hule sebep olan \u00e7at\u0131\u015fmalar\u0131n bir an \u00f6nce son bulmas\u0131n\u0131, T\u00fcrkiye kad\u0131nlar\u0131n\u0131n ac\u0131lar\u0131n\u0131n, a\u011f\u0131tlar\u0131n\u0131n son bulmas\u0131n\u0131 talep ederek, bar\u0131\u015f g\u00fcn\u00fcnde mesajlar vermek istiyoruz. Bar\u0131\u015f\u0131 savunan t\u00fcm kesimlerin bar\u0131\u015f \u00e7a\u011fr\u0131lar\u0131m\u0131za destek vermesini bekliyoruz. Bar\u0131\u015f, insanlar\u0131n, halklar\u0131n s\u0131n\u0131rs\u0131z e\u015fitli\u011fi ve karde\u015fli\u011fidir. Bar\u0131\u015f k\u00fclt\u00fcr\u00fcm\u00fcz olsun\u201d dedi.<\/p>\n<p style=\"text-align: justify\">\u0130HD Marmara B\u00f6lge Temsilcisi R\u0131za Dalk\u0131l\u0131\u00e7 ise; \u201c\u00dcz\u00fclerek belirtiyorum ki, hem d\u00fcnyada hem \u00fclkemizde 1 Eyl\u00fcl\u2019\u00fc b\u00fcy\u00fck bir ac\u0131yla an\u0131yoruz. Ke\u015fke Rum karde\u015flerimiz gitmeseydi. Ke\u015fke Ermeni karde\u015flerimiz bu topraklardan ayr\u0131lmasayd\u0131. Hepimiz karde\u015f\u00e7e bu topraklarda birlikte bar\u0131\u015f i\u00e7inde ya\u015fad\u0131k\u201d diye konu\u015ftu.<\/p>\n<p style=\"text-align: justify\">Yap\u0131lan a\u00e7\u0131klaman\u0131n ard\u0131ndan Bozcaada\u2019da ya\u015fayan vatanda\u015flara bar\u0131\u015f balonlar\u0131 da\u011f\u0131t\u0131ld\u0131. Daha sonra iskelenin yan\u0131nda bir araya gelen \u0130HD \u00fcyeleri, sembolik olarak farkl\u0131 k\u00fclt\u00fcrleri temsil eden ve b\u00fct\u00fcn halklar\u0131n karde\u015fli\u011fini vurgulayan bezleri birbirine ba\u011flayarak hep bir a\u011f\u0131zdan dostluk \u015fark\u0131lar\u0131 s\u00f6ylediler.<\/p>\n<p style=\"text-align: justify\">Bozcaada feribotuyla denize a\u00e7\u0131lan \u0130nsan Haklar\u0131 Derne\u011fi y\u00f6neticileri ve \u00fcyeleri; T\u00fcrk\u00e7e, K\u00fcrt\u00e7e, Rumca, Ermenice ve Arap\u00e7a olarak ka\u011f\u0131da yazd\u0131klar\u0131 &#8220;Bar\u0131\u015f istiyoruz&#8221; \u015feklindeki notlar\u0131 bir \u015fi\u015fenin i\u00e7ine koyarak denize att\u0131lar.<\/p>\n<p style=\"text-align: justify\"><strong><em>\u00a0\u0130STANBUL\u00a0<\/em><\/strong><\/p>\n<p style=\"text-align: justify\"><strong><em>\u00a0(05.09.2010)<\/em><\/strong><\/p>\n<p style=\"text-align: justify\"><a href=\"http:\/\/www.atilim.org\/haberler\/2010\/09\/05\/Suyun_ote_yakasina_baris_mesajlari__.html\"><strong><em>http:\/\/www.atilim.org\/haberler\/2010\/09\/05\/Suyun_ote_yakasina_baris_mesajlari__.html<\/em><\/strong><\/a><\/p>\n","protected":false},"excerpt":{"rendered":"<p>D\u00fcnya Bar\u0131\u015f G\u00fcn\u00fc nedeniyle d\u00fczenlenen etkinlikler kapsam\u0131nda Ege Denizi\u2019ni Bar\u0131\u015f denizine d\u00f6n\u00fc\u015ft\u00fcrme kararl\u0131l\u0131\u011f\u0131n\u0131 bu y\u0131l da s\u00fcrd\u00fcren \u0130HD, Bozcaada\u2019dan denize bar\u0131\u015f mesajlar\u0131n\u0131n yer ald\u0131\u011f\u0131 \u015fi\u015feyi, Yunanistan\u2019a ula\u015fmas\u0131 i\u00e7in Ege Denizi\u2019ne b\u0131rakt\u0131lar. Bozcaada\u2019daki bar\u0131\u015f etkinli\u011fine \u00c7anakkale \u0130HD\u2019nin yan\u0131 s\u0131ra bu y\u0131l Bal\u0131kesir\u2019den de \u00e7ok say\u0131da kat\u0131l\u0131m oldu. Bozcaada Kalesi \u00f6n\u00fcnde yap\u0131lan bas\u0131n a\u00e7\u0131klamas\u0131nda bar\u0131\u015f \u00e7a\u011fr\u0131lar\u0131 yinelendi. [&hellip;]<\/p>\n","protected":false},"author":3,"featured_media":0,"comment_status":"closed","ping_status":"open","sticky":false,"template":"","format":"standard","meta":{"footnotes":""},"categories":[14],"tags":[],"class_list":["post-1857","post","type-post","status-publish","format-standard","hentry","category-haberler"],"yoast_head":"<!-- This site is optimized with the Yoast SEO plugin v27.4 - https:\/\/yoast.com\/product\/yoast-seo-wordpress\/ -->\n<title>Suyun \u00f6te yakas\u0131na bar\u0131\u015f mesajlar\u0131 - Bati Ermenistan Ve Bati Ermenileri Sorunlari Ara\u015ftirmalar Merkezi<\/title>\n<meta name=\"robots\" content=\"index, follow, max-snippet:-1, max-image-preview:large, max-video-preview:-1\" \/>\n<link rel=\"canonical\" href=\"https:\/\/akunq.net\/turkish\/2010\/09\/06\/suyun-ote-yakasina-baris-mesajlari\/\" \/>\n<meta property=\"og:locale\" content=\"en_US\" \/>\n<meta property=\"og:type\" content=\"article\" \/>\n<meta property=\"og:title\" content=\"Suyun \u00f6te yakas\u0131na bar\u0131\u015f mesajlar\u0131 - Bati Ermenistan Ve Bati Ermenileri Sorunlari Ara\u015ftirmalar Merkezi\" \/>\n<meta property=\"og:description\" content=\"D\u00fcnya Bar\u0131\u015f G\u00fcn\u00fc nedeniyle d\u00fczenlenen etkinlikler kapsam\u0131nda Ege Denizi\u2019ni Bar\u0131\u015f denizine d\u00f6n\u00fc\u015ft\u00fcrme kararl\u0131l\u0131\u011f\u0131n\u0131 bu y\u0131l da s\u00fcrd\u00fcren \u0130HD, Bozcaada\u2019dan denize bar\u0131\u015f mesajlar\u0131n\u0131n yer ald\u0131\u011f\u0131 \u015fi\u015feyi, Yunanistan\u2019a ula\u015fmas\u0131 i\u00e7in Ege Denizi\u2019ne b\u0131rakt\u0131lar. Bozcaada\u2019daki bar\u0131\u015f etkinli\u011fine \u00c7anakkale \u0130HD\u2019nin yan\u0131 s\u0131ra bu y\u0131l Bal\u0131kesir\u2019den de \u00e7ok say\u0131da kat\u0131l\u0131m oldu. Bozcaada Kalesi \u00f6n\u00fcnde yap\u0131lan bas\u0131n a\u00e7\u0131klamas\u0131nda bar\u0131\u015f \u00e7a\u011fr\u0131lar\u0131 yinelendi. [&hellip;]\" \/>\n<meta property=\"og:url\" content=\"https:\/\/akunq.net\/turkish\/2010\/09\/06\/suyun-ote-yakasina-baris-mesajlari\/\" \/>\n<meta property=\"og:site_name\" content=\"Bati Ermenistan Ve Bati Ermenileri Sorunlari Ara\u015ftirmalar Merkezi\" \/>\n<meta property=\"article:published_time\" content=\"2010-09-06T09:27:31+00:00\" \/>\n<meta name=\"author\" content=\"kalem\" \/>\n<meta name=\"twitter:card\" content=\"summary_large_image\" \/>\n<meta name=\"twitter:label1\" content=\"Written by\" \/>\n\t<meta name=\"twitter:data1\" content=\"kalem\" \/>\n\t<meta name=\"twitter:label2\" content=\"Est. reading time\" \/>\n\t<meta name=\"twitter:data2\" content=\"3 minutes\" \/>\n<script type=\"application\/ld+json\" class=\"yoast-schema-graph\">{\"@context\":\"https:\\\/\\\/schema.org\",\"@graph\":[{\"@type\":\"Article\",\"@id\":\"https:\\\/\\\/akunq.net\\\/turkish\\\/2010\\\/09\\\/06\\\/suyun-ote-yakasina-baris-mesajlari\\\/#article\",\"isPartOf\":{\"@id\":\"https:\\\/\\\/akunq.net\\\/turkish\\\/2010\\\/09\\\/06\\\/suyun-ote-yakasina-baris-mesajlari\\\/\"},\"author\":{\"name\":\"kalem\",\"@id\":\"https:\\\/\\\/akunq.net\\\/turkish\\\/#\\\/schema\\\/person\\\/135e7923d1aeb8887890799619969a6c\"},\"headline\":\"Suyun \u00f6te yakas\u0131na bar\u0131\u015f mesajlar\u0131\",\"datePublished\":\"2010-09-06T09:27:31+00:00\",\"mainEntityOfPage\":{\"@id\":\"https:\\\/\\\/akunq.net\\\/turkish\\\/2010\\\/09\\\/06\\\/suyun-ote-yakasina-baris-mesajlari\\\/\"},\"wordCount\":592,\"articleSection\":[\"Haberler\"],\"inLanguage\":\"en-US\"},{\"@type\":\"WebPage\",\"@id\":\"https:\\\/\\\/akunq.net\\\/turkish\\\/2010\\\/09\\\/06\\\/suyun-ote-yakasina-baris-mesajlari\\\/\",\"url\":\"https:\\\/\\\/akunq.net\\\/turkish\\\/2010\\\/09\\\/06\\\/suyun-ote-yakasina-baris-mesajlari\\\/\",\"name\":\"Suyun \u00f6te yakas\u0131na bar\u0131\u015f mesajlar\u0131 - Bati Ermenistan Ve Bati Ermenileri Sorunlari Ara\u015ftirmalar Merkezi\",\"isPartOf\":{\"@id\":\"https:\\\/\\\/akunq.net\\\/turkish\\\/#website\"},\"datePublished\":\"2010-09-06T09:27:31+00:00\",\"author\":{\"@id\":\"https:\\\/\\\/akunq.net\\\/turkish\\\/#\\\/schema\\\/person\\\/135e7923d1aeb8887890799619969a6c\"},\"breadcrumb\":{\"@id\":\"https:\\\/\\\/akunq.net\\\/turkish\\\/2010\\\/09\\\/06\\\/suyun-ote-yakasina-baris-mesajlari\\\/#breadcrumb\"},\"inLanguage\":\"en-US\",\"potentialAction\":[{\"@type\":\"ReadAction\",\"target\":[\"https:\\\/\\\/akunq.net\\\/turkish\\\/2010\\\/09\\\/06\\\/suyun-ote-yakasina-baris-mesajlari\\\/\"]}]},{\"@type\":\"BreadcrumbList\",\"@id\":\"https:\\\/\\\/akunq.net\\\/turkish\\\/2010\\\/09\\\/06\\\/suyun-ote-yakasina-baris-mesajlari\\\/#breadcrumb\",\"itemListElement\":[{\"@type\":\"ListItem\",\"position\":1,\"name\":\"Home\",\"item\":\"https:\\\/\\\/akunq.net\\\/turkish\\\/\"},{\"@type\":\"ListItem\",\"position\":2,\"name\":\"Suyun \u00f6te yakas\u0131na bar\u0131\u015f mesajlar\u0131\"}]},{\"@type\":\"WebSite\",\"@id\":\"https:\\\/\\\/akunq.net\\\/turkish\\\/#website\",\"url\":\"https:\\\/\\\/akunq.net\\\/turkish\\\/\",\"name\":\"Bati Ermenistan Ve Bati Ermenileri Sorunlari Ara\u015ftirmalar Merkezi\",\"description\":\"\",\"potentialAction\":[{\"@type\":\"SearchAction\",\"target\":{\"@type\":\"EntryPoint\",\"urlTemplate\":\"https:\\\/\\\/akunq.net\\\/turkish\\\/?s={search_term_string}\"},\"query-input\":{\"@type\":\"PropertyValueSpecification\",\"valueRequired\":true,\"valueName\":\"search_term_string\"}}],\"inLanguage\":\"en-US\"},{\"@type\":\"Person\",\"@id\":\"https:\\\/\\\/akunq.net\\\/turkish\\\/#\\\/schema\\\/person\\\/135e7923d1aeb8887890799619969a6c\",\"name\":\"kalem\",\"image\":{\"@type\":\"ImageObject\",\"inLanguage\":\"en-US\",\"@id\":\"https:\\\/\\\/secure.gravatar.com\\\/avatar\\\/a06875e4b25feb5674296adf8e8a7ae1e587cebce2493fe63c456109967e27d3?s=96&d=mm&r=g\",\"url\":\"https:\\\/\\\/secure.gravatar.com\\\/avatar\\\/a06875e4b25feb5674296adf8e8a7ae1e587cebce2493fe63c456109967e27d3?s=96&d=mm&r=g\",\"contentUrl\":\"https:\\\/\\\/secure.gravatar.com\\\/avatar\\\/a06875e4b25feb5674296adf8e8a7ae1e587cebce2493fe63c456109967e27d3?s=96&d=mm&r=g\",\"caption\":\"kalem\"},\"url\":\"https:\\\/\\\/akunq.net\\\/turkish\\\/author\\\/kalem\\\/\"}]}<\/script>\n<!-- \/ Yoast SEO plugin. -->","yoast_head_json":{"title":"Suyun \u00f6te yakas\u0131na bar\u0131\u015f mesajlar\u0131 - Bati Ermenistan Ve Bati Ermenileri Sorunlari Ara\u015ftirmalar Merkezi","robots":{"index":"index","follow":"follow","max-snippet":"max-snippet:-1","max-image-preview":"max-image-preview:large","max-video-preview":"max-video-preview:-1"},"canonical":"https:\/\/akunq.net\/turkish\/2010\/09\/06\/suyun-ote-yakasina-baris-mesajlari\/","og_locale":"en_US","og_type":"article","og_title":"Suyun \u00f6te yakas\u0131na bar\u0131\u015f mesajlar\u0131 - Bati Ermenistan Ve Bati Ermenileri Sorunlari Ara\u015ftirmalar Merkezi","og_description":"D\u00fcnya Bar\u0131\u015f G\u00fcn\u00fc nedeniyle d\u00fczenlenen etkinlikler kapsam\u0131nda Ege Denizi\u2019ni Bar\u0131\u015f denizine d\u00f6n\u00fc\u015ft\u00fcrme kararl\u0131l\u0131\u011f\u0131n\u0131 bu y\u0131l da s\u00fcrd\u00fcren \u0130HD, Bozcaada\u2019dan denize bar\u0131\u015f mesajlar\u0131n\u0131n yer ald\u0131\u011f\u0131 \u015fi\u015feyi, Yunanistan\u2019a ula\u015fmas\u0131 i\u00e7in Ege Denizi\u2019ne b\u0131rakt\u0131lar. Bozcaada\u2019daki bar\u0131\u015f etkinli\u011fine \u00c7anakkale \u0130HD\u2019nin yan\u0131 s\u0131ra bu y\u0131l Bal\u0131kesir\u2019den de \u00e7ok say\u0131da kat\u0131l\u0131m oldu. Bozcaada Kalesi \u00f6n\u00fcnde yap\u0131lan bas\u0131n a\u00e7\u0131klamas\u0131nda bar\u0131\u015f \u00e7a\u011fr\u0131lar\u0131 yinelendi. [&hellip;]","og_url":"https:\/\/akunq.net\/turkish\/2010\/09\/06\/suyun-ote-yakasina-baris-mesajlari\/","og_site_name":"Bati Ermenistan Ve Bati Ermenileri Sorunlari Ara\u015ftirmalar Merkezi","article_published_time":"2010-09-06T09:27:31+00:00","author":"kalem","twitter_card":"summary_large_image","twitter_misc":{"Written by":"kalem","Est. reading time":"3 minutes"},"schema":{"@context":"https:\/\/schema.org","@graph":[{"@type":"Article","@id":"https:\/\/akunq.net\/turkish\/2010\/09\/06\/suyun-ote-yakasina-baris-mesajlari\/#article","isPartOf":{"@id":"https:\/\/akunq.net\/turkish\/2010\/09\/06\/suyun-ote-yakasina-baris-mesajlari\/"},"author":{"name":"kalem","@id":"https:\/\/akunq.net\/turkish\/#\/schema\/person\/135e7923d1aeb8887890799619969a6c"},"headline":"Suyun \u00f6te yakas\u0131na bar\u0131\u015f mesajlar\u0131","datePublished":"2010-09-06T09:27:31+00:00","mainEntityOfPage":{"@id":"https:\/\/akunq.net\/turkish\/2010\/09\/06\/suyun-ote-yakasina-baris-mesajlari\/"},"wordCount":592,"articleSection":["Haberler"],"inLanguage":"en-US"},{"@type":"WebPage","@id":"https:\/\/akunq.net\/turkish\/2010\/09\/06\/suyun-ote-yakasina-baris-mesajlari\/","url":"https:\/\/akunq.net\/turkish\/2010\/09\/06\/suyun-ote-yakasina-baris-mesajlari\/","name":"Suyun \u00f6te yakas\u0131na bar\u0131\u015f mesajlar\u0131 - Bati Ermenistan Ve Bati Ermenileri Sorunlari Ara\u015ftirmalar Merkezi","isPartOf":{"@id":"https:\/\/akunq.net\/turkish\/#website"},"datePublished":"2010-09-06T09:27:31+00:00","author":{"@id":"https:\/\/akunq.net\/turkish\/#\/schema\/person\/135e7923d1aeb8887890799619969a6c"},"breadcrumb":{"@id":"https:\/\/akunq.net\/turkish\/2010\/09\/06\/suyun-ote-yakasina-baris-mesajlari\/#breadcrumb"},"inLanguage":"en-US","potentialAction":[{"@type":"ReadAction","target":["https:\/\/akunq.net\/turkish\/2010\/09\/06\/suyun-ote-yakasina-baris-mesajlari\/"]}]},{"@type":"BreadcrumbList","@id":"https:\/\/akunq.net\/turkish\/2010\/09\/06\/suyun-ote-yakasina-baris-mesajlari\/#breadcrumb","itemListElement":[{"@type":"ListItem","position":1,"name":"Home","item":"https:\/\/akunq.net\/turkish\/"},{"@type":"ListItem","position":2,"name":"Suyun \u00f6te yakas\u0131na bar\u0131\u015f mesajlar\u0131"}]},{"@type":"WebSite","@id":"https:\/\/akunq.net\/turkish\/#website","url":"https:\/\/akunq.net\/turkish\/","name":"Bati Ermenistan Ve Bati Ermenileri Sorunlari Ara\u015ftirmalar Merkezi","description":"","potentialAction":[{"@type":"SearchAction","target":{"@type":"EntryPoint","urlTemplate":"https:\/\/akunq.net\/turkish\/?s={search_term_string}"},"query-input":{"@type":"PropertyValueSpecification","valueRequired":true,"valueName":"search_term_string"}}],"inLanguage":"en-US"},{"@type":"Person","@id":"https:\/\/akunq.net\/turkish\/#\/schema\/person\/135e7923d1aeb8887890799619969a6c","name":"kalem","image":{"@type":"ImageObject","inLanguage":"en-US","@id":"https:\/\/secure.gravatar.com\/avatar\/a06875e4b25feb5674296adf8e8a7ae1e587cebce2493fe63c456109967e27d3?s=96&d=mm&r=g","url":"https:\/\/secure.gravatar.com\/avatar\/a06875e4b25feb5674296adf8e8a7ae1e587cebce2493fe63c456109967e27d3?s=96&d=mm&r=g","contentUrl":"https:\/\/secure.gravatar.com\/avatar\/a06875e4b25feb5674296adf8e8a7ae1e587cebce2493fe63c456109967e27d3?s=96&d=mm&r=g","caption":"kalem"},"url":"https:\/\/akunq.net\/turkish\/author\/kalem\/"}]}},"_links":{"self":[{"href":"https:\/\/akunq.net\/turkish\/wp-json\/wp\/v2\/posts\/1857","targetHints":{"allow":["GET"]}}],"collection":[{"href":"https:\/\/akunq.net\/turkish\/wp-json\/wp\/v2\/posts"}],"about":[{"href":"https:\/\/akunq.net\/turkish\/wp-json\/wp\/v2\/types\/post"}],"author":[{"embeddable":true,"href":"https:\/\/akunq.net\/turkish\/wp-json\/wp\/v2\/users\/3"}],"replies":[{"embeddable":true,"href":"https:\/\/akunq.net\/turkish\/wp-json\/wp\/v2\/comments?post=1857"}],"version-history":[{"count":0,"href":"https:\/\/akunq.net\/turkish\/wp-json\/wp\/v2\/posts\/1857\/revisions"}],"wp:attachment":[{"href":"https:\/\/akunq.net\/turkish\/wp-json\/wp\/v2\/media?parent=1857"}],"wp:term":[{"taxonomy":"category","embeddable":true,"href":"https:\/\/akunq.net\/turkish\/wp-json\/wp\/v2\/categories?post=1857"},{"taxonomy":"post_tag","embeddable":true,"href":"https:\/\/akunq.net\/turkish\/wp-json\/wp\/v2\/tags?post=1857"}],"curies":[{"name":"wp","href":"https:\/\/api.w.org\/{rel}","templated":true}]}}