{"id":1848,"date":"2010-09-04T03:34:46","date_gmt":"2010-09-04T08:34:46","guid":{"rendered":"http:\/\/akunq.net\/tr\/?p=1848"},"modified":"2010-09-04T03:34:46","modified_gmt":"2010-09-04T08:34:46","slug":"gerard-depardieu-ermeni-soykirimi-anitini-ziyaret-etti","status":"publish","type":"post","link":"https:\/\/akunq.net\/turkish\/2010\/09\/04\/gerard-depardieu-ermeni-soykirimi-anitini-ziyaret-etti\/","title":{"rendered":"Gerard Depardieu, Ermeni Soyk\u0131r\u0131m\u0131 An\u0131t\u0131&#8217;n\u0131 ziyaret etti"},"content":{"rendered":"<p style=\"text-align: justify\"><a rel=\"attachment wp-att-1849\" href=\"http:\/\/akunq.net\/tr\/?attachment_id=1849\"><img loading=\"lazy\" decoding=\"async\" class=\"alignleft size-full wp-image-1849\" title=\"Depardie\" src=\"http:\/\/akunq.net\/tr\/wp-content\/uploads\/2010\/09\/Depardie.jpg\" alt=\"\" width=\"307\" height=\"300\" srcset=\"https:\/\/akunq.net\/turkish\/wp-content\/uploads\/sites\/5\/2010\/09\/Depardie.jpg 307w, https:\/\/akunq.net\/turkish\/wp-content\/uploads\/sites\/5\/2010\/09\/Depardie-300x293.jpg 300w\" sizes=\"auto, (max-width: 307px) 100vw, 307px\" \/><\/a>Erivan&#8217;da bulunan Frans\u0131z sinemas\u0131n\u0131n \u00fcnl\u00fc oyuncusu Gerard Depardieu Ermeni Soyk\u0131r\u0131m\u0131 an\u0131s\u0131na in\u015fa edilen Tsitsernakaberd An\u0131t\u0131&#8217;n\u0131 ziyaret etti. Bug\u00fcn \u00fcnl\u00fc oyuncu Ermenistan Parlamentosu&#8217;nda gazetecilerle biraraya gelecek.<\/p>\n<p style=\"text-align: justify\">Gerard Depardieu Ermenistan Cumhurba\u015fkan\u0131 Serj Sarkisyan ve Ermenistan Parlamentosu Ba\u015fkan\u0131 Hovik Abrahamyan taraf\u0131ndan da kabul edilecek.<\/p>\n<p style=\"text-align: justify\">Depardieu, Da\u011fl\u0131k Karaba\u011f&#8217;\u0131n ba\u015fkenti Stepanakert&#8217;te 2 Eyl\u00fcl&#8217;de ba\u015flayan ve Erivan&#8217;da devam eden Uluslararas\u0131 Karot (\u00d6zlem) Festivali \u00e7er\u00e7evesinde Ermenistan&#8217;\u0131 ziyaret etti.<br \/>\n\u00a0<\/p>\n<p style=\"text-align: justify\"><strong><em>\u00a0<\/em><\/strong><strong><em>Tert.am<\/em><\/strong><\/p>\n<p style=\"text-align: justify\"><strong><em>04.09.10<\/em><\/strong><\/p>\n","protected":false},"excerpt":{"rendered":"<p>Erivan&#8217;da bulunan Frans\u0131z sinemas\u0131n\u0131n \u00fcnl\u00fc oyuncusu Gerard Depardieu Ermeni Soyk\u0131r\u0131m\u0131 an\u0131s\u0131na in\u015fa edilen Tsitsernakaberd An\u0131t\u0131&#8217;n\u0131 ziyaret etti. Bug\u00fcn \u00fcnl\u00fc oyuncu Ermenistan Parlamentosu&#8217;nda gazetecilerle biraraya gelecek. Gerard Depardieu Ermenistan Cumhurba\u015fkan\u0131 Serj Sarkisyan ve Ermenistan Parlamentosu Ba\u015fkan\u0131 Hovik Abrahamyan taraf\u0131ndan da kabul edilecek. Depardieu, Da\u011fl\u0131k Karaba\u011f&#8217;\u0131n ba\u015fkenti Stepanakert&#8217;te 2 Eyl\u00fcl&#8217;de ba\u015flayan ve Erivan&#8217;da devam eden Uluslararas\u0131 Karot [&hellip;]<\/p>\n","protected":false},"author":3,"featured_media":0,"comment_status":"closed","ping_status":"open","sticky":false,"template":"","format":"standard","meta":{"footnotes":""},"categories":[14],"tags":[],"class_list":["post-1848","post","type-post","status-publish","format-standard","hentry","category-haberler"],"yoast_head":"<!-- This site is optimized with the Yoast SEO plugin v27.4 - https:\/\/yoast.com\/product\/yoast-seo-wordpress\/ -->\n<title>Gerard Depardieu, Ermeni Soyk\u0131r\u0131m\u0131 An\u0131t\u0131&#039;n\u0131 ziyaret etti - Bati Ermenistan Ve Bati Ermenileri Sorunlari Ara\u015ftirmalar Merkezi<\/title>\n<meta name=\"robots\" content=\"index, follow, max-snippet:-1, max-image-preview:large, max-video-preview:-1\" \/>\n<link rel=\"canonical\" href=\"https:\/\/akunq.net\/turkish\/2010\/09\/04\/gerard-depardieu-ermeni-soykirimi-anitini-ziyaret-etti\/\" \/>\n<meta property=\"og:locale\" content=\"en_US\" \/>\n<meta property=\"og:type\" content=\"article\" \/>\n<meta property=\"og:title\" content=\"Gerard Depardieu, Ermeni Soyk\u0131r\u0131m\u0131 An\u0131t\u0131&#039;n\u0131 ziyaret etti - Bati Ermenistan Ve Bati Ermenileri Sorunlari Ara\u015ftirmalar Merkezi\" \/>\n<meta property=\"og:description\" content=\"Erivan&#8217;da bulunan Frans\u0131z sinemas\u0131n\u0131n \u00fcnl\u00fc oyuncusu Gerard Depardieu Ermeni Soyk\u0131r\u0131m\u0131 an\u0131s\u0131na in\u015fa edilen Tsitsernakaberd An\u0131t\u0131&#8217;n\u0131 ziyaret etti. Bug\u00fcn \u00fcnl\u00fc oyuncu Ermenistan Parlamentosu&#8217;nda gazetecilerle biraraya gelecek. Gerard Depardieu Ermenistan Cumhurba\u015fkan\u0131 Serj Sarkisyan ve Ermenistan Parlamentosu Ba\u015fkan\u0131 Hovik Abrahamyan taraf\u0131ndan da kabul edilecek. Depardieu, Da\u011fl\u0131k Karaba\u011f&#8217;\u0131n ba\u015fkenti Stepanakert&#8217;te 2 Eyl\u00fcl&#8217;de ba\u015flayan ve Erivan&#8217;da devam eden Uluslararas\u0131 Karot [&hellip;]\" \/>\n<meta property=\"og:url\" content=\"https:\/\/akunq.net\/turkish\/2010\/09\/04\/gerard-depardieu-ermeni-soykirimi-anitini-ziyaret-etti\/\" \/>\n<meta property=\"og:site_name\" content=\"Bati Ermenistan Ve Bati Ermenileri Sorunlari Ara\u015ftirmalar Merkezi\" \/>\n<meta property=\"article:published_time\" content=\"2010-09-04T08:34:46+00:00\" \/>\n<meta property=\"og:image\" content=\"https:\/\/akunq.net\/turkish\/wp-content\/uploads\/sites\/5\/2010\/09\/Depardie.jpg\" \/>\n\t<meta property=\"og:image:width\" content=\"307\" \/>\n\t<meta property=\"og:image:height\" content=\"300\" \/>\n\t<meta property=\"og:image:type\" content=\"image\/jpeg\" \/>\n<meta name=\"author\" content=\"kalem\" \/>\n<meta name=\"twitter:card\" content=\"summary_large_image\" \/>\n<meta name=\"twitter:label1\" content=\"Written by\" \/>\n\t<meta name=\"twitter:data1\" content=\"kalem\" \/>\n<script type=\"application\/ld+json\" class=\"yoast-schema-graph\">{\"@context\":\"https:\\\/\\\/schema.org\",\"@graph\":[{\"@type\":\"Article\",\"@id\":\"https:\\\/\\\/akunq.net\\\/turkish\\\/2010\\\/09\\\/04\\\/gerard-depardieu-ermeni-soykirimi-anitini-ziyaret-etti\\\/#article\",\"isPartOf\":{\"@id\":\"https:\\\/\\\/akunq.net\\\/turkish\\\/2010\\\/09\\\/04\\\/gerard-depardieu-ermeni-soykirimi-anitini-ziyaret-etti\\\/\"},\"author\":{\"name\":\"kalem\",\"@id\":\"https:\\\/\\\/akunq.net\\\/turkish\\\/#\\\/schema\\\/person\\\/135e7923d1aeb8887890799619969a6c\"},\"headline\":\"Gerard Depardieu, Ermeni Soyk\u0131r\u0131m\u0131 An\u0131t\u0131&#8217;n\u0131 ziyaret etti\",\"datePublished\":\"2010-09-04T08:34:46+00:00\",\"mainEntityOfPage\":{\"@id\":\"https:\\\/\\\/akunq.net\\\/turkish\\\/2010\\\/09\\\/04\\\/gerard-depardieu-ermeni-soykirimi-anitini-ziyaret-etti\\\/\"},\"wordCount\":95,\"image\":{\"@id\":\"https:\\\/\\\/akunq.net\\\/turkish\\\/2010\\\/09\\\/04\\\/gerard-depardieu-ermeni-soykirimi-anitini-ziyaret-etti\\\/#primaryimage\"},\"thumbnailUrl\":\"http:\\\/\\\/akunq.net\\\/tr\\\/wp-content\\\/uploads\\\/2010\\\/09\\\/Depardie.jpg\",\"articleSection\":[\"Haberler\"],\"inLanguage\":\"en-US\"},{\"@type\":\"WebPage\",\"@id\":\"https:\\\/\\\/akunq.net\\\/turkish\\\/2010\\\/09\\\/04\\\/gerard-depardieu-ermeni-soykirimi-anitini-ziyaret-etti\\\/\",\"url\":\"https:\\\/\\\/akunq.net\\\/turkish\\\/2010\\\/09\\\/04\\\/gerard-depardieu-ermeni-soykirimi-anitini-ziyaret-etti\\\/\",\"name\":\"Gerard Depardieu, Ermeni Soyk\u0131r\u0131m\u0131 An\u0131t\u0131'n\u0131 ziyaret etti - Bati Ermenistan Ve Bati Ermenileri Sorunlari Ara\u015ftirmalar Merkezi\",\"isPartOf\":{\"@id\":\"https:\\\/\\\/akunq.net\\\/turkish\\\/#website\"},\"primaryImageOfPage\":{\"@id\":\"https:\\\/\\\/akunq.net\\\/turkish\\\/2010\\\/09\\\/04\\\/gerard-depardieu-ermeni-soykirimi-anitini-ziyaret-etti\\\/#primaryimage\"},\"image\":{\"@id\":\"https:\\\/\\\/akunq.net\\\/turkish\\\/2010\\\/09\\\/04\\\/gerard-depardieu-ermeni-soykirimi-anitini-ziyaret-etti\\\/#primaryimage\"},\"thumbnailUrl\":\"http:\\\/\\\/akunq.net\\\/tr\\\/wp-content\\\/uploads\\\/2010\\\/09\\\/Depardie.jpg\",\"datePublished\":\"2010-09-04T08:34:46+00:00\",\"author\":{\"@id\":\"https:\\\/\\\/akunq.net\\\/turkish\\\/#\\\/schema\\\/person\\\/135e7923d1aeb8887890799619969a6c\"},\"breadcrumb\":{\"@id\":\"https:\\\/\\\/akunq.net\\\/turkish\\\/2010\\\/09\\\/04\\\/gerard-depardieu-ermeni-soykirimi-anitini-ziyaret-etti\\\/#breadcrumb\"},\"inLanguage\":\"en-US\",\"potentialAction\":[{\"@type\":\"ReadAction\",\"target\":[\"https:\\\/\\\/akunq.net\\\/turkish\\\/2010\\\/09\\\/04\\\/gerard-depardieu-ermeni-soykirimi-anitini-ziyaret-etti\\\/\"]}]},{\"@type\":\"ImageObject\",\"inLanguage\":\"en-US\",\"@id\":\"https:\\\/\\\/akunq.net\\\/turkish\\\/2010\\\/09\\\/04\\\/gerard-depardieu-ermeni-soykirimi-anitini-ziyaret-etti\\\/#primaryimage\",\"url\":\"http:\\\/\\\/akunq.net\\\/tr\\\/wp-content\\\/uploads\\\/2010\\\/09\\\/Depardie.jpg\",\"contentUrl\":\"http:\\\/\\\/akunq.net\\\/tr\\\/wp-content\\\/uploads\\\/2010\\\/09\\\/Depardie.jpg\"},{\"@type\":\"BreadcrumbList\",\"@id\":\"https:\\\/\\\/akunq.net\\\/turkish\\\/2010\\\/09\\\/04\\\/gerard-depardieu-ermeni-soykirimi-anitini-ziyaret-etti\\\/#breadcrumb\",\"itemListElement\":[{\"@type\":\"ListItem\",\"position\":1,\"name\":\"Home\",\"item\":\"https:\\\/\\\/akunq.net\\\/turkish\\\/\"},{\"@type\":\"ListItem\",\"position\":2,\"name\":\"Gerard Depardieu, Ermeni Soyk\u0131r\u0131m\u0131 An\u0131t\u0131&#8217;n\u0131 ziyaret etti\"}]},{\"@type\":\"WebSite\",\"@id\":\"https:\\\/\\\/akunq.net\\\/turkish\\\/#website\",\"url\":\"https:\\\/\\\/akunq.net\\\/turkish\\\/\",\"name\":\"Bati Ermenistan Ve Bati Ermenileri Sorunlari Ara\u015ftirmalar Merkezi\",\"description\":\"\",\"potentialAction\":[{\"@type\":\"SearchAction\",\"target\":{\"@type\":\"EntryPoint\",\"urlTemplate\":\"https:\\\/\\\/akunq.net\\\/turkish\\\/?s={search_term_string}\"},\"query-input\":{\"@type\":\"PropertyValueSpecification\",\"valueRequired\":true,\"valueName\":\"search_term_string\"}}],\"inLanguage\":\"en-US\"},{\"@type\":\"Person\",\"@id\":\"https:\\\/\\\/akunq.net\\\/turkish\\\/#\\\/schema\\\/person\\\/135e7923d1aeb8887890799619969a6c\",\"name\":\"kalem\",\"image\":{\"@type\":\"ImageObject\",\"inLanguage\":\"en-US\",\"@id\":\"https:\\\/\\\/secure.gravatar.com\\\/avatar\\\/a06875e4b25feb5674296adf8e8a7ae1e587cebce2493fe63c456109967e27d3?s=96&d=mm&r=g\",\"url\":\"https:\\\/\\\/secure.gravatar.com\\\/avatar\\\/a06875e4b25feb5674296adf8e8a7ae1e587cebce2493fe63c456109967e27d3?s=96&d=mm&r=g\",\"contentUrl\":\"https:\\\/\\\/secure.gravatar.com\\\/avatar\\\/a06875e4b25feb5674296adf8e8a7ae1e587cebce2493fe63c456109967e27d3?s=96&d=mm&r=g\",\"caption\":\"kalem\"},\"url\":\"https:\\\/\\\/akunq.net\\\/turkish\\\/author\\\/kalem\\\/\"}]}<\/script>\n<!-- \/ Yoast SEO plugin. -->","yoast_head_json":{"title":"Gerard Depardieu, Ermeni Soyk\u0131r\u0131m\u0131 An\u0131t\u0131'n\u0131 ziyaret etti - Bati Ermenistan Ve Bati Ermenileri Sorunlari Ara\u015ftirmalar Merkezi","robots":{"index":"index","follow":"follow","max-snippet":"max-snippet:-1","max-image-preview":"max-image-preview:large","max-video-preview":"max-video-preview:-1"},"canonical":"https:\/\/akunq.net\/turkish\/2010\/09\/04\/gerard-depardieu-ermeni-soykirimi-anitini-ziyaret-etti\/","og_locale":"en_US","og_type":"article","og_title":"Gerard Depardieu, Ermeni Soyk\u0131r\u0131m\u0131 An\u0131t\u0131'n\u0131 ziyaret etti - Bati Ermenistan Ve Bati Ermenileri Sorunlari Ara\u015ftirmalar Merkezi","og_description":"Erivan&#8217;da bulunan Frans\u0131z sinemas\u0131n\u0131n \u00fcnl\u00fc oyuncusu Gerard Depardieu Ermeni Soyk\u0131r\u0131m\u0131 an\u0131s\u0131na in\u015fa edilen Tsitsernakaberd An\u0131t\u0131&#8217;n\u0131 ziyaret etti. Bug\u00fcn \u00fcnl\u00fc oyuncu Ermenistan Parlamentosu&#8217;nda gazetecilerle biraraya gelecek. Gerard Depardieu Ermenistan Cumhurba\u015fkan\u0131 Serj Sarkisyan ve Ermenistan Parlamentosu Ba\u015fkan\u0131 Hovik Abrahamyan taraf\u0131ndan da kabul edilecek. Depardieu, Da\u011fl\u0131k Karaba\u011f&#8217;\u0131n ba\u015fkenti Stepanakert&#8217;te 2 Eyl\u00fcl&#8217;de ba\u015flayan ve Erivan&#8217;da devam eden Uluslararas\u0131 Karot [&hellip;]","og_url":"https:\/\/akunq.net\/turkish\/2010\/09\/04\/gerard-depardieu-ermeni-soykirimi-anitini-ziyaret-etti\/","og_site_name":"Bati Ermenistan Ve Bati Ermenileri Sorunlari Ara\u015ftirmalar Merkezi","article_published_time":"2010-09-04T08:34:46+00:00","og_image":[{"width":307,"height":300,"url":"https:\/\/akunq.net\/turkish\/wp-content\/uploads\/sites\/5\/2010\/09\/Depardie.jpg","type":"image\/jpeg"}],"author":"kalem","twitter_card":"summary_large_image","twitter_misc":{"Written by":"kalem"},"schema":{"@context":"https:\/\/schema.org","@graph":[{"@type":"Article","@id":"https:\/\/akunq.net\/turkish\/2010\/09\/04\/gerard-depardieu-ermeni-soykirimi-anitini-ziyaret-etti\/#article","isPartOf":{"@id":"https:\/\/akunq.net\/turkish\/2010\/09\/04\/gerard-depardieu-ermeni-soykirimi-anitini-ziyaret-etti\/"},"author":{"name":"kalem","@id":"https:\/\/akunq.net\/turkish\/#\/schema\/person\/135e7923d1aeb8887890799619969a6c"},"headline":"Gerard Depardieu, Ermeni Soyk\u0131r\u0131m\u0131 An\u0131t\u0131&#8217;n\u0131 ziyaret etti","datePublished":"2010-09-04T08:34:46+00:00","mainEntityOfPage":{"@id":"https:\/\/akunq.net\/turkish\/2010\/09\/04\/gerard-depardieu-ermeni-soykirimi-anitini-ziyaret-etti\/"},"wordCount":95,"image":{"@id":"https:\/\/akunq.net\/turkish\/2010\/09\/04\/gerard-depardieu-ermeni-soykirimi-anitini-ziyaret-etti\/#primaryimage"},"thumbnailUrl":"http:\/\/akunq.net\/tr\/wp-content\/uploads\/2010\/09\/Depardie.jpg","articleSection":["Haberler"],"inLanguage":"en-US"},{"@type":"WebPage","@id":"https:\/\/akunq.net\/turkish\/2010\/09\/04\/gerard-depardieu-ermeni-soykirimi-anitini-ziyaret-etti\/","url":"https:\/\/akunq.net\/turkish\/2010\/09\/04\/gerard-depardieu-ermeni-soykirimi-anitini-ziyaret-etti\/","name":"Gerard Depardieu, Ermeni Soyk\u0131r\u0131m\u0131 An\u0131t\u0131'n\u0131 ziyaret etti - Bati Ermenistan Ve Bati Ermenileri Sorunlari Ara\u015ftirmalar Merkezi","isPartOf":{"@id":"https:\/\/akunq.net\/turkish\/#website"},"primaryImageOfPage":{"@id":"https:\/\/akunq.net\/turkish\/2010\/09\/04\/gerard-depardieu-ermeni-soykirimi-anitini-ziyaret-etti\/#primaryimage"},"image":{"@id":"https:\/\/akunq.net\/turkish\/2010\/09\/04\/gerard-depardieu-ermeni-soykirimi-anitini-ziyaret-etti\/#primaryimage"},"thumbnailUrl":"http:\/\/akunq.net\/tr\/wp-content\/uploads\/2010\/09\/Depardie.jpg","datePublished":"2010-09-04T08:34:46+00:00","author":{"@id":"https:\/\/akunq.net\/turkish\/#\/schema\/person\/135e7923d1aeb8887890799619969a6c"},"breadcrumb":{"@id":"https:\/\/akunq.net\/turkish\/2010\/09\/04\/gerard-depardieu-ermeni-soykirimi-anitini-ziyaret-etti\/#breadcrumb"},"inLanguage":"en-US","potentialAction":[{"@type":"ReadAction","target":["https:\/\/akunq.net\/turkish\/2010\/09\/04\/gerard-depardieu-ermeni-soykirimi-anitini-ziyaret-etti\/"]}]},{"@type":"ImageObject","inLanguage":"en-US","@id":"https:\/\/akunq.net\/turkish\/2010\/09\/04\/gerard-depardieu-ermeni-soykirimi-anitini-ziyaret-etti\/#primaryimage","url":"http:\/\/akunq.net\/tr\/wp-content\/uploads\/2010\/09\/Depardie.jpg","contentUrl":"http:\/\/akunq.net\/tr\/wp-content\/uploads\/2010\/09\/Depardie.jpg"},{"@type":"BreadcrumbList","@id":"https:\/\/akunq.net\/turkish\/2010\/09\/04\/gerard-depardieu-ermeni-soykirimi-anitini-ziyaret-etti\/#breadcrumb","itemListElement":[{"@type":"ListItem","position":1,"name":"Home","item":"https:\/\/akunq.net\/turkish\/"},{"@type":"ListItem","position":2,"name":"Gerard Depardieu, Ermeni Soyk\u0131r\u0131m\u0131 An\u0131t\u0131&#8217;n\u0131 ziyaret etti"}]},{"@type":"WebSite","@id":"https:\/\/akunq.net\/turkish\/#website","url":"https:\/\/akunq.net\/turkish\/","name":"Bati Ermenistan Ve Bati Ermenileri Sorunlari Ara\u015ftirmalar Merkezi","description":"","potentialAction":[{"@type":"SearchAction","target":{"@type":"EntryPoint","urlTemplate":"https:\/\/akunq.net\/turkish\/?s={search_term_string}"},"query-input":{"@type":"PropertyValueSpecification","valueRequired":true,"valueName":"search_term_string"}}],"inLanguage":"en-US"},{"@type":"Person","@id":"https:\/\/akunq.net\/turkish\/#\/schema\/person\/135e7923d1aeb8887890799619969a6c","name":"kalem","image":{"@type":"ImageObject","inLanguage":"en-US","@id":"https:\/\/secure.gravatar.com\/avatar\/a06875e4b25feb5674296adf8e8a7ae1e587cebce2493fe63c456109967e27d3?s=96&d=mm&r=g","url":"https:\/\/secure.gravatar.com\/avatar\/a06875e4b25feb5674296adf8e8a7ae1e587cebce2493fe63c456109967e27d3?s=96&d=mm&r=g","contentUrl":"https:\/\/secure.gravatar.com\/avatar\/a06875e4b25feb5674296adf8e8a7ae1e587cebce2493fe63c456109967e27d3?s=96&d=mm&r=g","caption":"kalem"},"url":"https:\/\/akunq.net\/turkish\/author\/kalem\/"}]}},"_links":{"self":[{"href":"https:\/\/akunq.net\/turkish\/wp-json\/wp\/v2\/posts\/1848","targetHints":{"allow":["GET"]}}],"collection":[{"href":"https:\/\/akunq.net\/turkish\/wp-json\/wp\/v2\/posts"}],"about":[{"href":"https:\/\/akunq.net\/turkish\/wp-json\/wp\/v2\/types\/post"}],"author":[{"embeddable":true,"href":"https:\/\/akunq.net\/turkish\/wp-json\/wp\/v2\/users\/3"}],"replies":[{"embeddable":true,"href":"https:\/\/akunq.net\/turkish\/wp-json\/wp\/v2\/comments?post=1848"}],"version-history":[{"count":0,"href":"https:\/\/akunq.net\/turkish\/wp-json\/wp\/v2\/posts\/1848\/revisions"}],"wp:attachment":[{"href":"https:\/\/akunq.net\/turkish\/wp-json\/wp\/v2\/media?parent=1848"}],"wp:term":[{"taxonomy":"category","embeddable":true,"href":"https:\/\/akunq.net\/turkish\/wp-json\/wp\/v2\/categories?post=1848"},{"taxonomy":"post_tag","embeddable":true,"href":"https:\/\/akunq.net\/turkish\/wp-json\/wp\/v2\/tags?post=1848"}],"curies":[{"name":"wp","href":"https:\/\/api.w.org\/{rel}","templated":true}]}}