{"id":1846,"date":"2010-09-04T02:40:37","date_gmt":"2010-09-04T07:40:37","guid":{"rendered":"http:\/\/akunq.net\/tr\/?p=1846"},"modified":"2010-09-04T02:40:37","modified_gmt":"2010-09-04T07:40:37","slug":"tum-dunya-ermenileri-katolikoslugu-mayr-ator-ana-taht-surp-ecmiadzin-turkiyenin-utanc-verici-kararini-inceliyor-2","status":"publish","type":"post","link":"https:\/\/akunq.net\/turkish\/2010\/09\/04\/tum-dunya-ermenileri-katolikoslugu-mayr-ator-ana-taht-surp-ecmiadzin-turkiyenin-utanc-verici-kararini-inceliyor-2\/","title":{"rendered":"T\u00fcm D\u00fcnya Ermenileri Katolikoslu\u011fu Mayr Ator (Ana Taht) Surp E\u00e7miadzin T\u00fcrkiye\u2019nin Utan\u00e7 Verici Karar\u0131n\u0131 \u0130nceliyor"},"content":{"rendered":"<p style=\"text-align: justify\">News.am haber portali muhabirine konu\u015fan Mayr Ator (Ana Taht) Surp E\u00e7miadzin Bas\u0131n S\u00f6zc\u00fcs\u00fc <em>Vahram Melikyan: \u201cAna Taht Surp E<\/em><em>\u00e7miadzin, Akhtamar Adas\u0131\u2019nda bulunan Surp Ha\u00e7 kilisesine ha\u00e7 tak\u0131lmamas\u0131na karar veren T\u00fcrkiye\u2019ye<\/em><em> kar\u015f\u0131<\/em><em> koyacak tavr\u0131n\u0131<\/em><em> hala<\/em><em> tart\u0131\u015fmaktad\u0131r<\/em><em>. \u015eu an detaylar <\/em><em>incelen<\/em><em>mektedir<\/em><em>. Surp E\u00e7miadzin, yak\u0131n<\/em><em> zamanda <\/em><em>karar\u0131n\u0131<\/em><em> <\/em><em>a\u00e7\u0131klayacak<\/em><em>t\u0131r<\/em><em>. Bu konuda \u015fimdilik hi\u00e7 bir \u015fey s\u00f6yl<\/em><em>e<\/em><em>yemem\u201d diye konu\u015ftu.<\/em><em> \u00a0\u00a0\u00a0\u00a0<\/em><\/p>\n<p style=\"text-align: justify\"><em>\u00a0Belirtmek gerekir ki, 19 Eyl\u00fcl\u2019de ger\u00e7ekle\u015ftirilecek olan ayine Ana Taht Surp E\u00e7miadzin\u2019den piskopos Margos Hovhannisyan ile Gomidas Vardapet Hovnanyan kat\u0131lacakt\u0131. Oysa \u00a0<\/em>Kilikya Katolikoslu\u011fu, iddial\u0131 bir \u015fekilde soyk\u0131r\u0131m\u0131 red politikas\u0131n\u0131 s\u00fcrd\u00fcren, amac\u0131 Ermeni \u00e7evrelerde \u015fa\u015fk\u0131nl\u0131k yaratmak ve uluslararas\u0131 toplum g\u00f6z\u00fcnde insan haklar\u0131 savunucusu g\u00f6z\u00fckmek olan T\u00fcrkiye\u2019ye y\u00f6nelik tavr\u0131n\u0131 ortaya koymak maksad\u0131yla Akhtamar Surp Ha\u00e7 Kilisesi\u2019nde ger\u00e7ekle\u015ftirilecek ayine kat\u0131lmayacak.<\/p>\n<p style=\"text-align: justify\">Hat\u0131rlanaca\u011f\u0131 gibi d\u00fcn T\u00fcrkiye y\u00f6neticileri, ha\u00e7\u0131n Akhtamar\u2019daki Surp Ha\u00e7 Kilisesi\u2019ne tak\u0131lmas\u0131yla ilgili utan\u00e7 verici bir karar ald\u0131. T\u00fcrkiye, kiliseye tak\u0131lacak ha\u00e7\u0131n 200 kilogram civar\u0131nda oldu\u011funu ve ancak iskele kurularak tak\u0131labilece\u011fini belirterek ha\u00e7\u0131n ayine yeti\u015fmesinin m\u00fcmk\u00fcn olmad\u0131\u011f\u0131n\u0131, ancak ayin g\u00fcn\u00fc ziyaret\u00e7ilere sergilenece\u011fini beyan etti.\u00a0<\/p>\n<p style=\"text-align: justify\">\u00a0\u00a0\u00a0\u00a0\u00a0\u00a0\u00a0\u00a0\u00a0\u00a0\u00a0 <strong><em>News.am<\/em><\/strong><\/p>\n<p style=\"text-align: justify\"><strong><em>\u00a0\u00a0\u00a0\u00a0\u00a0\u00a0\u00a0\u00a0\u00a0 03.09.2010<\/em><\/strong><\/p>\n<p style=\"text-align: justify\"><strong><em>Ermenice\u2019den T\u00fcrk\u00e7e\u2019ye \u00e7eviri, www.akunq.net taraf\u0131ndan yap\u0131lm\u0131\u015ft\u0131r.<\/em><\/strong><\/p>\n","protected":false},"excerpt":{"rendered":"<p>News.am haber portali muhabirine konu\u015fan Mayr Ator (Ana Taht) Surp E\u00e7miadzin Bas\u0131n S\u00f6zc\u00fcs\u00fc Vahram Melikyan: \u201cAna Taht Surp E\u00e7miadzin, Akhtamar Adas\u0131\u2019nda bulunan Surp Ha\u00e7 kilisesine ha\u00e7 tak\u0131lmamas\u0131na karar veren T\u00fcrkiye\u2019ye kar\u015f\u0131 koyacak tavr\u0131n\u0131 hala tart\u0131\u015fmaktad\u0131r. \u015eu an detaylar incelenmektedir. Surp E\u00e7miadzin, yak\u0131n zamanda karar\u0131n\u0131 a\u00e7\u0131klayacakt\u0131r. Bu konuda \u015fimdilik hi\u00e7 bir \u015fey s\u00f6yleyemem\u201d diye konu\u015ftu. \u00a0\u00a0\u00a0\u00a0 [&hellip;]<\/p>\n","protected":false},"author":3,"featured_media":0,"comment_status":"closed","ping_status":"open","sticky":false,"template":"","format":"standard","meta":{"footnotes":""},"categories":[14],"tags":[],"class_list":["post-1846","post","type-post","status-publish","format-standard","hentry","category-haberler"],"yoast_head":"<!-- This site is optimized with the Yoast SEO plugin v27.4 - https:\/\/yoast.com\/product\/yoast-seo-wordpress\/ -->\n<title>T\u00fcm D\u00fcnya Ermenileri Katolikoslu\u011fu Mayr Ator (Ana Taht) Surp E\u00e7miadzin T\u00fcrkiye\u2019nin Utan\u00e7 Verici Karar\u0131n\u0131 \u0130nceliyor - Bati Ermenistan Ve Bati Ermenileri Sorunlari Ara\u015ftirmalar Merkezi<\/title>\n<meta name=\"robots\" content=\"index, follow, max-snippet:-1, max-image-preview:large, max-video-preview:-1\" \/>\n<link rel=\"canonical\" href=\"https:\/\/akunq.net\/turkish\/2010\/09\/04\/tum-dunya-ermenileri-katolikoslugu-mayr-ator-ana-taht-surp-ecmiadzin-turkiyenin-utanc-verici-kararini-inceliyor-2\/\" \/>\n<meta property=\"og:locale\" content=\"en_US\" \/>\n<meta property=\"og:type\" content=\"article\" \/>\n<meta property=\"og:title\" content=\"T\u00fcm D\u00fcnya Ermenileri Katolikoslu\u011fu Mayr Ator (Ana Taht) Surp E\u00e7miadzin T\u00fcrkiye\u2019nin Utan\u00e7 Verici Karar\u0131n\u0131 \u0130nceliyor - Bati Ermenistan Ve Bati Ermenileri Sorunlari Ara\u015ftirmalar Merkezi\" \/>\n<meta property=\"og:description\" content=\"News.am haber portali muhabirine konu\u015fan Mayr Ator (Ana Taht) Surp E\u00e7miadzin Bas\u0131n S\u00f6zc\u00fcs\u00fc Vahram Melikyan: \u201cAna Taht Surp E\u00e7miadzin, Akhtamar Adas\u0131\u2019nda bulunan Surp Ha\u00e7 kilisesine ha\u00e7 tak\u0131lmamas\u0131na karar veren T\u00fcrkiye\u2019ye kar\u015f\u0131 koyacak tavr\u0131n\u0131 hala tart\u0131\u015fmaktad\u0131r. \u015eu an detaylar incelenmektedir. Surp E\u00e7miadzin, yak\u0131n zamanda karar\u0131n\u0131 a\u00e7\u0131klayacakt\u0131r. Bu konuda \u015fimdilik hi\u00e7 bir \u015fey s\u00f6yleyemem\u201d diye konu\u015ftu. \u00a0\u00a0\u00a0\u00a0 [&hellip;]\" \/>\n<meta property=\"og:url\" content=\"https:\/\/akunq.net\/turkish\/2010\/09\/04\/tum-dunya-ermenileri-katolikoslugu-mayr-ator-ana-taht-surp-ecmiadzin-turkiyenin-utanc-verici-kararini-inceliyor-2\/\" \/>\n<meta property=\"og:site_name\" content=\"Bati Ermenistan Ve Bati Ermenileri Sorunlari Ara\u015ftirmalar Merkezi\" \/>\n<meta property=\"article:published_time\" content=\"2010-09-04T07:40:37+00:00\" \/>\n<meta name=\"author\" content=\"kalem\" \/>\n<meta name=\"twitter:card\" content=\"summary_large_image\" \/>\n<meta name=\"twitter:label1\" content=\"Written by\" \/>\n\t<meta name=\"twitter:data1\" content=\"kalem\" \/>\n\t<meta name=\"twitter:label2\" content=\"Est. reading time\" \/>\n\t<meta name=\"twitter:data2\" content=\"1 minute\" \/>\n<script type=\"application\/ld+json\" class=\"yoast-schema-graph\">{\"@context\":\"https:\\\/\\\/schema.org\",\"@graph\":[{\"@type\":\"Article\",\"@id\":\"https:\\\/\\\/akunq.net\\\/turkish\\\/2010\\\/09\\\/04\\\/tum-dunya-ermenileri-katolikoslugu-mayr-ator-ana-taht-surp-ecmiadzin-turkiyenin-utanc-verici-kararini-inceliyor-2\\\/#article\",\"isPartOf\":{\"@id\":\"https:\\\/\\\/akunq.net\\\/turkish\\\/2010\\\/09\\\/04\\\/tum-dunya-ermenileri-katolikoslugu-mayr-ator-ana-taht-surp-ecmiadzin-turkiyenin-utanc-verici-kararini-inceliyor-2\\\/\"},\"author\":{\"name\":\"kalem\",\"@id\":\"https:\\\/\\\/akunq.net\\\/turkish\\\/#\\\/schema\\\/person\\\/135e7923d1aeb8887890799619969a6c\"},\"headline\":\"T\u00fcm D\u00fcnya Ermenileri Katolikoslu\u011fu Mayr Ator (Ana Taht) Surp E\u00e7miadzin T\u00fcrkiye\u2019nin Utan\u00e7 Verici Karar\u0131n\u0131 \u0130nceliyor\",\"datePublished\":\"2010-09-04T07:40:37+00:00\",\"mainEntityOfPage\":{\"@id\":\"https:\\\/\\\/akunq.net\\\/turkish\\\/2010\\\/09\\\/04\\\/tum-dunya-ermenileri-katolikoslugu-mayr-ator-ana-taht-surp-ecmiadzin-turkiyenin-utanc-verici-kararini-inceliyor-2\\\/\"},\"wordCount\":271,\"articleSection\":[\"Haberler\"],\"inLanguage\":\"en-US\"},{\"@type\":\"WebPage\",\"@id\":\"https:\\\/\\\/akunq.net\\\/turkish\\\/2010\\\/09\\\/04\\\/tum-dunya-ermenileri-katolikoslugu-mayr-ator-ana-taht-surp-ecmiadzin-turkiyenin-utanc-verici-kararini-inceliyor-2\\\/\",\"url\":\"https:\\\/\\\/akunq.net\\\/turkish\\\/2010\\\/09\\\/04\\\/tum-dunya-ermenileri-katolikoslugu-mayr-ator-ana-taht-surp-ecmiadzin-turkiyenin-utanc-verici-kararini-inceliyor-2\\\/\",\"name\":\"T\u00fcm D\u00fcnya Ermenileri Katolikoslu\u011fu Mayr Ator (Ana Taht) Surp E\u00e7miadzin T\u00fcrkiye\u2019nin Utan\u00e7 Verici Karar\u0131n\u0131 \u0130nceliyor - Bati Ermenistan Ve Bati Ermenileri Sorunlari Ara\u015ftirmalar Merkezi\",\"isPartOf\":{\"@id\":\"https:\\\/\\\/akunq.net\\\/turkish\\\/#website\"},\"datePublished\":\"2010-09-04T07:40:37+00:00\",\"author\":{\"@id\":\"https:\\\/\\\/akunq.net\\\/turkish\\\/#\\\/schema\\\/person\\\/135e7923d1aeb8887890799619969a6c\"},\"breadcrumb\":{\"@id\":\"https:\\\/\\\/akunq.net\\\/turkish\\\/2010\\\/09\\\/04\\\/tum-dunya-ermenileri-katolikoslugu-mayr-ator-ana-taht-surp-ecmiadzin-turkiyenin-utanc-verici-kararini-inceliyor-2\\\/#breadcrumb\"},\"inLanguage\":\"en-US\",\"potentialAction\":[{\"@type\":\"ReadAction\",\"target\":[\"https:\\\/\\\/akunq.net\\\/turkish\\\/2010\\\/09\\\/04\\\/tum-dunya-ermenileri-katolikoslugu-mayr-ator-ana-taht-surp-ecmiadzin-turkiyenin-utanc-verici-kararini-inceliyor-2\\\/\"]}]},{\"@type\":\"BreadcrumbList\",\"@id\":\"https:\\\/\\\/akunq.net\\\/turkish\\\/2010\\\/09\\\/04\\\/tum-dunya-ermenileri-katolikoslugu-mayr-ator-ana-taht-surp-ecmiadzin-turkiyenin-utanc-verici-kararini-inceliyor-2\\\/#breadcrumb\",\"itemListElement\":[{\"@type\":\"ListItem\",\"position\":1,\"name\":\"Home\",\"item\":\"https:\\\/\\\/akunq.net\\\/turkish\\\/\"},{\"@type\":\"ListItem\",\"position\":2,\"name\":\"T\u00fcm D\u00fcnya Ermenileri Katolikoslu\u011fu Mayr Ator (Ana Taht) Surp E\u00e7miadzin T\u00fcrkiye\u2019nin Utan\u00e7 Verici Karar\u0131n\u0131 \u0130nceliyor\"}]},{\"@type\":\"WebSite\",\"@id\":\"https:\\\/\\\/akunq.net\\\/turkish\\\/#website\",\"url\":\"https:\\\/\\\/akunq.net\\\/turkish\\\/\",\"name\":\"Bati Ermenistan Ve Bati Ermenileri Sorunlari Ara\u015ftirmalar Merkezi\",\"description\":\"\",\"potentialAction\":[{\"@type\":\"SearchAction\",\"target\":{\"@type\":\"EntryPoint\",\"urlTemplate\":\"https:\\\/\\\/akunq.net\\\/turkish\\\/?s={search_term_string}\"},\"query-input\":{\"@type\":\"PropertyValueSpecification\",\"valueRequired\":true,\"valueName\":\"search_term_string\"}}],\"inLanguage\":\"en-US\"},{\"@type\":\"Person\",\"@id\":\"https:\\\/\\\/akunq.net\\\/turkish\\\/#\\\/schema\\\/person\\\/135e7923d1aeb8887890799619969a6c\",\"name\":\"kalem\",\"image\":{\"@type\":\"ImageObject\",\"inLanguage\":\"en-US\",\"@id\":\"https:\\\/\\\/secure.gravatar.com\\\/avatar\\\/a06875e4b25feb5674296adf8e8a7ae1e587cebce2493fe63c456109967e27d3?s=96&d=mm&r=g\",\"url\":\"https:\\\/\\\/secure.gravatar.com\\\/avatar\\\/a06875e4b25feb5674296adf8e8a7ae1e587cebce2493fe63c456109967e27d3?s=96&d=mm&r=g\",\"contentUrl\":\"https:\\\/\\\/secure.gravatar.com\\\/avatar\\\/a06875e4b25feb5674296adf8e8a7ae1e587cebce2493fe63c456109967e27d3?s=96&d=mm&r=g\",\"caption\":\"kalem\"},\"url\":\"https:\\\/\\\/akunq.net\\\/turkish\\\/author\\\/kalem\\\/\"}]}<\/script>\n<!-- \/ Yoast SEO plugin. -->","yoast_head_json":{"title":"T\u00fcm D\u00fcnya Ermenileri Katolikoslu\u011fu Mayr Ator (Ana Taht) Surp E\u00e7miadzin T\u00fcrkiye\u2019nin Utan\u00e7 Verici Karar\u0131n\u0131 \u0130nceliyor - Bati Ermenistan Ve Bati Ermenileri Sorunlari Ara\u015ftirmalar Merkezi","robots":{"index":"index","follow":"follow","max-snippet":"max-snippet:-1","max-image-preview":"max-image-preview:large","max-video-preview":"max-video-preview:-1"},"canonical":"https:\/\/akunq.net\/turkish\/2010\/09\/04\/tum-dunya-ermenileri-katolikoslugu-mayr-ator-ana-taht-surp-ecmiadzin-turkiyenin-utanc-verici-kararini-inceliyor-2\/","og_locale":"en_US","og_type":"article","og_title":"T\u00fcm D\u00fcnya Ermenileri Katolikoslu\u011fu Mayr Ator (Ana Taht) Surp E\u00e7miadzin T\u00fcrkiye\u2019nin Utan\u00e7 Verici Karar\u0131n\u0131 \u0130nceliyor - Bati Ermenistan Ve Bati Ermenileri Sorunlari Ara\u015ftirmalar Merkezi","og_description":"News.am haber portali muhabirine konu\u015fan Mayr Ator (Ana Taht) Surp E\u00e7miadzin Bas\u0131n S\u00f6zc\u00fcs\u00fc Vahram Melikyan: \u201cAna Taht Surp E\u00e7miadzin, Akhtamar Adas\u0131\u2019nda bulunan Surp Ha\u00e7 kilisesine ha\u00e7 tak\u0131lmamas\u0131na karar veren T\u00fcrkiye\u2019ye kar\u015f\u0131 koyacak tavr\u0131n\u0131 hala tart\u0131\u015fmaktad\u0131r. \u015eu an detaylar incelenmektedir. Surp E\u00e7miadzin, yak\u0131n zamanda karar\u0131n\u0131 a\u00e7\u0131klayacakt\u0131r. Bu konuda \u015fimdilik hi\u00e7 bir \u015fey s\u00f6yleyemem\u201d diye konu\u015ftu. \u00a0\u00a0\u00a0\u00a0 [&hellip;]","og_url":"https:\/\/akunq.net\/turkish\/2010\/09\/04\/tum-dunya-ermenileri-katolikoslugu-mayr-ator-ana-taht-surp-ecmiadzin-turkiyenin-utanc-verici-kararini-inceliyor-2\/","og_site_name":"Bati Ermenistan Ve Bati Ermenileri Sorunlari Ara\u015ftirmalar Merkezi","article_published_time":"2010-09-04T07:40:37+00:00","author":"kalem","twitter_card":"summary_large_image","twitter_misc":{"Written by":"kalem","Est. reading time":"1 minute"},"schema":{"@context":"https:\/\/schema.org","@graph":[{"@type":"Article","@id":"https:\/\/akunq.net\/turkish\/2010\/09\/04\/tum-dunya-ermenileri-katolikoslugu-mayr-ator-ana-taht-surp-ecmiadzin-turkiyenin-utanc-verici-kararini-inceliyor-2\/#article","isPartOf":{"@id":"https:\/\/akunq.net\/turkish\/2010\/09\/04\/tum-dunya-ermenileri-katolikoslugu-mayr-ator-ana-taht-surp-ecmiadzin-turkiyenin-utanc-verici-kararini-inceliyor-2\/"},"author":{"name":"kalem","@id":"https:\/\/akunq.net\/turkish\/#\/schema\/person\/135e7923d1aeb8887890799619969a6c"},"headline":"T\u00fcm D\u00fcnya Ermenileri Katolikoslu\u011fu Mayr Ator (Ana Taht) Surp E\u00e7miadzin T\u00fcrkiye\u2019nin Utan\u00e7 Verici Karar\u0131n\u0131 \u0130nceliyor","datePublished":"2010-09-04T07:40:37+00:00","mainEntityOfPage":{"@id":"https:\/\/akunq.net\/turkish\/2010\/09\/04\/tum-dunya-ermenileri-katolikoslugu-mayr-ator-ana-taht-surp-ecmiadzin-turkiyenin-utanc-verici-kararini-inceliyor-2\/"},"wordCount":271,"articleSection":["Haberler"],"inLanguage":"en-US"},{"@type":"WebPage","@id":"https:\/\/akunq.net\/turkish\/2010\/09\/04\/tum-dunya-ermenileri-katolikoslugu-mayr-ator-ana-taht-surp-ecmiadzin-turkiyenin-utanc-verici-kararini-inceliyor-2\/","url":"https:\/\/akunq.net\/turkish\/2010\/09\/04\/tum-dunya-ermenileri-katolikoslugu-mayr-ator-ana-taht-surp-ecmiadzin-turkiyenin-utanc-verici-kararini-inceliyor-2\/","name":"T\u00fcm D\u00fcnya Ermenileri Katolikoslu\u011fu Mayr Ator (Ana Taht) Surp E\u00e7miadzin T\u00fcrkiye\u2019nin Utan\u00e7 Verici Karar\u0131n\u0131 \u0130nceliyor - Bati Ermenistan Ve Bati Ermenileri Sorunlari Ara\u015ftirmalar Merkezi","isPartOf":{"@id":"https:\/\/akunq.net\/turkish\/#website"},"datePublished":"2010-09-04T07:40:37+00:00","author":{"@id":"https:\/\/akunq.net\/turkish\/#\/schema\/person\/135e7923d1aeb8887890799619969a6c"},"breadcrumb":{"@id":"https:\/\/akunq.net\/turkish\/2010\/09\/04\/tum-dunya-ermenileri-katolikoslugu-mayr-ator-ana-taht-surp-ecmiadzin-turkiyenin-utanc-verici-kararini-inceliyor-2\/#breadcrumb"},"inLanguage":"en-US","potentialAction":[{"@type":"ReadAction","target":["https:\/\/akunq.net\/turkish\/2010\/09\/04\/tum-dunya-ermenileri-katolikoslugu-mayr-ator-ana-taht-surp-ecmiadzin-turkiyenin-utanc-verici-kararini-inceliyor-2\/"]}]},{"@type":"BreadcrumbList","@id":"https:\/\/akunq.net\/turkish\/2010\/09\/04\/tum-dunya-ermenileri-katolikoslugu-mayr-ator-ana-taht-surp-ecmiadzin-turkiyenin-utanc-verici-kararini-inceliyor-2\/#breadcrumb","itemListElement":[{"@type":"ListItem","position":1,"name":"Home","item":"https:\/\/akunq.net\/turkish\/"},{"@type":"ListItem","position":2,"name":"T\u00fcm D\u00fcnya Ermenileri Katolikoslu\u011fu Mayr Ator (Ana Taht) Surp E\u00e7miadzin T\u00fcrkiye\u2019nin Utan\u00e7 Verici Karar\u0131n\u0131 \u0130nceliyor"}]},{"@type":"WebSite","@id":"https:\/\/akunq.net\/turkish\/#website","url":"https:\/\/akunq.net\/turkish\/","name":"Bati Ermenistan Ve Bati Ermenileri Sorunlari Ara\u015ftirmalar Merkezi","description":"","potentialAction":[{"@type":"SearchAction","target":{"@type":"EntryPoint","urlTemplate":"https:\/\/akunq.net\/turkish\/?s={search_term_string}"},"query-input":{"@type":"PropertyValueSpecification","valueRequired":true,"valueName":"search_term_string"}}],"inLanguage":"en-US"},{"@type":"Person","@id":"https:\/\/akunq.net\/turkish\/#\/schema\/person\/135e7923d1aeb8887890799619969a6c","name":"kalem","image":{"@type":"ImageObject","inLanguage":"en-US","@id":"https:\/\/secure.gravatar.com\/avatar\/a06875e4b25feb5674296adf8e8a7ae1e587cebce2493fe63c456109967e27d3?s=96&d=mm&r=g","url":"https:\/\/secure.gravatar.com\/avatar\/a06875e4b25feb5674296adf8e8a7ae1e587cebce2493fe63c456109967e27d3?s=96&d=mm&r=g","contentUrl":"https:\/\/secure.gravatar.com\/avatar\/a06875e4b25feb5674296adf8e8a7ae1e587cebce2493fe63c456109967e27d3?s=96&d=mm&r=g","caption":"kalem"},"url":"https:\/\/akunq.net\/turkish\/author\/kalem\/"}]}},"_links":{"self":[{"href":"https:\/\/akunq.net\/turkish\/wp-json\/wp\/v2\/posts\/1846","targetHints":{"allow":["GET"]}}],"collection":[{"href":"https:\/\/akunq.net\/turkish\/wp-json\/wp\/v2\/posts"}],"about":[{"href":"https:\/\/akunq.net\/turkish\/wp-json\/wp\/v2\/types\/post"}],"author":[{"embeddable":true,"href":"https:\/\/akunq.net\/turkish\/wp-json\/wp\/v2\/users\/3"}],"replies":[{"embeddable":true,"href":"https:\/\/akunq.net\/turkish\/wp-json\/wp\/v2\/comments?post=1846"}],"version-history":[{"count":0,"href":"https:\/\/akunq.net\/turkish\/wp-json\/wp\/v2\/posts\/1846\/revisions"}],"wp:attachment":[{"href":"https:\/\/akunq.net\/turkish\/wp-json\/wp\/v2\/media?parent=1846"}],"wp:term":[{"taxonomy":"category","embeddable":true,"href":"https:\/\/akunq.net\/turkish\/wp-json\/wp\/v2\/categories?post=1846"},{"taxonomy":"post_tag","embeddable":true,"href":"https:\/\/akunq.net\/turkish\/wp-json\/wp\/v2\/tags?post=1846"}],"curies":[{"name":"wp","href":"https:\/\/api.w.org\/{rel}","templated":true}]}}