{"id":1823,"date":"2010-09-03T07:07:18","date_gmt":"2010-09-03T12:07:18","guid":{"rendered":"http:\/\/akunq.net\/tr\/?p=1823"},"modified":"2010-09-03T07:07:18","modified_gmt":"2010-09-03T12:07:18","slug":"ermeniler-akdamarda-hacsiz-ayin-yapacak","status":"publish","type":"post","link":"https:\/\/akunq.net\/turkish\/2010\/09\/03\/ermeniler-akdamarda-hacsiz-ayin-yapacak\/","title":{"rendered":"Ermeniler Akdamar\u2019da ha\u00e7s\u0131z ayin yapacak"},"content":{"rendered":"<p style=\"text-align: justify\"><strong><em>200 kiloluk ha\u00e7\u0131n kiliseye tak\u0131lmas\u0131, ayin sonras\u0131na kald\u0131<\/em><\/strong><\/p>\n<p style=\"text-align: justify\">\u00a0<a href=\"http:\/\/www.milliyet.com.tr\/index\/Van%20Golu\" target=\"_blank\">VAN G\u00f6l\u00fc<\/a>\u2019nde bulunan tarihi <a href=\"http:\/\/www.milliyet.com.tr\/index\/Akdamar%20Adasi\" target=\"_blank\">Akdamar Adas\u0131<\/a>\u2019yla ayn\u0131 ad\u0131 ta\u015f\u0131yan Akdamar Kilisesi <strong><em>(Kilisenin ad\u0131 Surp Ha<\/em><\/strong><strong><em>\u00e7<\/em><\/strong><strong><em>\u2019t\u0131r \u2013 <a href=\"http:\/\/www.akunq.net\/\"><\/a>\u00a0www.akung.net\/tr\/) <\/em><\/strong>19 Eyl\u00fcl\u2019de yap\u0131lacak ayine haz\u0131rlan\u0131rken, <a href=\"http:\/\/www.milliyet.com.tr\/index\/Turkiye\" target=\"_blank\">T\u00fcrkiye<\/a> <a href=\"http:\/\/www.milliyet.com.tr\/index\/Ermeni\" target=\"_blank\">Ermeni<\/a> Patri\u011fi Ruhani Meclis Ba\u015fkan\u0131 Ba\u015fpiskopos Aram Ate\u015fyan, Van\u2019da ayin \u00f6ncesi yap\u0131lan haz\u0131rl\u0131klar hakk\u0131nda bilgi ald\u0131. Ate\u015fyan, kiliseye tak\u0131lacak ha\u00e7\u0131n 200 kilogram civar\u0131nda oldu\u011funu <strong><span style=\"text-decoration: underline\">ve<\/span><\/strong> ancak iskele kurularak tak\u0131labilece\u011fini belirtti. Ate\u015fyan ha\u00e7\u0131n ayine yeti\u015fmesinin m\u00fcmk\u00fcn olmad\u0131\u011f\u0131n\u0131, ancak ayin g\u00fcn\u00fc ziyaret\u00e7ilere sergilenece\u011fini s\u00f6yledi.<\/p>\n<p style=\"text-align: justify\">Akdamar\u2019da yap\u0131lacak ilk ayin \u00f6ncesi haz\u0131rl\u0131klar\u0131 yerinde g\u00f6rmek i\u00e7in Ermeni Patri\u011fi Ruhani Meclis Ba\u015fkan\u0131 Ba\u015fpiskopos Aram Ate\u015fyan, <a href=\"http:\/\/www.milliyet.com.tr\/index\/Istanbul\" target=\"_blank\">\u0130stanbul<\/a> Ermeni Patrikhanesi Ba\u015fpiskoposu Rahip Tatul Anu\u015fyan, Teknik sorumlu Sarkis \u00c7avu\u015fyan ve Turizm sorumlusu Vartuhi Erg\u00fcne\u015f, Van\u2019a geldi. Van\u2019da yap\u0131lan haz\u0131rl\u0131klardan olduk\u00e7a memnun olduklar\u0131n\u0131 belirten Ate\u015fyan ve Ermeni heyeti ilk olarak Van Valisi M\u00fcnir Karalo\u011flu\u2019nu makam\u0131nda ziyaret etti.<\/p>\n<p><strong>HA\u00c7 AY\u0130NDEN SONRA TAKILICAK <\/strong><\/p>\n<p style=\"text-align: justify\">Ba\u015fpiskopos Aram Ate\u015fyan Van Valisi M\u00fcnir Karalo\u011flu ile yakla\u015f\u0131k 1 saat g\u00f6r\u00fc\u015ft\u00fc. Ayin haz\u0131rl\u0131klar\u0131 konusunda bilgi alan Ate\u015fyan, buradan Van Ticaret ve Sanayi Odas\u0131\u2019na ge\u00e7ti. VATSO Ba\u015fkan\u0131 Zahir Kanda\u015fo\u011flu ile g\u00f6r\u00fc\u015fen Ba\u015fpiskopos Ate\u015fyan, kilisenin ha\u00e7\u0131n\u0131n ayin g\u00fcn\u00fcne yeti\u015fmeyece\u011fini s\u00f6yledi. Ate\u015fyan, \u201cValimizi ziyaretimizde Akdamar Kilise\u2019sine ha\u00e7 tak\u0131lmas\u0131 i\u015fleminin teknik bir i\u015f olmas\u0131ndan dolay\u0131 ayine yeti\u015fmeyece\u011fi bilgisini ald\u0131k. Valimiz Akdamar Kilisesi\u2019nin ayine a\u00e7\u0131lmas\u0131 ve s\u00fcrecin buralara kadar gelmesine b\u00fcy\u00fck gayret g\u00f6stermi\u015ftir. Kendileri ile her yapt\u0131\u011f\u0131m\u0131z g\u00f6r\u00fc\u015fmede bizlere s\u00fcrekli destek olmu\u015ftur. Bug\u00fcn yap\u0131lan haz\u0131rl\u0131klar\u0131 de\u011ferlendirmek \u00fczere yapt\u0131\u011f\u0131m\u0131z g\u00f6r\u00fc\u015fmede Kilise\u2019ye ha\u00e7 tak\u0131lmas\u0131 i\u015fleminin teknik ve zorlu bir i\u015flem oldu\u011funu s\u00f6yledi. Yakla\u015f\u0131k 200 kilogram olan ha\u00e7\u0131n kiliseye tak\u0131lmas\u0131 i\u00e7in iskele kurulmas\u0131 gerekiyor. Bundan dolay\u0131 kiliseye tak\u0131lacak ha\u00e7, ayin g\u00fcn\u00fc gelen konuklara sergilenecek\u201d dedi.<\/p>\n<p><strong>ERMEN\u0130 KONUKLAR EN \u0130Y\u0130 \u015eEK\u0130LDE A\u011eIRLANACAK<\/strong><\/p>\n<p style=\"text-align: justify\"><strong>\u00a0<\/strong>Ermeni Patri\u011fi Ruhani Meclis Ba\u015fkan\u0131 Ba\u015fpiskopos Aram Ate\u015fyan ve beraberindeki heyet, daha sonra Van Belediye Ba\u015fkan\u0131 <a href=\"http:\/\/www.milliyet.com.tr\/index\/Bekir%20Kaya\" target=\"_blank\">Bekir Kaya<\/a>&#8216;y\u0131 da ziyaret ederek ayin \u00f6ncesi kente yap\u0131lan haz\u0131rl\u0131klar konusunda bilgi alarak bu konuda destek istedi. Van Belediye Ba\u015fkan\u0131 Bekir Kaya, bu konuda ellerinden gelen t\u00fcm destekleri vermeye haz\u0131r olduklar\u0131n\u0131 belirterek, \u201cBizim \u00fczerimize ne d\u00fc\u015f\u00fcyorsa bu konuda yard\u0131ma haz\u0131r\u0131z. <a href=\"http:\/\/www.milliyet.com.tr\/index\/konaklama\" target=\"_blank\">Konaklama<\/a>, <a href=\"http:\/\/www.milliyet.com.tr\/index\/ulasim\" target=\"_blank\">ula\u015f\u0131m<\/a> ve di\u011fer konularda gerekli deste\u011fi verece\u011fiz. 19 Eyl\u00fcl tarihinde yap\u0131lacak ayin t\u00f6reninin iyi bir \u015fekilde ge\u00e7mesi i\u00e7in desteklerimizi esirgemeyece\u011fiz. Konuklar\u0131m\u0131z en iyi \u015fekilde a\u011f\u0131rlanacak\u201d diye konu\u015ftu.<\/p>\n<p style=\"text-align: justify\"><strong><em>02 Eyl\u00fcl 2010<\/em><\/strong><\/p>\n<p style=\"text-align: justify\"><strong><em>Sebahattin YILMAZ\/VAN, (DHA) <\/em><\/strong><\/p>\n","protected":false},"excerpt":{"rendered":"<p>200 kiloluk ha\u00e7\u0131n kiliseye tak\u0131lmas\u0131, ayin sonras\u0131na kald\u0131 \u00a0VAN G\u00f6l\u00fc\u2019nde bulunan tarihi Akdamar Adas\u0131\u2019yla ayn\u0131 ad\u0131 ta\u015f\u0131yan Akdamar Kilisesi (Kilisenin ad\u0131 Surp Ha\u00e7\u2019t\u0131r \u2013 \u00a0www.akung.net\/tr\/) 19 Eyl\u00fcl\u2019de yap\u0131lacak ayine haz\u0131rlan\u0131rken, T\u00fcrkiye Ermeni Patri\u011fi Ruhani Meclis Ba\u015fkan\u0131 Ba\u015fpiskopos Aram Ate\u015fyan, Van\u2019da ayin \u00f6ncesi yap\u0131lan haz\u0131rl\u0131klar hakk\u0131nda bilgi ald\u0131. Ate\u015fyan, kiliseye tak\u0131lacak ha\u00e7\u0131n 200 kilogram civar\u0131nda oldu\u011funu [&hellip;]<\/p>\n","protected":false},"author":3,"featured_media":0,"comment_status":"closed","ping_status":"open","sticky":false,"template":"","format":"standard","meta":{"footnotes":""},"categories":[14],"tags":[],"class_list":["post-1823","post","type-post","status-publish","format-standard","hentry","category-haberler"],"yoast_head":"<!-- This site is optimized with the Yoast SEO plugin v27.4 - https:\/\/yoast.com\/product\/yoast-seo-wordpress\/ -->\n<title>Ermeniler Akdamar\u2019da ha\u00e7s\u0131z ayin yapacak - Bati Ermenistan Ve Bati Ermenileri Sorunlari Ara\u015ftirmalar Merkezi<\/title>\n<meta name=\"robots\" content=\"index, follow, max-snippet:-1, max-image-preview:large, max-video-preview:-1\" \/>\n<link rel=\"canonical\" href=\"https:\/\/akunq.net\/turkish\/2010\/09\/03\/ermeniler-akdamarda-hacsiz-ayin-yapacak\/\" \/>\n<meta property=\"og:locale\" content=\"en_US\" \/>\n<meta property=\"og:type\" content=\"article\" \/>\n<meta property=\"og:title\" content=\"Ermeniler Akdamar\u2019da ha\u00e7s\u0131z ayin yapacak - Bati Ermenistan Ve Bati Ermenileri Sorunlari Ara\u015ftirmalar Merkezi\" \/>\n<meta property=\"og:description\" content=\"200 kiloluk ha\u00e7\u0131n kiliseye tak\u0131lmas\u0131, ayin sonras\u0131na kald\u0131 \u00a0VAN G\u00f6l\u00fc\u2019nde bulunan tarihi Akdamar Adas\u0131\u2019yla ayn\u0131 ad\u0131 ta\u015f\u0131yan Akdamar Kilisesi (Kilisenin ad\u0131 Surp Ha\u00e7\u2019t\u0131r \u2013 \u00a0www.akung.net\/tr\/) 19 Eyl\u00fcl\u2019de yap\u0131lacak ayine haz\u0131rlan\u0131rken, T\u00fcrkiye Ermeni Patri\u011fi Ruhani Meclis Ba\u015fkan\u0131 Ba\u015fpiskopos Aram Ate\u015fyan, Van\u2019da ayin \u00f6ncesi yap\u0131lan haz\u0131rl\u0131klar hakk\u0131nda bilgi ald\u0131. Ate\u015fyan, kiliseye tak\u0131lacak ha\u00e7\u0131n 200 kilogram civar\u0131nda oldu\u011funu [&hellip;]\" \/>\n<meta property=\"og:url\" content=\"https:\/\/akunq.net\/turkish\/2010\/09\/03\/ermeniler-akdamarda-hacsiz-ayin-yapacak\/\" \/>\n<meta property=\"og:site_name\" content=\"Bati Ermenistan Ve Bati Ermenileri Sorunlari Ara\u015ftirmalar Merkezi\" \/>\n<meta property=\"article:published_time\" content=\"2010-09-03T12:07:18+00:00\" \/>\n<meta name=\"author\" content=\"kalem\" \/>\n<meta name=\"twitter:card\" content=\"summary_large_image\" \/>\n<meta name=\"twitter:label1\" content=\"Written by\" \/>\n\t<meta name=\"twitter:data1\" content=\"kalem\" \/>\n\t<meta name=\"twitter:label2\" content=\"Est. reading time\" \/>\n\t<meta name=\"twitter:data2\" content=\"3 minutes\" \/>\n<script type=\"application\/ld+json\" class=\"yoast-schema-graph\">{\"@context\":\"https:\\\/\\\/schema.org\",\"@graph\":[{\"@type\":\"Article\",\"@id\":\"https:\\\/\\\/akunq.net\\\/turkish\\\/2010\\\/09\\\/03\\\/ermeniler-akdamarda-hacsiz-ayin-yapacak\\\/#article\",\"isPartOf\":{\"@id\":\"https:\\\/\\\/akunq.net\\\/turkish\\\/2010\\\/09\\\/03\\\/ermeniler-akdamarda-hacsiz-ayin-yapacak\\\/\"},\"author\":{\"name\":\"kalem\",\"@id\":\"https:\\\/\\\/akunq.net\\\/turkish\\\/#\\\/schema\\\/person\\\/135e7923d1aeb8887890799619969a6c\"},\"headline\":\"Ermeniler Akdamar\u2019da ha\u00e7s\u0131z ayin yapacak\",\"datePublished\":\"2010-09-03T12:07:18+00:00\",\"mainEntityOfPage\":{\"@id\":\"https:\\\/\\\/akunq.net\\\/turkish\\\/2010\\\/09\\\/03\\\/ermeniler-akdamarda-hacsiz-ayin-yapacak\\\/\"},\"wordCount\":518,\"articleSection\":[\"Haberler\"],\"inLanguage\":\"en-US\"},{\"@type\":\"WebPage\",\"@id\":\"https:\\\/\\\/akunq.net\\\/turkish\\\/2010\\\/09\\\/03\\\/ermeniler-akdamarda-hacsiz-ayin-yapacak\\\/\",\"url\":\"https:\\\/\\\/akunq.net\\\/turkish\\\/2010\\\/09\\\/03\\\/ermeniler-akdamarda-hacsiz-ayin-yapacak\\\/\",\"name\":\"Ermeniler Akdamar\u2019da ha\u00e7s\u0131z ayin yapacak - Bati Ermenistan Ve Bati Ermenileri Sorunlari Ara\u015ftirmalar Merkezi\",\"isPartOf\":{\"@id\":\"https:\\\/\\\/akunq.net\\\/turkish\\\/#website\"},\"datePublished\":\"2010-09-03T12:07:18+00:00\",\"author\":{\"@id\":\"https:\\\/\\\/akunq.net\\\/turkish\\\/#\\\/schema\\\/person\\\/135e7923d1aeb8887890799619969a6c\"},\"breadcrumb\":{\"@id\":\"https:\\\/\\\/akunq.net\\\/turkish\\\/2010\\\/09\\\/03\\\/ermeniler-akdamarda-hacsiz-ayin-yapacak\\\/#breadcrumb\"},\"inLanguage\":\"en-US\",\"potentialAction\":[{\"@type\":\"ReadAction\",\"target\":[\"https:\\\/\\\/akunq.net\\\/turkish\\\/2010\\\/09\\\/03\\\/ermeniler-akdamarda-hacsiz-ayin-yapacak\\\/\"]}]},{\"@type\":\"BreadcrumbList\",\"@id\":\"https:\\\/\\\/akunq.net\\\/turkish\\\/2010\\\/09\\\/03\\\/ermeniler-akdamarda-hacsiz-ayin-yapacak\\\/#breadcrumb\",\"itemListElement\":[{\"@type\":\"ListItem\",\"position\":1,\"name\":\"Home\",\"item\":\"https:\\\/\\\/akunq.net\\\/turkish\\\/\"},{\"@type\":\"ListItem\",\"position\":2,\"name\":\"Ermeniler Akdamar\u2019da ha\u00e7s\u0131z ayin yapacak\"}]},{\"@type\":\"WebSite\",\"@id\":\"https:\\\/\\\/akunq.net\\\/turkish\\\/#website\",\"url\":\"https:\\\/\\\/akunq.net\\\/turkish\\\/\",\"name\":\"Bati Ermenistan Ve Bati Ermenileri Sorunlari Ara\u015ftirmalar Merkezi\",\"description\":\"\",\"potentialAction\":[{\"@type\":\"SearchAction\",\"target\":{\"@type\":\"EntryPoint\",\"urlTemplate\":\"https:\\\/\\\/akunq.net\\\/turkish\\\/?s={search_term_string}\"},\"query-input\":{\"@type\":\"PropertyValueSpecification\",\"valueRequired\":true,\"valueName\":\"search_term_string\"}}],\"inLanguage\":\"en-US\"},{\"@type\":\"Person\",\"@id\":\"https:\\\/\\\/akunq.net\\\/turkish\\\/#\\\/schema\\\/person\\\/135e7923d1aeb8887890799619969a6c\",\"name\":\"kalem\",\"image\":{\"@type\":\"ImageObject\",\"inLanguage\":\"en-US\",\"@id\":\"https:\\\/\\\/secure.gravatar.com\\\/avatar\\\/a06875e4b25feb5674296adf8e8a7ae1e587cebce2493fe63c456109967e27d3?s=96&d=mm&r=g\",\"url\":\"https:\\\/\\\/secure.gravatar.com\\\/avatar\\\/a06875e4b25feb5674296adf8e8a7ae1e587cebce2493fe63c456109967e27d3?s=96&d=mm&r=g\",\"contentUrl\":\"https:\\\/\\\/secure.gravatar.com\\\/avatar\\\/a06875e4b25feb5674296adf8e8a7ae1e587cebce2493fe63c456109967e27d3?s=96&d=mm&r=g\",\"caption\":\"kalem\"},\"url\":\"https:\\\/\\\/akunq.net\\\/turkish\\\/author\\\/kalem\\\/\"}]}<\/script>\n<!-- \/ Yoast SEO plugin. -->","yoast_head_json":{"title":"Ermeniler Akdamar\u2019da ha\u00e7s\u0131z ayin yapacak - Bati Ermenistan Ve Bati Ermenileri Sorunlari Ara\u015ftirmalar Merkezi","robots":{"index":"index","follow":"follow","max-snippet":"max-snippet:-1","max-image-preview":"max-image-preview:large","max-video-preview":"max-video-preview:-1"},"canonical":"https:\/\/akunq.net\/turkish\/2010\/09\/03\/ermeniler-akdamarda-hacsiz-ayin-yapacak\/","og_locale":"en_US","og_type":"article","og_title":"Ermeniler Akdamar\u2019da ha\u00e7s\u0131z ayin yapacak - Bati Ermenistan Ve Bati Ermenileri Sorunlari Ara\u015ftirmalar Merkezi","og_description":"200 kiloluk ha\u00e7\u0131n kiliseye tak\u0131lmas\u0131, ayin sonras\u0131na kald\u0131 \u00a0VAN G\u00f6l\u00fc\u2019nde bulunan tarihi Akdamar Adas\u0131\u2019yla ayn\u0131 ad\u0131 ta\u015f\u0131yan Akdamar Kilisesi (Kilisenin ad\u0131 Surp Ha\u00e7\u2019t\u0131r \u2013 \u00a0www.akung.net\/tr\/) 19 Eyl\u00fcl\u2019de yap\u0131lacak ayine haz\u0131rlan\u0131rken, T\u00fcrkiye Ermeni Patri\u011fi Ruhani Meclis Ba\u015fkan\u0131 Ba\u015fpiskopos Aram Ate\u015fyan, Van\u2019da ayin \u00f6ncesi yap\u0131lan haz\u0131rl\u0131klar hakk\u0131nda bilgi ald\u0131. Ate\u015fyan, kiliseye tak\u0131lacak ha\u00e7\u0131n 200 kilogram civar\u0131nda oldu\u011funu [&hellip;]","og_url":"https:\/\/akunq.net\/turkish\/2010\/09\/03\/ermeniler-akdamarda-hacsiz-ayin-yapacak\/","og_site_name":"Bati Ermenistan Ve Bati Ermenileri Sorunlari Ara\u015ftirmalar Merkezi","article_published_time":"2010-09-03T12:07:18+00:00","author":"kalem","twitter_card":"summary_large_image","twitter_misc":{"Written by":"kalem","Est. reading time":"3 minutes"},"schema":{"@context":"https:\/\/schema.org","@graph":[{"@type":"Article","@id":"https:\/\/akunq.net\/turkish\/2010\/09\/03\/ermeniler-akdamarda-hacsiz-ayin-yapacak\/#article","isPartOf":{"@id":"https:\/\/akunq.net\/turkish\/2010\/09\/03\/ermeniler-akdamarda-hacsiz-ayin-yapacak\/"},"author":{"name":"kalem","@id":"https:\/\/akunq.net\/turkish\/#\/schema\/person\/135e7923d1aeb8887890799619969a6c"},"headline":"Ermeniler Akdamar\u2019da ha\u00e7s\u0131z ayin yapacak","datePublished":"2010-09-03T12:07:18+00:00","mainEntityOfPage":{"@id":"https:\/\/akunq.net\/turkish\/2010\/09\/03\/ermeniler-akdamarda-hacsiz-ayin-yapacak\/"},"wordCount":518,"articleSection":["Haberler"],"inLanguage":"en-US"},{"@type":"WebPage","@id":"https:\/\/akunq.net\/turkish\/2010\/09\/03\/ermeniler-akdamarda-hacsiz-ayin-yapacak\/","url":"https:\/\/akunq.net\/turkish\/2010\/09\/03\/ermeniler-akdamarda-hacsiz-ayin-yapacak\/","name":"Ermeniler Akdamar\u2019da ha\u00e7s\u0131z ayin yapacak - Bati Ermenistan Ve Bati Ermenileri Sorunlari Ara\u015ftirmalar Merkezi","isPartOf":{"@id":"https:\/\/akunq.net\/turkish\/#website"},"datePublished":"2010-09-03T12:07:18+00:00","author":{"@id":"https:\/\/akunq.net\/turkish\/#\/schema\/person\/135e7923d1aeb8887890799619969a6c"},"breadcrumb":{"@id":"https:\/\/akunq.net\/turkish\/2010\/09\/03\/ermeniler-akdamarda-hacsiz-ayin-yapacak\/#breadcrumb"},"inLanguage":"en-US","potentialAction":[{"@type":"ReadAction","target":["https:\/\/akunq.net\/turkish\/2010\/09\/03\/ermeniler-akdamarda-hacsiz-ayin-yapacak\/"]}]},{"@type":"BreadcrumbList","@id":"https:\/\/akunq.net\/turkish\/2010\/09\/03\/ermeniler-akdamarda-hacsiz-ayin-yapacak\/#breadcrumb","itemListElement":[{"@type":"ListItem","position":1,"name":"Home","item":"https:\/\/akunq.net\/turkish\/"},{"@type":"ListItem","position":2,"name":"Ermeniler Akdamar\u2019da ha\u00e7s\u0131z ayin yapacak"}]},{"@type":"WebSite","@id":"https:\/\/akunq.net\/turkish\/#website","url":"https:\/\/akunq.net\/turkish\/","name":"Bati Ermenistan Ve Bati Ermenileri Sorunlari Ara\u015ftirmalar Merkezi","description":"","potentialAction":[{"@type":"SearchAction","target":{"@type":"EntryPoint","urlTemplate":"https:\/\/akunq.net\/turkish\/?s={search_term_string}"},"query-input":{"@type":"PropertyValueSpecification","valueRequired":true,"valueName":"search_term_string"}}],"inLanguage":"en-US"},{"@type":"Person","@id":"https:\/\/akunq.net\/turkish\/#\/schema\/person\/135e7923d1aeb8887890799619969a6c","name":"kalem","image":{"@type":"ImageObject","inLanguage":"en-US","@id":"https:\/\/secure.gravatar.com\/avatar\/a06875e4b25feb5674296adf8e8a7ae1e587cebce2493fe63c456109967e27d3?s=96&d=mm&r=g","url":"https:\/\/secure.gravatar.com\/avatar\/a06875e4b25feb5674296adf8e8a7ae1e587cebce2493fe63c456109967e27d3?s=96&d=mm&r=g","contentUrl":"https:\/\/secure.gravatar.com\/avatar\/a06875e4b25feb5674296adf8e8a7ae1e587cebce2493fe63c456109967e27d3?s=96&d=mm&r=g","caption":"kalem"},"url":"https:\/\/akunq.net\/turkish\/author\/kalem\/"}]}},"_links":{"self":[{"href":"https:\/\/akunq.net\/turkish\/wp-json\/wp\/v2\/posts\/1823","targetHints":{"allow":["GET"]}}],"collection":[{"href":"https:\/\/akunq.net\/turkish\/wp-json\/wp\/v2\/posts"}],"about":[{"href":"https:\/\/akunq.net\/turkish\/wp-json\/wp\/v2\/types\/post"}],"author":[{"embeddable":true,"href":"https:\/\/akunq.net\/turkish\/wp-json\/wp\/v2\/users\/3"}],"replies":[{"embeddable":true,"href":"https:\/\/akunq.net\/turkish\/wp-json\/wp\/v2\/comments?post=1823"}],"version-history":[{"count":0,"href":"https:\/\/akunq.net\/turkish\/wp-json\/wp\/v2\/posts\/1823\/revisions"}],"wp:attachment":[{"href":"https:\/\/akunq.net\/turkish\/wp-json\/wp\/v2\/media?parent=1823"}],"wp:term":[{"taxonomy":"category","embeddable":true,"href":"https:\/\/akunq.net\/turkish\/wp-json\/wp\/v2\/categories?post=1823"},{"taxonomy":"post_tag","embeddable":true,"href":"https:\/\/akunq.net\/turkish\/wp-json\/wp\/v2\/tags?post=1823"}],"curies":[{"name":"wp","href":"https:\/\/api.w.org\/{rel}","templated":true}]}}