{"id":1819,"date":"2010-09-03T06:50:41","date_gmt":"2010-09-03T11:50:41","guid":{"rendered":"http:\/\/akunq.net\/tr\/?p=1819"},"modified":"2010-09-03T06:50:41","modified_gmt":"2010-09-03T11:50:41","slug":"ulku-ocaklari-agri-dagina-hayir-pankarti-asti","status":"publish","type":"post","link":"https:\/\/akunq.net\/turkish\/2010\/09\/03\/ulku-ocaklari-agri-dagina-hayir-pankarti-asti\/","title":{"rendered":"\u00dclk\u00fc Ocaklar\u0131 A\u011fr\u0131 Da\u011f\u0131na &#8221;hay\u0131r&#8221; Pankart\u0131 Ast\u0131"},"content":{"rendered":"<p style=\"text-align: justify\"><strong><em>Isparta \u00dclk\u00fc Ocaklar\u0131 Da\u011fc\u0131l\u0131k Toplulu\u011fu&#8217;nun 4 \u00fcyesi, 12 Eyl\u00fcl&#8217;de yap\u0131lacak referandum i\u00e7in A\u011fr\u0131 Da\u011f\u0131 zirvesinde &#8216;hay\u0131r&#8217; yaz\u0131l\u0131 pankart a\u00e7t\u0131.<\/em><\/strong><\/p>\n<p style=\"text-align: justify\">A\u011fr\u0131 Da\u011f\u0131&#8217;na \u00e7\u0131kan Isparta\u00a0 \u00dclk\u00fc Ocaklar\u0131 Da\u011fc\u0131l\u0131k Toplulu\u011fu sorumlusu Hamza Kandemir ve beraberindeki 3 ki\u015fi, zirvede &#8216;\u00dclken i\u00e7in bir hay\u0131r yeter&#8217; yaz\u0131l\u0131 pankart a\u00e7t\u0131. Isparta\u00a0 \u00dclk\u00fc Ocaklar\u0131 Da\u011fc\u0131l\u0131k Toplulu\u011fu olarak 12 Eyl\u00fcl&#8217;de yap\u0131lacak referanduma T\u00fcrkiye&#8217;nin en y\u00fcksek zirvesinden &#8216;hay\u0131r&#8217; demek istediklerini s\u00f6yleyen Hamza Kandemir, \u015funlar\u0131 s\u00f6yledi:<\/p>\n<p style=\"text-align: justify\">&#8220;Bug\u00fcn buradan &#8216;hay\u0131r&#8217; demek, 3 hafta \u00f6nce burada zirve yap\u0131p Ermenistan bayra\u011f\u0131 a\u00e7anlara ve Hocal\u0131 katliam\u0131n\u0131 unutup Ermeniye kap\u0131 a\u00e7anlara &#8216;hay\u0131r&#8217; demektir. Bug\u00fcn burada &#8216;hay\u0131r&#8217; demek, 20 g\u00fcn \u00f6nce 2000 metre a\u015fa\u011f\u0131da karayollar\u0131n\u0131n dozerini ve cipini yak\u0131p 1 askeri \u015fehit edip bir askeri de yaralayan hain PKK&#8217;l\u0131 ter\u00f6ristlere &#8216;hay\u0131r&#8217; demektir. A\u011fr\u0131 Da\u011f\u0131&#8217;n\u0131n zirvesinde &#8216;hay\u0131r&#8217; demek, A\u011fr\u0131 Da\u011f\u0131&#8217;n\u0131 bayra\u011f\u0131nda sembol kullanan Ermeni&#8217;ye &#8216;hay\u0131r&#8217; deyip Azeri T\u00fcrklerinin yan\u0131nda olmak demektir. ve bug\u00fcn &#8216;hay\u0131r&#8217; demek BOP&#8217;un e\u015f ba\u015fkan\u0131 olan ba\u015fbakana ve Pensilvanyal\u0131 hocaya &#8216;hay\u0131r&#8217; deyip, bu topraklar\u0131 s\u00f6zde K\u00fcrdistan haritas\u0131nda g\u00f6renlere &#8216;hay\u0131r&#8217; demektir.&#8221;<em><\/em><\/p>\n<p style=\"text-align: justify\">\u00a0<strong><em>02.09.2010<\/em><\/strong><\/p>\n<p style=\"text-align: justify\"><a href=\"http:\/\/www.ulkucuhaber.com\/v1\/haber_detay.asp?haberID=6011\"><strong><em>http:\/\/www.ulkucuhaber.com\/v1\/haber_detay.asp?haberID=6011<\/em><\/strong><\/a><strong><em><\/em><\/strong><\/p>\n","protected":false},"excerpt":{"rendered":"<p>Isparta \u00dclk\u00fc Ocaklar\u0131 Da\u011fc\u0131l\u0131k Toplulu\u011fu&#8217;nun 4 \u00fcyesi, 12 Eyl\u00fcl&#8217;de yap\u0131lacak referandum i\u00e7in A\u011fr\u0131 Da\u011f\u0131 zirvesinde &#8216;hay\u0131r&#8217; yaz\u0131l\u0131 pankart a\u00e7t\u0131. A\u011fr\u0131 Da\u011f\u0131&#8217;na \u00e7\u0131kan Isparta\u00a0 \u00dclk\u00fc Ocaklar\u0131 Da\u011fc\u0131l\u0131k Toplulu\u011fu sorumlusu Hamza Kandemir ve beraberindeki 3 ki\u015fi, zirvede &#8216;\u00dclken i\u00e7in bir hay\u0131r yeter&#8217; yaz\u0131l\u0131 pankart a\u00e7t\u0131. Isparta\u00a0 \u00dclk\u00fc Ocaklar\u0131 Da\u011fc\u0131l\u0131k Toplulu\u011fu olarak 12 Eyl\u00fcl&#8217;de yap\u0131lacak referanduma T\u00fcrkiye&#8217;nin en [&hellip;]<\/p>\n","protected":false},"author":3,"featured_media":0,"comment_status":"closed","ping_status":"open","sticky":false,"template":"","format":"standard","meta":{"footnotes":""},"categories":[14],"tags":[],"class_list":["post-1819","post","type-post","status-publish","format-standard","hentry","category-haberler"],"yoast_head":"<!-- This site is optimized with the Yoast SEO plugin v27.4 - https:\/\/yoast.com\/product\/yoast-seo-wordpress\/ -->\n<title>\u00dclk\u00fc Ocaklar\u0131 A\u011fr\u0131 Da\u011f\u0131na &#039;&#039;hay\u0131r&#039;&#039; Pankart\u0131 Ast\u0131 - Bati Ermenistan Ve Bati Ermenileri Sorunlari Ara\u015ftirmalar Merkezi<\/title>\n<meta name=\"robots\" content=\"index, follow, max-snippet:-1, max-image-preview:large, max-video-preview:-1\" \/>\n<link rel=\"canonical\" href=\"https:\/\/akunq.net\/turkish\/2010\/09\/03\/ulku-ocaklari-agri-dagina-hayir-pankarti-asti\/\" \/>\n<meta property=\"og:locale\" content=\"en_US\" \/>\n<meta property=\"og:type\" content=\"article\" \/>\n<meta property=\"og:title\" content=\"\u00dclk\u00fc Ocaklar\u0131 A\u011fr\u0131 Da\u011f\u0131na &#039;&#039;hay\u0131r&#039;&#039; Pankart\u0131 Ast\u0131 - Bati Ermenistan Ve Bati Ermenileri Sorunlari Ara\u015ftirmalar Merkezi\" \/>\n<meta property=\"og:description\" content=\"Isparta \u00dclk\u00fc Ocaklar\u0131 Da\u011fc\u0131l\u0131k Toplulu\u011fu&#8217;nun 4 \u00fcyesi, 12 Eyl\u00fcl&#8217;de yap\u0131lacak referandum i\u00e7in A\u011fr\u0131 Da\u011f\u0131 zirvesinde &#8216;hay\u0131r&#8217; yaz\u0131l\u0131 pankart a\u00e7t\u0131. A\u011fr\u0131 Da\u011f\u0131&#8217;na \u00e7\u0131kan Isparta\u00a0 \u00dclk\u00fc Ocaklar\u0131 Da\u011fc\u0131l\u0131k Toplulu\u011fu sorumlusu Hamza Kandemir ve beraberindeki 3 ki\u015fi, zirvede &#8216;\u00dclken i\u00e7in bir hay\u0131r yeter&#8217; yaz\u0131l\u0131 pankart a\u00e7t\u0131. Isparta\u00a0 \u00dclk\u00fc Ocaklar\u0131 Da\u011fc\u0131l\u0131k Toplulu\u011fu olarak 12 Eyl\u00fcl&#8217;de yap\u0131lacak referanduma T\u00fcrkiye&#8217;nin en [&hellip;]\" \/>\n<meta property=\"og:url\" content=\"https:\/\/akunq.net\/turkish\/2010\/09\/03\/ulku-ocaklari-agri-dagina-hayir-pankarti-asti\/\" \/>\n<meta property=\"og:site_name\" content=\"Bati Ermenistan Ve Bati Ermenileri Sorunlari Ara\u015ftirmalar Merkezi\" \/>\n<meta property=\"article:published_time\" content=\"2010-09-03T11:50:41+00:00\" \/>\n<meta name=\"author\" content=\"kalem\" \/>\n<meta name=\"twitter:card\" content=\"summary_large_image\" \/>\n<meta name=\"twitter:label1\" content=\"Written by\" \/>\n\t<meta name=\"twitter:data1\" content=\"kalem\" \/>\n\t<meta name=\"twitter:label2\" content=\"Est. reading time\" \/>\n\t<meta name=\"twitter:data2\" content=\"1 minute\" \/>\n<script type=\"application\/ld+json\" class=\"yoast-schema-graph\">{\"@context\":\"https:\\\/\\\/schema.org\",\"@graph\":[{\"@type\":\"Article\",\"@id\":\"https:\\\/\\\/akunq.net\\\/turkish\\\/2010\\\/09\\\/03\\\/ulku-ocaklari-agri-dagina-hayir-pankarti-asti\\\/#article\",\"isPartOf\":{\"@id\":\"https:\\\/\\\/akunq.net\\\/turkish\\\/2010\\\/09\\\/03\\\/ulku-ocaklari-agri-dagina-hayir-pankarti-asti\\\/\"},\"author\":{\"name\":\"kalem\",\"@id\":\"https:\\\/\\\/akunq.net\\\/turkish\\\/#\\\/schema\\\/person\\\/135e7923d1aeb8887890799619969a6c\"},\"headline\":\"\u00dclk\u00fc Ocaklar\u0131 A\u011fr\u0131 Da\u011f\u0131na &#8221;hay\u0131r&#8221; Pankart\u0131 Ast\u0131\",\"datePublished\":\"2010-09-03T11:50:41+00:00\",\"mainEntityOfPage\":{\"@id\":\"https:\\\/\\\/akunq.net\\\/turkish\\\/2010\\\/09\\\/03\\\/ulku-ocaklari-agri-dagina-hayir-pankarti-asti\\\/\"},\"wordCount\":237,\"articleSection\":[\"Haberler\"],\"inLanguage\":\"en-US\"},{\"@type\":\"WebPage\",\"@id\":\"https:\\\/\\\/akunq.net\\\/turkish\\\/2010\\\/09\\\/03\\\/ulku-ocaklari-agri-dagina-hayir-pankarti-asti\\\/\",\"url\":\"https:\\\/\\\/akunq.net\\\/turkish\\\/2010\\\/09\\\/03\\\/ulku-ocaklari-agri-dagina-hayir-pankarti-asti\\\/\",\"name\":\"\u00dclk\u00fc Ocaklar\u0131 A\u011fr\u0131 Da\u011f\u0131na ''hay\u0131r'' Pankart\u0131 Ast\u0131 - Bati Ermenistan Ve Bati Ermenileri Sorunlari Ara\u015ftirmalar Merkezi\",\"isPartOf\":{\"@id\":\"https:\\\/\\\/akunq.net\\\/turkish\\\/#website\"},\"datePublished\":\"2010-09-03T11:50:41+00:00\",\"author\":{\"@id\":\"https:\\\/\\\/akunq.net\\\/turkish\\\/#\\\/schema\\\/person\\\/135e7923d1aeb8887890799619969a6c\"},\"breadcrumb\":{\"@id\":\"https:\\\/\\\/akunq.net\\\/turkish\\\/2010\\\/09\\\/03\\\/ulku-ocaklari-agri-dagina-hayir-pankarti-asti\\\/#breadcrumb\"},\"inLanguage\":\"en-US\",\"potentialAction\":[{\"@type\":\"ReadAction\",\"target\":[\"https:\\\/\\\/akunq.net\\\/turkish\\\/2010\\\/09\\\/03\\\/ulku-ocaklari-agri-dagina-hayir-pankarti-asti\\\/\"]}]},{\"@type\":\"BreadcrumbList\",\"@id\":\"https:\\\/\\\/akunq.net\\\/turkish\\\/2010\\\/09\\\/03\\\/ulku-ocaklari-agri-dagina-hayir-pankarti-asti\\\/#breadcrumb\",\"itemListElement\":[{\"@type\":\"ListItem\",\"position\":1,\"name\":\"Home\",\"item\":\"https:\\\/\\\/akunq.net\\\/turkish\\\/\"},{\"@type\":\"ListItem\",\"position\":2,\"name\":\"\u00dclk\u00fc Ocaklar\u0131 A\u011fr\u0131 Da\u011f\u0131na &#8221;hay\u0131r&#8221; Pankart\u0131 Ast\u0131\"}]},{\"@type\":\"WebSite\",\"@id\":\"https:\\\/\\\/akunq.net\\\/turkish\\\/#website\",\"url\":\"https:\\\/\\\/akunq.net\\\/turkish\\\/\",\"name\":\"Bati Ermenistan Ve Bati Ermenileri Sorunlari Ara\u015ftirmalar Merkezi\",\"description\":\"\",\"potentialAction\":[{\"@type\":\"SearchAction\",\"target\":{\"@type\":\"EntryPoint\",\"urlTemplate\":\"https:\\\/\\\/akunq.net\\\/turkish\\\/?s={search_term_string}\"},\"query-input\":{\"@type\":\"PropertyValueSpecification\",\"valueRequired\":true,\"valueName\":\"search_term_string\"}}],\"inLanguage\":\"en-US\"},{\"@type\":\"Person\",\"@id\":\"https:\\\/\\\/akunq.net\\\/turkish\\\/#\\\/schema\\\/person\\\/135e7923d1aeb8887890799619969a6c\",\"name\":\"kalem\",\"image\":{\"@type\":\"ImageObject\",\"inLanguage\":\"en-US\",\"@id\":\"https:\\\/\\\/secure.gravatar.com\\\/avatar\\\/a06875e4b25feb5674296adf8e8a7ae1e587cebce2493fe63c456109967e27d3?s=96&d=mm&r=g\",\"url\":\"https:\\\/\\\/secure.gravatar.com\\\/avatar\\\/a06875e4b25feb5674296adf8e8a7ae1e587cebce2493fe63c456109967e27d3?s=96&d=mm&r=g\",\"contentUrl\":\"https:\\\/\\\/secure.gravatar.com\\\/avatar\\\/a06875e4b25feb5674296adf8e8a7ae1e587cebce2493fe63c456109967e27d3?s=96&d=mm&r=g\",\"caption\":\"kalem\"},\"url\":\"https:\\\/\\\/akunq.net\\\/turkish\\\/author\\\/kalem\\\/\"}]}<\/script>\n<!-- \/ Yoast SEO plugin. -->","yoast_head_json":{"title":"\u00dclk\u00fc Ocaklar\u0131 A\u011fr\u0131 Da\u011f\u0131na ''hay\u0131r'' Pankart\u0131 Ast\u0131 - Bati Ermenistan Ve Bati Ermenileri Sorunlari Ara\u015ftirmalar Merkezi","robots":{"index":"index","follow":"follow","max-snippet":"max-snippet:-1","max-image-preview":"max-image-preview:large","max-video-preview":"max-video-preview:-1"},"canonical":"https:\/\/akunq.net\/turkish\/2010\/09\/03\/ulku-ocaklari-agri-dagina-hayir-pankarti-asti\/","og_locale":"en_US","og_type":"article","og_title":"\u00dclk\u00fc Ocaklar\u0131 A\u011fr\u0131 Da\u011f\u0131na ''hay\u0131r'' Pankart\u0131 Ast\u0131 - Bati Ermenistan Ve Bati Ermenileri Sorunlari Ara\u015ftirmalar Merkezi","og_description":"Isparta \u00dclk\u00fc Ocaklar\u0131 Da\u011fc\u0131l\u0131k Toplulu\u011fu&#8217;nun 4 \u00fcyesi, 12 Eyl\u00fcl&#8217;de yap\u0131lacak referandum i\u00e7in A\u011fr\u0131 Da\u011f\u0131 zirvesinde &#8216;hay\u0131r&#8217; yaz\u0131l\u0131 pankart a\u00e7t\u0131. A\u011fr\u0131 Da\u011f\u0131&#8217;na \u00e7\u0131kan Isparta\u00a0 \u00dclk\u00fc Ocaklar\u0131 Da\u011fc\u0131l\u0131k Toplulu\u011fu sorumlusu Hamza Kandemir ve beraberindeki 3 ki\u015fi, zirvede &#8216;\u00dclken i\u00e7in bir hay\u0131r yeter&#8217; yaz\u0131l\u0131 pankart a\u00e7t\u0131. Isparta\u00a0 \u00dclk\u00fc Ocaklar\u0131 Da\u011fc\u0131l\u0131k Toplulu\u011fu olarak 12 Eyl\u00fcl&#8217;de yap\u0131lacak referanduma T\u00fcrkiye&#8217;nin en [&hellip;]","og_url":"https:\/\/akunq.net\/turkish\/2010\/09\/03\/ulku-ocaklari-agri-dagina-hayir-pankarti-asti\/","og_site_name":"Bati Ermenistan Ve Bati Ermenileri Sorunlari Ara\u015ftirmalar Merkezi","article_published_time":"2010-09-03T11:50:41+00:00","author":"kalem","twitter_card":"summary_large_image","twitter_misc":{"Written by":"kalem","Est. reading time":"1 minute"},"schema":{"@context":"https:\/\/schema.org","@graph":[{"@type":"Article","@id":"https:\/\/akunq.net\/turkish\/2010\/09\/03\/ulku-ocaklari-agri-dagina-hayir-pankarti-asti\/#article","isPartOf":{"@id":"https:\/\/akunq.net\/turkish\/2010\/09\/03\/ulku-ocaklari-agri-dagina-hayir-pankarti-asti\/"},"author":{"name":"kalem","@id":"https:\/\/akunq.net\/turkish\/#\/schema\/person\/135e7923d1aeb8887890799619969a6c"},"headline":"\u00dclk\u00fc Ocaklar\u0131 A\u011fr\u0131 Da\u011f\u0131na &#8221;hay\u0131r&#8221; Pankart\u0131 Ast\u0131","datePublished":"2010-09-03T11:50:41+00:00","mainEntityOfPage":{"@id":"https:\/\/akunq.net\/turkish\/2010\/09\/03\/ulku-ocaklari-agri-dagina-hayir-pankarti-asti\/"},"wordCount":237,"articleSection":["Haberler"],"inLanguage":"en-US"},{"@type":"WebPage","@id":"https:\/\/akunq.net\/turkish\/2010\/09\/03\/ulku-ocaklari-agri-dagina-hayir-pankarti-asti\/","url":"https:\/\/akunq.net\/turkish\/2010\/09\/03\/ulku-ocaklari-agri-dagina-hayir-pankarti-asti\/","name":"\u00dclk\u00fc Ocaklar\u0131 A\u011fr\u0131 Da\u011f\u0131na ''hay\u0131r'' Pankart\u0131 Ast\u0131 - Bati Ermenistan Ve Bati Ermenileri Sorunlari Ara\u015ftirmalar Merkezi","isPartOf":{"@id":"https:\/\/akunq.net\/turkish\/#website"},"datePublished":"2010-09-03T11:50:41+00:00","author":{"@id":"https:\/\/akunq.net\/turkish\/#\/schema\/person\/135e7923d1aeb8887890799619969a6c"},"breadcrumb":{"@id":"https:\/\/akunq.net\/turkish\/2010\/09\/03\/ulku-ocaklari-agri-dagina-hayir-pankarti-asti\/#breadcrumb"},"inLanguage":"en-US","potentialAction":[{"@type":"ReadAction","target":["https:\/\/akunq.net\/turkish\/2010\/09\/03\/ulku-ocaklari-agri-dagina-hayir-pankarti-asti\/"]}]},{"@type":"BreadcrumbList","@id":"https:\/\/akunq.net\/turkish\/2010\/09\/03\/ulku-ocaklari-agri-dagina-hayir-pankarti-asti\/#breadcrumb","itemListElement":[{"@type":"ListItem","position":1,"name":"Home","item":"https:\/\/akunq.net\/turkish\/"},{"@type":"ListItem","position":2,"name":"\u00dclk\u00fc Ocaklar\u0131 A\u011fr\u0131 Da\u011f\u0131na &#8221;hay\u0131r&#8221; Pankart\u0131 Ast\u0131"}]},{"@type":"WebSite","@id":"https:\/\/akunq.net\/turkish\/#website","url":"https:\/\/akunq.net\/turkish\/","name":"Bati Ermenistan Ve Bati Ermenileri Sorunlari Ara\u015ftirmalar Merkezi","description":"","potentialAction":[{"@type":"SearchAction","target":{"@type":"EntryPoint","urlTemplate":"https:\/\/akunq.net\/turkish\/?s={search_term_string}"},"query-input":{"@type":"PropertyValueSpecification","valueRequired":true,"valueName":"search_term_string"}}],"inLanguage":"en-US"},{"@type":"Person","@id":"https:\/\/akunq.net\/turkish\/#\/schema\/person\/135e7923d1aeb8887890799619969a6c","name":"kalem","image":{"@type":"ImageObject","inLanguage":"en-US","@id":"https:\/\/secure.gravatar.com\/avatar\/a06875e4b25feb5674296adf8e8a7ae1e587cebce2493fe63c456109967e27d3?s=96&d=mm&r=g","url":"https:\/\/secure.gravatar.com\/avatar\/a06875e4b25feb5674296adf8e8a7ae1e587cebce2493fe63c456109967e27d3?s=96&d=mm&r=g","contentUrl":"https:\/\/secure.gravatar.com\/avatar\/a06875e4b25feb5674296adf8e8a7ae1e587cebce2493fe63c456109967e27d3?s=96&d=mm&r=g","caption":"kalem"},"url":"https:\/\/akunq.net\/turkish\/author\/kalem\/"}]}},"_links":{"self":[{"href":"https:\/\/akunq.net\/turkish\/wp-json\/wp\/v2\/posts\/1819","targetHints":{"allow":["GET"]}}],"collection":[{"href":"https:\/\/akunq.net\/turkish\/wp-json\/wp\/v2\/posts"}],"about":[{"href":"https:\/\/akunq.net\/turkish\/wp-json\/wp\/v2\/types\/post"}],"author":[{"embeddable":true,"href":"https:\/\/akunq.net\/turkish\/wp-json\/wp\/v2\/users\/3"}],"replies":[{"embeddable":true,"href":"https:\/\/akunq.net\/turkish\/wp-json\/wp\/v2\/comments?post=1819"}],"version-history":[{"count":0,"href":"https:\/\/akunq.net\/turkish\/wp-json\/wp\/v2\/posts\/1819\/revisions"}],"wp:attachment":[{"href":"https:\/\/akunq.net\/turkish\/wp-json\/wp\/v2\/media?parent=1819"}],"wp:term":[{"taxonomy":"category","embeddable":true,"href":"https:\/\/akunq.net\/turkish\/wp-json\/wp\/v2\/categories?post=1819"},{"taxonomy":"post_tag","embeddable":true,"href":"https:\/\/akunq.net\/turkish\/wp-json\/wp\/v2\/tags?post=1819"}],"curies":[{"name":"wp","href":"https:\/\/api.w.org\/{rel}","templated":true}]}}