{"id":1816,"date":"2010-09-03T06:45:02","date_gmt":"2010-09-03T11:45:02","guid":{"rendered":"http:\/\/akunq.net\/tr\/?p=1816"},"modified":"2010-09-03T06:45:02","modified_gmt":"2010-09-03T11:45:02","slug":"olacaksa-boyle-olsun-parev","status":"publish","type":"post","link":"https:\/\/akunq.net\/turkish\/2010\/09\/03\/olacaksa-boyle-olsun-parev\/","title":{"rendered":"OLACAKSA B\u00d6YLE OLSUN (PAREV)"},"content":{"rendered":"<p style=\"text-align: right\"><em><strong>Mihran P\u0131rgic G\u00fcltekin<\/strong><\/em><\/p>\n<p style=\"text-align: justify\">\u00a0<\/p>\n<p style=\"text-align: justify\">Evet ya\u015f\u0131m 50 \u00f6mr\u00fcm\u00fcn destisi doldu dolacak. Bu g\u00fcne kadar g\u00fcn oldu T\u00fcrk oldum okula ba\u015flad\u0131m, T\u00fcrk\u00fcm, do\u011fruyum, cal\u0131\u015fkan\u0131m dedim. G\u00fcn gecti K\u00fcrt oldum Zaza&#8217;ca \u00f6\u011frendim, zaman\u0131 geldi Alevi oldum, cem tutup semah d\u00f6nd\u00fcm, birde bakt\u0131m devrimci olmu\u015fum. Ya\u015fas\u0131n halklar\u0131n karde\u015fli\u011fi dedim. Oysa benim gerce\u011fim bunlar de\u011fildi \u00e7\u00fcnk\u00fc ben zul\u00fcme u\u011fram\u0131\u015f, kad\u0131nlar\u0131 k\u0131zlar\u0131 toplu tecav\u00fcze u\u011fram\u0131\u015f, yol kenarlar\u0131nda insanlar\u0131m\u0131n cesetleriyle dolu soyk\u0131r\u0131ma u\u011fram\u0131\u015f kadim bir halk olan bir Ermeni co\u00e7u\u011fuydum. T\u00fcrk olduk\u00e7a dilimi unuttum, K\u00fcrt oldu\u011fumda halk\u0131m\u0131 unuttum, Alevi olunca dinimi unuttum. 50 ya\u015f\u0131mdan sonra kim oldu\u011fumu hat\u0131rlay\u0131p \u00f6\u011frenince de milliyet\u00e7i oldum. Neyse benim milliyet\u00e7ili\u011fim bana kals\u0131n. Devrimci karde\u015flerim ele\u015ftirileriniz kabul\u00fcmd\u00fcr. Gecmi\u015fimizle ilgili kitaplar yaz\u0131lmaya ba\u015flay\u0131nca bizde okuyunca \u00f6\u011frendik dedelerimizin neler ya\u015fad\u0131\u011f\u0131n\u0131, g\u00f6zleri ya\u015fl\u0131 \u00e7\u0131kt\u0131k yola, Dersimden ne kadar gecmi\u015fi Ermeni olan var, bir \u00f6\u011frenelim dedik. Dernek kurmaya karar verdik, bunu da ba\u015faraca\u011f\u0131z say\u0131l\u0131 g\u00fcn kald\u0131. G\u00f6rd\u00fck ki Avrupa\u2019dan T\u00fcrkiye\u2019nin de\u011fi\u015fik yerlerinden bizi bekleyenler varm\u0131\u015f, \u015fimdiden aray\u0131p duruyorlar derne\u011fi ne zaman kuracaks\u0131n\u0131z diye. Evet az kald\u0131 yard\u0131mlar\u0131n\u0131zla Dersim Emenilerinin tabusunu y\u0131k\u0131p kendimizi bulaca\u011f\u0131z. Kavu\u015fmak dile\u011fiyle G\u00d6R\u00dc\u015e\u00dcR\u00dcZ( PAR\u0130 OR)<\/p>\n<p style=\"text-align: justify\"><strong><em>Komentar: <\/em><\/strong><em><a href=\"http:\/\/www.facebook.com\/profile.php?id=100000606013897\" target=\"_blank\"><strong>Victor Akkus<\/strong><\/a><\/em><strong><em> <\/em><\/strong><\/p>\n<p style=\"text-align: justify\"><em>Sevgili karde\u015fim Miran, yaz\u0131lar\u0131n\u0131 takip ediyorum ve \u00e7ok g\u00fczel bir ara\u015ft\u0131rma yap\u0131p ger\u00e7egi ke\u015ffetti\u011fini g\u00f6r\u00fcyorum. Sana y\u0131llar \u00f6nce \u0130stanbul\u2019da kar\u015f\u0131la\u015ft\u0131\u011f\u0131m\u0131zda bir\u015feyler anlatmaya \u00e7al\u0131\u015ft\u0131m ama sen ba\u015fka konuyla mesguld\u00fcn. Sen Dersim Ermenilerinde ilk olarak ger\u00e7ek kimli\u011fine resmi ge\u00e7mis ilk ki\u015fisin yani bir rekor sahibisi. Tabi senden \u00f6nce \u0130stanbul\u2019da kimlik de\u011fi\u015ftirenler oldu ama onlar sadece Avrupa\u2019da i\u015fleri olsun diye yapt\u0131lar. Ben y\u0131llar \u00f6nce \u0130stanbul\u2019da aslimizin Ermeni oldu\u011fu konusunda gen\u00e7lere y\u00f6nelik baz\u0131 konu\u015fmalar yapt\u0131m beni ASALA \u00fcyesi olmakla su\u00e7lam\u0131\u015ft\u0131 Ismail Halavart. Dinci olmad\u0131\u011f\u0131m halde babam\u0131n mezar\u0131na bir ha\u00e7 g\u00f6t\u00fcr\u00fcp dikmek istiyorum. \u00d6nemli bir \u015fey daha var. Dersimli\u2019lerin tarihi \u00fczerine bir kitap g\u00f6rd\u00fcm Ermenistan\u2019da, hepsinin d\u00f6nme Ermeni oldugunu yaz\u0131yor, \u00e7\u00fcnk\u00fc tarihe bakt\u0131\u011f\u0131nda hi\u00e7 bir yerden gelmemi\u015f yerle\u015fik bir halk ve 1800 l\u00fc y\u0131llara kadar Alevi bile yok, yani sonradan m\u00fcsl\u00fcmanla\u015ft\u0131rmak Alevi\u2019ye d\u00f6nm\u00fc\u015f ve yava\u015f m\u00fcsl\u00fcmanl\u0131\u011fa do\u011fru g\u00f6t\u00fcr\u00fclm\u00fc\u015fler, bunu a\u00e7\u0131k\u00e7a \u00c7orum ve Tokat Alevileri \u00fczerinde g\u00f6r\u00fcyorsun. Ama iyi bir ara\u015ft\u0131rma yapm\u0131\u015fsin, \u00e7ok tebrik ederim.<\/em><\/p>\n<p style=\"text-align: justify\">\u00a0<em><strong>Bu yaz\u0131 Hrayr Djokhk taraf\u0131ndan g\u00f6nderilmi\u015ftir. <\/strong><\/em><em>[darontci_simon@yahoo.de]<\/em><\/p>\n","protected":false},"excerpt":{"rendered":"<p>Mihran P\u0131rgic G\u00fcltekin \u00a0 Evet ya\u015f\u0131m 50 \u00f6mr\u00fcm\u00fcn destisi doldu dolacak. Bu g\u00fcne kadar g\u00fcn oldu T\u00fcrk oldum okula ba\u015flad\u0131m, T\u00fcrk\u00fcm, do\u011fruyum, cal\u0131\u015fkan\u0131m dedim. G\u00fcn gecti K\u00fcrt oldum Zaza&#8217;ca \u00f6\u011frendim, zaman\u0131 geldi Alevi oldum, cem tutup semah d\u00f6nd\u00fcm, birde bakt\u0131m devrimci olmu\u015fum. Ya\u015fas\u0131n halklar\u0131n karde\u015fli\u011fi dedim. Oysa benim gerce\u011fim bunlar de\u011fildi \u00e7\u00fcnk\u00fc ben zul\u00fcme u\u011fram\u0131\u015f, [&hellip;]<\/p>\n","protected":false},"author":3,"featured_media":0,"comment_status":"closed","ping_status":"open","sticky":false,"template":"","format":"standard","meta":{"footnotes":""},"categories":[14],"tags":[],"class_list":["post-1816","post","type-post","status-publish","format-standard","hentry","category-haberler"],"yoast_head":"<!-- This site is optimized with the Yoast SEO plugin v27.4 - https:\/\/yoast.com\/product\/yoast-seo-wordpress\/ -->\n<title>OLACAKSA B\u00d6YLE OLSUN (PAREV) - Bati Ermenistan Ve Bati Ermenileri Sorunlari Ara\u015ftirmalar Merkezi<\/title>\n<meta name=\"robots\" content=\"index, follow, max-snippet:-1, max-image-preview:large, max-video-preview:-1\" \/>\n<link rel=\"canonical\" href=\"https:\/\/akunq.net\/turkish\/2010\/09\/03\/olacaksa-boyle-olsun-parev\/\" \/>\n<meta property=\"og:locale\" content=\"en_US\" \/>\n<meta property=\"og:type\" content=\"article\" \/>\n<meta property=\"og:title\" content=\"OLACAKSA B\u00d6YLE OLSUN (PAREV) - Bati Ermenistan Ve Bati Ermenileri Sorunlari Ara\u015ftirmalar Merkezi\" \/>\n<meta property=\"og:description\" content=\"Mihran P\u0131rgic G\u00fcltekin \u00a0 Evet ya\u015f\u0131m 50 \u00f6mr\u00fcm\u00fcn destisi doldu dolacak. Bu g\u00fcne kadar g\u00fcn oldu T\u00fcrk oldum okula ba\u015flad\u0131m, T\u00fcrk\u00fcm, do\u011fruyum, cal\u0131\u015fkan\u0131m dedim. G\u00fcn gecti K\u00fcrt oldum Zaza&#8217;ca \u00f6\u011frendim, zaman\u0131 geldi Alevi oldum, cem tutup semah d\u00f6nd\u00fcm, birde bakt\u0131m devrimci olmu\u015fum. Ya\u015fas\u0131n halklar\u0131n karde\u015fli\u011fi dedim. Oysa benim gerce\u011fim bunlar de\u011fildi \u00e7\u00fcnk\u00fc ben zul\u00fcme u\u011fram\u0131\u015f, [&hellip;]\" \/>\n<meta property=\"og:url\" content=\"https:\/\/akunq.net\/turkish\/2010\/09\/03\/olacaksa-boyle-olsun-parev\/\" \/>\n<meta property=\"og:site_name\" content=\"Bati Ermenistan Ve Bati Ermenileri Sorunlari Ara\u015ftirmalar Merkezi\" \/>\n<meta property=\"article:published_time\" content=\"2010-09-03T11:45:02+00:00\" \/>\n<meta name=\"author\" content=\"kalem\" \/>\n<meta name=\"twitter:card\" content=\"summary_large_image\" \/>\n<meta name=\"twitter:label1\" content=\"Written by\" \/>\n\t<meta name=\"twitter:data1\" content=\"kalem\" \/>\n\t<meta name=\"twitter:label2\" content=\"Est. reading time\" \/>\n\t<meta name=\"twitter:data2\" content=\"3 minutes\" \/>\n<script type=\"application\/ld+json\" class=\"yoast-schema-graph\">{\"@context\":\"https:\\\/\\\/schema.org\",\"@graph\":[{\"@type\":\"Article\",\"@id\":\"https:\\\/\\\/akunq.net\\\/turkish\\\/2010\\\/09\\\/03\\\/olacaksa-boyle-olsun-parev\\\/#article\",\"isPartOf\":{\"@id\":\"https:\\\/\\\/akunq.net\\\/turkish\\\/2010\\\/09\\\/03\\\/olacaksa-boyle-olsun-parev\\\/\"},\"author\":{\"name\":\"kalem\",\"@id\":\"https:\\\/\\\/akunq.net\\\/turkish\\\/#\\\/schema\\\/person\\\/135e7923d1aeb8887890799619969a6c\"},\"headline\":\"OLACAKSA B\u00d6YLE OLSUN (PAREV)\",\"datePublished\":\"2010-09-03T11:45:02+00:00\",\"mainEntityOfPage\":{\"@id\":\"https:\\\/\\\/akunq.net\\\/turkish\\\/2010\\\/09\\\/03\\\/olacaksa-boyle-olsun-parev\\\/\"},\"wordCount\":511,\"articleSection\":[\"Haberler\"],\"inLanguage\":\"en-US\"},{\"@type\":\"WebPage\",\"@id\":\"https:\\\/\\\/akunq.net\\\/turkish\\\/2010\\\/09\\\/03\\\/olacaksa-boyle-olsun-parev\\\/\",\"url\":\"https:\\\/\\\/akunq.net\\\/turkish\\\/2010\\\/09\\\/03\\\/olacaksa-boyle-olsun-parev\\\/\",\"name\":\"OLACAKSA B\u00d6YLE OLSUN (PAREV) - Bati Ermenistan Ve Bati Ermenileri Sorunlari Ara\u015ftirmalar Merkezi\",\"isPartOf\":{\"@id\":\"https:\\\/\\\/akunq.net\\\/turkish\\\/#website\"},\"datePublished\":\"2010-09-03T11:45:02+00:00\",\"author\":{\"@id\":\"https:\\\/\\\/akunq.net\\\/turkish\\\/#\\\/schema\\\/person\\\/135e7923d1aeb8887890799619969a6c\"},\"breadcrumb\":{\"@id\":\"https:\\\/\\\/akunq.net\\\/turkish\\\/2010\\\/09\\\/03\\\/olacaksa-boyle-olsun-parev\\\/#breadcrumb\"},\"inLanguage\":\"en-US\",\"potentialAction\":[{\"@type\":\"ReadAction\",\"target\":[\"https:\\\/\\\/akunq.net\\\/turkish\\\/2010\\\/09\\\/03\\\/olacaksa-boyle-olsun-parev\\\/\"]}]},{\"@type\":\"BreadcrumbList\",\"@id\":\"https:\\\/\\\/akunq.net\\\/turkish\\\/2010\\\/09\\\/03\\\/olacaksa-boyle-olsun-parev\\\/#breadcrumb\",\"itemListElement\":[{\"@type\":\"ListItem\",\"position\":1,\"name\":\"Home\",\"item\":\"https:\\\/\\\/akunq.net\\\/turkish\\\/\"},{\"@type\":\"ListItem\",\"position\":2,\"name\":\"OLACAKSA B\u00d6YLE OLSUN (PAREV)\"}]},{\"@type\":\"WebSite\",\"@id\":\"https:\\\/\\\/akunq.net\\\/turkish\\\/#website\",\"url\":\"https:\\\/\\\/akunq.net\\\/turkish\\\/\",\"name\":\"Bati Ermenistan Ve Bati Ermenileri Sorunlari Ara\u015ftirmalar Merkezi\",\"description\":\"\",\"potentialAction\":[{\"@type\":\"SearchAction\",\"target\":{\"@type\":\"EntryPoint\",\"urlTemplate\":\"https:\\\/\\\/akunq.net\\\/turkish\\\/?s={search_term_string}\"},\"query-input\":{\"@type\":\"PropertyValueSpecification\",\"valueRequired\":true,\"valueName\":\"search_term_string\"}}],\"inLanguage\":\"en-US\"},{\"@type\":\"Person\",\"@id\":\"https:\\\/\\\/akunq.net\\\/turkish\\\/#\\\/schema\\\/person\\\/135e7923d1aeb8887890799619969a6c\",\"name\":\"kalem\",\"image\":{\"@type\":\"ImageObject\",\"inLanguage\":\"en-US\",\"@id\":\"https:\\\/\\\/secure.gravatar.com\\\/avatar\\\/a06875e4b25feb5674296adf8e8a7ae1e587cebce2493fe63c456109967e27d3?s=96&d=mm&r=g\",\"url\":\"https:\\\/\\\/secure.gravatar.com\\\/avatar\\\/a06875e4b25feb5674296adf8e8a7ae1e587cebce2493fe63c456109967e27d3?s=96&d=mm&r=g\",\"contentUrl\":\"https:\\\/\\\/secure.gravatar.com\\\/avatar\\\/a06875e4b25feb5674296adf8e8a7ae1e587cebce2493fe63c456109967e27d3?s=96&d=mm&r=g\",\"caption\":\"kalem\"},\"url\":\"https:\\\/\\\/akunq.net\\\/turkish\\\/author\\\/kalem\\\/\"}]}<\/script>\n<!-- \/ Yoast SEO plugin. -->","yoast_head_json":{"title":"OLACAKSA B\u00d6YLE OLSUN (PAREV) - Bati Ermenistan Ve Bati Ermenileri Sorunlari Ara\u015ftirmalar Merkezi","robots":{"index":"index","follow":"follow","max-snippet":"max-snippet:-1","max-image-preview":"max-image-preview:large","max-video-preview":"max-video-preview:-1"},"canonical":"https:\/\/akunq.net\/turkish\/2010\/09\/03\/olacaksa-boyle-olsun-parev\/","og_locale":"en_US","og_type":"article","og_title":"OLACAKSA B\u00d6YLE OLSUN (PAREV) - Bati Ermenistan Ve Bati Ermenileri Sorunlari Ara\u015ftirmalar Merkezi","og_description":"Mihran P\u0131rgic G\u00fcltekin \u00a0 Evet ya\u015f\u0131m 50 \u00f6mr\u00fcm\u00fcn destisi doldu dolacak. Bu g\u00fcne kadar g\u00fcn oldu T\u00fcrk oldum okula ba\u015flad\u0131m, T\u00fcrk\u00fcm, do\u011fruyum, cal\u0131\u015fkan\u0131m dedim. G\u00fcn gecti K\u00fcrt oldum Zaza&#8217;ca \u00f6\u011frendim, zaman\u0131 geldi Alevi oldum, cem tutup semah d\u00f6nd\u00fcm, birde bakt\u0131m devrimci olmu\u015fum. Ya\u015fas\u0131n halklar\u0131n karde\u015fli\u011fi dedim. Oysa benim gerce\u011fim bunlar de\u011fildi \u00e7\u00fcnk\u00fc ben zul\u00fcme u\u011fram\u0131\u015f, [&hellip;]","og_url":"https:\/\/akunq.net\/turkish\/2010\/09\/03\/olacaksa-boyle-olsun-parev\/","og_site_name":"Bati Ermenistan Ve Bati Ermenileri Sorunlari Ara\u015ftirmalar Merkezi","article_published_time":"2010-09-03T11:45:02+00:00","author":"kalem","twitter_card":"summary_large_image","twitter_misc":{"Written by":"kalem","Est. reading time":"3 minutes"},"schema":{"@context":"https:\/\/schema.org","@graph":[{"@type":"Article","@id":"https:\/\/akunq.net\/turkish\/2010\/09\/03\/olacaksa-boyle-olsun-parev\/#article","isPartOf":{"@id":"https:\/\/akunq.net\/turkish\/2010\/09\/03\/olacaksa-boyle-olsun-parev\/"},"author":{"name":"kalem","@id":"https:\/\/akunq.net\/turkish\/#\/schema\/person\/135e7923d1aeb8887890799619969a6c"},"headline":"OLACAKSA B\u00d6YLE OLSUN (PAREV)","datePublished":"2010-09-03T11:45:02+00:00","mainEntityOfPage":{"@id":"https:\/\/akunq.net\/turkish\/2010\/09\/03\/olacaksa-boyle-olsun-parev\/"},"wordCount":511,"articleSection":["Haberler"],"inLanguage":"en-US"},{"@type":"WebPage","@id":"https:\/\/akunq.net\/turkish\/2010\/09\/03\/olacaksa-boyle-olsun-parev\/","url":"https:\/\/akunq.net\/turkish\/2010\/09\/03\/olacaksa-boyle-olsun-parev\/","name":"OLACAKSA B\u00d6YLE OLSUN (PAREV) - Bati Ermenistan Ve Bati Ermenileri Sorunlari Ara\u015ftirmalar Merkezi","isPartOf":{"@id":"https:\/\/akunq.net\/turkish\/#website"},"datePublished":"2010-09-03T11:45:02+00:00","author":{"@id":"https:\/\/akunq.net\/turkish\/#\/schema\/person\/135e7923d1aeb8887890799619969a6c"},"breadcrumb":{"@id":"https:\/\/akunq.net\/turkish\/2010\/09\/03\/olacaksa-boyle-olsun-parev\/#breadcrumb"},"inLanguage":"en-US","potentialAction":[{"@type":"ReadAction","target":["https:\/\/akunq.net\/turkish\/2010\/09\/03\/olacaksa-boyle-olsun-parev\/"]}]},{"@type":"BreadcrumbList","@id":"https:\/\/akunq.net\/turkish\/2010\/09\/03\/olacaksa-boyle-olsun-parev\/#breadcrumb","itemListElement":[{"@type":"ListItem","position":1,"name":"Home","item":"https:\/\/akunq.net\/turkish\/"},{"@type":"ListItem","position":2,"name":"OLACAKSA B\u00d6YLE OLSUN (PAREV)"}]},{"@type":"WebSite","@id":"https:\/\/akunq.net\/turkish\/#website","url":"https:\/\/akunq.net\/turkish\/","name":"Bati Ermenistan Ve Bati Ermenileri Sorunlari Ara\u015ftirmalar Merkezi","description":"","potentialAction":[{"@type":"SearchAction","target":{"@type":"EntryPoint","urlTemplate":"https:\/\/akunq.net\/turkish\/?s={search_term_string}"},"query-input":{"@type":"PropertyValueSpecification","valueRequired":true,"valueName":"search_term_string"}}],"inLanguage":"en-US"},{"@type":"Person","@id":"https:\/\/akunq.net\/turkish\/#\/schema\/person\/135e7923d1aeb8887890799619969a6c","name":"kalem","image":{"@type":"ImageObject","inLanguage":"en-US","@id":"https:\/\/secure.gravatar.com\/avatar\/a06875e4b25feb5674296adf8e8a7ae1e587cebce2493fe63c456109967e27d3?s=96&d=mm&r=g","url":"https:\/\/secure.gravatar.com\/avatar\/a06875e4b25feb5674296adf8e8a7ae1e587cebce2493fe63c456109967e27d3?s=96&d=mm&r=g","contentUrl":"https:\/\/secure.gravatar.com\/avatar\/a06875e4b25feb5674296adf8e8a7ae1e587cebce2493fe63c456109967e27d3?s=96&d=mm&r=g","caption":"kalem"},"url":"https:\/\/akunq.net\/turkish\/author\/kalem\/"}]}},"_links":{"self":[{"href":"https:\/\/akunq.net\/turkish\/wp-json\/wp\/v2\/posts\/1816","targetHints":{"allow":["GET"]}}],"collection":[{"href":"https:\/\/akunq.net\/turkish\/wp-json\/wp\/v2\/posts"}],"about":[{"href":"https:\/\/akunq.net\/turkish\/wp-json\/wp\/v2\/types\/post"}],"author":[{"embeddable":true,"href":"https:\/\/akunq.net\/turkish\/wp-json\/wp\/v2\/users\/3"}],"replies":[{"embeddable":true,"href":"https:\/\/akunq.net\/turkish\/wp-json\/wp\/v2\/comments?post=1816"}],"version-history":[{"count":0,"href":"https:\/\/akunq.net\/turkish\/wp-json\/wp\/v2\/posts\/1816\/revisions"}],"wp:attachment":[{"href":"https:\/\/akunq.net\/turkish\/wp-json\/wp\/v2\/media?parent=1816"}],"wp:term":[{"taxonomy":"category","embeddable":true,"href":"https:\/\/akunq.net\/turkish\/wp-json\/wp\/v2\/categories?post=1816"},{"taxonomy":"post_tag","embeddable":true,"href":"https:\/\/akunq.net\/turkish\/wp-json\/wp\/v2\/tags?post=1816"}],"curies":[{"name":"wp","href":"https:\/\/api.w.org\/{rel}","templated":true}]}}