{"id":1775,"date":"2010-09-02T04:00:50","date_gmt":"2010-09-02T09:00:50","guid":{"rendered":"http:\/\/akunq.net\/tr\/?p=1775"},"modified":"2010-09-02T04:00:50","modified_gmt":"2010-09-02T09:00:50","slug":"fiba-2010un-maskotu-van-kedisi","status":"publish","type":"post","link":"https:\/\/akunq.net\/turkish\/2010\/09\/02\/fiba-2010un-maskotu-van-kedisi\/","title":{"rendered":"FIBA 2010&#8217;un maskotu Van kedisi"},"content":{"rendered":"<p style=\"text-align: justify\"><strong><em><a rel=\"attachment wp-att-1776\" href=\"http:\/\/akunq.net\/tr\/?attachment_id=1776\"><img loading=\"lazy\" decoding=\"async\" class=\"alignleft size-full wp-image-1776\" title=\"\u0540\u0561\u0575\u056f\u0561\u056f\u0561\u0576 \u057e\u0561\u0576\u0561 \u056f\u0561\u057f\u0578\u0582\u0576`\u0539\u0578\u0582\u0580\u0584\u056b\u0561\u0575\u056b \u056d\u0578\u0580\u0570\u0580\u0564\u0561\u0576\u056b\u0577\" src=\"http:\/\/akunq.net\/tr\/wp-content\/uploads\/2010\/09\/\u0540\u0561\u0575\u056f\u0561\u056f\u0561\u0576-\u057e\u0561\u0576\u0561-\u056f\u0561\u057f\u0578\u0582\u0576\u0539\u0578\u0582\u0580\u0584\u056b\u0561\u0575\u056b-\u056d\u0578\u0580\u0570\u0580\u0564\u0561\u0576\u056b\u0577.jpg\" alt=\"\" width=\"318\" height=\"220\" srcset=\"https:\/\/akunq.net\/turkish\/wp-content\/uploads\/sites\/5\/2010\/09\/\u0540\u0561\u0575\u056f\u0561\u056f\u0561\u0576-\u057e\u0561\u0576\u0561-\u056f\u0561\u057f\u0578\u0582\u0576\u0539\u0578\u0582\u0580\u0584\u056b\u0561\u0575\u056b-\u056d\u0578\u0580\u0570\u0580\u0564\u0561\u0576\u056b\u0577.jpg 318w, https:\/\/akunq.net\/turkish\/wp-content\/uploads\/sites\/5\/2010\/09\/\u0540\u0561\u0575\u056f\u0561\u056f\u0561\u0576-\u057e\u0561\u0576\u0561-\u056f\u0561\u057f\u0578\u0582\u0576\u0539\u0578\u0582\u0580\u0584\u056b\u0561\u0575\u056b-\u056d\u0578\u0580\u0570\u0580\u0564\u0561\u0576\u056b\u0577-300x208.jpg 300w\" sizes=\"auto, (max-width: 318px) 100vw, 318px\" \/><\/a>FIBA 2010 D\u00fcnya Basketbol \u015eampiyonas\u0131&#8217;n\u0131n maskotunun tan\u0131t\u0131m\u0131 ger\u00e7ekle\u015ftirilen kura \u00e7ekiminde yap\u0131ld\u0131.<br \/>\n<\/em><\/strong><br \/>\n\u00c7\u0131ra\u011fan Saray\u0131&#8217;ndaki kura \u00e7ekimi \u00f6ncesinde g\u00f6zlerinin biri mavi, di\u011feri ye\u015fil olan, Van kendisinin \u00f6zelli\u011fini yans\u0131tan, \u00fczerinde 10 numaral\u0131 T\u00fcrk Milli Tak\u0131m\u0131 formas\u0131 bulunan maskot sahnedeki yerini ald\u0131.<\/p>\n<p style=\"text-align: justify\">Maskot kedi sahneden inip FIBA Genel Sekreteri Patrick Baumann ve TBF Ba\u015fkan\u0131 Turgay Demirel&#8217;i sahneye \u00e7\u0131kard\u0131.<br \/>\nMaskotun ismi Ocak ay\u0131ndan itibaren \u015fampiyonan\u0131n web sitesi \u00fczerinden yap\u0131lacak oylama ile belirlenecek.<\/p>\n<p style=\"text-align: justify\">\u00a0Ortak\u00f6y, Taksim Meydan\u0131 ve Sultanahmet Meydan\u0131&#8217;nda basketbolseverlerle d\u00fcn bir araya gelen maskot, bug\u00fcn \u015fampiyonan\u0131n grup ma\u00e7lar\u0131n\u0131n oynanaca\u011f\u0131 \u015fehirlerden bir di\u011feri olan Kayseri\u2019ye ge\u00e7ecek. Burada Cumhuriyet Meydan\u0131 ve Hunat Hatun K\u00fclliyesi\u2019nde basketboleverler ile bir araya gelecek olan \u015fampiyona maskotu, Kayseri\u2019deki turunu Erciyes Da\u011f\u0131\u2019nda tamamlayacak.<\/p>\n<p style=\"text-align: justify\">D\u00fcnya \u015eampiyonas\u0131\u2019n\u0131n maskotu, \u015fampiyonaya evsahipli\u011fi yapacak olan illere ziyaretlerini \u0130zmir ile tamamlayacak. 17 Aral\u0131k Per\u015fembe g\u00fcn\u00fc \u0130zmir halk\u0131 ile bir araya gelecek olan maskot, Konak Meydan\u0131 ve tarihi Saat Kulesi\u2019ni gezdikten sonra \u0130zmir\u2019deki etkinlikler Kordon Boyu\u2019nda sona erecek.<\/p>\n<p style=\"text-align: justify\">Olimpiyatlar ba\u015fta olmak \u00fczere, D\u00fcnya \u015eampiyonalar\u0131 ve Avrupa \u015eampiyonlar\u0131 gibi b\u00fcy\u00fck <a href=\"http:\/\/www.cnnturk.com\/guncel.konular\/saglikli.yasam\/81\/index.html\">spor<\/a> organizasyonlar\u0131na, elde edilen ba\u015far\u0131l\u0131 sonu\u00e7lar kadar damgas\u0131n\u0131 vuran maskotlar, t\u00fcm d\u00fcnyan\u0131n g\u00f6zlerini \u00e7evirdi\u011fi bu tip organizasyonlar s\u00fcresince yaz\u0131l\u0131 ve g\u00f6rsel bas\u0131nda da \u00f6nemli oranda yer al\u0131yor. Hemen hemen her haberde kullan\u0131lan ve hatta m\u00fcsabakalar i\u00e7in at\u0131lan ba\u015fl\u0131klara da ilham kayna\u011f\u0131 olan bu maskotlar, hediyelik e\u015fya olarak da bir\u00e7ok sporseverin evini s\u00fcsl\u00fcyor.<\/p>\n<p style=\"text-align: justify\"><strong>Maskotumuzun k\u00f6keni<\/strong><\/p>\n<p style=\"text-align: justify\">&#8220;\u015e\u00fcphesiz ki o bir kedi, hatta k\u00f6kenleri Van Kedisi\u2019ne dayan\u0131yor. Ama yine de zaman zaman bir k\u00f6pek gibi davran\u0131yor. Fakat bizim kedimiz \u00e7ok \u00f6zel bir kedi, \u00e7\u00fcnk\u00fc o 2010 FIBA D\u00fcnya Sampiyonas\u0131\u2019n\u0131 temsil ediyor.<br \/>\nO, Van Kedisi\u2019nin \u00e7ok yak\u0131n bir akrabas\u0131 ve bu nedenle benzersiz bir d\u0131\u015f g\u00f6r\u00fcn\u00fc\u015fe sahip. Kimse tam olarak nereden geldi\u011fini bilmese de T\u00fcrkiye\u2019nin her k\u00f6\u015fesinde ona rastlamak m\u00fcmk\u00fcn. Seyahat etmeyi \u00e7ok sevdi\u011finden olsa gerek, D\u00fcnya \u015eampiyonas\u0131 ma\u00e7lar\u0131n\u0131 t\u00fcm evsahibi \u015fehirlerde takip edecek. T\u00fcm Van Kedileri gibi bizim kedimiz de sad\u0131k, sevgi dolu ve ak\u0131ll\u0131d\u0131r.<\/p>\n<p style=\"text-align: justify\"><strong>(CNNTURK.COM)<\/strong><\/p>\n","protected":false},"excerpt":{"rendered":"<p>FIBA 2010 D\u00fcnya Basketbol \u015eampiyonas\u0131&#8217;n\u0131n maskotunun tan\u0131t\u0131m\u0131 ger\u00e7ekle\u015ftirilen kura \u00e7ekiminde yap\u0131ld\u0131. \u00c7\u0131ra\u011fan Saray\u0131&#8217;ndaki kura \u00e7ekimi \u00f6ncesinde g\u00f6zlerinin biri mavi, di\u011feri ye\u015fil olan, Van kendisinin \u00f6zelli\u011fini yans\u0131tan, \u00fczerinde 10 numaral\u0131 T\u00fcrk Milli Tak\u0131m\u0131 formas\u0131 bulunan maskot sahnedeki yerini ald\u0131. Maskot kedi sahneden inip FIBA Genel Sekreteri Patrick Baumann ve TBF Ba\u015fkan\u0131 Turgay Demirel&#8217;i sahneye \u00e7\u0131kard\u0131. Maskotun [&hellip;]<\/p>\n","protected":false},"author":3,"featured_media":0,"comment_status":"closed","ping_status":"open","sticky":false,"template":"","format":"standard","meta":{"footnotes":""},"categories":[14],"tags":[],"class_list":["post-1775","post","type-post","status-publish","format-standard","hentry","category-haberler"],"yoast_head":"<!-- This site is optimized with the Yoast SEO plugin v27.4 - https:\/\/yoast.com\/product\/yoast-seo-wordpress\/ -->\n<title>FIBA 2010&#039;un maskotu Van kedisi - Bati Ermenistan Ve Bati Ermenileri Sorunlari Ara\u015ftirmalar Merkezi<\/title>\n<meta name=\"robots\" content=\"index, follow, max-snippet:-1, max-image-preview:large, max-video-preview:-1\" \/>\n<link rel=\"canonical\" href=\"https:\/\/akunq.net\/turkish\/2010\/09\/02\/fiba-2010un-maskotu-van-kedisi\/\" \/>\n<meta property=\"og:locale\" content=\"en_US\" \/>\n<meta property=\"og:type\" content=\"article\" \/>\n<meta property=\"og:title\" content=\"FIBA 2010&#039;un maskotu Van kedisi - Bati Ermenistan Ve Bati Ermenileri Sorunlari Ara\u015ftirmalar Merkezi\" \/>\n<meta property=\"og:description\" content=\"FIBA 2010 D\u00fcnya Basketbol \u015eampiyonas\u0131&#8217;n\u0131n maskotunun tan\u0131t\u0131m\u0131 ger\u00e7ekle\u015ftirilen kura \u00e7ekiminde yap\u0131ld\u0131. \u00c7\u0131ra\u011fan Saray\u0131&#8217;ndaki kura \u00e7ekimi \u00f6ncesinde g\u00f6zlerinin biri mavi, di\u011feri ye\u015fil olan, Van kendisinin \u00f6zelli\u011fini yans\u0131tan, \u00fczerinde 10 numaral\u0131 T\u00fcrk Milli Tak\u0131m\u0131 formas\u0131 bulunan maskot sahnedeki yerini ald\u0131. Maskot kedi sahneden inip FIBA Genel Sekreteri Patrick Baumann ve TBF Ba\u015fkan\u0131 Turgay Demirel&#8217;i sahneye \u00e7\u0131kard\u0131. Maskotun [&hellip;]\" \/>\n<meta property=\"og:url\" content=\"https:\/\/akunq.net\/turkish\/2010\/09\/02\/fiba-2010un-maskotu-van-kedisi\/\" \/>\n<meta property=\"og:site_name\" content=\"Bati Ermenistan Ve Bati Ermenileri Sorunlari Ara\u015ftirmalar Merkezi\" \/>\n<meta property=\"article:published_time\" content=\"2010-09-02T09:00:50+00:00\" \/>\n<meta name=\"author\" content=\"kalem\" \/>\n<meta name=\"twitter:card\" content=\"summary_large_image\" \/>\n<meta name=\"twitter:label1\" content=\"Written by\" \/>\n\t<meta name=\"twitter:data1\" content=\"kalem\" \/>\n\t<meta name=\"twitter:label2\" content=\"Est. reading time\" \/>\n\t<meta name=\"twitter:data2\" content=\"2 minutes\" \/>\n<script type=\"application\/ld+json\" class=\"yoast-schema-graph\">{\"@context\":\"https:\\\/\\\/schema.org\",\"@graph\":[{\"@type\":\"Article\",\"@id\":\"https:\\\/\\\/akunq.net\\\/turkish\\\/2010\\\/09\\\/02\\\/fiba-2010un-maskotu-van-kedisi\\\/#article\",\"isPartOf\":{\"@id\":\"https:\\\/\\\/akunq.net\\\/turkish\\\/2010\\\/09\\\/02\\\/fiba-2010un-maskotu-van-kedisi\\\/\"},\"author\":{\"name\":\"kalem\",\"@id\":\"https:\\\/\\\/akunq.net\\\/turkish\\\/#\\\/schema\\\/person\\\/135e7923d1aeb8887890799619969a6c\"},\"headline\":\"FIBA 2010&#8217;un maskotu Van kedisi\",\"datePublished\":\"2010-09-02T09:00:50+00:00\",\"mainEntityOfPage\":{\"@id\":\"https:\\\/\\\/akunq.net\\\/turkish\\\/2010\\\/09\\\/02\\\/fiba-2010un-maskotu-van-kedisi\\\/\"},\"wordCount\":408,\"articleSection\":[\"Haberler\"],\"inLanguage\":\"en-US\"},{\"@type\":\"WebPage\",\"@id\":\"https:\\\/\\\/akunq.net\\\/turkish\\\/2010\\\/09\\\/02\\\/fiba-2010un-maskotu-van-kedisi\\\/\",\"url\":\"https:\\\/\\\/akunq.net\\\/turkish\\\/2010\\\/09\\\/02\\\/fiba-2010un-maskotu-van-kedisi\\\/\",\"name\":\"FIBA 2010'un maskotu Van kedisi - Bati Ermenistan Ve Bati Ermenileri Sorunlari Ara\u015ftirmalar Merkezi\",\"isPartOf\":{\"@id\":\"https:\\\/\\\/akunq.net\\\/turkish\\\/#website\"},\"datePublished\":\"2010-09-02T09:00:50+00:00\",\"author\":{\"@id\":\"https:\\\/\\\/akunq.net\\\/turkish\\\/#\\\/schema\\\/person\\\/135e7923d1aeb8887890799619969a6c\"},\"breadcrumb\":{\"@id\":\"https:\\\/\\\/akunq.net\\\/turkish\\\/2010\\\/09\\\/02\\\/fiba-2010un-maskotu-van-kedisi\\\/#breadcrumb\"},\"inLanguage\":\"en-US\",\"potentialAction\":[{\"@type\":\"ReadAction\",\"target\":[\"https:\\\/\\\/akunq.net\\\/turkish\\\/2010\\\/09\\\/02\\\/fiba-2010un-maskotu-van-kedisi\\\/\"]}]},{\"@type\":\"BreadcrumbList\",\"@id\":\"https:\\\/\\\/akunq.net\\\/turkish\\\/2010\\\/09\\\/02\\\/fiba-2010un-maskotu-van-kedisi\\\/#breadcrumb\",\"itemListElement\":[{\"@type\":\"ListItem\",\"position\":1,\"name\":\"Home\",\"item\":\"https:\\\/\\\/akunq.net\\\/turkish\\\/\"},{\"@type\":\"ListItem\",\"position\":2,\"name\":\"FIBA 2010&#8217;un maskotu Van kedisi\"}]},{\"@type\":\"WebSite\",\"@id\":\"https:\\\/\\\/akunq.net\\\/turkish\\\/#website\",\"url\":\"https:\\\/\\\/akunq.net\\\/turkish\\\/\",\"name\":\"Bati Ermenistan Ve Bati Ermenileri Sorunlari Ara\u015ftirmalar Merkezi\",\"description\":\"\",\"potentialAction\":[{\"@type\":\"SearchAction\",\"target\":{\"@type\":\"EntryPoint\",\"urlTemplate\":\"https:\\\/\\\/akunq.net\\\/turkish\\\/?s={search_term_string}\"},\"query-input\":{\"@type\":\"PropertyValueSpecification\",\"valueRequired\":true,\"valueName\":\"search_term_string\"}}],\"inLanguage\":\"en-US\"},{\"@type\":\"Person\",\"@id\":\"https:\\\/\\\/akunq.net\\\/turkish\\\/#\\\/schema\\\/person\\\/135e7923d1aeb8887890799619969a6c\",\"name\":\"kalem\",\"image\":{\"@type\":\"ImageObject\",\"inLanguage\":\"en-US\",\"@id\":\"https:\\\/\\\/secure.gravatar.com\\\/avatar\\\/a06875e4b25feb5674296adf8e8a7ae1e587cebce2493fe63c456109967e27d3?s=96&d=mm&r=g\",\"url\":\"https:\\\/\\\/secure.gravatar.com\\\/avatar\\\/a06875e4b25feb5674296adf8e8a7ae1e587cebce2493fe63c456109967e27d3?s=96&d=mm&r=g\",\"contentUrl\":\"https:\\\/\\\/secure.gravatar.com\\\/avatar\\\/a06875e4b25feb5674296adf8e8a7ae1e587cebce2493fe63c456109967e27d3?s=96&d=mm&r=g\",\"caption\":\"kalem\"},\"url\":\"https:\\\/\\\/akunq.net\\\/turkish\\\/author\\\/kalem\\\/\"}]}<\/script>\n<!-- \/ Yoast SEO plugin. -->","yoast_head_json":{"title":"FIBA 2010'un maskotu Van kedisi - Bati Ermenistan Ve Bati Ermenileri Sorunlari Ara\u015ftirmalar Merkezi","robots":{"index":"index","follow":"follow","max-snippet":"max-snippet:-1","max-image-preview":"max-image-preview:large","max-video-preview":"max-video-preview:-1"},"canonical":"https:\/\/akunq.net\/turkish\/2010\/09\/02\/fiba-2010un-maskotu-van-kedisi\/","og_locale":"en_US","og_type":"article","og_title":"FIBA 2010'un maskotu Van kedisi - Bati Ermenistan Ve Bati Ermenileri Sorunlari Ara\u015ftirmalar Merkezi","og_description":"FIBA 2010 D\u00fcnya Basketbol \u015eampiyonas\u0131&#8217;n\u0131n maskotunun tan\u0131t\u0131m\u0131 ger\u00e7ekle\u015ftirilen kura \u00e7ekiminde yap\u0131ld\u0131. \u00c7\u0131ra\u011fan Saray\u0131&#8217;ndaki kura \u00e7ekimi \u00f6ncesinde g\u00f6zlerinin biri mavi, di\u011feri ye\u015fil olan, Van kendisinin \u00f6zelli\u011fini yans\u0131tan, \u00fczerinde 10 numaral\u0131 T\u00fcrk Milli Tak\u0131m\u0131 formas\u0131 bulunan maskot sahnedeki yerini ald\u0131. Maskot kedi sahneden inip FIBA Genel Sekreteri Patrick Baumann ve TBF Ba\u015fkan\u0131 Turgay Demirel&#8217;i sahneye \u00e7\u0131kard\u0131. Maskotun [&hellip;]","og_url":"https:\/\/akunq.net\/turkish\/2010\/09\/02\/fiba-2010un-maskotu-van-kedisi\/","og_site_name":"Bati Ermenistan Ve Bati Ermenileri Sorunlari Ara\u015ftirmalar Merkezi","article_published_time":"2010-09-02T09:00:50+00:00","author":"kalem","twitter_card":"summary_large_image","twitter_misc":{"Written by":"kalem","Est. reading time":"2 minutes"},"schema":{"@context":"https:\/\/schema.org","@graph":[{"@type":"Article","@id":"https:\/\/akunq.net\/turkish\/2010\/09\/02\/fiba-2010un-maskotu-van-kedisi\/#article","isPartOf":{"@id":"https:\/\/akunq.net\/turkish\/2010\/09\/02\/fiba-2010un-maskotu-van-kedisi\/"},"author":{"name":"kalem","@id":"https:\/\/akunq.net\/turkish\/#\/schema\/person\/135e7923d1aeb8887890799619969a6c"},"headline":"FIBA 2010&#8217;un maskotu Van kedisi","datePublished":"2010-09-02T09:00:50+00:00","mainEntityOfPage":{"@id":"https:\/\/akunq.net\/turkish\/2010\/09\/02\/fiba-2010un-maskotu-van-kedisi\/"},"wordCount":408,"articleSection":["Haberler"],"inLanguage":"en-US"},{"@type":"WebPage","@id":"https:\/\/akunq.net\/turkish\/2010\/09\/02\/fiba-2010un-maskotu-van-kedisi\/","url":"https:\/\/akunq.net\/turkish\/2010\/09\/02\/fiba-2010un-maskotu-van-kedisi\/","name":"FIBA 2010'un maskotu Van kedisi - Bati Ermenistan Ve Bati Ermenileri Sorunlari Ara\u015ftirmalar Merkezi","isPartOf":{"@id":"https:\/\/akunq.net\/turkish\/#website"},"datePublished":"2010-09-02T09:00:50+00:00","author":{"@id":"https:\/\/akunq.net\/turkish\/#\/schema\/person\/135e7923d1aeb8887890799619969a6c"},"breadcrumb":{"@id":"https:\/\/akunq.net\/turkish\/2010\/09\/02\/fiba-2010un-maskotu-van-kedisi\/#breadcrumb"},"inLanguage":"en-US","potentialAction":[{"@type":"ReadAction","target":["https:\/\/akunq.net\/turkish\/2010\/09\/02\/fiba-2010un-maskotu-van-kedisi\/"]}]},{"@type":"BreadcrumbList","@id":"https:\/\/akunq.net\/turkish\/2010\/09\/02\/fiba-2010un-maskotu-van-kedisi\/#breadcrumb","itemListElement":[{"@type":"ListItem","position":1,"name":"Home","item":"https:\/\/akunq.net\/turkish\/"},{"@type":"ListItem","position":2,"name":"FIBA 2010&#8217;un maskotu Van kedisi"}]},{"@type":"WebSite","@id":"https:\/\/akunq.net\/turkish\/#website","url":"https:\/\/akunq.net\/turkish\/","name":"Bati Ermenistan Ve Bati Ermenileri Sorunlari Ara\u015ftirmalar Merkezi","description":"","potentialAction":[{"@type":"SearchAction","target":{"@type":"EntryPoint","urlTemplate":"https:\/\/akunq.net\/turkish\/?s={search_term_string}"},"query-input":{"@type":"PropertyValueSpecification","valueRequired":true,"valueName":"search_term_string"}}],"inLanguage":"en-US"},{"@type":"Person","@id":"https:\/\/akunq.net\/turkish\/#\/schema\/person\/135e7923d1aeb8887890799619969a6c","name":"kalem","image":{"@type":"ImageObject","inLanguage":"en-US","@id":"https:\/\/secure.gravatar.com\/avatar\/a06875e4b25feb5674296adf8e8a7ae1e587cebce2493fe63c456109967e27d3?s=96&d=mm&r=g","url":"https:\/\/secure.gravatar.com\/avatar\/a06875e4b25feb5674296adf8e8a7ae1e587cebce2493fe63c456109967e27d3?s=96&d=mm&r=g","contentUrl":"https:\/\/secure.gravatar.com\/avatar\/a06875e4b25feb5674296adf8e8a7ae1e587cebce2493fe63c456109967e27d3?s=96&d=mm&r=g","caption":"kalem"},"url":"https:\/\/akunq.net\/turkish\/author\/kalem\/"}]}},"_links":{"self":[{"href":"https:\/\/akunq.net\/turkish\/wp-json\/wp\/v2\/posts\/1775","targetHints":{"allow":["GET"]}}],"collection":[{"href":"https:\/\/akunq.net\/turkish\/wp-json\/wp\/v2\/posts"}],"about":[{"href":"https:\/\/akunq.net\/turkish\/wp-json\/wp\/v2\/types\/post"}],"author":[{"embeddable":true,"href":"https:\/\/akunq.net\/turkish\/wp-json\/wp\/v2\/users\/3"}],"replies":[{"embeddable":true,"href":"https:\/\/akunq.net\/turkish\/wp-json\/wp\/v2\/comments?post=1775"}],"version-history":[{"count":0,"href":"https:\/\/akunq.net\/turkish\/wp-json\/wp\/v2\/posts\/1775\/revisions"}],"wp:attachment":[{"href":"https:\/\/akunq.net\/turkish\/wp-json\/wp\/v2\/media?parent=1775"}],"wp:term":[{"taxonomy":"category","embeddable":true,"href":"https:\/\/akunq.net\/turkish\/wp-json\/wp\/v2\/categories?post=1775"},{"taxonomy":"post_tag","embeddable":true,"href":"https:\/\/akunq.net\/turkish\/wp-json\/wp\/v2\/tags?post=1775"}],"curies":[{"name":"wp","href":"https:\/\/api.w.org\/{rel}","templated":true}]}}