{"id":1769,"date":"2010-09-02T01:06:27","date_gmt":"2010-09-02T06:06:27","guid":{"rendered":"http:\/\/akunq.net\/tr\/?p=1769"},"modified":"2010-09-02T01:06:27","modified_gmt":"2010-09-02T06:06:27","slug":"hrantin-arkadaslari-birkac-soru-sordu","status":"publish","type":"post","link":"https:\/\/akunq.net\/turkish\/2010\/09\/02\/hrantin-arkadaslari-birkac-soru-sordu\/","title":{"rendered":"HRANT&#8217;IN ARKADA\u015eLARI, B\u0130RKA\u00c7 SORU SORDU"},"content":{"rendered":"<p style=\"text-align: justify\">AGOS Gazetesi Genel Yay\u0131n Y\u00f6netmeni Hrant Dink&#8217;in \u00f6l\u00fcm\u00fcne ili\u015fkin dava s\u00fcrerken Hrant&#8217;\u0131n Arkada\u015flar\u0131 Grubu \u00fcyeler, &#8220;Hrant Dink cinayeti davas\u0131na ili\u015fkin birka\u00e7 soru&#8221; konulu bas\u0131n a\u00e7\u0131klamas\u0131 yapt\u0131.<\/p>\n<p style=\"text-align: justify\">Grup \u00fcyeleri Ba\u015fbakan ile D\u0131\u015fi\u015fleri, \u0130\u00e7i\u015fleri ve Adalet bakanlar\u0131na sorular sordu. Bir soru da Cumhurba\u015fkan\u0131 Abdullah G\u00fcl&#8217;e y\u00f6neltildi. Soruda &#8220;Bir helikopter kazas\u0131nda \u00f6len BBP Lideri Muhsin Yaz\u0131c\u0131o\u011flu i\u00e7in ve ge\u00e7ti\u011fimiz hafta ortaya \u00e7\u0131kan KPSS s\u0131nav sorular\u0131n\u0131n \u00e7al\u0131nmas\u0131yla ilgili olarak Devlet Denetleme Kurulu&#8217;nun hemen harekete ge\u00e7tiniz. Devlet Denetleme Kurulu&#8217;nun g\u00f6revlendirilmesi i\u00e7in gerekli ko\u015fullar nelerdir? Hrant Dink Cinayeti ile ilgili olarak bir g\u00f6revlendirme yap\u0131lmas\u0131 i\u00e7in gerekli ko\u015fullar olu\u015fmam\u0131\u015f m\u0131d\u0131r? Devlet Denetleme Kurulu&#8217;nu Hrant i\u00e7in harekete ge\u00e7irmeyi d\u00fc\u015f\u00fcn\u00fcyor musunuz?&#8221; denildi.<\/p>\n<p style=\"text-align: justify\">3 y\u0131l\u0131 a\u015fk\u0131n s\u00fcredir devam eden Hrant Dink cinayeti davas\u0131n\u0131n takip\u00e7isi olan ve kendini Hrant Dink&#8217;in arkada\u015flar\u0131 olarak adland\u0131ran Tamer Nalc\u0131, Zeynep Tanbay, Gora Paylan ve Kemal G\u00f6khan G\u00fcne\u015f, Taksim Hill Otel&#8217;de bas\u0131n a\u00e7\u0131klamas\u0131 yapt\u0131. Bas\u0131n metnini okuyan Kemal G\u00f6khan G\u00fcne\u015f, &#8220;Hrant&#8217;\u0131n katledilmesine \u00fcz\u00fclen devletin Ermeni&#8217;ye bak\u0131\u015f\u0131n\u0131 da biliyoruz ve ya\u015f\u0131yoruz. \u00d6rne\u011fin Sabiha G\u00f6k\u00e7en&#8217;in Ermeni oldu\u011fu iddias\u0131n\u0131 haberle\u015ftirmeyi milli birlik ve beraberli\u011fe kas\u0131tl\u0131 sald\u0131r\u0131 olarak g\u00f6renlerin ve T\u00fcrk vatanda\u015flar\u0131n\u0131n, b\u00fct\u00fcn kurumlar\u0131 g\u00f6reve \u00e7a\u011f\u0131ranlar\u0131n, annesinin Ermeni oldu\u011funu iddia edenlere hakaret davas\u0131 a\u00e7anlar\u0131n, Ermenilerin ve Rumlar\u0131n \u00fclkeden g\u00f6nderilmesine g\u00fczelleme yapanlar\u0131n ve burada sayamad\u0131klar\u0131m\u0131z\u0131n yaratt\u0131\u011f\u0131 utan\u00e7 ve ac\u0131y\u0131 her g\u00fcn ya\u015f\u0131yoruz&#8221; diye konu\u015ftu.<\/p>\n<p style=\"text-align: justify\">HERKES\u0130 SORU SORMAYA DAVET ETT\u0130<\/p>\n<p style=\"text-align: justify\">Kemal G\u00f6khan G\u00fcne\u015f, herkesi Hrant i\u00e7in, adalet i\u00e7in soru sormaya \u00e7a\u011f\u0131rd\u0131klar\u0131n\u0131 belirtti. G\u00fcne\u015f, Cumhurba\u015fkan\u0131&#8217;na, Ba\u015fbakan&#8217;a, \u0130\u00e7i\u015fleri, D\u0131\u015fi\u015fleri ve Adalet bakanlar\u0131na sorular sordu. Bu sorular\u0131n Dink cinayetinin kilit noktas\u0131na dair, hem de sonraki s\u00fcre\u00e7te, devletin yanl\u0131\u015f ad\u0131m att\u0131\u011f\u0131n\u0131 ve tahamm\u00fcl s\u0131n\u0131rlar\u0131n\u0131 zorlad\u0131\u011f\u0131n\u0131 s\u00f6yleyen G\u00fcne\u015f, &#8220;B\u0130MER, e-posta, faks ya da posta yoluyla, sorular\u0131m\u0131z\u0131 soraca\u011f\u0131z. Yasalar gere\u011fi devletin 15 g\u00fcn ge\u00e7tikten sonra sorular\u0131n yan\u0131t\u0131n\u0131 ald\u0131ktan sonra tekrar bas\u0131n a\u00e7\u0131klamas\u0131 yapaca\u011f\u0131z&#8221; dedi. G\u00fcne\u015f, konu\u015fmas\u0131nda \u015fu sorular\u0131 sordu:<\/p>\n<p style=\"text-align: justify\">CUMHURBA\u015eKANI ABDULLAH G\u00dcL&#8217;E<\/p>\n<p style=\"text-align: justify\">&#8220;16 A\u011fustos 2010 tarihinde &#8216;Hrant Dink maalesef gerekli tedbirler al\u0131nmad\u0131\u011f\u0131 i\u00e7in hayat\u0131n\u0131 kaybetti&#8217; demi\u015fsiniz. Hrant Dink&#8217;in hayat\u0131n\u0131 kaybetmemesi i\u00e7in al\u0131nmas\u0131 gereken tedbirler nelerdi? Bu tedbirleri kimlerin almas\u0131 gerekiyordu? Bu tedbirleri alamayanlar hakk\u0131nda herhangi bir i\u015flem yap\u0131ld\u0131 m\u0131, yap\u0131lmas\u0131 i\u00e7in herhangi bir talimat verdiniz mi? Bildi\u011fimiz kadar\u0131yla \u0130stanbul ve Trabzon&#8217;daki kamu g\u00f6revlileri hakk\u0131nda 4483 say\u0131l\u0131 yasaya g\u00f6re y\u00fcr\u00fct\u00fclen incelemelerde tek bir kamu g\u00f6revlisinin bile ihmali olmad\u0131\u011f\u0131 sonucuna ula\u015f\u0131ld\u0131 ve yarg\u0131 \u00f6n\u00fcne \u00e7\u0131kmalar\u0131 sa\u011flanamad\u0131. Bu durumda, Hrant Dink&#8217;in hayat\u0131n\u0131 kaybetmesinin nedeninin al\u0131nmayan tedbirler oldu\u011funa dair bilginizin kayna\u011f\u0131 nedir? Bir helikopter kazas\u0131nda \u00f6len BBP Lideri Muhsin Yaz\u0131c\u0131o\u011flu i\u00e7in ve ge\u00e7ti\u011fimiz hafta ortaya \u00e7\u0131kan KPSS s\u0131nav sorular\u0131n\u0131n \u00e7al\u0131nmas\u0131yla ilgili olarak Devlet Denetleme Kurulu&#8217;nu hemen harekete ge\u00e7irdiniz? Devlet Denetleme Kurulu&#8217;nun g\u00f6revlendirilmesi i\u00e7in gerekli ko\u015fullar nelerdir? Hrant Dink Cinayeti ile ilgili olarak bir g\u00f6revlendirme yap\u0131lmas\u0131 i\u00e7in gerekli ko\u015fullar olu\u015fmam\u0131\u015f m\u0131d\u0131r? Devlet Denetleme Kurulu&#8217;nu Hrant i\u00e7in harekete ge\u00e7irmeyi d\u00fc\u015f\u00fcn\u00fcyor musunuz?<\/p>\n<p style=\"text-align: justify\">BA\u015eBAKAN ERDO\u011eAN&#8217;A<\/p>\n<p style=\"text-align: justify\">&#8216;Hrant Dink&#8217;in \u00f6ld\u00fcr\u00fclmesinin ard\u0131ndan yasal s\u00fcre\u00e7ler vas\u0131tas\u0131yla elde edilen belge ve bilgilerde Milli \u0130stihbarat Te\u015fkilat\u0131&#8217;n\u0131n (M\u0130T) herhangi bir faaliyetine rastlamam\u0131\u015f olmam\u0131z\u0131n nedeni nedir? \u00dclke genelinde istihbarat toplamaya yetkili bir kurumun bu cinayetli ilgili hi\u00e7bir istihbarata ula\u015fmam\u0131\u015f olmas\u0131 m\u00fcmk\u00fcn m\u00fcd\u00fcr? Ula\u015fm\u0131\u015f ise bu bilgiler nelerdir? Ula\u015fmam\u0131\u015f ise M\u0130T yetkilileri ile ilgili herhangi bir i\u015flem yapt\u0131n\u0131z m\u0131? Yapt\u0131n\u0131z ise nedir? Yapmad\u0131n\u0131z ise neden?<\/p>\n<p style=\"text-align: justify\">DI\u015e\u0130\u015eLER\u0130 BAKANI&#8217;NA<\/p>\n<p style=\"text-align: justify\">Hrant Dink&#8217;in \u00f6ld\u00fcr\u00fclmesinden \u00f6nce yapt\u0131\u011f\u0131 ve \u00f6ld\u00fcr\u00fclmesinin ard\u0131ndan ailesi taraf\u0131ndan A\u0130HM&#8217;e yap\u0131lan ba\u015fvurulara ili\u015fkin T\u00fcrkiye Cumhuriyeti Devleti taraf\u0131ndan g\u00f6nderilen &#8216;Ruhuma bir\u00e7ok krizden a\u011f\u0131r geldi, oru\u00e7tan bile a\u011f\u0131r geldi, i\u00e7ime sindiremedim&#8217; dedi\u011finiz savunmay\u0131 haz\u0131rlayan g\u00f6revli ya da g\u00f6revliler kimdir? Savunmay\u0131 veren ki\u015filer nas\u0131l, kimler taraf\u0131ndan, ne zaman g\u00f6revlendirilmi\u015ftir? S\u00f6z konusu savunma kimler taraf\u0131ndan ne zaman okunup onaylanm\u0131\u015ft\u0131r? Savunmay\u0131 haz\u0131rlayan g\u00f6revli ile ilgili herhangi bir yasal i\u015flem yapt\u0131n\u0131z m\u0131? Yapt\u0131n\u0131z ise nedir? Yapmad\u0131n\u0131z ise neden?&#8221;<\/p>\n<p style=\"text-align: justify\">ADALET BAKANI&#8217;NA<\/p>\n<p style=\"text-align: justify\">2004 y\u0131l\u0131nda Hrant Dink&#8217;in hedef haline getirilme s\u00fcrecinin ba\u015flang\u0131\u00e7 ad\u0131mlar\u0131ndan biri olan ve ba\u015f\u0131n\u0131 Levent Temiz&#8217;in \u00e7ekti\u011fi bir grup taraf\u0131ndan Agos Gazetesi \u00f6n\u00fcnde bir eylem yap\u0131lm\u0131\u015f ve Levent Temiz &#8216;Hrant Dink bundan sonra nefretimizin hedefidir, hedefimizsin&#8217; ve &#8216;Bir gece ans\u0131z\u0131n gelebiliriz&#8217; \u015feklinde tehditler savurmu\u015ftu. Aleni tehdit i\u00e7eren bu su\u00e7 ve failleri hakk\u0131nda hi\u00e7bir yasal i\u015flem yapmayan \u0130stanbul Emniyet M\u00fcd\u00fcrl\u00fc\u011f\u00fc g\u00f6revlileri ve savc\u0131lar hakk\u0131nda herhangi bir i\u015flem yapt\u0131n\u0131z m\u0131? Cumhurba\u015fkan\u0131&#8217;n\u0131n dahi Hrant Dink&#8217;in ya\u015fam\u0131n\u0131n korunmas\u0131 konusunda gerekli tedbirlerin al\u0131nmad\u0131\u011f\u0131n\u0131 ifade etti\u011fi bir s\u00fcre\u00e7te \u0130stanbul Emniyet M\u00fcd\u00fcrl\u00fc\u011f\u00fc g\u00f6revlileri hakk\u0131nda incelemelerde bulunulmu\u015f ve son incelemede 6 polis memuru hakk\u0131nda soru\u015fturma a\u00e7\u0131lmas\u0131 gerekti\u011fi y\u00f6n\u00fcnde g\u00f6r\u00fc\u015f bildirilmi\u015fti. Ancak \u0130stanbul B\u00f6lge \u0130dare Mahkemesi, bir muhalif oyla, hi\u00e7bir polis memuru hakk\u0131nda soru\u015fturma izni vermemi\u015fti. \u0130\u00e7i\u015fleri Bakanl\u0131\u011f\u0131 m\u00fcfetti\u015flerinin haz\u0131rlad\u0131\u011f\u0131 raporlara ve \u0130stanbul Valili\u011fi&#8217;nin eksik de olsa soru\u015fturma izni verilmesi gerekti\u011fi y\u00f6n\u00fcnde karar vermi\u015f olmas\u0131na ra\u011fmen yasal s\u00fcreci t\u0131kayan \u0130stanbul B\u00f6lge \u0130dare Mahkemesi hakimleri ile ilgili herhangi bir i\u015flem yapt\u0131n\u0131z m\u0131? Yapt\u0131n\u0131z ise nedir? Yapmad\u0131ysan\u0131z neden?<\/p>\n<p style=\"text-align: justify\">\u0130\u00c7\u0130\u015eLER\u0130 BAKANI&#8217;NA<\/p>\n<p style=\"text-align: justify\">\u0130stanbul Emniyet M\u00fcd\u00fcrl\u00fc\u011f\u00fc g\u00f6revlileri hakk\u0131nda yasa uyar\u0131nca y\u00fcr\u00fct\u00fclen 3 \u00f6n inceleme sonucunda m\u00fcfetti\u015fler taraf\u0131ndan bu cinayetin i\u015flenmesinde en alt kademeden, en \u00fcst kademedeki g\u00f6revlilere kadar sorumluluk bulundu\u011fu ve kamu g\u00f6revlilerinin y\u00fck\u00fcml\u00fcl\u00fcklerini yerine getirmedi\u011fi tespit edilmi\u015fti ancak \u0130stanbul B\u00f6lge \u0130dare Mahkemesi, bir muhalif oyla hi\u00e7bir polis memuru hakk\u0131nda soru\u015fturma izni vermemi\u015fti. M\u00fcfetti\u015fleriniz, herhangi bir kusuru olmayan kamu g\u00f6revlilerine haks\u0131z su\u00e7 isnad\u0131nda bulunmu\u015f ve hatta iftira atm\u0131\u015f olmaktad\u0131rlar. Bu m\u00fcfetti\u015flerle ilgili herhangi bir i\u015flem yapt\u0131n\u0131z m\u0131? Yapt\u0131ysan\u0131z nedir? Yapmad\u0131ysan\u0131z neden? Ger\u00e7ek, yasalar gere\u011fi 15 g\u00fcn ge\u00e7tikten sonra sorduklar\u0131 sorular\u0131n yan\u0131t\u0131n\u0131 bas\u0131na duyuracaklar\u0131n\u0131 s\u00f6yledi.<\/p>\n<p style=\"text-align: justify\"><strong>01 Eyl\u00fcl 2010 \u00c7ar\u015famba<\/strong><\/p>\n<p style=\"text-align: justify\">U\u011fur CAN \/ \u0130STANBUL, (DHA)<\/p>\n","protected":false},"excerpt":{"rendered":"<p>AGOS Gazetesi Genel Yay\u0131n Y\u00f6netmeni Hrant Dink&#8217;in \u00f6l\u00fcm\u00fcne ili\u015fkin dava s\u00fcrerken Hrant&#8217;\u0131n Arkada\u015flar\u0131 Grubu \u00fcyeler, &#8220;Hrant Dink cinayeti davas\u0131na ili\u015fkin birka\u00e7 soru&#8221; konulu bas\u0131n a\u00e7\u0131klamas\u0131 yapt\u0131. Grup \u00fcyeleri Ba\u015fbakan ile D\u0131\u015fi\u015fleri, \u0130\u00e7i\u015fleri ve Adalet bakanlar\u0131na sorular sordu. Bir soru da Cumhurba\u015fkan\u0131 Abdullah G\u00fcl&#8217;e y\u00f6neltildi. Soruda &#8220;Bir helikopter kazas\u0131nda \u00f6len BBP Lideri Muhsin Yaz\u0131c\u0131o\u011flu i\u00e7in ve [&hellip;]<\/p>\n","protected":false},"author":3,"featured_media":0,"comment_status":"closed","ping_status":"open","sticky":false,"template":"","format":"standard","meta":{"footnotes":""},"categories":[14],"tags":[],"class_list":["post-1769","post","type-post","status-publish","format-standard","hentry","category-haberler"],"yoast_head":"<!-- This site is optimized with the Yoast SEO plugin v27.4 - https:\/\/yoast.com\/product\/yoast-seo-wordpress\/ -->\n<title>HRANT&#039;IN ARKADA\u015eLARI, B\u0130RKA\u00c7 SORU SORDU - Bati Ermenistan Ve Bati Ermenileri Sorunlari Ara\u015ftirmalar Merkezi<\/title>\n<meta name=\"robots\" content=\"index, follow, max-snippet:-1, max-image-preview:large, max-video-preview:-1\" \/>\n<link rel=\"canonical\" href=\"https:\/\/akunq.net\/turkish\/2010\/09\/02\/hrantin-arkadaslari-birkac-soru-sordu\/\" \/>\n<meta property=\"og:locale\" content=\"en_US\" \/>\n<meta property=\"og:type\" content=\"article\" \/>\n<meta property=\"og:title\" content=\"HRANT&#039;IN ARKADA\u015eLARI, B\u0130RKA\u00c7 SORU SORDU - Bati Ermenistan Ve Bati Ermenileri Sorunlari Ara\u015ftirmalar Merkezi\" \/>\n<meta property=\"og:description\" content=\"AGOS Gazetesi Genel Yay\u0131n Y\u00f6netmeni Hrant Dink&#8217;in \u00f6l\u00fcm\u00fcne ili\u015fkin dava s\u00fcrerken Hrant&#8217;\u0131n Arkada\u015flar\u0131 Grubu \u00fcyeler, &#8220;Hrant Dink cinayeti davas\u0131na ili\u015fkin birka\u00e7 soru&#8221; konulu bas\u0131n a\u00e7\u0131klamas\u0131 yapt\u0131. Grup \u00fcyeleri Ba\u015fbakan ile D\u0131\u015fi\u015fleri, \u0130\u00e7i\u015fleri ve Adalet bakanlar\u0131na sorular sordu. Bir soru da Cumhurba\u015fkan\u0131 Abdullah G\u00fcl&#8217;e y\u00f6neltildi. Soruda &#8220;Bir helikopter kazas\u0131nda \u00f6len BBP Lideri Muhsin Yaz\u0131c\u0131o\u011flu i\u00e7in ve [&hellip;]\" \/>\n<meta property=\"og:url\" content=\"https:\/\/akunq.net\/turkish\/2010\/09\/02\/hrantin-arkadaslari-birkac-soru-sordu\/\" \/>\n<meta property=\"og:site_name\" content=\"Bati Ermenistan Ve Bati Ermenileri Sorunlari Ara\u015ftirmalar Merkezi\" \/>\n<meta property=\"article:published_time\" content=\"2010-09-02T06:06:27+00:00\" \/>\n<meta name=\"author\" content=\"kalem\" \/>\n<meta name=\"twitter:card\" content=\"summary_large_image\" \/>\n<meta name=\"twitter:label1\" content=\"Written by\" \/>\n\t<meta name=\"twitter:data1\" content=\"kalem\" \/>\n\t<meta name=\"twitter:label2\" content=\"Est. reading time\" \/>\n\t<meta name=\"twitter:data2\" content=\"6 minutes\" \/>\n<script type=\"application\/ld+json\" class=\"yoast-schema-graph\">{\"@context\":\"https:\\\/\\\/schema.org\",\"@graph\":[{\"@type\":\"Article\",\"@id\":\"https:\\\/\\\/akunq.net\\\/turkish\\\/2010\\\/09\\\/02\\\/hrantin-arkadaslari-birkac-soru-sordu\\\/#article\",\"isPartOf\":{\"@id\":\"https:\\\/\\\/akunq.net\\\/turkish\\\/2010\\\/09\\\/02\\\/hrantin-arkadaslari-birkac-soru-sordu\\\/\"},\"author\":{\"name\":\"kalem\",\"@id\":\"https:\\\/\\\/akunq.net\\\/turkish\\\/#\\\/schema\\\/person\\\/135e7923d1aeb8887890799619969a6c\"},\"headline\":\"HRANT&#8217;IN ARKADA\u015eLARI, B\u0130RKA\u00c7 SORU SORDU\",\"datePublished\":\"2010-09-02T06:06:27+00:00\",\"mainEntityOfPage\":{\"@id\":\"https:\\\/\\\/akunq.net\\\/turkish\\\/2010\\\/09\\\/02\\\/hrantin-arkadaslari-birkac-soru-sordu\\\/\"},\"wordCount\":1226,\"articleSection\":[\"Haberler\"],\"inLanguage\":\"en-US\"},{\"@type\":\"WebPage\",\"@id\":\"https:\\\/\\\/akunq.net\\\/turkish\\\/2010\\\/09\\\/02\\\/hrantin-arkadaslari-birkac-soru-sordu\\\/\",\"url\":\"https:\\\/\\\/akunq.net\\\/turkish\\\/2010\\\/09\\\/02\\\/hrantin-arkadaslari-birkac-soru-sordu\\\/\",\"name\":\"HRANT'IN ARKADA\u015eLARI, B\u0130RKA\u00c7 SORU SORDU - Bati Ermenistan Ve Bati Ermenileri Sorunlari Ara\u015ftirmalar Merkezi\",\"isPartOf\":{\"@id\":\"https:\\\/\\\/akunq.net\\\/turkish\\\/#website\"},\"datePublished\":\"2010-09-02T06:06:27+00:00\",\"author\":{\"@id\":\"https:\\\/\\\/akunq.net\\\/turkish\\\/#\\\/schema\\\/person\\\/135e7923d1aeb8887890799619969a6c\"},\"breadcrumb\":{\"@id\":\"https:\\\/\\\/akunq.net\\\/turkish\\\/2010\\\/09\\\/02\\\/hrantin-arkadaslari-birkac-soru-sordu\\\/#breadcrumb\"},\"inLanguage\":\"en-US\",\"potentialAction\":[{\"@type\":\"ReadAction\",\"target\":[\"https:\\\/\\\/akunq.net\\\/turkish\\\/2010\\\/09\\\/02\\\/hrantin-arkadaslari-birkac-soru-sordu\\\/\"]}]},{\"@type\":\"BreadcrumbList\",\"@id\":\"https:\\\/\\\/akunq.net\\\/turkish\\\/2010\\\/09\\\/02\\\/hrantin-arkadaslari-birkac-soru-sordu\\\/#breadcrumb\",\"itemListElement\":[{\"@type\":\"ListItem\",\"position\":1,\"name\":\"Home\",\"item\":\"https:\\\/\\\/akunq.net\\\/turkish\\\/\"},{\"@type\":\"ListItem\",\"position\":2,\"name\":\"HRANT&#8217;IN ARKADA\u015eLARI, B\u0130RKA\u00c7 SORU SORDU\"}]},{\"@type\":\"WebSite\",\"@id\":\"https:\\\/\\\/akunq.net\\\/turkish\\\/#website\",\"url\":\"https:\\\/\\\/akunq.net\\\/turkish\\\/\",\"name\":\"Bati Ermenistan Ve Bati Ermenileri Sorunlari Ara\u015ftirmalar Merkezi\",\"description\":\"\",\"potentialAction\":[{\"@type\":\"SearchAction\",\"target\":{\"@type\":\"EntryPoint\",\"urlTemplate\":\"https:\\\/\\\/akunq.net\\\/turkish\\\/?s={search_term_string}\"},\"query-input\":{\"@type\":\"PropertyValueSpecification\",\"valueRequired\":true,\"valueName\":\"search_term_string\"}}],\"inLanguage\":\"en-US\"},{\"@type\":\"Person\",\"@id\":\"https:\\\/\\\/akunq.net\\\/turkish\\\/#\\\/schema\\\/person\\\/135e7923d1aeb8887890799619969a6c\",\"name\":\"kalem\",\"image\":{\"@type\":\"ImageObject\",\"inLanguage\":\"en-US\",\"@id\":\"https:\\\/\\\/secure.gravatar.com\\\/avatar\\\/a06875e4b25feb5674296adf8e8a7ae1e587cebce2493fe63c456109967e27d3?s=96&d=mm&r=g\",\"url\":\"https:\\\/\\\/secure.gravatar.com\\\/avatar\\\/a06875e4b25feb5674296adf8e8a7ae1e587cebce2493fe63c456109967e27d3?s=96&d=mm&r=g\",\"contentUrl\":\"https:\\\/\\\/secure.gravatar.com\\\/avatar\\\/a06875e4b25feb5674296adf8e8a7ae1e587cebce2493fe63c456109967e27d3?s=96&d=mm&r=g\",\"caption\":\"kalem\"},\"url\":\"https:\\\/\\\/akunq.net\\\/turkish\\\/author\\\/kalem\\\/\"}]}<\/script>\n<!-- \/ Yoast SEO plugin. -->","yoast_head_json":{"title":"HRANT'IN ARKADA\u015eLARI, B\u0130RKA\u00c7 SORU SORDU - Bati Ermenistan Ve Bati Ermenileri Sorunlari Ara\u015ftirmalar Merkezi","robots":{"index":"index","follow":"follow","max-snippet":"max-snippet:-1","max-image-preview":"max-image-preview:large","max-video-preview":"max-video-preview:-1"},"canonical":"https:\/\/akunq.net\/turkish\/2010\/09\/02\/hrantin-arkadaslari-birkac-soru-sordu\/","og_locale":"en_US","og_type":"article","og_title":"HRANT'IN ARKADA\u015eLARI, B\u0130RKA\u00c7 SORU SORDU - Bati Ermenistan Ve Bati Ermenileri Sorunlari Ara\u015ftirmalar Merkezi","og_description":"AGOS Gazetesi Genel Yay\u0131n Y\u00f6netmeni Hrant Dink&#8217;in \u00f6l\u00fcm\u00fcne ili\u015fkin dava s\u00fcrerken Hrant&#8217;\u0131n Arkada\u015flar\u0131 Grubu \u00fcyeler, &#8220;Hrant Dink cinayeti davas\u0131na ili\u015fkin birka\u00e7 soru&#8221; konulu bas\u0131n a\u00e7\u0131klamas\u0131 yapt\u0131. Grup \u00fcyeleri Ba\u015fbakan ile D\u0131\u015fi\u015fleri, \u0130\u00e7i\u015fleri ve Adalet bakanlar\u0131na sorular sordu. Bir soru da Cumhurba\u015fkan\u0131 Abdullah G\u00fcl&#8217;e y\u00f6neltildi. Soruda &#8220;Bir helikopter kazas\u0131nda \u00f6len BBP Lideri Muhsin Yaz\u0131c\u0131o\u011flu i\u00e7in ve [&hellip;]","og_url":"https:\/\/akunq.net\/turkish\/2010\/09\/02\/hrantin-arkadaslari-birkac-soru-sordu\/","og_site_name":"Bati Ermenistan Ve Bati Ermenileri Sorunlari Ara\u015ftirmalar Merkezi","article_published_time":"2010-09-02T06:06:27+00:00","author":"kalem","twitter_card":"summary_large_image","twitter_misc":{"Written by":"kalem","Est. reading time":"6 minutes"},"schema":{"@context":"https:\/\/schema.org","@graph":[{"@type":"Article","@id":"https:\/\/akunq.net\/turkish\/2010\/09\/02\/hrantin-arkadaslari-birkac-soru-sordu\/#article","isPartOf":{"@id":"https:\/\/akunq.net\/turkish\/2010\/09\/02\/hrantin-arkadaslari-birkac-soru-sordu\/"},"author":{"name":"kalem","@id":"https:\/\/akunq.net\/turkish\/#\/schema\/person\/135e7923d1aeb8887890799619969a6c"},"headline":"HRANT&#8217;IN ARKADA\u015eLARI, B\u0130RKA\u00c7 SORU SORDU","datePublished":"2010-09-02T06:06:27+00:00","mainEntityOfPage":{"@id":"https:\/\/akunq.net\/turkish\/2010\/09\/02\/hrantin-arkadaslari-birkac-soru-sordu\/"},"wordCount":1226,"articleSection":["Haberler"],"inLanguage":"en-US"},{"@type":"WebPage","@id":"https:\/\/akunq.net\/turkish\/2010\/09\/02\/hrantin-arkadaslari-birkac-soru-sordu\/","url":"https:\/\/akunq.net\/turkish\/2010\/09\/02\/hrantin-arkadaslari-birkac-soru-sordu\/","name":"HRANT'IN ARKADA\u015eLARI, B\u0130RKA\u00c7 SORU SORDU - Bati Ermenistan Ve Bati Ermenileri Sorunlari Ara\u015ftirmalar Merkezi","isPartOf":{"@id":"https:\/\/akunq.net\/turkish\/#website"},"datePublished":"2010-09-02T06:06:27+00:00","author":{"@id":"https:\/\/akunq.net\/turkish\/#\/schema\/person\/135e7923d1aeb8887890799619969a6c"},"breadcrumb":{"@id":"https:\/\/akunq.net\/turkish\/2010\/09\/02\/hrantin-arkadaslari-birkac-soru-sordu\/#breadcrumb"},"inLanguage":"en-US","potentialAction":[{"@type":"ReadAction","target":["https:\/\/akunq.net\/turkish\/2010\/09\/02\/hrantin-arkadaslari-birkac-soru-sordu\/"]}]},{"@type":"BreadcrumbList","@id":"https:\/\/akunq.net\/turkish\/2010\/09\/02\/hrantin-arkadaslari-birkac-soru-sordu\/#breadcrumb","itemListElement":[{"@type":"ListItem","position":1,"name":"Home","item":"https:\/\/akunq.net\/turkish\/"},{"@type":"ListItem","position":2,"name":"HRANT&#8217;IN ARKADA\u015eLARI, B\u0130RKA\u00c7 SORU SORDU"}]},{"@type":"WebSite","@id":"https:\/\/akunq.net\/turkish\/#website","url":"https:\/\/akunq.net\/turkish\/","name":"Bati Ermenistan Ve Bati Ermenileri Sorunlari Ara\u015ftirmalar Merkezi","description":"","potentialAction":[{"@type":"SearchAction","target":{"@type":"EntryPoint","urlTemplate":"https:\/\/akunq.net\/turkish\/?s={search_term_string}"},"query-input":{"@type":"PropertyValueSpecification","valueRequired":true,"valueName":"search_term_string"}}],"inLanguage":"en-US"},{"@type":"Person","@id":"https:\/\/akunq.net\/turkish\/#\/schema\/person\/135e7923d1aeb8887890799619969a6c","name":"kalem","image":{"@type":"ImageObject","inLanguage":"en-US","@id":"https:\/\/secure.gravatar.com\/avatar\/a06875e4b25feb5674296adf8e8a7ae1e587cebce2493fe63c456109967e27d3?s=96&d=mm&r=g","url":"https:\/\/secure.gravatar.com\/avatar\/a06875e4b25feb5674296adf8e8a7ae1e587cebce2493fe63c456109967e27d3?s=96&d=mm&r=g","contentUrl":"https:\/\/secure.gravatar.com\/avatar\/a06875e4b25feb5674296adf8e8a7ae1e587cebce2493fe63c456109967e27d3?s=96&d=mm&r=g","caption":"kalem"},"url":"https:\/\/akunq.net\/turkish\/author\/kalem\/"}]}},"_links":{"self":[{"href":"https:\/\/akunq.net\/turkish\/wp-json\/wp\/v2\/posts\/1769","targetHints":{"allow":["GET"]}}],"collection":[{"href":"https:\/\/akunq.net\/turkish\/wp-json\/wp\/v2\/posts"}],"about":[{"href":"https:\/\/akunq.net\/turkish\/wp-json\/wp\/v2\/types\/post"}],"author":[{"embeddable":true,"href":"https:\/\/akunq.net\/turkish\/wp-json\/wp\/v2\/users\/3"}],"replies":[{"embeddable":true,"href":"https:\/\/akunq.net\/turkish\/wp-json\/wp\/v2\/comments?post=1769"}],"version-history":[{"count":0,"href":"https:\/\/akunq.net\/turkish\/wp-json\/wp\/v2\/posts\/1769\/revisions"}],"wp:attachment":[{"href":"https:\/\/akunq.net\/turkish\/wp-json\/wp\/v2\/media?parent=1769"}],"wp:term":[{"taxonomy":"category","embeddable":true,"href":"https:\/\/akunq.net\/turkish\/wp-json\/wp\/v2\/categories?post=1769"},{"taxonomy":"post_tag","embeddable":true,"href":"https:\/\/akunq.net\/turkish\/wp-json\/wp\/v2\/tags?post=1769"}],"curies":[{"name":"wp","href":"https:\/\/api.w.org\/{rel}","templated":true}]}}