{"id":1759,"date":"2010-09-01T04:25:54","date_gmt":"2010-09-01T09:25:54","guid":{"rendered":"http:\/\/akunq.net\/tr\/?p=1759"},"modified":"2010-09-01T04:25:54","modified_gmt":"2010-09-01T09:25:54","slug":"serj-tankian-turkiyeye-gidemez-cunku","status":"publish","type":"post","link":"https:\/\/akunq.net\/turkish\/2010\/09\/01\/serj-tankian-turkiyeye-gidemez-cunku\/","title":{"rendered":"Serj Tankian T\u00fcrkiye&#8217;ye gidemez, \u00e7\u00fcnk\u00fc&#8230;"},"content":{"rendered":"<p style=\"text-align: justify\"><a rel=\"attachment wp-att-1760\" href=\"http:\/\/akunq.net\/tr\/?attachment_id=1760\"><img loading=\"lazy\" decoding=\"async\" class=\"alignleft size-full wp-image-1760\" title=\"g_image\" src=\"http:\/\/akunq.net\/tr\/wp-content\/uploads\/2010\/09\/g_image.jpg\" alt=\"\" width=\"307\" height=\"210\" srcset=\"https:\/\/akunq.net\/turkish\/wp-content\/uploads\/sites\/5\/2010\/09\/g_image.jpg 307w, https:\/\/akunq.net\/turkish\/wp-content\/uploads\/sites\/5\/2010\/09\/g_image-300x205.jpg 300w\" sizes=\"auto, (max-width: 307px) 100vw, 307px\" \/><\/a>\u00dcnl\u00fc rock \u015fark\u0131c\u0131s\u0131 Serj Tankian konser veremek \u00fczere T\u00fcrkiye&#8217;den bir davet ald\u0131, ancak gitmeyecek, \u00e7\u00fcnk\u00fc sadece \u015fark\u0131 s\u00f6ylemek de\u011fil, ger\u00e7e\u011fi s\u00f6ylemek de istiyor.<\/p>\n<p style=\"text-align: justify\">Serj Tankian Atina&#8217;da yay\u0131nlanan &#8220;Azat or&#8221; (&#8220;\u00d6zg\u00fcr G\u00fcn&#8221;) gazetesine verdi\u011fi m\u00fclakatta &#8220;Benim i\u00e7in \u015fark\u0131 s\u00f6ylemek yeterli de\u011fil. T\u00fcrkiye&#8217;de m\u00fczi\u011fimle fikirlerimi de ifade edebilsem bu \u00fclkede \u015fark\u0131 s\u00f6ylerdim&#8221; diye konu\u015ftu.<\/p>\n<p style=\"text-align: justify\">Gazetecinin &#8220;Sizin i\u00e7in Soyk\u0131r\u0131m nedir?&#8221; sorusu \u00fczerine Tankian \u015funu s\u00f6yledi: &#8220;Soyk\u0131r\u0131m bir silmedir, ger\u00e7e\u011fin silmesidir. Birle\u015fik Milletler (BM) veya uluslararas\u0131 di\u011fer \u00f6rg\u00fctlerin konuya kar\u015f\u0131 ilgisizlik g\u00f6sterdi\u011fi i\u00e7in biz s\u0131k s\u0131k bunun hakk\u0131nda konu\u015fmal\u0131y\u0131z&#8221;.<br \/>\n\u00a0<strong><em>Tert.am<\/em><\/strong><\/p>\n<p style=\"text-align: justify\"><strong><em>31.08.10<\/em><\/strong><\/p>\n","protected":false},"excerpt":{"rendered":"<p>\u00dcnl\u00fc rock \u015fark\u0131c\u0131s\u0131 Serj Tankian konser veremek \u00fczere T\u00fcrkiye&#8217;den bir davet ald\u0131, ancak gitmeyecek, \u00e7\u00fcnk\u00fc sadece \u015fark\u0131 s\u00f6ylemek de\u011fil, ger\u00e7e\u011fi s\u00f6ylemek de istiyor. Serj Tankian Atina&#8217;da yay\u0131nlanan &#8220;Azat or&#8221; (&#8220;\u00d6zg\u00fcr G\u00fcn&#8221;) gazetesine verdi\u011fi m\u00fclakatta &#8220;Benim i\u00e7in \u015fark\u0131 s\u00f6ylemek yeterli de\u011fil. T\u00fcrkiye&#8217;de m\u00fczi\u011fimle fikirlerimi de ifade edebilsem bu \u00fclkede \u015fark\u0131 s\u00f6ylerdim&#8221; diye konu\u015ftu. Gazetecinin &#8220;Sizin i\u00e7in [&hellip;]<\/p>\n","protected":false},"author":3,"featured_media":0,"comment_status":"closed","ping_status":"open","sticky":false,"template":"","format":"standard","meta":{"footnotes":""},"categories":[14],"tags":[],"class_list":["post-1759","post","type-post","status-publish","format-standard","hentry","category-haberler"],"yoast_head":"<!-- This site is optimized with the Yoast SEO plugin v27.4 - https:\/\/yoast.com\/product\/yoast-seo-wordpress\/ -->\n<title>Serj Tankian T\u00fcrkiye&#039;ye gidemez, \u00e7\u00fcnk\u00fc... - Bati Ermenistan Ve Bati Ermenileri Sorunlari Ara\u015ftirmalar Merkezi<\/title>\n<meta name=\"robots\" content=\"index, follow, max-snippet:-1, max-image-preview:large, max-video-preview:-1\" \/>\n<link rel=\"canonical\" href=\"https:\/\/akunq.net\/turkish\/2010\/09\/01\/serj-tankian-turkiyeye-gidemez-cunku\/\" \/>\n<meta property=\"og:locale\" content=\"en_US\" \/>\n<meta property=\"og:type\" content=\"article\" \/>\n<meta property=\"og:title\" content=\"Serj Tankian T\u00fcrkiye&#039;ye gidemez, \u00e7\u00fcnk\u00fc... - Bati Ermenistan Ve Bati Ermenileri Sorunlari Ara\u015ftirmalar Merkezi\" \/>\n<meta property=\"og:description\" content=\"\u00dcnl\u00fc rock \u015fark\u0131c\u0131s\u0131 Serj Tankian konser veremek \u00fczere T\u00fcrkiye&#8217;den bir davet ald\u0131, ancak gitmeyecek, \u00e7\u00fcnk\u00fc sadece \u015fark\u0131 s\u00f6ylemek de\u011fil, ger\u00e7e\u011fi s\u00f6ylemek de istiyor. Serj Tankian Atina&#8217;da yay\u0131nlanan &#8220;Azat or&#8221; (&#8220;\u00d6zg\u00fcr G\u00fcn&#8221;) gazetesine verdi\u011fi m\u00fclakatta &#8220;Benim i\u00e7in \u015fark\u0131 s\u00f6ylemek yeterli de\u011fil. T\u00fcrkiye&#8217;de m\u00fczi\u011fimle fikirlerimi de ifade edebilsem bu \u00fclkede \u015fark\u0131 s\u00f6ylerdim&#8221; diye konu\u015ftu. Gazetecinin &#8220;Sizin i\u00e7in [&hellip;]\" \/>\n<meta property=\"og:url\" content=\"https:\/\/akunq.net\/turkish\/2010\/09\/01\/serj-tankian-turkiyeye-gidemez-cunku\/\" \/>\n<meta property=\"og:site_name\" content=\"Bati Ermenistan Ve Bati Ermenileri Sorunlari Ara\u015ftirmalar Merkezi\" \/>\n<meta property=\"article:published_time\" content=\"2010-09-01T09:25:54+00:00\" \/>\n<meta property=\"og:image\" content=\"https:\/\/akunq.net\/turkish\/wp-content\/uploads\/sites\/5\/2010\/09\/g_image.jpg\" \/>\n\t<meta property=\"og:image:width\" content=\"307\" \/>\n\t<meta property=\"og:image:height\" content=\"210\" \/>\n\t<meta property=\"og:image:type\" content=\"image\/jpeg\" \/>\n<meta name=\"author\" content=\"kalem\" \/>\n<meta name=\"twitter:card\" content=\"summary_large_image\" \/>\n<meta name=\"twitter:label1\" content=\"Written by\" \/>\n\t<meta name=\"twitter:data1\" content=\"kalem\" \/>\n\t<meta name=\"twitter:label2\" content=\"Est. reading time\" \/>\n\t<meta name=\"twitter:data2\" content=\"1 minute\" \/>\n<script type=\"application\/ld+json\" class=\"yoast-schema-graph\">{\"@context\":\"https:\\\/\\\/schema.org\",\"@graph\":[{\"@type\":\"Article\",\"@id\":\"https:\\\/\\\/akunq.net\\\/turkish\\\/2010\\\/09\\\/01\\\/serj-tankian-turkiyeye-gidemez-cunku\\\/#article\",\"isPartOf\":{\"@id\":\"https:\\\/\\\/akunq.net\\\/turkish\\\/2010\\\/09\\\/01\\\/serj-tankian-turkiyeye-gidemez-cunku\\\/\"},\"author\":{\"name\":\"kalem\",\"@id\":\"https:\\\/\\\/akunq.net\\\/turkish\\\/#\\\/schema\\\/person\\\/135e7923d1aeb8887890799619969a6c\"},\"headline\":\"Serj Tankian T\u00fcrkiye&#8217;ye gidemez, \u00e7\u00fcnk\u00fc&#8230;\",\"datePublished\":\"2010-09-01T09:25:54+00:00\",\"mainEntityOfPage\":{\"@id\":\"https:\\\/\\\/akunq.net\\\/turkish\\\/2010\\\/09\\\/01\\\/serj-tankian-turkiyeye-gidemez-cunku\\\/\"},\"wordCount\":134,\"image\":{\"@id\":\"https:\\\/\\\/akunq.net\\\/turkish\\\/2010\\\/09\\\/01\\\/serj-tankian-turkiyeye-gidemez-cunku\\\/#primaryimage\"},\"thumbnailUrl\":\"http:\\\/\\\/akunq.net\\\/tr\\\/wp-content\\\/uploads\\\/2010\\\/09\\\/g_image.jpg\",\"articleSection\":[\"Haberler\"],\"inLanguage\":\"en-US\"},{\"@type\":\"WebPage\",\"@id\":\"https:\\\/\\\/akunq.net\\\/turkish\\\/2010\\\/09\\\/01\\\/serj-tankian-turkiyeye-gidemez-cunku\\\/\",\"url\":\"https:\\\/\\\/akunq.net\\\/turkish\\\/2010\\\/09\\\/01\\\/serj-tankian-turkiyeye-gidemez-cunku\\\/\",\"name\":\"Serj Tankian T\u00fcrkiye'ye gidemez, \u00e7\u00fcnk\u00fc... - Bati Ermenistan Ve Bati Ermenileri Sorunlari Ara\u015ftirmalar Merkezi\",\"isPartOf\":{\"@id\":\"https:\\\/\\\/akunq.net\\\/turkish\\\/#website\"},\"primaryImageOfPage\":{\"@id\":\"https:\\\/\\\/akunq.net\\\/turkish\\\/2010\\\/09\\\/01\\\/serj-tankian-turkiyeye-gidemez-cunku\\\/#primaryimage\"},\"image\":{\"@id\":\"https:\\\/\\\/akunq.net\\\/turkish\\\/2010\\\/09\\\/01\\\/serj-tankian-turkiyeye-gidemez-cunku\\\/#primaryimage\"},\"thumbnailUrl\":\"http:\\\/\\\/akunq.net\\\/tr\\\/wp-content\\\/uploads\\\/2010\\\/09\\\/g_image.jpg\",\"datePublished\":\"2010-09-01T09:25:54+00:00\",\"author\":{\"@id\":\"https:\\\/\\\/akunq.net\\\/turkish\\\/#\\\/schema\\\/person\\\/135e7923d1aeb8887890799619969a6c\"},\"breadcrumb\":{\"@id\":\"https:\\\/\\\/akunq.net\\\/turkish\\\/2010\\\/09\\\/01\\\/serj-tankian-turkiyeye-gidemez-cunku\\\/#breadcrumb\"},\"inLanguage\":\"en-US\",\"potentialAction\":[{\"@type\":\"ReadAction\",\"target\":[\"https:\\\/\\\/akunq.net\\\/turkish\\\/2010\\\/09\\\/01\\\/serj-tankian-turkiyeye-gidemez-cunku\\\/\"]}]},{\"@type\":\"ImageObject\",\"inLanguage\":\"en-US\",\"@id\":\"https:\\\/\\\/akunq.net\\\/turkish\\\/2010\\\/09\\\/01\\\/serj-tankian-turkiyeye-gidemez-cunku\\\/#primaryimage\",\"url\":\"http:\\\/\\\/akunq.net\\\/tr\\\/wp-content\\\/uploads\\\/2010\\\/09\\\/g_image.jpg\",\"contentUrl\":\"http:\\\/\\\/akunq.net\\\/tr\\\/wp-content\\\/uploads\\\/2010\\\/09\\\/g_image.jpg\"},{\"@type\":\"BreadcrumbList\",\"@id\":\"https:\\\/\\\/akunq.net\\\/turkish\\\/2010\\\/09\\\/01\\\/serj-tankian-turkiyeye-gidemez-cunku\\\/#breadcrumb\",\"itemListElement\":[{\"@type\":\"ListItem\",\"position\":1,\"name\":\"Home\",\"item\":\"https:\\\/\\\/akunq.net\\\/turkish\\\/\"},{\"@type\":\"ListItem\",\"position\":2,\"name\":\"Serj Tankian T\u00fcrkiye&#8217;ye gidemez, \u00e7\u00fcnk\u00fc&#8230;\"}]},{\"@type\":\"WebSite\",\"@id\":\"https:\\\/\\\/akunq.net\\\/turkish\\\/#website\",\"url\":\"https:\\\/\\\/akunq.net\\\/turkish\\\/\",\"name\":\"Bati Ermenistan Ve Bati Ermenileri Sorunlari Ara\u015ftirmalar Merkezi\",\"description\":\"\",\"potentialAction\":[{\"@type\":\"SearchAction\",\"target\":{\"@type\":\"EntryPoint\",\"urlTemplate\":\"https:\\\/\\\/akunq.net\\\/turkish\\\/?s={search_term_string}\"},\"query-input\":{\"@type\":\"PropertyValueSpecification\",\"valueRequired\":true,\"valueName\":\"search_term_string\"}}],\"inLanguage\":\"en-US\"},{\"@type\":\"Person\",\"@id\":\"https:\\\/\\\/akunq.net\\\/turkish\\\/#\\\/schema\\\/person\\\/135e7923d1aeb8887890799619969a6c\",\"name\":\"kalem\",\"image\":{\"@type\":\"ImageObject\",\"inLanguage\":\"en-US\",\"@id\":\"https:\\\/\\\/secure.gravatar.com\\\/avatar\\\/a06875e4b25feb5674296adf8e8a7ae1e587cebce2493fe63c456109967e27d3?s=96&d=mm&r=g\",\"url\":\"https:\\\/\\\/secure.gravatar.com\\\/avatar\\\/a06875e4b25feb5674296adf8e8a7ae1e587cebce2493fe63c456109967e27d3?s=96&d=mm&r=g\",\"contentUrl\":\"https:\\\/\\\/secure.gravatar.com\\\/avatar\\\/a06875e4b25feb5674296adf8e8a7ae1e587cebce2493fe63c456109967e27d3?s=96&d=mm&r=g\",\"caption\":\"kalem\"},\"url\":\"https:\\\/\\\/akunq.net\\\/turkish\\\/author\\\/kalem\\\/\"}]}<\/script>\n<!-- \/ Yoast SEO plugin. -->","yoast_head_json":{"title":"Serj Tankian T\u00fcrkiye'ye gidemez, \u00e7\u00fcnk\u00fc... - Bati Ermenistan Ve Bati Ermenileri Sorunlari Ara\u015ftirmalar Merkezi","robots":{"index":"index","follow":"follow","max-snippet":"max-snippet:-1","max-image-preview":"max-image-preview:large","max-video-preview":"max-video-preview:-1"},"canonical":"https:\/\/akunq.net\/turkish\/2010\/09\/01\/serj-tankian-turkiyeye-gidemez-cunku\/","og_locale":"en_US","og_type":"article","og_title":"Serj Tankian T\u00fcrkiye'ye gidemez, \u00e7\u00fcnk\u00fc... - Bati Ermenistan Ve Bati Ermenileri Sorunlari Ara\u015ftirmalar Merkezi","og_description":"\u00dcnl\u00fc rock \u015fark\u0131c\u0131s\u0131 Serj Tankian konser veremek \u00fczere T\u00fcrkiye&#8217;den bir davet ald\u0131, ancak gitmeyecek, \u00e7\u00fcnk\u00fc sadece \u015fark\u0131 s\u00f6ylemek de\u011fil, ger\u00e7e\u011fi s\u00f6ylemek de istiyor. Serj Tankian Atina&#8217;da yay\u0131nlanan &#8220;Azat or&#8221; (&#8220;\u00d6zg\u00fcr G\u00fcn&#8221;) gazetesine verdi\u011fi m\u00fclakatta &#8220;Benim i\u00e7in \u015fark\u0131 s\u00f6ylemek yeterli de\u011fil. T\u00fcrkiye&#8217;de m\u00fczi\u011fimle fikirlerimi de ifade edebilsem bu \u00fclkede \u015fark\u0131 s\u00f6ylerdim&#8221; diye konu\u015ftu. Gazetecinin &#8220;Sizin i\u00e7in [&hellip;]","og_url":"https:\/\/akunq.net\/turkish\/2010\/09\/01\/serj-tankian-turkiyeye-gidemez-cunku\/","og_site_name":"Bati Ermenistan Ve Bati Ermenileri Sorunlari Ara\u015ftirmalar Merkezi","article_published_time":"2010-09-01T09:25:54+00:00","og_image":[{"width":307,"height":210,"url":"https:\/\/akunq.net\/turkish\/wp-content\/uploads\/sites\/5\/2010\/09\/g_image.jpg","type":"image\/jpeg"}],"author":"kalem","twitter_card":"summary_large_image","twitter_misc":{"Written by":"kalem","Est. reading time":"1 minute"},"schema":{"@context":"https:\/\/schema.org","@graph":[{"@type":"Article","@id":"https:\/\/akunq.net\/turkish\/2010\/09\/01\/serj-tankian-turkiyeye-gidemez-cunku\/#article","isPartOf":{"@id":"https:\/\/akunq.net\/turkish\/2010\/09\/01\/serj-tankian-turkiyeye-gidemez-cunku\/"},"author":{"name":"kalem","@id":"https:\/\/akunq.net\/turkish\/#\/schema\/person\/135e7923d1aeb8887890799619969a6c"},"headline":"Serj Tankian T\u00fcrkiye&#8217;ye gidemez, \u00e7\u00fcnk\u00fc&#8230;","datePublished":"2010-09-01T09:25:54+00:00","mainEntityOfPage":{"@id":"https:\/\/akunq.net\/turkish\/2010\/09\/01\/serj-tankian-turkiyeye-gidemez-cunku\/"},"wordCount":134,"image":{"@id":"https:\/\/akunq.net\/turkish\/2010\/09\/01\/serj-tankian-turkiyeye-gidemez-cunku\/#primaryimage"},"thumbnailUrl":"http:\/\/akunq.net\/tr\/wp-content\/uploads\/2010\/09\/g_image.jpg","articleSection":["Haberler"],"inLanguage":"en-US"},{"@type":"WebPage","@id":"https:\/\/akunq.net\/turkish\/2010\/09\/01\/serj-tankian-turkiyeye-gidemez-cunku\/","url":"https:\/\/akunq.net\/turkish\/2010\/09\/01\/serj-tankian-turkiyeye-gidemez-cunku\/","name":"Serj Tankian T\u00fcrkiye'ye gidemez, \u00e7\u00fcnk\u00fc... - Bati Ermenistan Ve Bati Ermenileri Sorunlari Ara\u015ftirmalar Merkezi","isPartOf":{"@id":"https:\/\/akunq.net\/turkish\/#website"},"primaryImageOfPage":{"@id":"https:\/\/akunq.net\/turkish\/2010\/09\/01\/serj-tankian-turkiyeye-gidemez-cunku\/#primaryimage"},"image":{"@id":"https:\/\/akunq.net\/turkish\/2010\/09\/01\/serj-tankian-turkiyeye-gidemez-cunku\/#primaryimage"},"thumbnailUrl":"http:\/\/akunq.net\/tr\/wp-content\/uploads\/2010\/09\/g_image.jpg","datePublished":"2010-09-01T09:25:54+00:00","author":{"@id":"https:\/\/akunq.net\/turkish\/#\/schema\/person\/135e7923d1aeb8887890799619969a6c"},"breadcrumb":{"@id":"https:\/\/akunq.net\/turkish\/2010\/09\/01\/serj-tankian-turkiyeye-gidemez-cunku\/#breadcrumb"},"inLanguage":"en-US","potentialAction":[{"@type":"ReadAction","target":["https:\/\/akunq.net\/turkish\/2010\/09\/01\/serj-tankian-turkiyeye-gidemez-cunku\/"]}]},{"@type":"ImageObject","inLanguage":"en-US","@id":"https:\/\/akunq.net\/turkish\/2010\/09\/01\/serj-tankian-turkiyeye-gidemez-cunku\/#primaryimage","url":"http:\/\/akunq.net\/tr\/wp-content\/uploads\/2010\/09\/g_image.jpg","contentUrl":"http:\/\/akunq.net\/tr\/wp-content\/uploads\/2010\/09\/g_image.jpg"},{"@type":"BreadcrumbList","@id":"https:\/\/akunq.net\/turkish\/2010\/09\/01\/serj-tankian-turkiyeye-gidemez-cunku\/#breadcrumb","itemListElement":[{"@type":"ListItem","position":1,"name":"Home","item":"https:\/\/akunq.net\/turkish\/"},{"@type":"ListItem","position":2,"name":"Serj Tankian T\u00fcrkiye&#8217;ye gidemez, \u00e7\u00fcnk\u00fc&#8230;"}]},{"@type":"WebSite","@id":"https:\/\/akunq.net\/turkish\/#website","url":"https:\/\/akunq.net\/turkish\/","name":"Bati Ermenistan Ve Bati Ermenileri Sorunlari Ara\u015ftirmalar Merkezi","description":"","potentialAction":[{"@type":"SearchAction","target":{"@type":"EntryPoint","urlTemplate":"https:\/\/akunq.net\/turkish\/?s={search_term_string}"},"query-input":{"@type":"PropertyValueSpecification","valueRequired":true,"valueName":"search_term_string"}}],"inLanguage":"en-US"},{"@type":"Person","@id":"https:\/\/akunq.net\/turkish\/#\/schema\/person\/135e7923d1aeb8887890799619969a6c","name":"kalem","image":{"@type":"ImageObject","inLanguage":"en-US","@id":"https:\/\/secure.gravatar.com\/avatar\/a06875e4b25feb5674296adf8e8a7ae1e587cebce2493fe63c456109967e27d3?s=96&d=mm&r=g","url":"https:\/\/secure.gravatar.com\/avatar\/a06875e4b25feb5674296adf8e8a7ae1e587cebce2493fe63c456109967e27d3?s=96&d=mm&r=g","contentUrl":"https:\/\/secure.gravatar.com\/avatar\/a06875e4b25feb5674296adf8e8a7ae1e587cebce2493fe63c456109967e27d3?s=96&d=mm&r=g","caption":"kalem"},"url":"https:\/\/akunq.net\/turkish\/author\/kalem\/"}]}},"_links":{"self":[{"href":"https:\/\/akunq.net\/turkish\/wp-json\/wp\/v2\/posts\/1759","targetHints":{"allow":["GET"]}}],"collection":[{"href":"https:\/\/akunq.net\/turkish\/wp-json\/wp\/v2\/posts"}],"about":[{"href":"https:\/\/akunq.net\/turkish\/wp-json\/wp\/v2\/types\/post"}],"author":[{"embeddable":true,"href":"https:\/\/akunq.net\/turkish\/wp-json\/wp\/v2\/users\/3"}],"replies":[{"embeddable":true,"href":"https:\/\/akunq.net\/turkish\/wp-json\/wp\/v2\/comments?post=1759"}],"version-history":[{"count":0,"href":"https:\/\/akunq.net\/turkish\/wp-json\/wp\/v2\/posts\/1759\/revisions"}],"wp:attachment":[{"href":"https:\/\/akunq.net\/turkish\/wp-json\/wp\/v2\/media?parent=1759"}],"wp:term":[{"taxonomy":"category","embeddable":true,"href":"https:\/\/akunq.net\/turkish\/wp-json\/wp\/v2\/categories?post=1759"},{"taxonomy":"post_tag","embeddable":true,"href":"https:\/\/akunq.net\/turkish\/wp-json\/wp\/v2\/tags?post=1759"}],"curies":[{"name":"wp","href":"https:\/\/api.w.org\/{rel}","templated":true}]}}