{"id":1756,"date":"2010-09-01T02:47:17","date_gmt":"2010-09-01T07:47:17","guid":{"rendered":"http:\/\/akunq.net\/tr\/?p=1756"},"modified":"2010-09-01T02:47:17","modified_gmt":"2010-09-01T07:47:17","slug":"arkeolojik-kazidan-hosgoru-cikti","status":"publish","type":"post","link":"https:\/\/akunq.net\/turkish\/2010\/09\/01\/arkeolojik-kazidan-hosgoru-cikti\/","title":{"rendered":"Arkeolojik kaz\u0131dan &#8216;ho\u015fg\u00f6r\u00fc&#8217; \u00e7\u0131kt\u0131"},"content":{"rendered":"<p style=\"text-align: justify\">Van Kalesi&#8217;nin arkas\u0131ndaki eski kent merkezinde yap\u0131lan arkeolojik kaz\u0131larda, 1900&#8217;l\u00fc y\u0131llarda Ermeni ve M\u00fcsl\u00fcman halk\u0131n ortak kulland\u0131\u011f\u0131 yap\u0131lar ortaya \u00e7\u0131kar\u0131ld\u0131.<\/p>\n<p>Eski Van \u015fehrinde kaz\u0131 \u00e7al\u0131\u015fmalar\u0131n\u0131 y\u00fcr\u00fcten Y\u00fcz\u00fcnc\u00fc Y\u0131l \u00dcniversitesi Mimarl\u0131k B\u00f6l\u00fcm\u00fc \u00d6\u011fretim \u00dcyesi Yrd. Do\u00e7. Dr. \u015eahabettin \u00d6zt\u00fcrk, bu kaz\u0131 \u00e7al\u0131\u015fmas\u0131n\u0131n b\u00f6lge i\u00e7in b\u00fcy\u00fck \u00f6nem ta\u015f\u0131d\u0131\u011f\u0131n\u0131 s\u00f6yledi.<\/p>\n<p style=\"text-align: justify\">B\u00f6lgenin 1915 y\u0131l\u0131ndan bu yana toprak alt\u0131nda kald\u0131\u011f\u0131n\u0131 ifade eden \u00d6zt\u00fcrk, &#8220;S\u00f6z konusu alanda 40 g\u00fcnd\u00fcr arkeolojik bir kaz\u0131 ger\u00e7ekle\u015ftirmekteyiz. Yap\u0131n\u0131n b\u00fcy\u00fck b\u00f6l\u00fcm\u00fc ortaya \u00e7\u0131km\u0131\u015f durumda. Bu yap\u0131 en k\u0131sa zamanda ilgili projeleri haz\u0131rlanarak, H\u00fcsrev Pa\u015fa K\u00fclliyesini tamamlay\u0131c\u0131 bir unsur olarak ortaya \u00e7\u0131kar\u0131lacakt\u0131r&#8221; dedi.<\/p>\n<p style=\"text-align: justify\">Yrd. Do\u00e7. Dr. \u00d6zt\u00fcrk, eski \u015fehrin, 13 mahalleden olu\u015ftu\u011funu anlatarak, \u015funlar\u0131 kaydetti:<br \/>\n&#8220;O d\u00f6nemde toplam n\u00fcfus 30 bindi. Bunun bir b\u00f6l\u00fcm\u00fc Ermeni yani Hristiyan vatanda\u015flardan olu\u015fuyordu. Di\u011fer b\u00f6l\u00fcm\u00fcn\u00fc ise M\u00fcsl\u00fcman halk olu\u015fturuyordu. Buras\u0131 ho\u015fg\u00f6r\u00fcn\u00fcn ger\u00e7ekten ya\u015fand\u0131\u011f\u0131 bir kent. Ku\u015fkusuz bu yap\u0131lar\u0131n t\u00fcm\u00fc farkl\u0131 inan\u00e7lara sahip insanlar taraf\u0131ndan da kullan\u0131ld\u0131. Kaya \u00c7elebi Camisi\u2019ne 20 metrelik mesafede, bir kilisenin veya ortak kullan\u0131lan \u00e7ifte hanlar\u0131n ortaya \u00e7\u0131kar\u0131lmas\u0131, buradaki ho\u015fg\u00f6r\u00fcn\u00fcn \u00e7ok \u00f6nemli belirtisi olarak kar\u015f\u0131m\u0131za \u00e7\u0131k\u0131yor.&#8221;<\/p>\n<p style=\"text-align: justify\">Yap\u0131lan \u00e7al\u0131\u015fmalarda M\u00fcsl\u00fcman ve Ermeniler\u2019in ortak hanlar\u0131n bulundu\u011funu bildiren Yrd. Do\u00e7. Dr. \u00d6zt\u00fcrk, &#8220;O d\u00f6nemlerdeki tarihi kaynaklara bakt\u0131\u011f\u0131m\u0131zda herhangi bir ayr\u0131mc\u0131l\u0131\u011f\u0131n olmad\u0131\u011f\u0131n\u0131 g\u00f6r\u00fcyoruz. B\u00f6yle bir ayr\u0131m\u0131n olmad\u0131\u011f\u0131n\u0131 ge\u00e7mi\u015f tarihler, yabanc\u0131 seyyahlar\u0131n tuttu\u011fu notlar ve foto\u011fraflar net bir \u015fekilde g\u00f6stermektedir.&#8221;<br \/>\nYrd. Do\u00e7. Dr. \u00d6zt\u00fcrk, yap\u0131lan kaz\u0131 \u00e7al\u0131\u015fmalar\u0131n\u0131n ard\u0131ndan g\u00fcn y\u00fcz\u00fcne \u00e7\u0131kar\u0131lan yap\u0131lar\u0131n restore edilerek turizme kazand\u0131r\u0131laca\u011f\u0131n\u0131 ve koruma alt\u0131na al\u0131naca\u011f\u0131n\u0131 vurgulad\u0131.<\/p>\n<p style=\"text-align: justify\">\u00a0<strong><em>radikal.com.tr<br \/>\n31.08.2010<\/em><\/strong><\/p>\n","protected":false},"excerpt":{"rendered":"<p>Van Kalesi&#8217;nin arkas\u0131ndaki eski kent merkezinde yap\u0131lan arkeolojik kaz\u0131larda, 1900&#8217;l\u00fc y\u0131llarda Ermeni ve M\u00fcsl\u00fcman halk\u0131n ortak kulland\u0131\u011f\u0131 yap\u0131lar ortaya \u00e7\u0131kar\u0131ld\u0131. Eski Van \u015fehrinde kaz\u0131 \u00e7al\u0131\u015fmalar\u0131n\u0131 y\u00fcr\u00fcten Y\u00fcz\u00fcnc\u00fc Y\u0131l \u00dcniversitesi Mimarl\u0131k B\u00f6l\u00fcm\u00fc \u00d6\u011fretim \u00dcyesi Yrd. Do\u00e7. Dr. \u015eahabettin \u00d6zt\u00fcrk, bu kaz\u0131 \u00e7al\u0131\u015fmas\u0131n\u0131n b\u00f6lge i\u00e7in b\u00fcy\u00fck \u00f6nem ta\u015f\u0131d\u0131\u011f\u0131n\u0131 s\u00f6yledi. B\u00f6lgenin 1915 y\u0131l\u0131ndan bu yana toprak alt\u0131nda kald\u0131\u011f\u0131n\u0131 [&hellip;]<\/p>\n","protected":false},"author":3,"featured_media":0,"comment_status":"closed","ping_status":"open","sticky":false,"template":"","format":"standard","meta":{"footnotes":""},"categories":[14],"tags":[],"class_list":["post-1756","post","type-post","status-publish","format-standard","hentry","category-haberler"],"yoast_head":"<!-- This site is optimized with the Yoast SEO plugin v27.4 - https:\/\/yoast.com\/product\/yoast-seo-wordpress\/ -->\n<title>Arkeolojik kaz\u0131dan &#039;ho\u015fg\u00f6r\u00fc&#039; \u00e7\u0131kt\u0131 - Bati Ermenistan Ve Bati Ermenileri Sorunlari Ara\u015ftirmalar Merkezi<\/title>\n<meta name=\"robots\" content=\"index, follow, max-snippet:-1, max-image-preview:large, max-video-preview:-1\" \/>\n<link rel=\"canonical\" href=\"https:\/\/akunq.net\/turkish\/2010\/09\/01\/arkeolojik-kazidan-hosgoru-cikti\/\" \/>\n<meta property=\"og:locale\" content=\"en_US\" \/>\n<meta property=\"og:type\" content=\"article\" \/>\n<meta property=\"og:title\" content=\"Arkeolojik kaz\u0131dan &#039;ho\u015fg\u00f6r\u00fc&#039; \u00e7\u0131kt\u0131 - Bati Ermenistan Ve Bati Ermenileri Sorunlari Ara\u015ftirmalar Merkezi\" \/>\n<meta property=\"og:description\" content=\"Van Kalesi&#8217;nin arkas\u0131ndaki eski kent merkezinde yap\u0131lan arkeolojik kaz\u0131larda, 1900&#8217;l\u00fc y\u0131llarda Ermeni ve M\u00fcsl\u00fcman halk\u0131n ortak kulland\u0131\u011f\u0131 yap\u0131lar ortaya \u00e7\u0131kar\u0131ld\u0131. Eski Van \u015fehrinde kaz\u0131 \u00e7al\u0131\u015fmalar\u0131n\u0131 y\u00fcr\u00fcten Y\u00fcz\u00fcnc\u00fc Y\u0131l \u00dcniversitesi Mimarl\u0131k B\u00f6l\u00fcm\u00fc \u00d6\u011fretim \u00dcyesi Yrd. Do\u00e7. Dr. \u015eahabettin \u00d6zt\u00fcrk, bu kaz\u0131 \u00e7al\u0131\u015fmas\u0131n\u0131n b\u00f6lge i\u00e7in b\u00fcy\u00fck \u00f6nem ta\u015f\u0131d\u0131\u011f\u0131n\u0131 s\u00f6yledi. B\u00f6lgenin 1915 y\u0131l\u0131ndan bu yana toprak alt\u0131nda kald\u0131\u011f\u0131n\u0131 [&hellip;]\" \/>\n<meta property=\"og:url\" content=\"https:\/\/akunq.net\/turkish\/2010\/09\/01\/arkeolojik-kazidan-hosgoru-cikti\/\" \/>\n<meta property=\"og:site_name\" content=\"Bati Ermenistan Ve Bati Ermenileri Sorunlari Ara\u015ftirmalar Merkezi\" \/>\n<meta property=\"article:published_time\" content=\"2010-09-01T07:47:17+00:00\" \/>\n<meta name=\"author\" content=\"kalem\" \/>\n<meta name=\"twitter:card\" content=\"summary_large_image\" \/>\n<meta name=\"twitter:label1\" content=\"Written by\" \/>\n\t<meta name=\"twitter:data1\" content=\"kalem\" \/>\n\t<meta name=\"twitter:label2\" content=\"Est. reading time\" \/>\n\t<meta name=\"twitter:data2\" content=\"2 minutes\" \/>\n<script type=\"application\/ld+json\" class=\"yoast-schema-graph\">{\"@context\":\"https:\\\/\\\/schema.org\",\"@graph\":[{\"@type\":\"Article\",\"@id\":\"https:\\\/\\\/akunq.net\\\/turkish\\\/2010\\\/09\\\/01\\\/arkeolojik-kazidan-hosgoru-cikti\\\/#article\",\"isPartOf\":{\"@id\":\"https:\\\/\\\/akunq.net\\\/turkish\\\/2010\\\/09\\\/01\\\/arkeolojik-kazidan-hosgoru-cikti\\\/\"},\"author\":{\"name\":\"kalem\",\"@id\":\"https:\\\/\\\/akunq.net\\\/turkish\\\/#\\\/schema\\\/person\\\/135e7923d1aeb8887890799619969a6c\"},\"headline\":\"Arkeolojik kaz\u0131dan &#8216;ho\u015fg\u00f6r\u00fc&#8217; \u00e7\u0131kt\u0131\",\"datePublished\":\"2010-09-01T07:47:17+00:00\",\"mainEntityOfPage\":{\"@id\":\"https:\\\/\\\/akunq.net\\\/turkish\\\/2010\\\/09\\\/01\\\/arkeolojik-kazidan-hosgoru-cikti\\\/\"},\"wordCount\":368,\"articleSection\":[\"Haberler\"],\"inLanguage\":\"en-US\"},{\"@type\":\"WebPage\",\"@id\":\"https:\\\/\\\/akunq.net\\\/turkish\\\/2010\\\/09\\\/01\\\/arkeolojik-kazidan-hosgoru-cikti\\\/\",\"url\":\"https:\\\/\\\/akunq.net\\\/turkish\\\/2010\\\/09\\\/01\\\/arkeolojik-kazidan-hosgoru-cikti\\\/\",\"name\":\"Arkeolojik kaz\u0131dan 'ho\u015fg\u00f6r\u00fc' \u00e7\u0131kt\u0131 - Bati Ermenistan Ve Bati Ermenileri Sorunlari Ara\u015ftirmalar Merkezi\",\"isPartOf\":{\"@id\":\"https:\\\/\\\/akunq.net\\\/turkish\\\/#website\"},\"datePublished\":\"2010-09-01T07:47:17+00:00\",\"author\":{\"@id\":\"https:\\\/\\\/akunq.net\\\/turkish\\\/#\\\/schema\\\/person\\\/135e7923d1aeb8887890799619969a6c\"},\"breadcrumb\":{\"@id\":\"https:\\\/\\\/akunq.net\\\/turkish\\\/2010\\\/09\\\/01\\\/arkeolojik-kazidan-hosgoru-cikti\\\/#breadcrumb\"},\"inLanguage\":\"en-US\",\"potentialAction\":[{\"@type\":\"ReadAction\",\"target\":[\"https:\\\/\\\/akunq.net\\\/turkish\\\/2010\\\/09\\\/01\\\/arkeolojik-kazidan-hosgoru-cikti\\\/\"]}]},{\"@type\":\"BreadcrumbList\",\"@id\":\"https:\\\/\\\/akunq.net\\\/turkish\\\/2010\\\/09\\\/01\\\/arkeolojik-kazidan-hosgoru-cikti\\\/#breadcrumb\",\"itemListElement\":[{\"@type\":\"ListItem\",\"position\":1,\"name\":\"Home\",\"item\":\"https:\\\/\\\/akunq.net\\\/turkish\\\/\"},{\"@type\":\"ListItem\",\"position\":2,\"name\":\"Arkeolojik kaz\u0131dan &#8216;ho\u015fg\u00f6r\u00fc&#8217; \u00e7\u0131kt\u0131\"}]},{\"@type\":\"WebSite\",\"@id\":\"https:\\\/\\\/akunq.net\\\/turkish\\\/#website\",\"url\":\"https:\\\/\\\/akunq.net\\\/turkish\\\/\",\"name\":\"Bati Ermenistan Ve Bati Ermenileri Sorunlari Ara\u015ftirmalar Merkezi\",\"description\":\"\",\"potentialAction\":[{\"@type\":\"SearchAction\",\"target\":{\"@type\":\"EntryPoint\",\"urlTemplate\":\"https:\\\/\\\/akunq.net\\\/turkish\\\/?s={search_term_string}\"},\"query-input\":{\"@type\":\"PropertyValueSpecification\",\"valueRequired\":true,\"valueName\":\"search_term_string\"}}],\"inLanguage\":\"en-US\"},{\"@type\":\"Person\",\"@id\":\"https:\\\/\\\/akunq.net\\\/turkish\\\/#\\\/schema\\\/person\\\/135e7923d1aeb8887890799619969a6c\",\"name\":\"kalem\",\"image\":{\"@type\":\"ImageObject\",\"inLanguage\":\"en-US\",\"@id\":\"https:\\\/\\\/secure.gravatar.com\\\/avatar\\\/a06875e4b25feb5674296adf8e8a7ae1e587cebce2493fe63c456109967e27d3?s=96&d=mm&r=g\",\"url\":\"https:\\\/\\\/secure.gravatar.com\\\/avatar\\\/a06875e4b25feb5674296adf8e8a7ae1e587cebce2493fe63c456109967e27d3?s=96&d=mm&r=g\",\"contentUrl\":\"https:\\\/\\\/secure.gravatar.com\\\/avatar\\\/a06875e4b25feb5674296adf8e8a7ae1e587cebce2493fe63c456109967e27d3?s=96&d=mm&r=g\",\"caption\":\"kalem\"},\"url\":\"https:\\\/\\\/akunq.net\\\/turkish\\\/author\\\/kalem\\\/\"}]}<\/script>\n<!-- \/ Yoast SEO plugin. -->","yoast_head_json":{"title":"Arkeolojik kaz\u0131dan 'ho\u015fg\u00f6r\u00fc' \u00e7\u0131kt\u0131 - Bati Ermenistan Ve Bati Ermenileri Sorunlari Ara\u015ftirmalar Merkezi","robots":{"index":"index","follow":"follow","max-snippet":"max-snippet:-1","max-image-preview":"max-image-preview:large","max-video-preview":"max-video-preview:-1"},"canonical":"https:\/\/akunq.net\/turkish\/2010\/09\/01\/arkeolojik-kazidan-hosgoru-cikti\/","og_locale":"en_US","og_type":"article","og_title":"Arkeolojik kaz\u0131dan 'ho\u015fg\u00f6r\u00fc' \u00e7\u0131kt\u0131 - Bati Ermenistan Ve Bati Ermenileri Sorunlari Ara\u015ftirmalar Merkezi","og_description":"Van Kalesi&#8217;nin arkas\u0131ndaki eski kent merkezinde yap\u0131lan arkeolojik kaz\u0131larda, 1900&#8217;l\u00fc y\u0131llarda Ermeni ve M\u00fcsl\u00fcman halk\u0131n ortak kulland\u0131\u011f\u0131 yap\u0131lar ortaya \u00e7\u0131kar\u0131ld\u0131. Eski Van \u015fehrinde kaz\u0131 \u00e7al\u0131\u015fmalar\u0131n\u0131 y\u00fcr\u00fcten Y\u00fcz\u00fcnc\u00fc Y\u0131l \u00dcniversitesi Mimarl\u0131k B\u00f6l\u00fcm\u00fc \u00d6\u011fretim \u00dcyesi Yrd. Do\u00e7. Dr. \u015eahabettin \u00d6zt\u00fcrk, bu kaz\u0131 \u00e7al\u0131\u015fmas\u0131n\u0131n b\u00f6lge i\u00e7in b\u00fcy\u00fck \u00f6nem ta\u015f\u0131d\u0131\u011f\u0131n\u0131 s\u00f6yledi. B\u00f6lgenin 1915 y\u0131l\u0131ndan bu yana toprak alt\u0131nda kald\u0131\u011f\u0131n\u0131 [&hellip;]","og_url":"https:\/\/akunq.net\/turkish\/2010\/09\/01\/arkeolojik-kazidan-hosgoru-cikti\/","og_site_name":"Bati Ermenistan Ve Bati Ermenileri Sorunlari Ara\u015ftirmalar Merkezi","article_published_time":"2010-09-01T07:47:17+00:00","author":"kalem","twitter_card":"summary_large_image","twitter_misc":{"Written by":"kalem","Est. reading time":"2 minutes"},"schema":{"@context":"https:\/\/schema.org","@graph":[{"@type":"Article","@id":"https:\/\/akunq.net\/turkish\/2010\/09\/01\/arkeolojik-kazidan-hosgoru-cikti\/#article","isPartOf":{"@id":"https:\/\/akunq.net\/turkish\/2010\/09\/01\/arkeolojik-kazidan-hosgoru-cikti\/"},"author":{"name":"kalem","@id":"https:\/\/akunq.net\/turkish\/#\/schema\/person\/135e7923d1aeb8887890799619969a6c"},"headline":"Arkeolojik kaz\u0131dan &#8216;ho\u015fg\u00f6r\u00fc&#8217; \u00e7\u0131kt\u0131","datePublished":"2010-09-01T07:47:17+00:00","mainEntityOfPage":{"@id":"https:\/\/akunq.net\/turkish\/2010\/09\/01\/arkeolojik-kazidan-hosgoru-cikti\/"},"wordCount":368,"articleSection":["Haberler"],"inLanguage":"en-US"},{"@type":"WebPage","@id":"https:\/\/akunq.net\/turkish\/2010\/09\/01\/arkeolojik-kazidan-hosgoru-cikti\/","url":"https:\/\/akunq.net\/turkish\/2010\/09\/01\/arkeolojik-kazidan-hosgoru-cikti\/","name":"Arkeolojik kaz\u0131dan 'ho\u015fg\u00f6r\u00fc' \u00e7\u0131kt\u0131 - Bati Ermenistan Ve Bati Ermenileri Sorunlari Ara\u015ftirmalar Merkezi","isPartOf":{"@id":"https:\/\/akunq.net\/turkish\/#website"},"datePublished":"2010-09-01T07:47:17+00:00","author":{"@id":"https:\/\/akunq.net\/turkish\/#\/schema\/person\/135e7923d1aeb8887890799619969a6c"},"breadcrumb":{"@id":"https:\/\/akunq.net\/turkish\/2010\/09\/01\/arkeolojik-kazidan-hosgoru-cikti\/#breadcrumb"},"inLanguage":"en-US","potentialAction":[{"@type":"ReadAction","target":["https:\/\/akunq.net\/turkish\/2010\/09\/01\/arkeolojik-kazidan-hosgoru-cikti\/"]}]},{"@type":"BreadcrumbList","@id":"https:\/\/akunq.net\/turkish\/2010\/09\/01\/arkeolojik-kazidan-hosgoru-cikti\/#breadcrumb","itemListElement":[{"@type":"ListItem","position":1,"name":"Home","item":"https:\/\/akunq.net\/turkish\/"},{"@type":"ListItem","position":2,"name":"Arkeolojik kaz\u0131dan &#8216;ho\u015fg\u00f6r\u00fc&#8217; \u00e7\u0131kt\u0131"}]},{"@type":"WebSite","@id":"https:\/\/akunq.net\/turkish\/#website","url":"https:\/\/akunq.net\/turkish\/","name":"Bati Ermenistan Ve Bati Ermenileri Sorunlari Ara\u015ftirmalar Merkezi","description":"","potentialAction":[{"@type":"SearchAction","target":{"@type":"EntryPoint","urlTemplate":"https:\/\/akunq.net\/turkish\/?s={search_term_string}"},"query-input":{"@type":"PropertyValueSpecification","valueRequired":true,"valueName":"search_term_string"}}],"inLanguage":"en-US"},{"@type":"Person","@id":"https:\/\/akunq.net\/turkish\/#\/schema\/person\/135e7923d1aeb8887890799619969a6c","name":"kalem","image":{"@type":"ImageObject","inLanguage":"en-US","@id":"https:\/\/secure.gravatar.com\/avatar\/a06875e4b25feb5674296adf8e8a7ae1e587cebce2493fe63c456109967e27d3?s=96&d=mm&r=g","url":"https:\/\/secure.gravatar.com\/avatar\/a06875e4b25feb5674296adf8e8a7ae1e587cebce2493fe63c456109967e27d3?s=96&d=mm&r=g","contentUrl":"https:\/\/secure.gravatar.com\/avatar\/a06875e4b25feb5674296adf8e8a7ae1e587cebce2493fe63c456109967e27d3?s=96&d=mm&r=g","caption":"kalem"},"url":"https:\/\/akunq.net\/turkish\/author\/kalem\/"}]}},"_links":{"self":[{"href":"https:\/\/akunq.net\/turkish\/wp-json\/wp\/v2\/posts\/1756","targetHints":{"allow":["GET"]}}],"collection":[{"href":"https:\/\/akunq.net\/turkish\/wp-json\/wp\/v2\/posts"}],"about":[{"href":"https:\/\/akunq.net\/turkish\/wp-json\/wp\/v2\/types\/post"}],"author":[{"embeddable":true,"href":"https:\/\/akunq.net\/turkish\/wp-json\/wp\/v2\/users\/3"}],"replies":[{"embeddable":true,"href":"https:\/\/akunq.net\/turkish\/wp-json\/wp\/v2\/comments?post=1756"}],"version-history":[{"count":0,"href":"https:\/\/akunq.net\/turkish\/wp-json\/wp\/v2\/posts\/1756\/revisions"}],"wp:attachment":[{"href":"https:\/\/akunq.net\/turkish\/wp-json\/wp\/v2\/media?parent=1756"}],"wp:term":[{"taxonomy":"category","embeddable":true,"href":"https:\/\/akunq.net\/turkish\/wp-json\/wp\/v2\/categories?post=1756"},{"taxonomy":"post_tag","embeddable":true,"href":"https:\/\/akunq.net\/turkish\/wp-json\/wp\/v2\/tags?post=1756"}],"curies":[{"name":"wp","href":"https:\/\/api.w.org\/{rel}","templated":true}]}}