{"id":1750,"date":"2010-08-31T05:54:10","date_gmt":"2010-08-31T10:54:10","guid":{"rendered":"http:\/\/akunq.net\/tr\/?p=1750"},"modified":"2010-08-31T05:54:10","modified_gmt":"2010-08-31T10:54:10","slug":"alman-kanalindan-hrant-dink-belgeseli","status":"publish","type":"post","link":"https:\/\/akunq.net\/turkish\/2010\/08\/31\/alman-kanalindan-hrant-dink-belgeseli\/","title":{"rendered":"ALMAN KANALINDAN HRANT D\u0130NK BELGESEL\u0130"},"content":{"rendered":"<p style=\"text-align: justify\"><strong><em>Daha bir kez de s\u00f6zde Ermeni soyk\u0131r\u0131m\u0131na ili\u015fkin Belgesel yay\u0131nlayan Alman 1&#8217;inci Devlet Kanal\u0131 ARD&#8217;ye ba\u011fl\u0131 EinsExtra kanal\u0131 Yeni B\u0130R Belgesel yay\u0131nlad\u0131 .<\/em><\/strong><\/p>\n<p style=\"text-align: justify\">EinsExtra kanal\u0131 , Ermeniler&#8217;in k\u00f6kleri antik d\u00fcnyaya uzanan D\u00dcNYANIN en eski uygarl\u0131klar\u0131ndan Biri oldugu belirtildi . Alman kanal\u0131 Ermeniler&#8217;in T\u00fcrkiye&#8217;de 20&#8217;nci Y\u00fczy\u0131l&#8217;\u0131n ba\u015flar\u0131nda soyk\u0131r\u0131ma u\u011frad\u0131 \u0561\u0561 Gini bir s\u00fcrerken 19 Ocak 2007&#8217;de u\u011frad\u0131\u011f\u0131 silahl\u0131 sald\u0131r\u0131da Olen Hrant Dink cinayetine genis yer verdi . 53 dakikal\u0131k programda &#8221; Agos &#8221; Gazetesi Genel Yay\u0131n Y\u00f6netmeni Dink , T\u00fcrkler ve Ermeniler aras\u0131nda uzla\u015fman\u0131n y\u0131lmaz savunucusu olarak nitelendirildi . T\u00fcrkiye&#8217;de \u00e7e\u015fitli gazeteci , Yazar ve politikac\u0131 ile r\u00f6portajlar\u0131n yap\u0131ld\u0131\u011f\u0131 , Hrant Dink&#8217;in ya\u015fam\u0131ndaki baz\u0131 foto\u011fraflar\u0131n da ekrana getirildi\u011fi belgeselde , Dink cinayeti ile ilgili bir\u00e7ok sorunun hen\u00fcz yan\u0131t bulamad\u0131\u011f\u0131 cinayetin &#8220;Ergenekon &#8221; ile ba\u011flant\u0131s\u0131n\u0131n tart\u0131\u015f\u0131ld\u0131\u011f\u0131 aktar\u0131ld\u0131 .<\/p>\n<p style=\"text-align: justify\"><strong><em>\u0130hsan D\u00d6RTKARDE\u015e <\/em><\/strong><\/p>\n<p style=\"text-align: justify\"><strong><em>DHA<\/em><\/strong><em><\/em><\/p>\n<p style=\"text-align: justify\"><strong><em>31 A\u011fustos 2010 Sali<\/em><\/strong><em><\/em><\/p>\n","protected":false},"excerpt":{"rendered":"<p>Daha bir kez de s\u00f6zde Ermeni soyk\u0131r\u0131m\u0131na ili\u015fkin Belgesel yay\u0131nlayan Alman 1&#8217;inci Devlet Kanal\u0131 ARD&#8217;ye ba\u011fl\u0131 EinsExtra kanal\u0131 Yeni B\u0130R Belgesel yay\u0131nlad\u0131 . EinsExtra kanal\u0131 , Ermeniler&#8217;in k\u00f6kleri antik d\u00fcnyaya uzanan D\u00dcNYANIN en eski uygarl\u0131klar\u0131ndan Biri oldugu belirtildi . Alman kanal\u0131 Ermeniler&#8217;in T\u00fcrkiye&#8217;de 20&#8217;nci Y\u00fczy\u0131l&#8217;\u0131n ba\u015flar\u0131nda soyk\u0131r\u0131ma u\u011frad\u0131 \u0561\u0561 Gini bir s\u00fcrerken 19 Ocak 2007&#8217;de [&hellip;]<\/p>\n","protected":false},"author":3,"featured_media":0,"comment_status":"closed","ping_status":"open","sticky":false,"template":"","format":"standard","meta":{"footnotes":""},"categories":[14],"tags":[],"class_list":["post-1750","post","type-post","status-publish","format-standard","hentry","category-haberler"],"yoast_head":"<!-- This site is optimized with the Yoast SEO plugin v27.4 - https:\/\/yoast.com\/product\/yoast-seo-wordpress\/ -->\n<title>ALMAN KANALINDAN HRANT D\u0130NK BELGESEL\u0130 - Bati Ermenistan Ve Bati Ermenileri Sorunlari Ara\u015ftirmalar Merkezi<\/title>\n<meta name=\"robots\" content=\"index, follow, max-snippet:-1, max-image-preview:large, max-video-preview:-1\" \/>\n<link rel=\"canonical\" href=\"https:\/\/akunq.net\/turkish\/2010\/08\/31\/alman-kanalindan-hrant-dink-belgeseli\/\" \/>\n<meta property=\"og:locale\" content=\"en_US\" \/>\n<meta property=\"og:type\" content=\"article\" \/>\n<meta property=\"og:title\" content=\"ALMAN KANALINDAN HRANT D\u0130NK BELGESEL\u0130 - Bati Ermenistan Ve Bati Ermenileri Sorunlari Ara\u015ftirmalar Merkezi\" \/>\n<meta property=\"og:description\" content=\"Daha bir kez de s\u00f6zde Ermeni soyk\u0131r\u0131m\u0131na ili\u015fkin Belgesel yay\u0131nlayan Alman 1&#8217;inci Devlet Kanal\u0131 ARD&#8217;ye ba\u011fl\u0131 EinsExtra kanal\u0131 Yeni B\u0130R Belgesel yay\u0131nlad\u0131 . EinsExtra kanal\u0131 , Ermeniler&#8217;in k\u00f6kleri antik d\u00fcnyaya uzanan D\u00dcNYANIN en eski uygarl\u0131klar\u0131ndan Biri oldugu belirtildi . Alman kanal\u0131 Ermeniler&#8217;in T\u00fcrkiye&#8217;de 20&#8217;nci Y\u00fczy\u0131l&#8217;\u0131n ba\u015flar\u0131nda soyk\u0131r\u0131ma u\u011frad\u0131 \u0561\u0561 Gini bir s\u00fcrerken 19 Ocak 2007&#8217;de [&hellip;]\" \/>\n<meta property=\"og:url\" content=\"https:\/\/akunq.net\/turkish\/2010\/08\/31\/alman-kanalindan-hrant-dink-belgeseli\/\" \/>\n<meta property=\"og:site_name\" content=\"Bati Ermenistan Ve Bati Ermenileri Sorunlari Ara\u015ftirmalar Merkezi\" \/>\n<meta property=\"article:published_time\" content=\"2010-08-31T10:54:10+00:00\" \/>\n<meta name=\"author\" content=\"kalem\" \/>\n<meta name=\"twitter:card\" content=\"summary_large_image\" \/>\n<meta name=\"twitter:label1\" content=\"Written by\" \/>\n\t<meta name=\"twitter:data1\" content=\"kalem\" \/>\n\t<meta name=\"twitter:label2\" content=\"Est. reading time\" \/>\n\t<meta name=\"twitter:data2\" content=\"1 minute\" \/>\n<script type=\"application\/ld+json\" class=\"yoast-schema-graph\">{\"@context\":\"https:\\\/\\\/schema.org\",\"@graph\":[{\"@type\":\"Article\",\"@id\":\"https:\\\/\\\/akunq.net\\\/turkish\\\/2010\\\/08\\\/31\\\/alman-kanalindan-hrant-dink-belgeseli\\\/#article\",\"isPartOf\":{\"@id\":\"https:\\\/\\\/akunq.net\\\/turkish\\\/2010\\\/08\\\/31\\\/alman-kanalindan-hrant-dink-belgeseli\\\/\"},\"author\":{\"name\":\"kalem\",\"@id\":\"https:\\\/\\\/akunq.net\\\/turkish\\\/#\\\/schema\\\/person\\\/135e7923d1aeb8887890799619969a6c\"},\"headline\":\"ALMAN KANALINDAN HRANT D\u0130NK BELGESEL\u0130\",\"datePublished\":\"2010-08-31T10:54:10+00:00\",\"mainEntityOfPage\":{\"@id\":\"https:\\\/\\\/akunq.net\\\/turkish\\\/2010\\\/08\\\/31\\\/alman-kanalindan-hrant-dink-belgeseli\\\/\"},\"wordCount\":177,\"articleSection\":[\"Haberler\"],\"inLanguage\":\"en-US\"},{\"@type\":\"WebPage\",\"@id\":\"https:\\\/\\\/akunq.net\\\/turkish\\\/2010\\\/08\\\/31\\\/alman-kanalindan-hrant-dink-belgeseli\\\/\",\"url\":\"https:\\\/\\\/akunq.net\\\/turkish\\\/2010\\\/08\\\/31\\\/alman-kanalindan-hrant-dink-belgeseli\\\/\",\"name\":\"ALMAN KANALINDAN HRANT D\u0130NK BELGESEL\u0130 - Bati Ermenistan Ve Bati Ermenileri Sorunlari Ara\u015ftirmalar Merkezi\",\"isPartOf\":{\"@id\":\"https:\\\/\\\/akunq.net\\\/turkish\\\/#website\"},\"datePublished\":\"2010-08-31T10:54:10+00:00\",\"author\":{\"@id\":\"https:\\\/\\\/akunq.net\\\/turkish\\\/#\\\/schema\\\/person\\\/135e7923d1aeb8887890799619969a6c\"},\"breadcrumb\":{\"@id\":\"https:\\\/\\\/akunq.net\\\/turkish\\\/2010\\\/08\\\/31\\\/alman-kanalindan-hrant-dink-belgeseli\\\/#breadcrumb\"},\"inLanguage\":\"en-US\",\"potentialAction\":[{\"@type\":\"ReadAction\",\"target\":[\"https:\\\/\\\/akunq.net\\\/turkish\\\/2010\\\/08\\\/31\\\/alman-kanalindan-hrant-dink-belgeseli\\\/\"]}]},{\"@type\":\"BreadcrumbList\",\"@id\":\"https:\\\/\\\/akunq.net\\\/turkish\\\/2010\\\/08\\\/31\\\/alman-kanalindan-hrant-dink-belgeseli\\\/#breadcrumb\",\"itemListElement\":[{\"@type\":\"ListItem\",\"position\":1,\"name\":\"Home\",\"item\":\"https:\\\/\\\/akunq.net\\\/turkish\\\/\"},{\"@type\":\"ListItem\",\"position\":2,\"name\":\"ALMAN KANALINDAN HRANT D\u0130NK BELGESEL\u0130\"}]},{\"@type\":\"WebSite\",\"@id\":\"https:\\\/\\\/akunq.net\\\/turkish\\\/#website\",\"url\":\"https:\\\/\\\/akunq.net\\\/turkish\\\/\",\"name\":\"Bati Ermenistan Ve Bati Ermenileri Sorunlari Ara\u015ftirmalar Merkezi\",\"description\":\"\",\"potentialAction\":[{\"@type\":\"SearchAction\",\"target\":{\"@type\":\"EntryPoint\",\"urlTemplate\":\"https:\\\/\\\/akunq.net\\\/turkish\\\/?s={search_term_string}\"},\"query-input\":{\"@type\":\"PropertyValueSpecification\",\"valueRequired\":true,\"valueName\":\"search_term_string\"}}],\"inLanguage\":\"en-US\"},{\"@type\":\"Person\",\"@id\":\"https:\\\/\\\/akunq.net\\\/turkish\\\/#\\\/schema\\\/person\\\/135e7923d1aeb8887890799619969a6c\",\"name\":\"kalem\",\"image\":{\"@type\":\"ImageObject\",\"inLanguage\":\"en-US\",\"@id\":\"https:\\\/\\\/secure.gravatar.com\\\/avatar\\\/a06875e4b25feb5674296adf8e8a7ae1e587cebce2493fe63c456109967e27d3?s=96&d=mm&r=g\",\"url\":\"https:\\\/\\\/secure.gravatar.com\\\/avatar\\\/a06875e4b25feb5674296adf8e8a7ae1e587cebce2493fe63c456109967e27d3?s=96&d=mm&r=g\",\"contentUrl\":\"https:\\\/\\\/secure.gravatar.com\\\/avatar\\\/a06875e4b25feb5674296adf8e8a7ae1e587cebce2493fe63c456109967e27d3?s=96&d=mm&r=g\",\"caption\":\"kalem\"},\"url\":\"https:\\\/\\\/akunq.net\\\/turkish\\\/author\\\/kalem\\\/\"}]}<\/script>\n<!-- \/ Yoast SEO plugin. -->","yoast_head_json":{"title":"ALMAN KANALINDAN HRANT D\u0130NK BELGESEL\u0130 - Bati Ermenistan Ve Bati Ermenileri Sorunlari Ara\u015ftirmalar Merkezi","robots":{"index":"index","follow":"follow","max-snippet":"max-snippet:-1","max-image-preview":"max-image-preview:large","max-video-preview":"max-video-preview:-1"},"canonical":"https:\/\/akunq.net\/turkish\/2010\/08\/31\/alman-kanalindan-hrant-dink-belgeseli\/","og_locale":"en_US","og_type":"article","og_title":"ALMAN KANALINDAN HRANT D\u0130NK BELGESEL\u0130 - Bati Ermenistan Ve Bati Ermenileri Sorunlari Ara\u015ftirmalar Merkezi","og_description":"Daha bir kez de s\u00f6zde Ermeni soyk\u0131r\u0131m\u0131na ili\u015fkin Belgesel yay\u0131nlayan Alman 1&#8217;inci Devlet Kanal\u0131 ARD&#8217;ye ba\u011fl\u0131 EinsExtra kanal\u0131 Yeni B\u0130R Belgesel yay\u0131nlad\u0131 . EinsExtra kanal\u0131 , Ermeniler&#8217;in k\u00f6kleri antik d\u00fcnyaya uzanan D\u00dcNYANIN en eski uygarl\u0131klar\u0131ndan Biri oldugu belirtildi . Alman kanal\u0131 Ermeniler&#8217;in T\u00fcrkiye&#8217;de 20&#8217;nci Y\u00fczy\u0131l&#8217;\u0131n ba\u015flar\u0131nda soyk\u0131r\u0131ma u\u011frad\u0131 \u0561\u0561 Gini bir s\u00fcrerken 19 Ocak 2007&#8217;de [&hellip;]","og_url":"https:\/\/akunq.net\/turkish\/2010\/08\/31\/alman-kanalindan-hrant-dink-belgeseli\/","og_site_name":"Bati Ermenistan Ve Bati Ermenileri Sorunlari Ara\u015ftirmalar Merkezi","article_published_time":"2010-08-31T10:54:10+00:00","author":"kalem","twitter_card":"summary_large_image","twitter_misc":{"Written by":"kalem","Est. reading time":"1 minute"},"schema":{"@context":"https:\/\/schema.org","@graph":[{"@type":"Article","@id":"https:\/\/akunq.net\/turkish\/2010\/08\/31\/alman-kanalindan-hrant-dink-belgeseli\/#article","isPartOf":{"@id":"https:\/\/akunq.net\/turkish\/2010\/08\/31\/alman-kanalindan-hrant-dink-belgeseli\/"},"author":{"name":"kalem","@id":"https:\/\/akunq.net\/turkish\/#\/schema\/person\/135e7923d1aeb8887890799619969a6c"},"headline":"ALMAN KANALINDAN HRANT D\u0130NK BELGESEL\u0130","datePublished":"2010-08-31T10:54:10+00:00","mainEntityOfPage":{"@id":"https:\/\/akunq.net\/turkish\/2010\/08\/31\/alman-kanalindan-hrant-dink-belgeseli\/"},"wordCount":177,"articleSection":["Haberler"],"inLanguage":"en-US"},{"@type":"WebPage","@id":"https:\/\/akunq.net\/turkish\/2010\/08\/31\/alman-kanalindan-hrant-dink-belgeseli\/","url":"https:\/\/akunq.net\/turkish\/2010\/08\/31\/alman-kanalindan-hrant-dink-belgeseli\/","name":"ALMAN KANALINDAN HRANT D\u0130NK BELGESEL\u0130 - Bati Ermenistan Ve Bati Ermenileri Sorunlari Ara\u015ftirmalar Merkezi","isPartOf":{"@id":"https:\/\/akunq.net\/turkish\/#website"},"datePublished":"2010-08-31T10:54:10+00:00","author":{"@id":"https:\/\/akunq.net\/turkish\/#\/schema\/person\/135e7923d1aeb8887890799619969a6c"},"breadcrumb":{"@id":"https:\/\/akunq.net\/turkish\/2010\/08\/31\/alman-kanalindan-hrant-dink-belgeseli\/#breadcrumb"},"inLanguage":"en-US","potentialAction":[{"@type":"ReadAction","target":["https:\/\/akunq.net\/turkish\/2010\/08\/31\/alman-kanalindan-hrant-dink-belgeseli\/"]}]},{"@type":"BreadcrumbList","@id":"https:\/\/akunq.net\/turkish\/2010\/08\/31\/alman-kanalindan-hrant-dink-belgeseli\/#breadcrumb","itemListElement":[{"@type":"ListItem","position":1,"name":"Home","item":"https:\/\/akunq.net\/turkish\/"},{"@type":"ListItem","position":2,"name":"ALMAN KANALINDAN HRANT D\u0130NK BELGESEL\u0130"}]},{"@type":"WebSite","@id":"https:\/\/akunq.net\/turkish\/#website","url":"https:\/\/akunq.net\/turkish\/","name":"Bati Ermenistan Ve Bati Ermenileri Sorunlari Ara\u015ftirmalar Merkezi","description":"","potentialAction":[{"@type":"SearchAction","target":{"@type":"EntryPoint","urlTemplate":"https:\/\/akunq.net\/turkish\/?s={search_term_string}"},"query-input":{"@type":"PropertyValueSpecification","valueRequired":true,"valueName":"search_term_string"}}],"inLanguage":"en-US"},{"@type":"Person","@id":"https:\/\/akunq.net\/turkish\/#\/schema\/person\/135e7923d1aeb8887890799619969a6c","name":"kalem","image":{"@type":"ImageObject","inLanguage":"en-US","@id":"https:\/\/secure.gravatar.com\/avatar\/a06875e4b25feb5674296adf8e8a7ae1e587cebce2493fe63c456109967e27d3?s=96&d=mm&r=g","url":"https:\/\/secure.gravatar.com\/avatar\/a06875e4b25feb5674296adf8e8a7ae1e587cebce2493fe63c456109967e27d3?s=96&d=mm&r=g","contentUrl":"https:\/\/secure.gravatar.com\/avatar\/a06875e4b25feb5674296adf8e8a7ae1e587cebce2493fe63c456109967e27d3?s=96&d=mm&r=g","caption":"kalem"},"url":"https:\/\/akunq.net\/turkish\/author\/kalem\/"}]}},"_links":{"self":[{"href":"https:\/\/akunq.net\/turkish\/wp-json\/wp\/v2\/posts\/1750","targetHints":{"allow":["GET"]}}],"collection":[{"href":"https:\/\/akunq.net\/turkish\/wp-json\/wp\/v2\/posts"}],"about":[{"href":"https:\/\/akunq.net\/turkish\/wp-json\/wp\/v2\/types\/post"}],"author":[{"embeddable":true,"href":"https:\/\/akunq.net\/turkish\/wp-json\/wp\/v2\/users\/3"}],"replies":[{"embeddable":true,"href":"https:\/\/akunq.net\/turkish\/wp-json\/wp\/v2\/comments?post=1750"}],"version-history":[{"count":0,"href":"https:\/\/akunq.net\/turkish\/wp-json\/wp\/v2\/posts\/1750\/revisions"}],"wp:attachment":[{"href":"https:\/\/akunq.net\/turkish\/wp-json\/wp\/v2\/media?parent=1750"}],"wp:term":[{"taxonomy":"category","embeddable":true,"href":"https:\/\/akunq.net\/turkish\/wp-json\/wp\/v2\/categories?post=1750"},{"taxonomy":"post_tag","embeddable":true,"href":"https:\/\/akunq.net\/turkish\/wp-json\/wp\/v2\/tags?post=1750"}],"curies":[{"name":"wp","href":"https:\/\/api.w.org\/{rel}","templated":true}]}}