{"id":17329,"date":"2012-08-08T02:11:09","date_gmt":"2012-08-08T07:11:09","guid":{"rendered":"http:\/\/akunq.net\/tr\/?p=17329"},"modified":"2012-08-08T02:11:09","modified_gmt":"2012-08-08T07:11:09","slug":"londra-2012-artur-aleksanyan-turk-rakibini-yendi","status":"publish","type":"post","link":"https:\/\/akunq.net\/turkish\/2012\/08\/08\/londra-2012-artur-aleksanyan-turk-rakibini-yendi\/","title":{"rendered":"Londra-2012: Artur Aleksanyan T\u00fcrk rakibini yendi"},"content":{"rendered":"<p style=\"text-align: justify\"><a href=\"http:\/\/akunq.net\/tr\/?attachment_id=17330\" rel=\"attachment wp-att-17330\"><img loading=\"lazy\" decoding=\"async\" class=\"alignleft size-medium wp-image-17330\" title=\"Londra-2012\" src=\"http:\/\/akunq.net\/tr\/wp-content\/uploads\/2012\/08\/Londra-2012-300x224.jpg\" alt=\"\" width=\"300\" height=\"224\" \/><\/a>\u00a0Artur Aleksanyan Londra Yaz Olimpiyatlar\u0131 Greko-Romen stil g\u00fcre\u015f 96 kg. grubunda bronz madalya m\u00fccadelesinde ilk teselli\u00a0 kar\u015f\u0131la\u015fmas\u0131nda T\u00fcrkiye\u2019den Cenk \u0130ldem\u2019le mindere \u00e7\u0131kt\u0131.<\/p>\n<p style=\"text-align: justify\">\u0130lk yar\u0131da rakibini 1-0 yenen Aleksanyan, ikinci yar\u0131da rakibine savuma pozisyonuna ge\u00e7mek durumunda b\u0131rakt\u0131 ve rakibinin s\u0131rt\u0131n\u0131 yere getirerek 2 puan kazand\u0131 ve rakibini yendi.<\/p>\n<p style=\"text-align: justify\">Aleksanyan olimpiyat \u00fc\u00e7\u00fcnc\u00fcl\u00fc\u011f\u00fc i\u00e7in K\u00fcba\u2019l\u0131 Estrada Falkon\u2019la ringe \u00e7\u0131kacak.<\/p>\n<p style=\"text-align: justify\">Avrupa \u015fampiyonu Artur Aleksanyan yar\u0131-\u00e7eyrek finalde \u0130talyan Daigaro Timonchini\u2019ye kar\u015f\u0131 emin bir zafer kazan\u0131rken, \u00e7eyrek finalde \u0130ran\u2019l\u0131 Khasem Kholamreza Reza\u2019ya yenilmi\u015fti.\u0130ran\u2019l\u0131 g\u00fcre\u015f\u00e7i finale kat\u0131l\u0131m hakk\u0131 elde etti\u011finden 22 ya\u015f\u0131ndaki Aleksanyan, bronz madalya i\u00e7in m\u00fccadeleye devam etme olana\u011f\u0131 kazand\u0131.<\/p>\n","protected":false},"excerpt":{"rendered":"<p>\u00a0Artur Aleksanyan Londra Yaz Olimpiyatlar\u0131 Greko-Romen stil g\u00fcre\u015f 96 kg. grubunda bronz madalya m\u00fccadelesinde ilk teselli\u00a0 kar\u015f\u0131la\u015fmas\u0131nda T\u00fcrkiye\u2019den Cenk \u0130ldem\u2019le mindere \u00e7\u0131kt\u0131. \u0130lk yar\u0131da rakibini 1-0 yenen Aleksanyan, ikinci yar\u0131da rakibine savuma pozisyonuna ge\u00e7mek durumunda b\u0131rakt\u0131 ve rakibinin s\u0131rt\u0131n\u0131 yere getirerek 2 puan kazand\u0131 ve rakibini yendi. Aleksanyan olimpiyat \u00fc\u00e7\u00fcnc\u00fcl\u00fc\u011f\u00fc i\u00e7in K\u00fcba\u2019l\u0131 Estrada Falkon\u2019la ringe [&hellip;]<\/p>\n","protected":false},"author":3,"featured_media":17330,"comment_status":"open","ping_status":"open","sticky":false,"template":"","format":"standard","meta":{"footnotes":""},"categories":[14],"tags":[],"class_list":["post-17329","post","type-post","status-publish","format-standard","has-post-thumbnail","hentry","category-haberler"],"yoast_head":"<!-- This site is optimized with the Yoast SEO plugin v27.4 - https:\/\/yoast.com\/product\/yoast-seo-wordpress\/ -->\n<title>Londra-2012: Artur Aleksanyan T\u00fcrk rakibini yendi - Bati Ermenistan Ve Bati Ermenileri Sorunlari Ara\u015ftirmalar Merkezi<\/title>\n<meta name=\"robots\" content=\"index, follow, max-snippet:-1, max-image-preview:large, max-video-preview:-1\" \/>\n<link rel=\"canonical\" href=\"https:\/\/akunq.net\/turkish\/2012\/08\/08\/londra-2012-artur-aleksanyan-turk-rakibini-yendi\/\" \/>\n<meta property=\"og:locale\" content=\"en_US\" \/>\n<meta property=\"og:type\" content=\"article\" \/>\n<meta property=\"og:title\" content=\"Londra-2012: Artur Aleksanyan T\u00fcrk rakibini yendi - Bati Ermenistan Ve Bati Ermenileri Sorunlari Ara\u015ftirmalar Merkezi\" \/>\n<meta property=\"og:description\" content=\"\u00a0Artur Aleksanyan Londra Yaz Olimpiyatlar\u0131 Greko-Romen stil g\u00fcre\u015f 96 kg. grubunda bronz madalya m\u00fccadelesinde ilk teselli\u00a0 kar\u015f\u0131la\u015fmas\u0131nda T\u00fcrkiye\u2019den Cenk \u0130ldem\u2019le mindere \u00e7\u0131kt\u0131. \u0130lk yar\u0131da rakibini 1-0 yenen Aleksanyan, ikinci yar\u0131da rakibine savuma pozisyonuna ge\u00e7mek durumunda b\u0131rakt\u0131 ve rakibinin s\u0131rt\u0131n\u0131 yere getirerek 2 puan kazand\u0131 ve rakibini yendi. Aleksanyan olimpiyat \u00fc\u00e7\u00fcnc\u00fcl\u00fc\u011f\u00fc i\u00e7in K\u00fcba\u2019l\u0131 Estrada Falkon\u2019la ringe [&hellip;]\" \/>\n<meta property=\"og:url\" content=\"https:\/\/akunq.net\/turkish\/2012\/08\/08\/londra-2012-artur-aleksanyan-turk-rakibini-yendi\/\" \/>\n<meta property=\"og:site_name\" content=\"Bati Ermenistan Ve Bati Ermenileri Sorunlari Ara\u015ftirmalar Merkezi\" \/>\n<meta property=\"article:published_time\" content=\"2012-08-08T07:11:09+00:00\" \/>\n<meta property=\"og:image\" content=\"https:\/\/akunq.net\/turkish\/wp-content\/uploads\/sites\/5\/2012\/08\/Londra-2012.jpg\" \/>\n\t<meta property=\"og:image:width\" content=\"314\" \/>\n\t<meta property=\"og:image:height\" content=\"235\" \/>\n\t<meta property=\"og:image:type\" content=\"image\/jpeg\" \/>\n<meta name=\"author\" content=\"kalem\" \/>\n<meta name=\"twitter:card\" content=\"summary_large_image\" \/>\n<meta name=\"twitter:label1\" content=\"Written by\" \/>\n\t<meta name=\"twitter:data1\" content=\"kalem\" \/>\n\t<meta name=\"twitter:label2\" content=\"Est. reading time\" \/>\n\t<meta name=\"twitter:data2\" content=\"1 minute\" \/>\n<script type=\"application\/ld+json\" class=\"yoast-schema-graph\">{\"@context\":\"https:\\\/\\\/schema.org\",\"@graph\":[{\"@type\":\"Article\",\"@id\":\"https:\\\/\\\/akunq.net\\\/turkish\\\/2012\\\/08\\\/08\\\/londra-2012-artur-aleksanyan-turk-rakibini-yendi\\\/#article\",\"isPartOf\":{\"@id\":\"https:\\\/\\\/akunq.net\\\/turkish\\\/2012\\\/08\\\/08\\\/londra-2012-artur-aleksanyan-turk-rakibini-yendi\\\/\"},\"author\":{\"name\":\"kalem\",\"@id\":\"https:\\\/\\\/akunq.net\\\/turkish\\\/#\\\/schema\\\/person\\\/135e7923d1aeb8887890799619969a6c\"},\"headline\":\"Londra-2012: Artur Aleksanyan T\u00fcrk rakibini yendi\",\"datePublished\":\"2012-08-08T07:11:09+00:00\",\"mainEntityOfPage\":{\"@id\":\"https:\\\/\\\/akunq.net\\\/turkish\\\/2012\\\/08\\\/08\\\/londra-2012-artur-aleksanyan-turk-rakibini-yendi\\\/\"},\"wordCount\":134,\"commentCount\":0,\"image\":{\"@id\":\"https:\\\/\\\/akunq.net\\\/turkish\\\/2012\\\/08\\\/08\\\/londra-2012-artur-aleksanyan-turk-rakibini-yendi\\\/#primaryimage\"},\"thumbnailUrl\":\"https:\\\/\\\/akunq.net\\\/turkish\\\/wp-content\\\/uploads\\\/sites\\\/5\\\/2012\\\/08\\\/Londra-2012.jpg\",\"articleSection\":[\"Haberler\"],\"inLanguage\":\"en-US\",\"potentialAction\":[{\"@type\":\"CommentAction\",\"name\":\"Comment\",\"target\":[\"https:\\\/\\\/akunq.net\\\/turkish\\\/2012\\\/08\\\/08\\\/londra-2012-artur-aleksanyan-turk-rakibini-yendi\\\/#respond\"]}]},{\"@type\":\"WebPage\",\"@id\":\"https:\\\/\\\/akunq.net\\\/turkish\\\/2012\\\/08\\\/08\\\/londra-2012-artur-aleksanyan-turk-rakibini-yendi\\\/\",\"url\":\"https:\\\/\\\/akunq.net\\\/turkish\\\/2012\\\/08\\\/08\\\/londra-2012-artur-aleksanyan-turk-rakibini-yendi\\\/\",\"name\":\"Londra-2012: Artur Aleksanyan T\u00fcrk rakibini yendi - Bati Ermenistan Ve Bati Ermenileri Sorunlari Ara\u015ftirmalar Merkezi\",\"isPartOf\":{\"@id\":\"https:\\\/\\\/akunq.net\\\/turkish\\\/#website\"},\"primaryImageOfPage\":{\"@id\":\"https:\\\/\\\/akunq.net\\\/turkish\\\/2012\\\/08\\\/08\\\/londra-2012-artur-aleksanyan-turk-rakibini-yendi\\\/#primaryimage\"},\"image\":{\"@id\":\"https:\\\/\\\/akunq.net\\\/turkish\\\/2012\\\/08\\\/08\\\/londra-2012-artur-aleksanyan-turk-rakibini-yendi\\\/#primaryimage\"},\"thumbnailUrl\":\"https:\\\/\\\/akunq.net\\\/turkish\\\/wp-content\\\/uploads\\\/sites\\\/5\\\/2012\\\/08\\\/Londra-2012.jpg\",\"datePublished\":\"2012-08-08T07:11:09+00:00\",\"author\":{\"@id\":\"https:\\\/\\\/akunq.net\\\/turkish\\\/#\\\/schema\\\/person\\\/135e7923d1aeb8887890799619969a6c\"},\"breadcrumb\":{\"@id\":\"https:\\\/\\\/akunq.net\\\/turkish\\\/2012\\\/08\\\/08\\\/londra-2012-artur-aleksanyan-turk-rakibini-yendi\\\/#breadcrumb\"},\"inLanguage\":\"en-US\",\"potentialAction\":[{\"@type\":\"ReadAction\",\"target\":[\"https:\\\/\\\/akunq.net\\\/turkish\\\/2012\\\/08\\\/08\\\/londra-2012-artur-aleksanyan-turk-rakibini-yendi\\\/\"]}]},{\"@type\":\"ImageObject\",\"inLanguage\":\"en-US\",\"@id\":\"https:\\\/\\\/akunq.net\\\/turkish\\\/2012\\\/08\\\/08\\\/londra-2012-artur-aleksanyan-turk-rakibini-yendi\\\/#primaryimage\",\"url\":\"https:\\\/\\\/akunq.net\\\/turkish\\\/wp-content\\\/uploads\\\/sites\\\/5\\\/2012\\\/08\\\/Londra-2012.jpg\",\"contentUrl\":\"https:\\\/\\\/akunq.net\\\/turkish\\\/wp-content\\\/uploads\\\/sites\\\/5\\\/2012\\\/08\\\/Londra-2012.jpg\",\"width\":314,\"height\":235},{\"@type\":\"BreadcrumbList\",\"@id\":\"https:\\\/\\\/akunq.net\\\/turkish\\\/2012\\\/08\\\/08\\\/londra-2012-artur-aleksanyan-turk-rakibini-yendi\\\/#breadcrumb\",\"itemListElement\":[{\"@type\":\"ListItem\",\"position\":1,\"name\":\"Home\",\"item\":\"https:\\\/\\\/akunq.net\\\/turkish\\\/\"},{\"@type\":\"ListItem\",\"position\":2,\"name\":\"Londra-2012: Artur Aleksanyan T\u00fcrk rakibini yendi\"}]},{\"@type\":\"WebSite\",\"@id\":\"https:\\\/\\\/akunq.net\\\/turkish\\\/#website\",\"url\":\"https:\\\/\\\/akunq.net\\\/turkish\\\/\",\"name\":\"Bati Ermenistan Ve Bati Ermenileri Sorunlari Ara\u015ftirmalar Merkezi\",\"description\":\"\",\"potentialAction\":[{\"@type\":\"SearchAction\",\"target\":{\"@type\":\"EntryPoint\",\"urlTemplate\":\"https:\\\/\\\/akunq.net\\\/turkish\\\/?s={search_term_string}\"},\"query-input\":{\"@type\":\"PropertyValueSpecification\",\"valueRequired\":true,\"valueName\":\"search_term_string\"}}],\"inLanguage\":\"en-US\"},{\"@type\":\"Person\",\"@id\":\"https:\\\/\\\/akunq.net\\\/turkish\\\/#\\\/schema\\\/person\\\/135e7923d1aeb8887890799619969a6c\",\"name\":\"kalem\",\"image\":{\"@type\":\"ImageObject\",\"inLanguage\":\"en-US\",\"@id\":\"https:\\\/\\\/secure.gravatar.com\\\/avatar\\\/a06875e4b25feb5674296adf8e8a7ae1e587cebce2493fe63c456109967e27d3?s=96&d=mm&r=g\",\"url\":\"https:\\\/\\\/secure.gravatar.com\\\/avatar\\\/a06875e4b25feb5674296adf8e8a7ae1e587cebce2493fe63c456109967e27d3?s=96&d=mm&r=g\",\"contentUrl\":\"https:\\\/\\\/secure.gravatar.com\\\/avatar\\\/a06875e4b25feb5674296adf8e8a7ae1e587cebce2493fe63c456109967e27d3?s=96&d=mm&r=g\",\"caption\":\"kalem\"},\"url\":\"https:\\\/\\\/akunq.net\\\/turkish\\\/author\\\/kalem\\\/\"}]}<\/script>\n<!-- \/ Yoast SEO plugin. -->","yoast_head_json":{"title":"Londra-2012: Artur Aleksanyan T\u00fcrk rakibini yendi - Bati Ermenistan Ve Bati Ermenileri Sorunlari Ara\u015ftirmalar Merkezi","robots":{"index":"index","follow":"follow","max-snippet":"max-snippet:-1","max-image-preview":"max-image-preview:large","max-video-preview":"max-video-preview:-1"},"canonical":"https:\/\/akunq.net\/turkish\/2012\/08\/08\/londra-2012-artur-aleksanyan-turk-rakibini-yendi\/","og_locale":"en_US","og_type":"article","og_title":"Londra-2012: Artur Aleksanyan T\u00fcrk rakibini yendi - Bati Ermenistan Ve Bati Ermenileri Sorunlari Ara\u015ftirmalar Merkezi","og_description":"\u00a0Artur Aleksanyan Londra Yaz Olimpiyatlar\u0131 Greko-Romen stil g\u00fcre\u015f 96 kg. grubunda bronz madalya m\u00fccadelesinde ilk teselli\u00a0 kar\u015f\u0131la\u015fmas\u0131nda T\u00fcrkiye\u2019den Cenk \u0130ldem\u2019le mindere \u00e7\u0131kt\u0131. \u0130lk yar\u0131da rakibini 1-0 yenen Aleksanyan, ikinci yar\u0131da rakibine savuma pozisyonuna ge\u00e7mek durumunda b\u0131rakt\u0131 ve rakibinin s\u0131rt\u0131n\u0131 yere getirerek 2 puan kazand\u0131 ve rakibini yendi. Aleksanyan olimpiyat \u00fc\u00e7\u00fcnc\u00fcl\u00fc\u011f\u00fc i\u00e7in K\u00fcba\u2019l\u0131 Estrada Falkon\u2019la ringe [&hellip;]","og_url":"https:\/\/akunq.net\/turkish\/2012\/08\/08\/londra-2012-artur-aleksanyan-turk-rakibini-yendi\/","og_site_name":"Bati Ermenistan Ve Bati Ermenileri Sorunlari Ara\u015ftirmalar Merkezi","article_published_time":"2012-08-08T07:11:09+00:00","og_image":[{"width":314,"height":235,"url":"https:\/\/akunq.net\/turkish\/wp-content\/uploads\/sites\/5\/2012\/08\/Londra-2012.jpg","type":"image\/jpeg"}],"author":"kalem","twitter_card":"summary_large_image","twitter_misc":{"Written by":"kalem","Est. reading time":"1 minute"},"schema":{"@context":"https:\/\/schema.org","@graph":[{"@type":"Article","@id":"https:\/\/akunq.net\/turkish\/2012\/08\/08\/londra-2012-artur-aleksanyan-turk-rakibini-yendi\/#article","isPartOf":{"@id":"https:\/\/akunq.net\/turkish\/2012\/08\/08\/londra-2012-artur-aleksanyan-turk-rakibini-yendi\/"},"author":{"name":"kalem","@id":"https:\/\/akunq.net\/turkish\/#\/schema\/person\/135e7923d1aeb8887890799619969a6c"},"headline":"Londra-2012: Artur Aleksanyan T\u00fcrk rakibini yendi","datePublished":"2012-08-08T07:11:09+00:00","mainEntityOfPage":{"@id":"https:\/\/akunq.net\/turkish\/2012\/08\/08\/londra-2012-artur-aleksanyan-turk-rakibini-yendi\/"},"wordCount":134,"commentCount":0,"image":{"@id":"https:\/\/akunq.net\/turkish\/2012\/08\/08\/londra-2012-artur-aleksanyan-turk-rakibini-yendi\/#primaryimage"},"thumbnailUrl":"https:\/\/akunq.net\/turkish\/wp-content\/uploads\/sites\/5\/2012\/08\/Londra-2012.jpg","articleSection":["Haberler"],"inLanguage":"en-US","potentialAction":[{"@type":"CommentAction","name":"Comment","target":["https:\/\/akunq.net\/turkish\/2012\/08\/08\/londra-2012-artur-aleksanyan-turk-rakibini-yendi\/#respond"]}]},{"@type":"WebPage","@id":"https:\/\/akunq.net\/turkish\/2012\/08\/08\/londra-2012-artur-aleksanyan-turk-rakibini-yendi\/","url":"https:\/\/akunq.net\/turkish\/2012\/08\/08\/londra-2012-artur-aleksanyan-turk-rakibini-yendi\/","name":"Londra-2012: Artur Aleksanyan T\u00fcrk rakibini yendi - Bati Ermenistan Ve Bati Ermenileri Sorunlari Ara\u015ftirmalar Merkezi","isPartOf":{"@id":"https:\/\/akunq.net\/turkish\/#website"},"primaryImageOfPage":{"@id":"https:\/\/akunq.net\/turkish\/2012\/08\/08\/londra-2012-artur-aleksanyan-turk-rakibini-yendi\/#primaryimage"},"image":{"@id":"https:\/\/akunq.net\/turkish\/2012\/08\/08\/londra-2012-artur-aleksanyan-turk-rakibini-yendi\/#primaryimage"},"thumbnailUrl":"https:\/\/akunq.net\/turkish\/wp-content\/uploads\/sites\/5\/2012\/08\/Londra-2012.jpg","datePublished":"2012-08-08T07:11:09+00:00","author":{"@id":"https:\/\/akunq.net\/turkish\/#\/schema\/person\/135e7923d1aeb8887890799619969a6c"},"breadcrumb":{"@id":"https:\/\/akunq.net\/turkish\/2012\/08\/08\/londra-2012-artur-aleksanyan-turk-rakibini-yendi\/#breadcrumb"},"inLanguage":"en-US","potentialAction":[{"@type":"ReadAction","target":["https:\/\/akunq.net\/turkish\/2012\/08\/08\/londra-2012-artur-aleksanyan-turk-rakibini-yendi\/"]}]},{"@type":"ImageObject","inLanguage":"en-US","@id":"https:\/\/akunq.net\/turkish\/2012\/08\/08\/londra-2012-artur-aleksanyan-turk-rakibini-yendi\/#primaryimage","url":"https:\/\/akunq.net\/turkish\/wp-content\/uploads\/sites\/5\/2012\/08\/Londra-2012.jpg","contentUrl":"https:\/\/akunq.net\/turkish\/wp-content\/uploads\/sites\/5\/2012\/08\/Londra-2012.jpg","width":314,"height":235},{"@type":"BreadcrumbList","@id":"https:\/\/akunq.net\/turkish\/2012\/08\/08\/londra-2012-artur-aleksanyan-turk-rakibini-yendi\/#breadcrumb","itemListElement":[{"@type":"ListItem","position":1,"name":"Home","item":"https:\/\/akunq.net\/turkish\/"},{"@type":"ListItem","position":2,"name":"Londra-2012: Artur Aleksanyan T\u00fcrk rakibini yendi"}]},{"@type":"WebSite","@id":"https:\/\/akunq.net\/turkish\/#website","url":"https:\/\/akunq.net\/turkish\/","name":"Bati Ermenistan Ve Bati Ermenileri Sorunlari Ara\u015ftirmalar Merkezi","description":"","potentialAction":[{"@type":"SearchAction","target":{"@type":"EntryPoint","urlTemplate":"https:\/\/akunq.net\/turkish\/?s={search_term_string}"},"query-input":{"@type":"PropertyValueSpecification","valueRequired":true,"valueName":"search_term_string"}}],"inLanguage":"en-US"},{"@type":"Person","@id":"https:\/\/akunq.net\/turkish\/#\/schema\/person\/135e7923d1aeb8887890799619969a6c","name":"kalem","image":{"@type":"ImageObject","inLanguage":"en-US","@id":"https:\/\/secure.gravatar.com\/avatar\/a06875e4b25feb5674296adf8e8a7ae1e587cebce2493fe63c456109967e27d3?s=96&d=mm&r=g","url":"https:\/\/secure.gravatar.com\/avatar\/a06875e4b25feb5674296adf8e8a7ae1e587cebce2493fe63c456109967e27d3?s=96&d=mm&r=g","contentUrl":"https:\/\/secure.gravatar.com\/avatar\/a06875e4b25feb5674296adf8e8a7ae1e587cebce2493fe63c456109967e27d3?s=96&d=mm&r=g","caption":"kalem"},"url":"https:\/\/akunq.net\/turkish\/author\/kalem\/"}]}},"_links":{"self":[{"href":"https:\/\/akunq.net\/turkish\/wp-json\/wp\/v2\/posts\/17329","targetHints":{"allow":["GET"]}}],"collection":[{"href":"https:\/\/akunq.net\/turkish\/wp-json\/wp\/v2\/posts"}],"about":[{"href":"https:\/\/akunq.net\/turkish\/wp-json\/wp\/v2\/types\/post"}],"author":[{"embeddable":true,"href":"https:\/\/akunq.net\/turkish\/wp-json\/wp\/v2\/users\/3"}],"replies":[{"embeddable":true,"href":"https:\/\/akunq.net\/turkish\/wp-json\/wp\/v2\/comments?post=17329"}],"version-history":[{"count":0,"href":"https:\/\/akunq.net\/turkish\/wp-json\/wp\/v2\/posts\/17329\/revisions"}],"wp:featuredmedia":[{"embeddable":true,"href":"https:\/\/akunq.net\/turkish\/wp-json\/wp\/v2\/media\/17330"}],"wp:attachment":[{"href":"https:\/\/akunq.net\/turkish\/wp-json\/wp\/v2\/media?parent=17329"}],"wp:term":[{"taxonomy":"category","embeddable":true,"href":"https:\/\/akunq.net\/turkish\/wp-json\/wp\/v2\/categories?post=17329"},{"taxonomy":"post_tag","embeddable":true,"href":"https:\/\/akunq.net\/turkish\/wp-json\/wp\/v2\/tags?post=17329"}],"curies":[{"name":"wp","href":"https:\/\/api.w.org\/{rel}","templated":true}]}}