{"id":1727,"date":"2010-08-30T00:01:11","date_gmt":"2010-08-30T05:01:11","guid":{"rendered":"http:\/\/akunq.net\/tr\/?p=1727"},"modified":"2010-08-30T00:01:11","modified_gmt":"2010-08-30T05:01:11","slug":"kilikya-katolikoslugu-sp-hacta-gerceklestirilecek-ayine-katilmaya-karsi","status":"publish","type":"post","link":"https:\/\/akunq.net\/turkish\/2010\/08\/30\/kilikya-katolikoslugu-sp-hacta-gerceklestirilecek-ayine-katilmaya-karsi\/","title":{"rendered":"K\u0130L\u0130KYA KATOL\u0130KOSLU\u011eU SP. HA\u00c7\u2019TA GER\u00c7EKLE\u015eT\u0130R\u0130LECEK AY\u0130NE KATILMAYA KAR\u015eI"},"content":{"rendered":"<p style=\"text-align: justify\">Kilikya Katolikoslu\u011fu\u2019ndan verilen bilgiye g\u00f6re, Soyk\u0131r\u0131m\u0131 red politikas\u0131n\u0131 s\u00fcrd\u00fcren T\u00fcrkiye\u2019nin esas amac\u0131n\u0131n \u2018Ermeni \u00e7evrelerde \u015fa\u015fk\u0131nl\u0131k yaratmak ve uluslararas\u0131 toplum g\u00f6z\u00fcnde insan haklar\u0131 savunucusu g\u00f6z\u00fckmek\u2019 oldu\u011fu ifade edildi.<\/p>\n<p style=\"text-align: justify\">Kilikya Katolikoslu\u011fu Enformasyon Dairesi beyanat\u0131nda \u2018Kilikya Katolikoslu\u011fu Van Sp.Ha\u00e7 Kilisesi resmi a\u00e7\u0131l\u0131\u015f t\u00f6renine kat\u0131lmay\u0131 reddetti\u011fini beyan etmektedir\u2019 denmekte.<\/p>\n<p style=\"text-align: justify\"><strong>AZG DAILY #155, 28-08-2010<\/strong><\/p>\n","protected":false},"excerpt":{"rendered":"<p>Kilikya Katolikoslu\u011fu\u2019ndan verilen bilgiye g\u00f6re, Soyk\u0131r\u0131m\u0131 red politikas\u0131n\u0131 s\u00fcrd\u00fcren T\u00fcrkiye\u2019nin esas amac\u0131n\u0131n \u2018Ermeni \u00e7evrelerde \u015fa\u015fk\u0131nl\u0131k yaratmak ve uluslararas\u0131 toplum g\u00f6z\u00fcnde insan haklar\u0131 savunucusu g\u00f6z\u00fckmek\u2019 oldu\u011fu ifade edildi. Kilikya Katolikoslu\u011fu Enformasyon Dairesi beyanat\u0131nda \u2018Kilikya Katolikoslu\u011fu Van Sp.Ha\u00e7 Kilisesi resmi a\u00e7\u0131l\u0131\u015f t\u00f6renine kat\u0131lmay\u0131 reddetti\u011fini beyan etmektedir\u2019 denmekte. AZG DAILY #155, 28-08-2010<\/p>\n","protected":false},"author":3,"featured_media":0,"comment_status":"closed","ping_status":"open","sticky":false,"template":"","format":"standard","meta":{"footnotes":""},"categories":[14],"tags":[],"class_list":["post-1727","post","type-post","status-publish","format-standard","hentry","category-haberler"],"yoast_head":"<!-- This site is optimized with the Yoast SEO plugin v27.4 - https:\/\/yoast.com\/product\/yoast-seo-wordpress\/ -->\n<title>K\u0130L\u0130KYA KATOL\u0130KOSLU\u011eU SP. HA\u00c7\u2019TA GER\u00c7EKLE\u015eT\u0130R\u0130LECEK AY\u0130NE KATILMAYA KAR\u015eI - Bati Ermenistan Ve Bati Ermenileri Sorunlari Ara\u015ftirmalar Merkezi<\/title>\n<meta name=\"robots\" content=\"index, follow, max-snippet:-1, max-image-preview:large, max-video-preview:-1\" \/>\n<link rel=\"canonical\" href=\"https:\/\/akunq.net\/turkish\/2010\/08\/30\/kilikya-katolikoslugu-sp-hacta-gerceklestirilecek-ayine-katilmaya-karsi\/\" \/>\n<meta property=\"og:locale\" content=\"en_US\" \/>\n<meta property=\"og:type\" content=\"article\" \/>\n<meta property=\"og:title\" content=\"K\u0130L\u0130KYA KATOL\u0130KOSLU\u011eU SP. HA\u00c7\u2019TA GER\u00c7EKLE\u015eT\u0130R\u0130LECEK AY\u0130NE KATILMAYA KAR\u015eI - Bati Ermenistan Ve Bati Ermenileri Sorunlari Ara\u015ftirmalar Merkezi\" \/>\n<meta property=\"og:description\" content=\"Kilikya Katolikoslu\u011fu\u2019ndan verilen bilgiye g\u00f6re, Soyk\u0131r\u0131m\u0131 red politikas\u0131n\u0131 s\u00fcrd\u00fcren T\u00fcrkiye\u2019nin esas amac\u0131n\u0131n \u2018Ermeni \u00e7evrelerde \u015fa\u015fk\u0131nl\u0131k yaratmak ve uluslararas\u0131 toplum g\u00f6z\u00fcnde insan haklar\u0131 savunucusu g\u00f6z\u00fckmek\u2019 oldu\u011fu ifade edildi. Kilikya Katolikoslu\u011fu Enformasyon Dairesi beyanat\u0131nda \u2018Kilikya Katolikoslu\u011fu Van Sp.Ha\u00e7 Kilisesi resmi a\u00e7\u0131l\u0131\u015f t\u00f6renine kat\u0131lmay\u0131 reddetti\u011fini beyan etmektedir\u2019 denmekte. AZG DAILY #155, 28-08-2010\" \/>\n<meta property=\"og:url\" content=\"https:\/\/akunq.net\/turkish\/2010\/08\/30\/kilikya-katolikoslugu-sp-hacta-gerceklestirilecek-ayine-katilmaya-karsi\/\" \/>\n<meta property=\"og:site_name\" content=\"Bati Ermenistan Ve Bati Ermenileri Sorunlari Ara\u015ftirmalar Merkezi\" \/>\n<meta property=\"article:published_time\" content=\"2010-08-30T05:01:11+00:00\" \/>\n<meta name=\"author\" content=\"kalem\" \/>\n<meta name=\"twitter:card\" content=\"summary_large_image\" \/>\n<meta name=\"twitter:label1\" content=\"Written by\" \/>\n\t<meta name=\"twitter:data1\" content=\"kalem\" \/>\n<script type=\"application\/ld+json\" class=\"yoast-schema-graph\">{\"@context\":\"https:\\\/\\\/schema.org\",\"@graph\":[{\"@type\":\"Article\",\"@id\":\"https:\\\/\\\/akunq.net\\\/turkish\\\/2010\\\/08\\\/30\\\/kilikya-katolikoslugu-sp-hacta-gerceklestirilecek-ayine-katilmaya-karsi\\\/#article\",\"isPartOf\":{\"@id\":\"https:\\\/\\\/akunq.net\\\/turkish\\\/2010\\\/08\\\/30\\\/kilikya-katolikoslugu-sp-hacta-gerceklestirilecek-ayine-katilmaya-karsi\\\/\"},\"author\":{\"name\":\"kalem\",\"@id\":\"https:\\\/\\\/akunq.net\\\/turkish\\\/#\\\/schema\\\/person\\\/135e7923d1aeb8887890799619969a6c\"},\"headline\":\"K\u0130L\u0130KYA KATOL\u0130KOSLU\u011eU SP. HA\u00c7\u2019TA GER\u00c7EKLE\u015eT\u0130R\u0130LECEK AY\u0130NE KATILMAYA KAR\u015eI\",\"datePublished\":\"2010-08-30T05:01:11+00:00\",\"mainEntityOfPage\":{\"@id\":\"https:\\\/\\\/akunq.net\\\/turkish\\\/2010\\\/08\\\/30\\\/kilikya-katolikoslugu-sp-hacta-gerceklestirilecek-ayine-katilmaya-karsi\\\/\"},\"wordCount\":96,\"articleSection\":[\"Haberler\"],\"inLanguage\":\"en-US\"},{\"@type\":\"WebPage\",\"@id\":\"https:\\\/\\\/akunq.net\\\/turkish\\\/2010\\\/08\\\/30\\\/kilikya-katolikoslugu-sp-hacta-gerceklestirilecek-ayine-katilmaya-karsi\\\/\",\"url\":\"https:\\\/\\\/akunq.net\\\/turkish\\\/2010\\\/08\\\/30\\\/kilikya-katolikoslugu-sp-hacta-gerceklestirilecek-ayine-katilmaya-karsi\\\/\",\"name\":\"K\u0130L\u0130KYA KATOL\u0130KOSLU\u011eU SP. HA\u00c7\u2019TA GER\u00c7EKLE\u015eT\u0130R\u0130LECEK AY\u0130NE KATILMAYA KAR\u015eI - Bati Ermenistan Ve Bati Ermenileri Sorunlari Ara\u015ftirmalar Merkezi\",\"isPartOf\":{\"@id\":\"https:\\\/\\\/akunq.net\\\/turkish\\\/#website\"},\"datePublished\":\"2010-08-30T05:01:11+00:00\",\"author\":{\"@id\":\"https:\\\/\\\/akunq.net\\\/turkish\\\/#\\\/schema\\\/person\\\/135e7923d1aeb8887890799619969a6c\"},\"breadcrumb\":{\"@id\":\"https:\\\/\\\/akunq.net\\\/turkish\\\/2010\\\/08\\\/30\\\/kilikya-katolikoslugu-sp-hacta-gerceklestirilecek-ayine-katilmaya-karsi\\\/#breadcrumb\"},\"inLanguage\":\"en-US\",\"potentialAction\":[{\"@type\":\"ReadAction\",\"target\":[\"https:\\\/\\\/akunq.net\\\/turkish\\\/2010\\\/08\\\/30\\\/kilikya-katolikoslugu-sp-hacta-gerceklestirilecek-ayine-katilmaya-karsi\\\/\"]}]},{\"@type\":\"BreadcrumbList\",\"@id\":\"https:\\\/\\\/akunq.net\\\/turkish\\\/2010\\\/08\\\/30\\\/kilikya-katolikoslugu-sp-hacta-gerceklestirilecek-ayine-katilmaya-karsi\\\/#breadcrumb\",\"itemListElement\":[{\"@type\":\"ListItem\",\"position\":1,\"name\":\"Home\",\"item\":\"https:\\\/\\\/akunq.net\\\/turkish\\\/\"},{\"@type\":\"ListItem\",\"position\":2,\"name\":\"K\u0130L\u0130KYA KATOL\u0130KOSLU\u011eU SP. HA\u00c7\u2019TA GER\u00c7EKLE\u015eT\u0130R\u0130LECEK AY\u0130NE KATILMAYA KAR\u015eI\"}]},{\"@type\":\"WebSite\",\"@id\":\"https:\\\/\\\/akunq.net\\\/turkish\\\/#website\",\"url\":\"https:\\\/\\\/akunq.net\\\/turkish\\\/\",\"name\":\"Bati Ermenistan Ve Bati Ermenileri Sorunlari Ara\u015ftirmalar Merkezi\",\"description\":\"\",\"potentialAction\":[{\"@type\":\"SearchAction\",\"target\":{\"@type\":\"EntryPoint\",\"urlTemplate\":\"https:\\\/\\\/akunq.net\\\/turkish\\\/?s={search_term_string}\"},\"query-input\":{\"@type\":\"PropertyValueSpecification\",\"valueRequired\":true,\"valueName\":\"search_term_string\"}}],\"inLanguage\":\"en-US\"},{\"@type\":\"Person\",\"@id\":\"https:\\\/\\\/akunq.net\\\/turkish\\\/#\\\/schema\\\/person\\\/135e7923d1aeb8887890799619969a6c\",\"name\":\"kalem\",\"image\":{\"@type\":\"ImageObject\",\"inLanguage\":\"en-US\",\"@id\":\"https:\\\/\\\/secure.gravatar.com\\\/avatar\\\/a06875e4b25feb5674296adf8e8a7ae1e587cebce2493fe63c456109967e27d3?s=96&d=mm&r=g\",\"url\":\"https:\\\/\\\/secure.gravatar.com\\\/avatar\\\/a06875e4b25feb5674296adf8e8a7ae1e587cebce2493fe63c456109967e27d3?s=96&d=mm&r=g\",\"contentUrl\":\"https:\\\/\\\/secure.gravatar.com\\\/avatar\\\/a06875e4b25feb5674296adf8e8a7ae1e587cebce2493fe63c456109967e27d3?s=96&d=mm&r=g\",\"caption\":\"kalem\"},\"url\":\"https:\\\/\\\/akunq.net\\\/turkish\\\/author\\\/kalem\\\/\"}]}<\/script>\n<!-- \/ Yoast SEO plugin. -->","yoast_head_json":{"title":"K\u0130L\u0130KYA KATOL\u0130KOSLU\u011eU SP. HA\u00c7\u2019TA GER\u00c7EKLE\u015eT\u0130R\u0130LECEK AY\u0130NE KATILMAYA KAR\u015eI - Bati Ermenistan Ve Bati Ermenileri Sorunlari Ara\u015ftirmalar Merkezi","robots":{"index":"index","follow":"follow","max-snippet":"max-snippet:-1","max-image-preview":"max-image-preview:large","max-video-preview":"max-video-preview:-1"},"canonical":"https:\/\/akunq.net\/turkish\/2010\/08\/30\/kilikya-katolikoslugu-sp-hacta-gerceklestirilecek-ayine-katilmaya-karsi\/","og_locale":"en_US","og_type":"article","og_title":"K\u0130L\u0130KYA KATOL\u0130KOSLU\u011eU SP. HA\u00c7\u2019TA GER\u00c7EKLE\u015eT\u0130R\u0130LECEK AY\u0130NE KATILMAYA KAR\u015eI - Bati Ermenistan Ve Bati Ermenileri Sorunlari Ara\u015ftirmalar Merkezi","og_description":"Kilikya Katolikoslu\u011fu\u2019ndan verilen bilgiye g\u00f6re, Soyk\u0131r\u0131m\u0131 red politikas\u0131n\u0131 s\u00fcrd\u00fcren T\u00fcrkiye\u2019nin esas amac\u0131n\u0131n \u2018Ermeni \u00e7evrelerde \u015fa\u015fk\u0131nl\u0131k yaratmak ve uluslararas\u0131 toplum g\u00f6z\u00fcnde insan haklar\u0131 savunucusu g\u00f6z\u00fckmek\u2019 oldu\u011fu ifade edildi. Kilikya Katolikoslu\u011fu Enformasyon Dairesi beyanat\u0131nda \u2018Kilikya Katolikoslu\u011fu Van Sp.Ha\u00e7 Kilisesi resmi a\u00e7\u0131l\u0131\u015f t\u00f6renine kat\u0131lmay\u0131 reddetti\u011fini beyan etmektedir\u2019 denmekte. AZG DAILY #155, 28-08-2010","og_url":"https:\/\/akunq.net\/turkish\/2010\/08\/30\/kilikya-katolikoslugu-sp-hacta-gerceklestirilecek-ayine-katilmaya-karsi\/","og_site_name":"Bati Ermenistan Ve Bati Ermenileri Sorunlari Ara\u015ftirmalar Merkezi","article_published_time":"2010-08-30T05:01:11+00:00","author":"kalem","twitter_card":"summary_large_image","twitter_misc":{"Written by":"kalem"},"schema":{"@context":"https:\/\/schema.org","@graph":[{"@type":"Article","@id":"https:\/\/akunq.net\/turkish\/2010\/08\/30\/kilikya-katolikoslugu-sp-hacta-gerceklestirilecek-ayine-katilmaya-karsi\/#article","isPartOf":{"@id":"https:\/\/akunq.net\/turkish\/2010\/08\/30\/kilikya-katolikoslugu-sp-hacta-gerceklestirilecek-ayine-katilmaya-karsi\/"},"author":{"name":"kalem","@id":"https:\/\/akunq.net\/turkish\/#\/schema\/person\/135e7923d1aeb8887890799619969a6c"},"headline":"K\u0130L\u0130KYA KATOL\u0130KOSLU\u011eU SP. HA\u00c7\u2019TA GER\u00c7EKLE\u015eT\u0130R\u0130LECEK AY\u0130NE KATILMAYA KAR\u015eI","datePublished":"2010-08-30T05:01:11+00:00","mainEntityOfPage":{"@id":"https:\/\/akunq.net\/turkish\/2010\/08\/30\/kilikya-katolikoslugu-sp-hacta-gerceklestirilecek-ayine-katilmaya-karsi\/"},"wordCount":96,"articleSection":["Haberler"],"inLanguage":"en-US"},{"@type":"WebPage","@id":"https:\/\/akunq.net\/turkish\/2010\/08\/30\/kilikya-katolikoslugu-sp-hacta-gerceklestirilecek-ayine-katilmaya-karsi\/","url":"https:\/\/akunq.net\/turkish\/2010\/08\/30\/kilikya-katolikoslugu-sp-hacta-gerceklestirilecek-ayine-katilmaya-karsi\/","name":"K\u0130L\u0130KYA KATOL\u0130KOSLU\u011eU SP. HA\u00c7\u2019TA GER\u00c7EKLE\u015eT\u0130R\u0130LECEK AY\u0130NE KATILMAYA KAR\u015eI - Bati Ermenistan Ve Bati Ermenileri Sorunlari Ara\u015ftirmalar Merkezi","isPartOf":{"@id":"https:\/\/akunq.net\/turkish\/#website"},"datePublished":"2010-08-30T05:01:11+00:00","author":{"@id":"https:\/\/akunq.net\/turkish\/#\/schema\/person\/135e7923d1aeb8887890799619969a6c"},"breadcrumb":{"@id":"https:\/\/akunq.net\/turkish\/2010\/08\/30\/kilikya-katolikoslugu-sp-hacta-gerceklestirilecek-ayine-katilmaya-karsi\/#breadcrumb"},"inLanguage":"en-US","potentialAction":[{"@type":"ReadAction","target":["https:\/\/akunq.net\/turkish\/2010\/08\/30\/kilikya-katolikoslugu-sp-hacta-gerceklestirilecek-ayine-katilmaya-karsi\/"]}]},{"@type":"BreadcrumbList","@id":"https:\/\/akunq.net\/turkish\/2010\/08\/30\/kilikya-katolikoslugu-sp-hacta-gerceklestirilecek-ayine-katilmaya-karsi\/#breadcrumb","itemListElement":[{"@type":"ListItem","position":1,"name":"Home","item":"https:\/\/akunq.net\/turkish\/"},{"@type":"ListItem","position":2,"name":"K\u0130L\u0130KYA KATOL\u0130KOSLU\u011eU SP. HA\u00c7\u2019TA GER\u00c7EKLE\u015eT\u0130R\u0130LECEK AY\u0130NE KATILMAYA KAR\u015eI"}]},{"@type":"WebSite","@id":"https:\/\/akunq.net\/turkish\/#website","url":"https:\/\/akunq.net\/turkish\/","name":"Bati Ermenistan Ve Bati Ermenileri Sorunlari Ara\u015ftirmalar Merkezi","description":"","potentialAction":[{"@type":"SearchAction","target":{"@type":"EntryPoint","urlTemplate":"https:\/\/akunq.net\/turkish\/?s={search_term_string}"},"query-input":{"@type":"PropertyValueSpecification","valueRequired":true,"valueName":"search_term_string"}}],"inLanguage":"en-US"},{"@type":"Person","@id":"https:\/\/akunq.net\/turkish\/#\/schema\/person\/135e7923d1aeb8887890799619969a6c","name":"kalem","image":{"@type":"ImageObject","inLanguage":"en-US","@id":"https:\/\/secure.gravatar.com\/avatar\/a06875e4b25feb5674296adf8e8a7ae1e587cebce2493fe63c456109967e27d3?s=96&d=mm&r=g","url":"https:\/\/secure.gravatar.com\/avatar\/a06875e4b25feb5674296adf8e8a7ae1e587cebce2493fe63c456109967e27d3?s=96&d=mm&r=g","contentUrl":"https:\/\/secure.gravatar.com\/avatar\/a06875e4b25feb5674296adf8e8a7ae1e587cebce2493fe63c456109967e27d3?s=96&d=mm&r=g","caption":"kalem"},"url":"https:\/\/akunq.net\/turkish\/author\/kalem\/"}]}},"_links":{"self":[{"href":"https:\/\/akunq.net\/turkish\/wp-json\/wp\/v2\/posts\/1727","targetHints":{"allow":["GET"]}}],"collection":[{"href":"https:\/\/akunq.net\/turkish\/wp-json\/wp\/v2\/posts"}],"about":[{"href":"https:\/\/akunq.net\/turkish\/wp-json\/wp\/v2\/types\/post"}],"author":[{"embeddable":true,"href":"https:\/\/akunq.net\/turkish\/wp-json\/wp\/v2\/users\/3"}],"replies":[{"embeddable":true,"href":"https:\/\/akunq.net\/turkish\/wp-json\/wp\/v2\/comments?post=1727"}],"version-history":[{"count":0,"href":"https:\/\/akunq.net\/turkish\/wp-json\/wp\/v2\/posts\/1727\/revisions"}],"wp:attachment":[{"href":"https:\/\/akunq.net\/turkish\/wp-json\/wp\/v2\/media?parent=1727"}],"wp:term":[{"taxonomy":"category","embeddable":true,"href":"https:\/\/akunq.net\/turkish\/wp-json\/wp\/v2\/categories?post=1727"},{"taxonomy":"post_tag","embeddable":true,"href":"https:\/\/akunq.net\/turkish\/wp-json\/wp\/v2\/tags?post=1727"}],"curies":[{"name":"wp","href":"https:\/\/api.w.org\/{rel}","templated":true}]}}