{"id":1716,"date":"2010-08-27T06:44:33","date_gmt":"2010-08-27T11:44:33","guid":{"rendered":"http:\/\/akunq.net\/tr\/?p=1716"},"modified":"2010-08-27T06:44:33","modified_gmt":"2010-08-27T11:44:33","slug":"iran-cumhurbaskani-yard-osmanli-imparatorlugu-1915te-ermenilere-yonelik-soykirim-gerceklestirdi","status":"publish","type":"post","link":"https:\/\/akunq.net\/turkish\/2010\/08\/27\/iran-cumhurbaskani-yard-osmanli-imparatorlugu-1915te-ermenilere-yonelik-soykirim-gerceklestirdi\/","title":{"rendered":"\u0130ran cumhurba\u015fkan\u0131 yard.: Osmanl\u0131 \u0130mparatorlu\u011fu 1915\u2019te Ermenilere y\u00f6nelik soyk\u0131r\u0131m ger\u00e7ekle\u015ftirdi"},"content":{"rendered":"<p style=\"text-align: justify\">\u0130ran cumhurba\u015fkan\u0131 yard., \u2018\u0130ran K\u00fclt\u00fcrel Miras, El sanatlar\u0131 ve Turizm \u00d6rg\u00fct\u00fc\u2019 ba\u015fkan\u0131 Hamid Baghai, \u2018\u0130ran-Zafer K\u00f6pr\u00fcs\u00fc\u2019 konferans\u0131 esnas\u0131nda yapt\u0131\u011f\u0131 ve IRNA Ajans\u0131 taf\u0131ndan duyurulan beyanat\u0131nda \u2018Osmanl\u0131 \u0130mparatorlu\u011fu, yakla\u015f\u0131k 100 y\u0131l \u00f6nce 1915\u2019te belli say\u0131da Ermeniye kar\u015f\u0131 soyk\u0131r\u0131m ger\u00e7ekle\u015ftirdi. Bug\u00fcn Osmanl\u0131 \u0130mparatorlu\u011fu ortadan kalkm\u0131\u015f olmas\u0131na ra\u011fmen Ermenistan T\u00fcrkiye\u2019den bu meseleyle ilgili olarak resmi \u00f6z\u00fcr ve tazminat \u00f6demesini istemekte\u2019 dedi.<\/p>\n<p style=\"text-align: justify\">Konferans, II. D\u00fcnya Sava\u015f\u0131\u2019nda m\u00fcttefikler taraf\u0131ndan \u0130ran\u2019\u0131n\u00a0 i\u015fgalinin 70. Y\u0131l\u0131 vesilesiyle d\u00fczenlendi.<\/p>\n<p style=\"text-align: justify\">Hamid Baghai, II. D\u00fcnya Sava\u015f\u0131 esnas\u0131nda \u0130ran\u2019a verilen zarara ili\u015fkin resmi belgelere g\u00f6re, bu konunun uluslararas\u0131 toplum \u00e7er\u00e7revesinde hukuki sonu\u00e7lar\u0131 olmas\u0131 gerekti\u011fini belirtti.<\/p>\n<p style=\"text-align: justify\">Baghai \u2018Biz uluslararas\u0131 toplum \u00e7er\u00e7evesinde bu sorunun takip\u00e7isi olmak zorunday\u0131z. Ni\u00e7in? \u00c7\u00fcnk\u00fc aksi takdirde tarih i\u00e7inde halk\u0131m\u0131za bor\u00e7lu kal\u0131r\u0131z\u2019 dedi. Baghai\u2019ye g\u00f6re, bu meseleye y\u00f6nelik takip\u00e7ilik \u0130ran halk\u0131n\u0131n arzusudur. Bunun siyasi ba\u011flam\u0131 da bulunmakta. Bunu uluslararas\u0131 topluma sunarak, \u0130ran\u2019\u0131n II. D\u00fcnya Sava\u015f\u0131nda onlar\u0131n yok edilmesinin \u00f6n\u00fcnde engel olu\u015fturdu\u011funu anlatarak Amerika, Rusya ve \u0130ngiltere\u2019yi onurlu duru\u015fundan mahrum etmek m\u00fcmk\u00fcnd\u00fcr.<\/p>\n<p style=\"text-align: justify\">Baghai \u2018Japonya II. D\u00fcnya Sava\u015f\u0131nda\u00a0 esas taraf olmas\u0131na ra\u011fmen, halihaz\u0131rda atom bombalar\u0131ndan kendisine verilen zararlar i\u00e7in Amerika\u2019dan tazminat almaya hak kazanm\u0131\u015f durumda\u2019 dedi.<\/p>\n<p style=\"text-align: justify\">Baghai, sava\u015f esnas\u0131nda \u0130ran\u2019a verilen zararlar\u0131n bir k\u0131sm\u0131na ili\u015fkin olarak \u015funlar\u0131 s\u00f6yledi: \u2018\u0130ran\u2019\u0131n i\u015fgal alt\u0131nda oldu\u011fu 5 y\u0131l esnas\u0131nda petrol\u00fcm\u00fcz d\u00fc\u015f\u00fck fiyatla sat\u0131n al\u0131nd\u0131. Temel g\u0131da maddeleri ve halk\u0131n g\u00fcndelik ya\u015fam\u0131 i\u00e7in gerekli\u00a0 mallar talan edildi; b\u00fcy\u00fck say\u0131da insan katledildi ve onurlar\u0131 ayaklar alt\u0131na al\u0131nd\u0131, ve bu zarar o kadar b\u00fcy\u00fckt\u00fc ki \u00fclkeyi 50 y\u0131ll\u0131\u011f\u0131na geri b\u0131rakt\u0131\u2019.<\/p>\n<p style=\"text-align: justify\"><strong><em>A\u011fustos 26, 2010 <\/em><\/strong><\/p>\n<p style=\"text-align: justify\"><a href=\"http:\/\/news.am\/tur\/\"><strong><em>News from Armenia &#8211; NEWS.am<\/em><\/strong><\/a><strong><em> <\/em><\/strong><\/p>\n","protected":false},"excerpt":{"rendered":"<p>\u0130ran cumhurba\u015fkan\u0131 yard., \u2018\u0130ran K\u00fclt\u00fcrel Miras, El sanatlar\u0131 ve Turizm \u00d6rg\u00fct\u00fc\u2019 ba\u015fkan\u0131 Hamid Baghai, \u2018\u0130ran-Zafer K\u00f6pr\u00fcs\u00fc\u2019 konferans\u0131 esnas\u0131nda yapt\u0131\u011f\u0131 ve IRNA Ajans\u0131 taf\u0131ndan duyurulan beyanat\u0131nda \u2018Osmanl\u0131 \u0130mparatorlu\u011fu, yakla\u015f\u0131k 100 y\u0131l \u00f6nce 1915\u2019te belli say\u0131da Ermeniye kar\u015f\u0131 soyk\u0131r\u0131m ger\u00e7ekle\u015ftirdi. Bug\u00fcn Osmanl\u0131 \u0130mparatorlu\u011fu ortadan kalkm\u0131\u015f olmas\u0131na ra\u011fmen Ermenistan T\u00fcrkiye\u2019den bu meseleyle ilgili olarak resmi \u00f6z\u00fcr ve tazminat [&hellip;]<\/p>\n","protected":false},"author":3,"featured_media":0,"comment_status":"closed","ping_status":"open","sticky":false,"template":"","format":"standard","meta":{"footnotes":""},"categories":[14],"tags":[],"class_list":["post-1716","post","type-post","status-publish","format-standard","hentry","category-haberler"],"yoast_head":"<!-- This site is optimized with the Yoast SEO plugin v27.4 - https:\/\/yoast.com\/product\/yoast-seo-wordpress\/ -->\n<title>\u0130ran cumhurba\u015fkan\u0131 yard.: Osmanl\u0131 \u0130mparatorlu\u011fu 1915\u2019te Ermenilere y\u00f6nelik soyk\u0131r\u0131m ger\u00e7ekle\u015ftirdi - Bati Ermenistan Ve Bati Ermenileri Sorunlari Ara\u015ftirmalar Merkezi<\/title>\n<meta name=\"robots\" content=\"index, follow, max-snippet:-1, max-image-preview:large, max-video-preview:-1\" \/>\n<link rel=\"canonical\" href=\"https:\/\/akunq.net\/turkish\/2010\/08\/27\/iran-cumhurbaskani-yard-osmanli-imparatorlugu-1915te-ermenilere-yonelik-soykirim-gerceklestirdi\/\" \/>\n<meta property=\"og:locale\" content=\"en_US\" \/>\n<meta property=\"og:type\" content=\"article\" \/>\n<meta property=\"og:title\" content=\"\u0130ran cumhurba\u015fkan\u0131 yard.: Osmanl\u0131 \u0130mparatorlu\u011fu 1915\u2019te Ermenilere y\u00f6nelik soyk\u0131r\u0131m ger\u00e7ekle\u015ftirdi - Bati Ermenistan Ve Bati Ermenileri Sorunlari Ara\u015ftirmalar Merkezi\" \/>\n<meta property=\"og:description\" content=\"\u0130ran cumhurba\u015fkan\u0131 yard., \u2018\u0130ran K\u00fclt\u00fcrel Miras, El sanatlar\u0131 ve Turizm \u00d6rg\u00fct\u00fc\u2019 ba\u015fkan\u0131 Hamid Baghai, \u2018\u0130ran-Zafer K\u00f6pr\u00fcs\u00fc\u2019 konferans\u0131 esnas\u0131nda yapt\u0131\u011f\u0131 ve IRNA Ajans\u0131 taf\u0131ndan duyurulan beyanat\u0131nda \u2018Osmanl\u0131 \u0130mparatorlu\u011fu, yakla\u015f\u0131k 100 y\u0131l \u00f6nce 1915\u2019te belli say\u0131da Ermeniye kar\u015f\u0131 soyk\u0131r\u0131m ger\u00e7ekle\u015ftirdi. Bug\u00fcn Osmanl\u0131 \u0130mparatorlu\u011fu ortadan kalkm\u0131\u015f olmas\u0131na ra\u011fmen Ermenistan T\u00fcrkiye\u2019den bu meseleyle ilgili olarak resmi \u00f6z\u00fcr ve tazminat [&hellip;]\" \/>\n<meta property=\"og:url\" content=\"https:\/\/akunq.net\/turkish\/2010\/08\/27\/iran-cumhurbaskani-yard-osmanli-imparatorlugu-1915te-ermenilere-yonelik-soykirim-gerceklestirdi\/\" \/>\n<meta property=\"og:site_name\" content=\"Bati Ermenistan Ve Bati Ermenileri Sorunlari Ara\u015ftirmalar Merkezi\" \/>\n<meta property=\"article:published_time\" content=\"2010-08-27T11:44:33+00:00\" \/>\n<meta name=\"author\" content=\"kalem\" \/>\n<meta name=\"twitter:card\" content=\"summary_large_image\" \/>\n<meta name=\"twitter:label1\" content=\"Written by\" \/>\n\t<meta name=\"twitter:data1\" content=\"kalem\" \/>\n\t<meta name=\"twitter:label2\" content=\"Est. reading time\" \/>\n\t<meta name=\"twitter:data2\" content=\"2 minutes\" \/>\n<script type=\"application\/ld+json\" class=\"yoast-schema-graph\">{\"@context\":\"https:\\\/\\\/schema.org\",\"@graph\":[{\"@type\":\"Article\",\"@id\":\"https:\\\/\\\/akunq.net\\\/turkish\\\/2010\\\/08\\\/27\\\/iran-cumhurbaskani-yard-osmanli-imparatorlugu-1915te-ermenilere-yonelik-soykirim-gerceklestirdi\\\/#article\",\"isPartOf\":{\"@id\":\"https:\\\/\\\/akunq.net\\\/turkish\\\/2010\\\/08\\\/27\\\/iran-cumhurbaskani-yard-osmanli-imparatorlugu-1915te-ermenilere-yonelik-soykirim-gerceklestirdi\\\/\"},\"author\":{\"name\":\"kalem\",\"@id\":\"https:\\\/\\\/akunq.net\\\/turkish\\\/#\\\/schema\\\/person\\\/135e7923d1aeb8887890799619969a6c\"},\"headline\":\"\u0130ran cumhurba\u015fkan\u0131 yard.: Osmanl\u0131 \u0130mparatorlu\u011fu 1915\u2019te Ermenilere y\u00f6nelik soyk\u0131r\u0131m ger\u00e7ekle\u015ftirdi\",\"datePublished\":\"2010-08-27T11:44:33+00:00\",\"mainEntityOfPage\":{\"@id\":\"https:\\\/\\\/akunq.net\\\/turkish\\\/2010\\\/08\\\/27\\\/iran-cumhurbaskani-yard-osmanli-imparatorlugu-1915te-ermenilere-yonelik-soykirim-gerceklestirdi\\\/\"},\"wordCount\":363,\"articleSection\":[\"Haberler\"],\"inLanguage\":\"en-US\"},{\"@type\":\"WebPage\",\"@id\":\"https:\\\/\\\/akunq.net\\\/turkish\\\/2010\\\/08\\\/27\\\/iran-cumhurbaskani-yard-osmanli-imparatorlugu-1915te-ermenilere-yonelik-soykirim-gerceklestirdi\\\/\",\"url\":\"https:\\\/\\\/akunq.net\\\/turkish\\\/2010\\\/08\\\/27\\\/iran-cumhurbaskani-yard-osmanli-imparatorlugu-1915te-ermenilere-yonelik-soykirim-gerceklestirdi\\\/\",\"name\":\"\u0130ran cumhurba\u015fkan\u0131 yard.: Osmanl\u0131 \u0130mparatorlu\u011fu 1915\u2019te Ermenilere y\u00f6nelik soyk\u0131r\u0131m ger\u00e7ekle\u015ftirdi - Bati Ermenistan Ve Bati Ermenileri Sorunlari Ara\u015ftirmalar Merkezi\",\"isPartOf\":{\"@id\":\"https:\\\/\\\/akunq.net\\\/turkish\\\/#website\"},\"datePublished\":\"2010-08-27T11:44:33+00:00\",\"author\":{\"@id\":\"https:\\\/\\\/akunq.net\\\/turkish\\\/#\\\/schema\\\/person\\\/135e7923d1aeb8887890799619969a6c\"},\"breadcrumb\":{\"@id\":\"https:\\\/\\\/akunq.net\\\/turkish\\\/2010\\\/08\\\/27\\\/iran-cumhurbaskani-yard-osmanli-imparatorlugu-1915te-ermenilere-yonelik-soykirim-gerceklestirdi\\\/#breadcrumb\"},\"inLanguage\":\"en-US\",\"potentialAction\":[{\"@type\":\"ReadAction\",\"target\":[\"https:\\\/\\\/akunq.net\\\/turkish\\\/2010\\\/08\\\/27\\\/iran-cumhurbaskani-yard-osmanli-imparatorlugu-1915te-ermenilere-yonelik-soykirim-gerceklestirdi\\\/\"]}]},{\"@type\":\"BreadcrumbList\",\"@id\":\"https:\\\/\\\/akunq.net\\\/turkish\\\/2010\\\/08\\\/27\\\/iran-cumhurbaskani-yard-osmanli-imparatorlugu-1915te-ermenilere-yonelik-soykirim-gerceklestirdi\\\/#breadcrumb\",\"itemListElement\":[{\"@type\":\"ListItem\",\"position\":1,\"name\":\"Home\",\"item\":\"https:\\\/\\\/akunq.net\\\/turkish\\\/\"},{\"@type\":\"ListItem\",\"position\":2,\"name\":\"\u0130ran cumhurba\u015fkan\u0131 yard.: Osmanl\u0131 \u0130mparatorlu\u011fu 1915\u2019te Ermenilere y\u00f6nelik soyk\u0131r\u0131m ger\u00e7ekle\u015ftirdi\"}]},{\"@type\":\"WebSite\",\"@id\":\"https:\\\/\\\/akunq.net\\\/turkish\\\/#website\",\"url\":\"https:\\\/\\\/akunq.net\\\/turkish\\\/\",\"name\":\"Bati Ermenistan Ve Bati Ermenileri Sorunlari Ara\u015ftirmalar Merkezi\",\"description\":\"\",\"potentialAction\":[{\"@type\":\"SearchAction\",\"target\":{\"@type\":\"EntryPoint\",\"urlTemplate\":\"https:\\\/\\\/akunq.net\\\/turkish\\\/?s={search_term_string}\"},\"query-input\":{\"@type\":\"PropertyValueSpecification\",\"valueRequired\":true,\"valueName\":\"search_term_string\"}}],\"inLanguage\":\"en-US\"},{\"@type\":\"Person\",\"@id\":\"https:\\\/\\\/akunq.net\\\/turkish\\\/#\\\/schema\\\/person\\\/135e7923d1aeb8887890799619969a6c\",\"name\":\"kalem\",\"image\":{\"@type\":\"ImageObject\",\"inLanguage\":\"en-US\",\"@id\":\"https:\\\/\\\/secure.gravatar.com\\\/avatar\\\/a06875e4b25feb5674296adf8e8a7ae1e587cebce2493fe63c456109967e27d3?s=96&d=mm&r=g\",\"url\":\"https:\\\/\\\/secure.gravatar.com\\\/avatar\\\/a06875e4b25feb5674296adf8e8a7ae1e587cebce2493fe63c456109967e27d3?s=96&d=mm&r=g\",\"contentUrl\":\"https:\\\/\\\/secure.gravatar.com\\\/avatar\\\/a06875e4b25feb5674296adf8e8a7ae1e587cebce2493fe63c456109967e27d3?s=96&d=mm&r=g\",\"caption\":\"kalem\"},\"url\":\"https:\\\/\\\/akunq.net\\\/turkish\\\/author\\\/kalem\\\/\"}]}<\/script>\n<!-- \/ Yoast SEO plugin. -->","yoast_head_json":{"title":"\u0130ran cumhurba\u015fkan\u0131 yard.: Osmanl\u0131 \u0130mparatorlu\u011fu 1915\u2019te Ermenilere y\u00f6nelik soyk\u0131r\u0131m ger\u00e7ekle\u015ftirdi - Bati Ermenistan Ve Bati Ermenileri Sorunlari Ara\u015ftirmalar Merkezi","robots":{"index":"index","follow":"follow","max-snippet":"max-snippet:-1","max-image-preview":"max-image-preview:large","max-video-preview":"max-video-preview:-1"},"canonical":"https:\/\/akunq.net\/turkish\/2010\/08\/27\/iran-cumhurbaskani-yard-osmanli-imparatorlugu-1915te-ermenilere-yonelik-soykirim-gerceklestirdi\/","og_locale":"en_US","og_type":"article","og_title":"\u0130ran cumhurba\u015fkan\u0131 yard.: Osmanl\u0131 \u0130mparatorlu\u011fu 1915\u2019te Ermenilere y\u00f6nelik soyk\u0131r\u0131m ger\u00e7ekle\u015ftirdi - Bati Ermenistan Ve Bati Ermenileri Sorunlari Ara\u015ftirmalar Merkezi","og_description":"\u0130ran cumhurba\u015fkan\u0131 yard., \u2018\u0130ran K\u00fclt\u00fcrel Miras, El sanatlar\u0131 ve Turizm \u00d6rg\u00fct\u00fc\u2019 ba\u015fkan\u0131 Hamid Baghai, \u2018\u0130ran-Zafer K\u00f6pr\u00fcs\u00fc\u2019 konferans\u0131 esnas\u0131nda yapt\u0131\u011f\u0131 ve IRNA Ajans\u0131 taf\u0131ndan duyurulan beyanat\u0131nda \u2018Osmanl\u0131 \u0130mparatorlu\u011fu, yakla\u015f\u0131k 100 y\u0131l \u00f6nce 1915\u2019te belli say\u0131da Ermeniye kar\u015f\u0131 soyk\u0131r\u0131m ger\u00e7ekle\u015ftirdi. Bug\u00fcn Osmanl\u0131 \u0130mparatorlu\u011fu ortadan kalkm\u0131\u015f olmas\u0131na ra\u011fmen Ermenistan T\u00fcrkiye\u2019den bu meseleyle ilgili olarak resmi \u00f6z\u00fcr ve tazminat [&hellip;]","og_url":"https:\/\/akunq.net\/turkish\/2010\/08\/27\/iran-cumhurbaskani-yard-osmanli-imparatorlugu-1915te-ermenilere-yonelik-soykirim-gerceklestirdi\/","og_site_name":"Bati Ermenistan Ve Bati Ermenileri Sorunlari Ara\u015ftirmalar Merkezi","article_published_time":"2010-08-27T11:44:33+00:00","author":"kalem","twitter_card":"summary_large_image","twitter_misc":{"Written by":"kalem","Est. reading time":"2 minutes"},"schema":{"@context":"https:\/\/schema.org","@graph":[{"@type":"Article","@id":"https:\/\/akunq.net\/turkish\/2010\/08\/27\/iran-cumhurbaskani-yard-osmanli-imparatorlugu-1915te-ermenilere-yonelik-soykirim-gerceklestirdi\/#article","isPartOf":{"@id":"https:\/\/akunq.net\/turkish\/2010\/08\/27\/iran-cumhurbaskani-yard-osmanli-imparatorlugu-1915te-ermenilere-yonelik-soykirim-gerceklestirdi\/"},"author":{"name":"kalem","@id":"https:\/\/akunq.net\/turkish\/#\/schema\/person\/135e7923d1aeb8887890799619969a6c"},"headline":"\u0130ran cumhurba\u015fkan\u0131 yard.: Osmanl\u0131 \u0130mparatorlu\u011fu 1915\u2019te Ermenilere y\u00f6nelik soyk\u0131r\u0131m ger\u00e7ekle\u015ftirdi","datePublished":"2010-08-27T11:44:33+00:00","mainEntityOfPage":{"@id":"https:\/\/akunq.net\/turkish\/2010\/08\/27\/iran-cumhurbaskani-yard-osmanli-imparatorlugu-1915te-ermenilere-yonelik-soykirim-gerceklestirdi\/"},"wordCount":363,"articleSection":["Haberler"],"inLanguage":"en-US"},{"@type":"WebPage","@id":"https:\/\/akunq.net\/turkish\/2010\/08\/27\/iran-cumhurbaskani-yard-osmanli-imparatorlugu-1915te-ermenilere-yonelik-soykirim-gerceklestirdi\/","url":"https:\/\/akunq.net\/turkish\/2010\/08\/27\/iran-cumhurbaskani-yard-osmanli-imparatorlugu-1915te-ermenilere-yonelik-soykirim-gerceklestirdi\/","name":"\u0130ran cumhurba\u015fkan\u0131 yard.: Osmanl\u0131 \u0130mparatorlu\u011fu 1915\u2019te Ermenilere y\u00f6nelik soyk\u0131r\u0131m ger\u00e7ekle\u015ftirdi - Bati Ermenistan Ve Bati Ermenileri Sorunlari Ara\u015ftirmalar Merkezi","isPartOf":{"@id":"https:\/\/akunq.net\/turkish\/#website"},"datePublished":"2010-08-27T11:44:33+00:00","author":{"@id":"https:\/\/akunq.net\/turkish\/#\/schema\/person\/135e7923d1aeb8887890799619969a6c"},"breadcrumb":{"@id":"https:\/\/akunq.net\/turkish\/2010\/08\/27\/iran-cumhurbaskani-yard-osmanli-imparatorlugu-1915te-ermenilere-yonelik-soykirim-gerceklestirdi\/#breadcrumb"},"inLanguage":"en-US","potentialAction":[{"@type":"ReadAction","target":["https:\/\/akunq.net\/turkish\/2010\/08\/27\/iran-cumhurbaskani-yard-osmanli-imparatorlugu-1915te-ermenilere-yonelik-soykirim-gerceklestirdi\/"]}]},{"@type":"BreadcrumbList","@id":"https:\/\/akunq.net\/turkish\/2010\/08\/27\/iran-cumhurbaskani-yard-osmanli-imparatorlugu-1915te-ermenilere-yonelik-soykirim-gerceklestirdi\/#breadcrumb","itemListElement":[{"@type":"ListItem","position":1,"name":"Home","item":"https:\/\/akunq.net\/turkish\/"},{"@type":"ListItem","position":2,"name":"\u0130ran cumhurba\u015fkan\u0131 yard.: Osmanl\u0131 \u0130mparatorlu\u011fu 1915\u2019te Ermenilere y\u00f6nelik soyk\u0131r\u0131m ger\u00e7ekle\u015ftirdi"}]},{"@type":"WebSite","@id":"https:\/\/akunq.net\/turkish\/#website","url":"https:\/\/akunq.net\/turkish\/","name":"Bati Ermenistan Ve Bati Ermenileri Sorunlari Ara\u015ftirmalar Merkezi","description":"","potentialAction":[{"@type":"SearchAction","target":{"@type":"EntryPoint","urlTemplate":"https:\/\/akunq.net\/turkish\/?s={search_term_string}"},"query-input":{"@type":"PropertyValueSpecification","valueRequired":true,"valueName":"search_term_string"}}],"inLanguage":"en-US"},{"@type":"Person","@id":"https:\/\/akunq.net\/turkish\/#\/schema\/person\/135e7923d1aeb8887890799619969a6c","name":"kalem","image":{"@type":"ImageObject","inLanguage":"en-US","@id":"https:\/\/secure.gravatar.com\/avatar\/a06875e4b25feb5674296adf8e8a7ae1e587cebce2493fe63c456109967e27d3?s=96&d=mm&r=g","url":"https:\/\/secure.gravatar.com\/avatar\/a06875e4b25feb5674296adf8e8a7ae1e587cebce2493fe63c456109967e27d3?s=96&d=mm&r=g","contentUrl":"https:\/\/secure.gravatar.com\/avatar\/a06875e4b25feb5674296adf8e8a7ae1e587cebce2493fe63c456109967e27d3?s=96&d=mm&r=g","caption":"kalem"},"url":"https:\/\/akunq.net\/turkish\/author\/kalem\/"}]}},"_links":{"self":[{"href":"https:\/\/akunq.net\/turkish\/wp-json\/wp\/v2\/posts\/1716","targetHints":{"allow":["GET"]}}],"collection":[{"href":"https:\/\/akunq.net\/turkish\/wp-json\/wp\/v2\/posts"}],"about":[{"href":"https:\/\/akunq.net\/turkish\/wp-json\/wp\/v2\/types\/post"}],"author":[{"embeddable":true,"href":"https:\/\/akunq.net\/turkish\/wp-json\/wp\/v2\/users\/3"}],"replies":[{"embeddable":true,"href":"https:\/\/akunq.net\/turkish\/wp-json\/wp\/v2\/comments?post=1716"}],"version-history":[{"count":0,"href":"https:\/\/akunq.net\/turkish\/wp-json\/wp\/v2\/posts\/1716\/revisions"}],"wp:attachment":[{"href":"https:\/\/akunq.net\/turkish\/wp-json\/wp\/v2\/media?parent=1716"}],"wp:term":[{"taxonomy":"category","embeddable":true,"href":"https:\/\/akunq.net\/turkish\/wp-json\/wp\/v2\/categories?post=1716"},{"taxonomy":"post_tag","embeddable":true,"href":"https:\/\/akunq.net\/turkish\/wp-json\/wp\/v2\/tags?post=1716"}],"curies":[{"name":"wp","href":"https:\/\/api.w.org\/{rel}","templated":true}]}}