{"id":1710,"date":"2010-08-27T02:10:17","date_gmt":"2010-08-27T07:10:17","guid":{"rendered":"http:\/\/akunq.net\/tr\/?p=1710"},"modified":"2010-08-27T02:10:17","modified_gmt":"2010-08-27T07:10:17","slug":"ermenistanda-yayimlanan-iravunk-gazetesine-gore-asala-orgutunun-sehitlerinden-biri-ermeni-davasi-savunucusu-oldu","status":"publish","type":"post","link":"https:\/\/akunq.net\/turkish\/2010\/08\/27\/ermenistanda-yayimlanan-iravunk-gazetesine-gore-asala-orgutunun-sehitlerinden-biri-ermeni-davasi-savunucusu-oldu\/","title":{"rendered":"Ermenistan\u2019da Yay\u0131mlanan \u201c\u0130ravunk\u201d Gazetesi\u2019ne G\u00f6re ASALA \u00d6rg\u00fct\u00fc\u2019n\u00fcn \u015eehitlerinden Biri, Ermeni Davas\u0131 Savunucusu Oldu"},"content":{"rendered":"<p style=\"text-align: justify\">\u0130spanya&#8217;n\u0131n \u00f6nde gelen gazetecilerinden Jose <em>Antonio<\/em><strong> <\/strong>Gurriaran, 29 Aral\u0131k 1980 tarihinde ASALA\u2019n\u0131n Madrid\u2019de ger\u00e7ekle\u015ftirdi\u011fi patlama sonucu yararlan\u0131p aylarca tedavi g\u00f6rm\u00fc\u015ft\u00fcr. Ancak Jose <em>Antonio<\/em><strong> <\/strong>Gurriaran, ASALA\u2019ya kar\u015f\u0131 nefret duymam\u0131\u015ft\u0131r. Tam tersine, hastanede Ermeni soyk\u0131r\u0131m\u0131 hakk\u0131nda 200\u2019e yak\u0131n kitap okumu\u015ftur. \u0130yile\u015ftikten sonra ASALA \u00d6rg\u00fct\u00fc \u00fcyeleriyle temasa ge\u00e7en Gurriaran, daha sonra \u201cLa Bomba\u201d kitab\u0131n\u0131 yazm\u0131\u015ft\u0131r. G\u00fcn\u00fcm\u00fczde 70 ya\u015f\u0131n\u0131 doldurmu\u015f olan Jose <em>Antonio<\/em><strong> <\/strong>Gurriaran, \u015fimdi de \u201cErmeniler: Unutulmu\u015f Soyk\u0131r\u0131m\u201d kitab\u0131n\u0131 kaleme al\u0131p onu d\u00fcnyaya tan\u0131tmak \u00fczere \u00e7abalar harcamaktad\u0131r. Yazar Gurriaran s\u0131k\u00e7a \u015fu ifadesini tekrar etmektedir: \u201cErmeni halk\u0131na kar\u015f\u0131 yap\u0131lan adaletsizlik, bana kar\u015f\u0131 yap\u0131lan haks\u0131zl\u0131ktan daha b\u00fcy\u00fckt\u00fcr\u201d. \u00a0<\/p>\n<p style=\"text-align: justify\">\u00a0\u00a0\u00a0\u00a0 <strong><em>\u201c\u0130ravunk\u201d Gazetesi<\/em><\/strong><\/p>\n<p style=\"text-align: justify\"><strong><em>\u00a0\u00a0\u00a0\u00a0\u00a0\u00a026.08.2010 <\/em><\/strong><\/p>\n<p style=\"text-align: justify\"><strong><em>\u00a0 Ermenice\u2019den T\u00fcrk<\/em><\/strong><strong><em>\u00e7<\/em><\/strong><strong><em>e\u2019ye <\/em><\/strong><strong><em>\u00e7<\/em><\/strong><strong><em>eviri, www.akunq.net taraf\u0131ndan yap\u0131lm\u0131\u015ft\u0131r. <\/em><\/strong><\/p>\n","protected":false},"excerpt":{"rendered":"<p>\u0130spanya&#8217;n\u0131n \u00f6nde gelen gazetecilerinden Jose Antonio Gurriaran, 29 Aral\u0131k 1980 tarihinde ASALA\u2019n\u0131n Madrid\u2019de ger\u00e7ekle\u015ftirdi\u011fi patlama sonucu yararlan\u0131p aylarca tedavi g\u00f6rm\u00fc\u015ft\u00fcr. Ancak Jose Antonio Gurriaran, ASALA\u2019ya kar\u015f\u0131 nefret duymam\u0131\u015ft\u0131r. Tam tersine, hastanede Ermeni soyk\u0131r\u0131m\u0131 hakk\u0131nda 200\u2019e yak\u0131n kitap okumu\u015ftur. \u0130yile\u015ftikten sonra ASALA \u00d6rg\u00fct\u00fc \u00fcyeleriyle temasa ge\u00e7en Gurriaran, daha sonra \u201cLa Bomba\u201d kitab\u0131n\u0131 yazm\u0131\u015ft\u0131r. G\u00fcn\u00fcm\u00fczde 70 ya\u015f\u0131n\u0131 [&hellip;]<\/p>\n","protected":false},"author":3,"featured_media":0,"comment_status":"closed","ping_status":"open","sticky":false,"template":"","format":"standard","meta":{"footnotes":""},"categories":[14],"tags":[],"class_list":["post-1710","post","type-post","status-publish","format-standard","hentry","category-haberler"],"yoast_head":"<!-- This site is optimized with the Yoast SEO plugin v27.4 - https:\/\/yoast.com\/product\/yoast-seo-wordpress\/ -->\n<title>Ermenistan\u2019da Yay\u0131mlanan \u201c\u0130ravunk\u201d Gazetesi\u2019ne G\u00f6re ASALA \u00d6rg\u00fct\u00fc\u2019n\u00fcn \u015eehitlerinden Biri, Ermeni Davas\u0131 Savunucusu Oldu - Bati Ermenistan Ve Bati Ermenileri Sorunlari Ara\u015ftirmalar Merkezi<\/title>\n<meta name=\"robots\" content=\"index, follow, max-snippet:-1, max-image-preview:large, max-video-preview:-1\" \/>\n<link rel=\"canonical\" href=\"https:\/\/akunq.net\/turkish\/2010\/08\/27\/ermenistanda-yayimlanan-iravunk-gazetesine-gore-asala-orgutunun-sehitlerinden-biri-ermeni-davasi-savunucusu-oldu\/\" \/>\n<meta property=\"og:locale\" content=\"en_US\" \/>\n<meta property=\"og:type\" content=\"article\" \/>\n<meta property=\"og:title\" content=\"Ermenistan\u2019da Yay\u0131mlanan \u201c\u0130ravunk\u201d Gazetesi\u2019ne G\u00f6re ASALA \u00d6rg\u00fct\u00fc\u2019n\u00fcn \u015eehitlerinden Biri, Ermeni Davas\u0131 Savunucusu Oldu - Bati Ermenistan Ve Bati Ermenileri Sorunlari Ara\u015ftirmalar Merkezi\" \/>\n<meta property=\"og:description\" content=\"\u0130spanya&#8217;n\u0131n \u00f6nde gelen gazetecilerinden Jose Antonio Gurriaran, 29 Aral\u0131k 1980 tarihinde ASALA\u2019n\u0131n Madrid\u2019de ger\u00e7ekle\u015ftirdi\u011fi patlama sonucu yararlan\u0131p aylarca tedavi g\u00f6rm\u00fc\u015ft\u00fcr. Ancak Jose Antonio Gurriaran, ASALA\u2019ya kar\u015f\u0131 nefret duymam\u0131\u015ft\u0131r. Tam tersine, hastanede Ermeni soyk\u0131r\u0131m\u0131 hakk\u0131nda 200\u2019e yak\u0131n kitap okumu\u015ftur. \u0130yile\u015ftikten sonra ASALA \u00d6rg\u00fct\u00fc \u00fcyeleriyle temasa ge\u00e7en Gurriaran, daha sonra \u201cLa Bomba\u201d kitab\u0131n\u0131 yazm\u0131\u015ft\u0131r. G\u00fcn\u00fcm\u00fczde 70 ya\u015f\u0131n\u0131 [&hellip;]\" \/>\n<meta property=\"og:url\" content=\"https:\/\/akunq.net\/turkish\/2010\/08\/27\/ermenistanda-yayimlanan-iravunk-gazetesine-gore-asala-orgutunun-sehitlerinden-biri-ermeni-davasi-savunucusu-oldu\/\" \/>\n<meta property=\"og:site_name\" content=\"Bati Ermenistan Ve Bati Ermenileri Sorunlari Ara\u015ftirmalar Merkezi\" \/>\n<meta property=\"article:published_time\" content=\"2010-08-27T07:10:17+00:00\" \/>\n<meta name=\"author\" content=\"kalem\" \/>\n<meta name=\"twitter:card\" content=\"summary_large_image\" \/>\n<meta name=\"twitter:label1\" content=\"Written by\" \/>\n\t<meta name=\"twitter:data1\" content=\"kalem\" \/>\n\t<meta name=\"twitter:label2\" content=\"Est. reading time\" \/>\n\t<meta name=\"twitter:data2\" content=\"1 minute\" \/>\n<script type=\"application\/ld+json\" class=\"yoast-schema-graph\">{\"@context\":\"https:\\\/\\\/schema.org\",\"@graph\":[{\"@type\":\"Article\",\"@id\":\"https:\\\/\\\/akunq.net\\\/turkish\\\/2010\\\/08\\\/27\\\/ermenistanda-yayimlanan-iravunk-gazetesine-gore-asala-orgutunun-sehitlerinden-biri-ermeni-davasi-savunucusu-oldu\\\/#article\",\"isPartOf\":{\"@id\":\"https:\\\/\\\/akunq.net\\\/turkish\\\/2010\\\/08\\\/27\\\/ermenistanda-yayimlanan-iravunk-gazetesine-gore-asala-orgutunun-sehitlerinden-biri-ermeni-davasi-savunucusu-oldu\\\/\"},\"author\":{\"name\":\"kalem\",\"@id\":\"https:\\\/\\\/akunq.net\\\/turkish\\\/#\\\/schema\\\/person\\\/135e7923d1aeb8887890799619969a6c\"},\"headline\":\"Ermenistan\u2019da Yay\u0131mlanan \u201c\u0130ravunk\u201d Gazetesi\u2019ne G\u00f6re ASALA \u00d6rg\u00fct\u00fc\u2019n\u00fcn \u015eehitlerinden Biri, Ermeni Davas\u0131 Savunucusu Oldu\",\"datePublished\":\"2010-08-27T07:10:17+00:00\",\"mainEntityOfPage\":{\"@id\":\"https:\\\/\\\/akunq.net\\\/turkish\\\/2010\\\/08\\\/27\\\/ermenistanda-yayimlanan-iravunk-gazetesine-gore-asala-orgutunun-sehitlerinden-biri-ermeni-davasi-savunucusu-oldu\\\/\"},\"wordCount\":174,\"articleSection\":[\"Haberler\"],\"inLanguage\":\"en-US\"},{\"@type\":\"WebPage\",\"@id\":\"https:\\\/\\\/akunq.net\\\/turkish\\\/2010\\\/08\\\/27\\\/ermenistanda-yayimlanan-iravunk-gazetesine-gore-asala-orgutunun-sehitlerinden-biri-ermeni-davasi-savunucusu-oldu\\\/\",\"url\":\"https:\\\/\\\/akunq.net\\\/turkish\\\/2010\\\/08\\\/27\\\/ermenistanda-yayimlanan-iravunk-gazetesine-gore-asala-orgutunun-sehitlerinden-biri-ermeni-davasi-savunucusu-oldu\\\/\",\"name\":\"Ermenistan\u2019da Yay\u0131mlanan \u201c\u0130ravunk\u201d Gazetesi\u2019ne G\u00f6re ASALA \u00d6rg\u00fct\u00fc\u2019n\u00fcn \u015eehitlerinden Biri, Ermeni Davas\u0131 Savunucusu Oldu - Bati Ermenistan Ve Bati Ermenileri Sorunlari Ara\u015ftirmalar Merkezi\",\"isPartOf\":{\"@id\":\"https:\\\/\\\/akunq.net\\\/turkish\\\/#website\"},\"datePublished\":\"2010-08-27T07:10:17+00:00\",\"author\":{\"@id\":\"https:\\\/\\\/akunq.net\\\/turkish\\\/#\\\/schema\\\/person\\\/135e7923d1aeb8887890799619969a6c\"},\"breadcrumb\":{\"@id\":\"https:\\\/\\\/akunq.net\\\/turkish\\\/2010\\\/08\\\/27\\\/ermenistanda-yayimlanan-iravunk-gazetesine-gore-asala-orgutunun-sehitlerinden-biri-ermeni-davasi-savunucusu-oldu\\\/#breadcrumb\"},\"inLanguage\":\"en-US\",\"potentialAction\":[{\"@type\":\"ReadAction\",\"target\":[\"https:\\\/\\\/akunq.net\\\/turkish\\\/2010\\\/08\\\/27\\\/ermenistanda-yayimlanan-iravunk-gazetesine-gore-asala-orgutunun-sehitlerinden-biri-ermeni-davasi-savunucusu-oldu\\\/\"]}]},{\"@type\":\"BreadcrumbList\",\"@id\":\"https:\\\/\\\/akunq.net\\\/turkish\\\/2010\\\/08\\\/27\\\/ermenistanda-yayimlanan-iravunk-gazetesine-gore-asala-orgutunun-sehitlerinden-biri-ermeni-davasi-savunucusu-oldu\\\/#breadcrumb\",\"itemListElement\":[{\"@type\":\"ListItem\",\"position\":1,\"name\":\"Home\",\"item\":\"https:\\\/\\\/akunq.net\\\/turkish\\\/\"},{\"@type\":\"ListItem\",\"position\":2,\"name\":\"Ermenistan\u2019da Yay\u0131mlanan \u201c\u0130ravunk\u201d Gazetesi\u2019ne G\u00f6re ASALA \u00d6rg\u00fct\u00fc\u2019n\u00fcn \u015eehitlerinden Biri, Ermeni Davas\u0131 Savunucusu Oldu\"}]},{\"@type\":\"WebSite\",\"@id\":\"https:\\\/\\\/akunq.net\\\/turkish\\\/#website\",\"url\":\"https:\\\/\\\/akunq.net\\\/turkish\\\/\",\"name\":\"Bati Ermenistan Ve Bati Ermenileri Sorunlari Ara\u015ftirmalar Merkezi\",\"description\":\"\",\"potentialAction\":[{\"@type\":\"SearchAction\",\"target\":{\"@type\":\"EntryPoint\",\"urlTemplate\":\"https:\\\/\\\/akunq.net\\\/turkish\\\/?s={search_term_string}\"},\"query-input\":{\"@type\":\"PropertyValueSpecification\",\"valueRequired\":true,\"valueName\":\"search_term_string\"}}],\"inLanguage\":\"en-US\"},{\"@type\":\"Person\",\"@id\":\"https:\\\/\\\/akunq.net\\\/turkish\\\/#\\\/schema\\\/person\\\/135e7923d1aeb8887890799619969a6c\",\"name\":\"kalem\",\"image\":{\"@type\":\"ImageObject\",\"inLanguage\":\"en-US\",\"@id\":\"https:\\\/\\\/secure.gravatar.com\\\/avatar\\\/a06875e4b25feb5674296adf8e8a7ae1e587cebce2493fe63c456109967e27d3?s=96&d=mm&r=g\",\"url\":\"https:\\\/\\\/secure.gravatar.com\\\/avatar\\\/a06875e4b25feb5674296adf8e8a7ae1e587cebce2493fe63c456109967e27d3?s=96&d=mm&r=g\",\"contentUrl\":\"https:\\\/\\\/secure.gravatar.com\\\/avatar\\\/a06875e4b25feb5674296adf8e8a7ae1e587cebce2493fe63c456109967e27d3?s=96&d=mm&r=g\",\"caption\":\"kalem\"},\"url\":\"https:\\\/\\\/akunq.net\\\/turkish\\\/author\\\/kalem\\\/\"}]}<\/script>\n<!-- \/ Yoast SEO plugin. -->","yoast_head_json":{"title":"Ermenistan\u2019da Yay\u0131mlanan \u201c\u0130ravunk\u201d Gazetesi\u2019ne G\u00f6re ASALA \u00d6rg\u00fct\u00fc\u2019n\u00fcn \u015eehitlerinden Biri, Ermeni Davas\u0131 Savunucusu Oldu - Bati Ermenistan Ve Bati Ermenileri Sorunlari Ara\u015ftirmalar Merkezi","robots":{"index":"index","follow":"follow","max-snippet":"max-snippet:-1","max-image-preview":"max-image-preview:large","max-video-preview":"max-video-preview:-1"},"canonical":"https:\/\/akunq.net\/turkish\/2010\/08\/27\/ermenistanda-yayimlanan-iravunk-gazetesine-gore-asala-orgutunun-sehitlerinden-biri-ermeni-davasi-savunucusu-oldu\/","og_locale":"en_US","og_type":"article","og_title":"Ermenistan\u2019da Yay\u0131mlanan \u201c\u0130ravunk\u201d Gazetesi\u2019ne G\u00f6re ASALA \u00d6rg\u00fct\u00fc\u2019n\u00fcn \u015eehitlerinden Biri, Ermeni Davas\u0131 Savunucusu Oldu - Bati Ermenistan Ve Bati Ermenileri Sorunlari Ara\u015ftirmalar Merkezi","og_description":"\u0130spanya&#8217;n\u0131n \u00f6nde gelen gazetecilerinden Jose Antonio Gurriaran, 29 Aral\u0131k 1980 tarihinde ASALA\u2019n\u0131n Madrid\u2019de ger\u00e7ekle\u015ftirdi\u011fi patlama sonucu yararlan\u0131p aylarca tedavi g\u00f6rm\u00fc\u015ft\u00fcr. Ancak Jose Antonio Gurriaran, ASALA\u2019ya kar\u015f\u0131 nefret duymam\u0131\u015ft\u0131r. Tam tersine, hastanede Ermeni soyk\u0131r\u0131m\u0131 hakk\u0131nda 200\u2019e yak\u0131n kitap okumu\u015ftur. \u0130yile\u015ftikten sonra ASALA \u00d6rg\u00fct\u00fc \u00fcyeleriyle temasa ge\u00e7en Gurriaran, daha sonra \u201cLa Bomba\u201d kitab\u0131n\u0131 yazm\u0131\u015ft\u0131r. G\u00fcn\u00fcm\u00fczde 70 ya\u015f\u0131n\u0131 [&hellip;]","og_url":"https:\/\/akunq.net\/turkish\/2010\/08\/27\/ermenistanda-yayimlanan-iravunk-gazetesine-gore-asala-orgutunun-sehitlerinden-biri-ermeni-davasi-savunucusu-oldu\/","og_site_name":"Bati Ermenistan Ve Bati Ermenileri Sorunlari Ara\u015ftirmalar Merkezi","article_published_time":"2010-08-27T07:10:17+00:00","author":"kalem","twitter_card":"summary_large_image","twitter_misc":{"Written by":"kalem","Est. reading time":"1 minute"},"schema":{"@context":"https:\/\/schema.org","@graph":[{"@type":"Article","@id":"https:\/\/akunq.net\/turkish\/2010\/08\/27\/ermenistanda-yayimlanan-iravunk-gazetesine-gore-asala-orgutunun-sehitlerinden-biri-ermeni-davasi-savunucusu-oldu\/#article","isPartOf":{"@id":"https:\/\/akunq.net\/turkish\/2010\/08\/27\/ermenistanda-yayimlanan-iravunk-gazetesine-gore-asala-orgutunun-sehitlerinden-biri-ermeni-davasi-savunucusu-oldu\/"},"author":{"name":"kalem","@id":"https:\/\/akunq.net\/turkish\/#\/schema\/person\/135e7923d1aeb8887890799619969a6c"},"headline":"Ermenistan\u2019da Yay\u0131mlanan \u201c\u0130ravunk\u201d Gazetesi\u2019ne G\u00f6re ASALA \u00d6rg\u00fct\u00fc\u2019n\u00fcn \u015eehitlerinden Biri, Ermeni Davas\u0131 Savunucusu Oldu","datePublished":"2010-08-27T07:10:17+00:00","mainEntityOfPage":{"@id":"https:\/\/akunq.net\/turkish\/2010\/08\/27\/ermenistanda-yayimlanan-iravunk-gazetesine-gore-asala-orgutunun-sehitlerinden-biri-ermeni-davasi-savunucusu-oldu\/"},"wordCount":174,"articleSection":["Haberler"],"inLanguage":"en-US"},{"@type":"WebPage","@id":"https:\/\/akunq.net\/turkish\/2010\/08\/27\/ermenistanda-yayimlanan-iravunk-gazetesine-gore-asala-orgutunun-sehitlerinden-biri-ermeni-davasi-savunucusu-oldu\/","url":"https:\/\/akunq.net\/turkish\/2010\/08\/27\/ermenistanda-yayimlanan-iravunk-gazetesine-gore-asala-orgutunun-sehitlerinden-biri-ermeni-davasi-savunucusu-oldu\/","name":"Ermenistan\u2019da Yay\u0131mlanan \u201c\u0130ravunk\u201d Gazetesi\u2019ne G\u00f6re ASALA \u00d6rg\u00fct\u00fc\u2019n\u00fcn \u015eehitlerinden Biri, Ermeni Davas\u0131 Savunucusu Oldu - Bati Ermenistan Ve Bati Ermenileri Sorunlari Ara\u015ftirmalar Merkezi","isPartOf":{"@id":"https:\/\/akunq.net\/turkish\/#website"},"datePublished":"2010-08-27T07:10:17+00:00","author":{"@id":"https:\/\/akunq.net\/turkish\/#\/schema\/person\/135e7923d1aeb8887890799619969a6c"},"breadcrumb":{"@id":"https:\/\/akunq.net\/turkish\/2010\/08\/27\/ermenistanda-yayimlanan-iravunk-gazetesine-gore-asala-orgutunun-sehitlerinden-biri-ermeni-davasi-savunucusu-oldu\/#breadcrumb"},"inLanguage":"en-US","potentialAction":[{"@type":"ReadAction","target":["https:\/\/akunq.net\/turkish\/2010\/08\/27\/ermenistanda-yayimlanan-iravunk-gazetesine-gore-asala-orgutunun-sehitlerinden-biri-ermeni-davasi-savunucusu-oldu\/"]}]},{"@type":"BreadcrumbList","@id":"https:\/\/akunq.net\/turkish\/2010\/08\/27\/ermenistanda-yayimlanan-iravunk-gazetesine-gore-asala-orgutunun-sehitlerinden-biri-ermeni-davasi-savunucusu-oldu\/#breadcrumb","itemListElement":[{"@type":"ListItem","position":1,"name":"Home","item":"https:\/\/akunq.net\/turkish\/"},{"@type":"ListItem","position":2,"name":"Ermenistan\u2019da Yay\u0131mlanan \u201c\u0130ravunk\u201d Gazetesi\u2019ne G\u00f6re ASALA \u00d6rg\u00fct\u00fc\u2019n\u00fcn \u015eehitlerinden Biri, Ermeni Davas\u0131 Savunucusu Oldu"}]},{"@type":"WebSite","@id":"https:\/\/akunq.net\/turkish\/#website","url":"https:\/\/akunq.net\/turkish\/","name":"Bati Ermenistan Ve Bati Ermenileri Sorunlari Ara\u015ftirmalar Merkezi","description":"","potentialAction":[{"@type":"SearchAction","target":{"@type":"EntryPoint","urlTemplate":"https:\/\/akunq.net\/turkish\/?s={search_term_string}"},"query-input":{"@type":"PropertyValueSpecification","valueRequired":true,"valueName":"search_term_string"}}],"inLanguage":"en-US"},{"@type":"Person","@id":"https:\/\/akunq.net\/turkish\/#\/schema\/person\/135e7923d1aeb8887890799619969a6c","name":"kalem","image":{"@type":"ImageObject","inLanguage":"en-US","@id":"https:\/\/secure.gravatar.com\/avatar\/a06875e4b25feb5674296adf8e8a7ae1e587cebce2493fe63c456109967e27d3?s=96&d=mm&r=g","url":"https:\/\/secure.gravatar.com\/avatar\/a06875e4b25feb5674296adf8e8a7ae1e587cebce2493fe63c456109967e27d3?s=96&d=mm&r=g","contentUrl":"https:\/\/secure.gravatar.com\/avatar\/a06875e4b25feb5674296adf8e8a7ae1e587cebce2493fe63c456109967e27d3?s=96&d=mm&r=g","caption":"kalem"},"url":"https:\/\/akunq.net\/turkish\/author\/kalem\/"}]}},"_links":{"self":[{"href":"https:\/\/akunq.net\/turkish\/wp-json\/wp\/v2\/posts\/1710","targetHints":{"allow":["GET"]}}],"collection":[{"href":"https:\/\/akunq.net\/turkish\/wp-json\/wp\/v2\/posts"}],"about":[{"href":"https:\/\/akunq.net\/turkish\/wp-json\/wp\/v2\/types\/post"}],"author":[{"embeddable":true,"href":"https:\/\/akunq.net\/turkish\/wp-json\/wp\/v2\/users\/3"}],"replies":[{"embeddable":true,"href":"https:\/\/akunq.net\/turkish\/wp-json\/wp\/v2\/comments?post=1710"}],"version-history":[{"count":0,"href":"https:\/\/akunq.net\/turkish\/wp-json\/wp\/v2\/posts\/1710\/revisions"}],"wp:attachment":[{"href":"https:\/\/akunq.net\/turkish\/wp-json\/wp\/v2\/media?parent=1710"}],"wp:term":[{"taxonomy":"category","embeddable":true,"href":"https:\/\/akunq.net\/turkish\/wp-json\/wp\/v2\/categories?post=1710"},{"taxonomy":"post_tag","embeddable":true,"href":"https:\/\/akunq.net\/turkish\/wp-json\/wp\/v2\/tags?post=1710"}],"curies":[{"name":"wp","href":"https:\/\/api.w.org\/{rel}","templated":true}]}}