{"id":1708,"date":"2010-08-26T07:14:35","date_gmt":"2010-08-26T12:14:35","guid":{"rendered":"http:\/\/akunq.net\/tr\/?p=1708"},"modified":"2010-08-26T07:14:35","modified_gmt":"2010-08-26T12:14:35","slug":"agri-dagina-30-agustos-zafer-tirmanisi","status":"publish","type":"post","link":"https:\/\/akunq.net\/turkish\/2010\/08\/26\/agri-dagina-30-agustos-zafer-tirmanisi\/","title":{"rendered":"A\u011fr\u0131 Da\u011f\u0131&#8217;na 30 A\u011fustos zafer t\u0131rman\u0131\u015f\u0131"},"content":{"rendered":"<p style=\"text-align: justify\"><strong><em>Kayserili da\u011fc\u0131lar, 30 A\u011fustos Zafer Bayram&#8217;\u0131 nedeniyle A\u011fr\u0131 Da\u011f\u0131&#8217;na zafer t\u0131rman\u0131\u015f\u0131 yapacak.<\/em><\/strong><\/p>\n<p style=\"text-align: justify\">\u00a0Da\u011fc\u0131lar, 30 A\u011fustos Zafer Bayram nedeniyle A\u011fr\u0131 Da\u011f\u0131&#8217;na zafer t\u0131rman\u0131\u015f\u0131 yapacak.T\u00fcrkiye Da\u011fc\u0131l\u0131k Federasyonu Ba\u015fkan\u0131 Alaatin Karaca, AA muhabirine yapt\u0131\u011f\u0131 a\u00e7\u0131klamada, A\u011fr\u0131 Da\u011f\u0131&#8217;na d\u00fczenledikleri 30 A\u011fustos Zafer T\u0131rman\u0131\u015f\u0131&#8217;na 50 dolay\u0131nda da\u011fc\u0131n\u0131n kat\u0131laca\u011f\u0131n\u0131 ve da\u011fc\u0131lar\u0131n 26 A\u011fustos tarihinde I\u011fd\u0131r&#8217;da toplanacaklar\u0131n\u0131 belirterek, \u015fu bilgileri verdi:<\/p>\n<p style=\"text-align: justify\">&#8221;I\u011fd\u0131r&#8217;da toplanan da\u011fc\u0131lar\u0131m\u0131za ge\u00e7en y\u0131l yapt\u0131\u011f\u0131m\u0131z t\u0131rman\u0131\u015f\u0131n g\u00f6r\u00fcnt\u00fcleri e\u015fli\u011finde izlenecek rota ile ilgili teknik bilgi verece\u011fiz. 27 A\u011fustos&#8217;ta I\u011fd\u0131r Atat\u00fcrk An\u0131t\u0131&#8217;na \u00e7elenk sunumu yap\u0131p Korhan Yaylas\u0131&#8217;na hareket edilecek. Buradaki \u00e7ad\u0131rl\u0131 kamp\u0131m\u0131z\u0131 ertesi g\u00fcn 3200 metreye ta\u015f\u0131yaca\u011f\u0131z. 29 A\u011fustos g\u00fcn\u00fc ise A\u011fr\u0131 Da\u011f\u0131&#8217;n\u0131n 4400 metresine 3. \u00e7ad\u0131rl\u0131 kamp\u0131m\u0131z\u0131 kurup, 30 A\u011fustos sabah\u0131 zirveye ula\u015fm\u0131\u015f olaca\u011f\u0131z. Zirvede Cumhuriyetimizin kurucusu Ulu \u00d6nder Atat\u00fcrk ve silah arkada\u015flar\u0131 i\u00e7in sayg\u0131 duru\u015funda bulunup \u0130stiklal Mar\u015f\u0131n\u0131 okuduktan sonra, ayn\u0131 g\u00fcn 3200 metreye yeniden d\u00f6nmeyi planl\u0131yoruz. 31 A\u011fustos&#8217;ta ise A\u011fr\u0131 Da\u011f\u0131 Zafer t\u0131rman\u0131\u015f\u0131 tamamlanm\u0131\u015f olacak.&#8221;<\/p>\n<p style=\"text-align: justify\">Alaattin Karaca, t\u0131rman\u0131\u015f\u0131 I\u011fd\u0131r y\u00f6n\u00fcnden yapacaklar\u0131n\u0131 ve bu t\u0131rman\u0131\u015fa zorluk derecesi y\u00fcksek oldu\u011fu i\u00e7in sadece usta da\u011fc\u0131lar\u0131n kat\u0131labilece\u011fini, kendisinin de kafile ba\u015fkan\u0131 t\u0131rman\u0131\u015fta yer alaca\u011f\u0131n\u0131 s\u00f6yledi.<\/p>\n<p style=\"text-align: justify\">24 A\u011fustos 2010<\/p>\n<p style=\"text-align: justify\"><a href=\"http:\/\/www.internetspor.com\/spor\/kayseri\/agri-dagina-30-agustos-zafer-tirmanisi-40568.html\">http:\/\/www.internetspor.com\/spor\/kayseri\/agri-dagina-30-agustos-zafer-tirmanisi-40568.html<\/a><\/p>\n","protected":false},"excerpt":{"rendered":"<p>Kayserili da\u011fc\u0131lar, 30 A\u011fustos Zafer Bayram&#8217;\u0131 nedeniyle A\u011fr\u0131 Da\u011f\u0131&#8217;na zafer t\u0131rman\u0131\u015f\u0131 yapacak. \u00a0Da\u011fc\u0131lar, 30 A\u011fustos Zafer Bayram nedeniyle A\u011fr\u0131 Da\u011f\u0131&#8217;na zafer t\u0131rman\u0131\u015f\u0131 yapacak.T\u00fcrkiye Da\u011fc\u0131l\u0131k Federasyonu Ba\u015fkan\u0131 Alaatin Karaca, AA muhabirine yapt\u0131\u011f\u0131 a\u00e7\u0131klamada, A\u011fr\u0131 Da\u011f\u0131&#8217;na d\u00fczenledikleri 30 A\u011fustos Zafer T\u0131rman\u0131\u015f\u0131&#8217;na 50 dolay\u0131nda da\u011fc\u0131n\u0131n kat\u0131laca\u011f\u0131n\u0131 ve da\u011fc\u0131lar\u0131n 26 A\u011fustos tarihinde I\u011fd\u0131r&#8217;da toplanacaklar\u0131n\u0131 belirterek, \u015fu bilgileri verdi: &#8221;I\u011fd\u0131r&#8217;da [&hellip;]<\/p>\n","protected":false},"author":3,"featured_media":0,"comment_status":"closed","ping_status":"open","sticky":false,"template":"","format":"standard","meta":{"footnotes":""},"categories":[14],"tags":[],"class_list":["post-1708","post","type-post","status-publish","format-standard","hentry","category-haberler"],"yoast_head":"<!-- This site is optimized with the Yoast SEO plugin v27.4 - https:\/\/yoast.com\/product\/yoast-seo-wordpress\/ -->\n<title>A\u011fr\u0131 Da\u011f\u0131&#039;na 30 A\u011fustos zafer t\u0131rman\u0131\u015f\u0131 - Bati Ermenistan Ve Bati Ermenileri Sorunlari Ara\u015ftirmalar Merkezi<\/title>\n<meta name=\"robots\" content=\"index, follow, max-snippet:-1, max-image-preview:large, max-video-preview:-1\" \/>\n<link rel=\"canonical\" href=\"https:\/\/akunq.net\/turkish\/2010\/08\/26\/agri-dagina-30-agustos-zafer-tirmanisi\/\" \/>\n<meta property=\"og:locale\" content=\"en_US\" \/>\n<meta property=\"og:type\" content=\"article\" \/>\n<meta property=\"og:title\" content=\"A\u011fr\u0131 Da\u011f\u0131&#039;na 30 A\u011fustos zafer t\u0131rman\u0131\u015f\u0131 - Bati Ermenistan Ve Bati Ermenileri Sorunlari Ara\u015ftirmalar Merkezi\" \/>\n<meta property=\"og:description\" content=\"Kayserili da\u011fc\u0131lar, 30 A\u011fustos Zafer Bayram&#8217;\u0131 nedeniyle A\u011fr\u0131 Da\u011f\u0131&#8217;na zafer t\u0131rman\u0131\u015f\u0131 yapacak. \u00a0Da\u011fc\u0131lar, 30 A\u011fustos Zafer Bayram nedeniyle A\u011fr\u0131 Da\u011f\u0131&#8217;na zafer t\u0131rman\u0131\u015f\u0131 yapacak.T\u00fcrkiye Da\u011fc\u0131l\u0131k Federasyonu Ba\u015fkan\u0131 Alaatin Karaca, AA muhabirine yapt\u0131\u011f\u0131 a\u00e7\u0131klamada, A\u011fr\u0131 Da\u011f\u0131&#8217;na d\u00fczenledikleri 30 A\u011fustos Zafer T\u0131rman\u0131\u015f\u0131&#8217;na 50 dolay\u0131nda da\u011fc\u0131n\u0131n kat\u0131laca\u011f\u0131n\u0131 ve da\u011fc\u0131lar\u0131n 26 A\u011fustos tarihinde I\u011fd\u0131r&#8217;da toplanacaklar\u0131n\u0131 belirterek, \u015fu bilgileri verdi: &#8221;I\u011fd\u0131r&#8217;da [&hellip;]\" \/>\n<meta property=\"og:url\" content=\"https:\/\/akunq.net\/turkish\/2010\/08\/26\/agri-dagina-30-agustos-zafer-tirmanisi\/\" \/>\n<meta property=\"og:site_name\" content=\"Bati Ermenistan Ve Bati Ermenileri Sorunlari Ara\u015ftirmalar Merkezi\" \/>\n<meta property=\"article:published_time\" content=\"2010-08-26T12:14:35+00:00\" \/>\n<meta name=\"author\" content=\"kalem\" \/>\n<meta name=\"twitter:card\" content=\"summary_large_image\" \/>\n<meta name=\"twitter:label1\" content=\"Written by\" \/>\n\t<meta name=\"twitter:data1\" content=\"kalem\" \/>\n\t<meta name=\"twitter:label2\" content=\"Est. reading time\" \/>\n\t<meta name=\"twitter:data2\" content=\"1 minute\" \/>\n<script type=\"application\/ld+json\" class=\"yoast-schema-graph\">{\"@context\":\"https:\\\/\\\/schema.org\",\"@graph\":[{\"@type\":\"Article\",\"@id\":\"https:\\\/\\\/akunq.net\\\/turkish\\\/2010\\\/08\\\/26\\\/agri-dagina-30-agustos-zafer-tirmanisi\\\/#article\",\"isPartOf\":{\"@id\":\"https:\\\/\\\/akunq.net\\\/turkish\\\/2010\\\/08\\\/26\\\/agri-dagina-30-agustos-zafer-tirmanisi\\\/\"},\"author\":{\"name\":\"kalem\",\"@id\":\"https:\\\/\\\/akunq.net\\\/turkish\\\/#\\\/schema\\\/person\\\/135e7923d1aeb8887890799619969a6c\"},\"headline\":\"A\u011fr\u0131 Da\u011f\u0131&#8217;na 30 A\u011fustos zafer t\u0131rman\u0131\u015f\u0131\",\"datePublished\":\"2010-08-26T12:14:35+00:00\",\"mainEntityOfPage\":{\"@id\":\"https:\\\/\\\/akunq.net\\\/turkish\\\/2010\\\/08\\\/26\\\/agri-dagina-30-agustos-zafer-tirmanisi\\\/\"},\"wordCount\":288,\"articleSection\":[\"Haberler\"],\"inLanguage\":\"en-US\"},{\"@type\":\"WebPage\",\"@id\":\"https:\\\/\\\/akunq.net\\\/turkish\\\/2010\\\/08\\\/26\\\/agri-dagina-30-agustos-zafer-tirmanisi\\\/\",\"url\":\"https:\\\/\\\/akunq.net\\\/turkish\\\/2010\\\/08\\\/26\\\/agri-dagina-30-agustos-zafer-tirmanisi\\\/\",\"name\":\"A\u011fr\u0131 Da\u011f\u0131'na 30 A\u011fustos zafer t\u0131rman\u0131\u015f\u0131 - Bati Ermenistan Ve Bati Ermenileri Sorunlari Ara\u015ftirmalar Merkezi\",\"isPartOf\":{\"@id\":\"https:\\\/\\\/akunq.net\\\/turkish\\\/#website\"},\"datePublished\":\"2010-08-26T12:14:35+00:00\",\"author\":{\"@id\":\"https:\\\/\\\/akunq.net\\\/turkish\\\/#\\\/schema\\\/person\\\/135e7923d1aeb8887890799619969a6c\"},\"breadcrumb\":{\"@id\":\"https:\\\/\\\/akunq.net\\\/turkish\\\/2010\\\/08\\\/26\\\/agri-dagina-30-agustos-zafer-tirmanisi\\\/#breadcrumb\"},\"inLanguage\":\"en-US\",\"potentialAction\":[{\"@type\":\"ReadAction\",\"target\":[\"https:\\\/\\\/akunq.net\\\/turkish\\\/2010\\\/08\\\/26\\\/agri-dagina-30-agustos-zafer-tirmanisi\\\/\"]}]},{\"@type\":\"BreadcrumbList\",\"@id\":\"https:\\\/\\\/akunq.net\\\/turkish\\\/2010\\\/08\\\/26\\\/agri-dagina-30-agustos-zafer-tirmanisi\\\/#breadcrumb\",\"itemListElement\":[{\"@type\":\"ListItem\",\"position\":1,\"name\":\"Home\",\"item\":\"https:\\\/\\\/akunq.net\\\/turkish\\\/\"},{\"@type\":\"ListItem\",\"position\":2,\"name\":\"A\u011fr\u0131 Da\u011f\u0131&#8217;na 30 A\u011fustos zafer t\u0131rman\u0131\u015f\u0131\"}]},{\"@type\":\"WebSite\",\"@id\":\"https:\\\/\\\/akunq.net\\\/turkish\\\/#website\",\"url\":\"https:\\\/\\\/akunq.net\\\/turkish\\\/\",\"name\":\"Bati Ermenistan Ve Bati Ermenileri Sorunlari Ara\u015ftirmalar Merkezi\",\"description\":\"\",\"potentialAction\":[{\"@type\":\"SearchAction\",\"target\":{\"@type\":\"EntryPoint\",\"urlTemplate\":\"https:\\\/\\\/akunq.net\\\/turkish\\\/?s={search_term_string}\"},\"query-input\":{\"@type\":\"PropertyValueSpecification\",\"valueRequired\":true,\"valueName\":\"search_term_string\"}}],\"inLanguage\":\"en-US\"},{\"@type\":\"Person\",\"@id\":\"https:\\\/\\\/akunq.net\\\/turkish\\\/#\\\/schema\\\/person\\\/135e7923d1aeb8887890799619969a6c\",\"name\":\"kalem\",\"image\":{\"@type\":\"ImageObject\",\"inLanguage\":\"en-US\",\"@id\":\"https:\\\/\\\/secure.gravatar.com\\\/avatar\\\/a06875e4b25feb5674296adf8e8a7ae1e587cebce2493fe63c456109967e27d3?s=96&d=mm&r=g\",\"url\":\"https:\\\/\\\/secure.gravatar.com\\\/avatar\\\/a06875e4b25feb5674296adf8e8a7ae1e587cebce2493fe63c456109967e27d3?s=96&d=mm&r=g\",\"contentUrl\":\"https:\\\/\\\/secure.gravatar.com\\\/avatar\\\/a06875e4b25feb5674296adf8e8a7ae1e587cebce2493fe63c456109967e27d3?s=96&d=mm&r=g\",\"caption\":\"kalem\"},\"url\":\"https:\\\/\\\/akunq.net\\\/turkish\\\/author\\\/kalem\\\/\"}]}<\/script>\n<!-- \/ Yoast SEO plugin. -->","yoast_head_json":{"title":"A\u011fr\u0131 Da\u011f\u0131'na 30 A\u011fustos zafer t\u0131rman\u0131\u015f\u0131 - Bati Ermenistan Ve Bati Ermenileri Sorunlari Ara\u015ftirmalar Merkezi","robots":{"index":"index","follow":"follow","max-snippet":"max-snippet:-1","max-image-preview":"max-image-preview:large","max-video-preview":"max-video-preview:-1"},"canonical":"https:\/\/akunq.net\/turkish\/2010\/08\/26\/agri-dagina-30-agustos-zafer-tirmanisi\/","og_locale":"en_US","og_type":"article","og_title":"A\u011fr\u0131 Da\u011f\u0131'na 30 A\u011fustos zafer t\u0131rman\u0131\u015f\u0131 - Bati Ermenistan Ve Bati Ermenileri Sorunlari Ara\u015ftirmalar Merkezi","og_description":"Kayserili da\u011fc\u0131lar, 30 A\u011fustos Zafer Bayram&#8217;\u0131 nedeniyle A\u011fr\u0131 Da\u011f\u0131&#8217;na zafer t\u0131rman\u0131\u015f\u0131 yapacak. \u00a0Da\u011fc\u0131lar, 30 A\u011fustos Zafer Bayram nedeniyle A\u011fr\u0131 Da\u011f\u0131&#8217;na zafer t\u0131rman\u0131\u015f\u0131 yapacak.T\u00fcrkiye Da\u011fc\u0131l\u0131k Federasyonu Ba\u015fkan\u0131 Alaatin Karaca, AA muhabirine yapt\u0131\u011f\u0131 a\u00e7\u0131klamada, A\u011fr\u0131 Da\u011f\u0131&#8217;na d\u00fczenledikleri 30 A\u011fustos Zafer T\u0131rman\u0131\u015f\u0131&#8217;na 50 dolay\u0131nda da\u011fc\u0131n\u0131n kat\u0131laca\u011f\u0131n\u0131 ve da\u011fc\u0131lar\u0131n 26 A\u011fustos tarihinde I\u011fd\u0131r&#8217;da toplanacaklar\u0131n\u0131 belirterek, \u015fu bilgileri verdi: &#8221;I\u011fd\u0131r&#8217;da [&hellip;]","og_url":"https:\/\/akunq.net\/turkish\/2010\/08\/26\/agri-dagina-30-agustos-zafer-tirmanisi\/","og_site_name":"Bati Ermenistan Ve Bati Ermenileri Sorunlari Ara\u015ftirmalar Merkezi","article_published_time":"2010-08-26T12:14:35+00:00","author":"kalem","twitter_card":"summary_large_image","twitter_misc":{"Written by":"kalem","Est. reading time":"1 minute"},"schema":{"@context":"https:\/\/schema.org","@graph":[{"@type":"Article","@id":"https:\/\/akunq.net\/turkish\/2010\/08\/26\/agri-dagina-30-agustos-zafer-tirmanisi\/#article","isPartOf":{"@id":"https:\/\/akunq.net\/turkish\/2010\/08\/26\/agri-dagina-30-agustos-zafer-tirmanisi\/"},"author":{"name":"kalem","@id":"https:\/\/akunq.net\/turkish\/#\/schema\/person\/135e7923d1aeb8887890799619969a6c"},"headline":"A\u011fr\u0131 Da\u011f\u0131&#8217;na 30 A\u011fustos zafer t\u0131rman\u0131\u015f\u0131","datePublished":"2010-08-26T12:14:35+00:00","mainEntityOfPage":{"@id":"https:\/\/akunq.net\/turkish\/2010\/08\/26\/agri-dagina-30-agustos-zafer-tirmanisi\/"},"wordCount":288,"articleSection":["Haberler"],"inLanguage":"en-US"},{"@type":"WebPage","@id":"https:\/\/akunq.net\/turkish\/2010\/08\/26\/agri-dagina-30-agustos-zafer-tirmanisi\/","url":"https:\/\/akunq.net\/turkish\/2010\/08\/26\/agri-dagina-30-agustos-zafer-tirmanisi\/","name":"A\u011fr\u0131 Da\u011f\u0131'na 30 A\u011fustos zafer t\u0131rman\u0131\u015f\u0131 - Bati Ermenistan Ve Bati Ermenileri Sorunlari Ara\u015ftirmalar Merkezi","isPartOf":{"@id":"https:\/\/akunq.net\/turkish\/#website"},"datePublished":"2010-08-26T12:14:35+00:00","author":{"@id":"https:\/\/akunq.net\/turkish\/#\/schema\/person\/135e7923d1aeb8887890799619969a6c"},"breadcrumb":{"@id":"https:\/\/akunq.net\/turkish\/2010\/08\/26\/agri-dagina-30-agustos-zafer-tirmanisi\/#breadcrumb"},"inLanguage":"en-US","potentialAction":[{"@type":"ReadAction","target":["https:\/\/akunq.net\/turkish\/2010\/08\/26\/agri-dagina-30-agustos-zafer-tirmanisi\/"]}]},{"@type":"BreadcrumbList","@id":"https:\/\/akunq.net\/turkish\/2010\/08\/26\/agri-dagina-30-agustos-zafer-tirmanisi\/#breadcrumb","itemListElement":[{"@type":"ListItem","position":1,"name":"Home","item":"https:\/\/akunq.net\/turkish\/"},{"@type":"ListItem","position":2,"name":"A\u011fr\u0131 Da\u011f\u0131&#8217;na 30 A\u011fustos zafer t\u0131rman\u0131\u015f\u0131"}]},{"@type":"WebSite","@id":"https:\/\/akunq.net\/turkish\/#website","url":"https:\/\/akunq.net\/turkish\/","name":"Bati Ermenistan Ve Bati Ermenileri Sorunlari Ara\u015ftirmalar Merkezi","description":"","potentialAction":[{"@type":"SearchAction","target":{"@type":"EntryPoint","urlTemplate":"https:\/\/akunq.net\/turkish\/?s={search_term_string}"},"query-input":{"@type":"PropertyValueSpecification","valueRequired":true,"valueName":"search_term_string"}}],"inLanguage":"en-US"},{"@type":"Person","@id":"https:\/\/akunq.net\/turkish\/#\/schema\/person\/135e7923d1aeb8887890799619969a6c","name":"kalem","image":{"@type":"ImageObject","inLanguage":"en-US","@id":"https:\/\/secure.gravatar.com\/avatar\/a06875e4b25feb5674296adf8e8a7ae1e587cebce2493fe63c456109967e27d3?s=96&d=mm&r=g","url":"https:\/\/secure.gravatar.com\/avatar\/a06875e4b25feb5674296adf8e8a7ae1e587cebce2493fe63c456109967e27d3?s=96&d=mm&r=g","contentUrl":"https:\/\/secure.gravatar.com\/avatar\/a06875e4b25feb5674296adf8e8a7ae1e587cebce2493fe63c456109967e27d3?s=96&d=mm&r=g","caption":"kalem"},"url":"https:\/\/akunq.net\/turkish\/author\/kalem\/"}]}},"_links":{"self":[{"href":"https:\/\/akunq.net\/turkish\/wp-json\/wp\/v2\/posts\/1708","targetHints":{"allow":["GET"]}}],"collection":[{"href":"https:\/\/akunq.net\/turkish\/wp-json\/wp\/v2\/posts"}],"about":[{"href":"https:\/\/akunq.net\/turkish\/wp-json\/wp\/v2\/types\/post"}],"author":[{"embeddable":true,"href":"https:\/\/akunq.net\/turkish\/wp-json\/wp\/v2\/users\/3"}],"replies":[{"embeddable":true,"href":"https:\/\/akunq.net\/turkish\/wp-json\/wp\/v2\/comments?post=1708"}],"version-history":[{"count":0,"href":"https:\/\/akunq.net\/turkish\/wp-json\/wp\/v2\/posts\/1708\/revisions"}],"wp:attachment":[{"href":"https:\/\/akunq.net\/turkish\/wp-json\/wp\/v2\/media?parent=1708"}],"wp:term":[{"taxonomy":"category","embeddable":true,"href":"https:\/\/akunq.net\/turkish\/wp-json\/wp\/v2\/categories?post=1708"},{"taxonomy":"post_tag","embeddable":true,"href":"https:\/\/akunq.net\/turkish\/wp-json\/wp\/v2\/tags?post=1708"}],"curies":[{"name":"wp","href":"https:\/\/api.w.org\/{rel}","templated":true}]}}