{"id":1693,"date":"2010-08-26T00:36:07","date_gmt":"2010-08-26T05:36:07","guid":{"rendered":"http:\/\/akunq.net\/tr\/?p=1693"},"modified":"2010-08-26T00:36:07","modified_gmt":"2010-08-26T05:36:07","slug":"kafatasciligindan-uzuvtasciligina-vurun-ermenilere","status":"publish","type":"post","link":"https:\/\/akunq.net\/turkish\/2010\/08\/26\/kafatasciligindan-uzuvtasciligina-vurun-ermenilere\/","title":{"rendered":"Kafatas\u00e7\u0131l\u0131\u011f\u0131ndan uzuvtas\u00e7\u0131l\u0131\u011f\u0131na: Vurun Ermenilere!"},"content":{"rendered":"<p style=\"text-align: justify\">Hat\u0131rlar\u0131n\u0131z, 2005 y\u0131l\u0131nda Bo\u011fazi\u00e7i \u00dcniversitesi, 1915 olaylar\u0131n\u0131n ilk defa t\u00fcm \u00e7\u0131plakl\u0131\u011f\u0131yla masaya yat\u0131r\u0131laca\u011f\u0131 bir konferans d\u00fczenlemeye kalk\u0131\u015fm\u0131\u015ft\u0131. O g\u00fcnlerde Adalet Bakan\u0131 olan Cemil \u00c7i\u00e7ek, &#8220;Bizi s\u0131rt\u0131m\u0131zdan han\u00e7erliyorlar&#8221; diyerek organizat\u00f6rleri hedef g\u00f6stermi\u015f, konferans apar topar iptal edilmi\u015fti. Neyse ki Abdullah G\u00fcl araya girdi. Konferans az zaman sonra Bilgi \u00dcniversitesi&#8217;nde yap\u0131ld\u0131. Ve rahmetli Hrant Dink&#8217;in hepimizi da\u011flayan konu\u015fmas\u0131 sayesinde y\u00fcreklerimize kaz\u0131nd\u0131.<\/p>\n<p style=\"text-align: justify\">Bug\u00fcnlerde Ba\u015fbakan Yard\u0131mc\u0131l\u0131\u011f\u0131&#8217;na terfi etmi\u015f bulunan Say\u0131n \u00c7i\u00e7ek&#8217;in Ermeni alerjisi sanki yeniden depre\u015fti. Ermenilerin PKK&#8217;yla birlikte hareket ettiklerine dair bay\u0131lt\u0131c\u0131 iddialar\u0131 ortaya atarken \u015fu s\u00f6zleri sarf etti: &#8220;Ermeni ter\u00f6r\u00fc ile PKK ter\u00f6r\u00fc aras\u0131nda yak\u0131n i\u015fbirli\u011fi var. Zaten, \u00f6z\u00fcr dilerim, bir k\u0131s\u0131m ter\u00f6ristlerin s\u00fcnnetsiz olu\u015fu size \u00e7ok \u015fey ifade ediyor demektir.&#8221;<\/p>\n<p style=\"text-align: justify\">\u00c7i\u00e7ek&#8217;in bu m\u00fcthi\u015f teorisinden yola \u00e7\u0131karsak kim bilir daha neler ke\u015ffederiz neler. Biliyorsunuz, K\u00fcrtler aras\u0131nda sar\u0131\u015f\u0131n ve renkli g\u00f6zl\u00fc olanlar da var. Farz edelim ki &#8220;\u00f6l\u00fc ele ge\u00e7irilen ter\u00f6ristlerin&#8221; aras\u0131nda da sar\u0131\u015f\u0131n s\u00fcnnetlisine rastlad\u0131n\u0131z. Sak\u0131n K\u00fcrt de\u011fil de Amerikal\u0131 olmas\u0131n! Zira istatistiki verilere g\u00f6re Amerikan erkeklerinin \u00f6nemli \u00e7o\u011funlu\u011fu do\u011far do\u011fmaz s\u00fcnnet ediliyor. Belki Say\u0131n \u00c7i\u00e7ek bu konuyu da ara\u015ft\u0131rmak ister.<\/p>\n<p style=\"text-align: justify\">Soy sop uzmanl\u0131\u011f\u0131nda Cemil Bey yaln\u0131z de\u011fil. Bir de Melih Bey&#8217;imiz var. Kemal K\u0131l\u0131\u00e7daro\u011flu&#8217;nun annesinin Ermeni oldu\u011funu her f\u0131rsatta dillendiren Melih G\u00f6k\u00e7ek. Bar\u0131\u015f ve Demokrasi Partisi Lideri Selahattin Demirta\u015f&#8217;\u0131n Cemil \u00c7i\u00e7ek i\u00e7in, &#8220;H\u00fck\u00fcmet s\u00fcnnet\u00e7isi yapal\u0131m, Kandil&#8217;e g\u00f6nderelim&#8221; demi\u015fti. Belki Melih Bey de pansumanc\u0131 olarak ona refakat edebilir.<\/p>\n<p style=\"text-align: justify\">AL B\u0130R\u0130N\u0130 VUR \u00d6TEK\u0130NE<\/p>\n<p style=\"text-align: justify\">K\u0131l\u0131\u00e7daro\u011flu&#8217;na yak\u0131\u015fan ise &#8220;Annem Ermeni&#8217;yse size ne, bununla ancak gurur duyar\u0131m&#8221; demek olurdu. Ama nerede. Ba\u015fbakan&#8217;\u0131n da i\u00e7ine i\u015ftahla dald\u0131\u011f\u0131 soy sop tart\u0131\u015fmas\u0131ndan K\u0131l\u0131\u00e7daro\u011flu da eksik kalmad\u0131. Ba\u015fbakan&#8217;\u0131n \u015feceresi incelense &#8220;neler \u00e7\u0131karm\u0131\u015f neler&#8221; t\u00fcr\u00fcnden laflar sarf etti.<\/p>\n<p style=\"text-align: justify\">T\u00fcm bunlar yetmiyormu\u015f gibi D\u0131\u015fi\u015fleri Bakanl\u0131\u011f\u0131&#8217;n\u0131n Hrant Dink i\u00e7in yapt\u0131\u011f\u0131 savunma skandal\u0131 patlad\u0131.<\/p>\n<p style=\"text-align: justify\">Hrant&#8217;\u0131 Nazilerle kar\u015f\u0131la\u015ft\u0131ran o ucube metin. Avrupa \u0130nsan Haklar\u0131 Mahkemesi (A\u0130HM) savunmay\u0131 kenara itipT\u00fcrkiye&#8217;ye mahk\u00fbmiyet karar\u0131 verdi. Ama bu, Dink ailesinin ac\u0131s\u0131n\u0131 ne kadar hafifletmi\u015ftir bilmem. Ajanslarda ge\u00e7en son haberlere g\u00f6re Ba\u015fbakanl\u0131k, Hrant&#8217;\u0131n \u00f6l\u00fcm\u00fcndeki ihmaller zincirinde M\u0130T sorumlulu\u011funun ara\u015ft\u0131r\u0131lmas\u0131na &#8220;Hay\u0131r&#8221; demi\u015f. Hrant katledileli d\u00f6rt y\u0131l oldu. Ger\u00e7ek faillerin bulunmas\u0131nda arpa boyu kadar yol al\u0131nmad\u0131. Davay\u0131 yak\u0131ndan izleyen kaynaklar, Hrant Dink duru\u015fmalar\u0131n\u0131n tehlikeye girdi\u011fini, birka\u00e7 duru\u015fma sonras\u0131 dosyan\u0131n karara ba\u011flanaca\u011f\u0131n\u0131 \u00f6ne s\u00fcr\u00fcyorlar. Gerek\u00e7e olarak da mahkemenin m\u00fctalaa verilmesi y\u00f6n\u00fcnde dosyay\u0131 savc\u0131l\u0131\u011fa g\u00f6ndermesini g\u00f6steriyorlar.<\/p>\n<p style=\"text-align: justify\">DAVUTO\u011eLU DUYARLILI\u011eI<\/p>\n<p style=\"text-align: justify\">Ge\u00e7ti\u011fimiz g\u00fcnlerde bir grup gazeteciyi iftar sohbetine \u00e7a\u011f\u0131ran D\u0131\u015fi\u015fleri Bakan\u0131 Ahmet Davuto\u011flu, biraz olsun g\u00f6n\u00fcllerimizi ferahlatt\u0131. Dink i\u00e7in verilen savunmay\u0131 g\u00f6rmedi\u011finin alt\u0131n\u0131 \u00e7izen Davuto\u011flu, olaydan duydu\u011fu derin rahats\u0131zl\u0131\u011f\u0131 bizlerle payla\u015ft\u0131. &#8220;Hrant Dink&#8217;i hepimiz sahiplenmemiz laz\u0131m&#8221; diyor Davuto\u011flu. E\u011fer A\u0130HM karar\u0131n\u0131 a\u00e7\u0131klamam\u0131\u015f olsayd\u0131, b\u00fcy\u00fck ihtimalle savunma geri \u00e7ekilecekti. Davuto\u011flu&#8217;na g\u00f6re metnin nas\u0131l olu\u015ftu\u011funa dair \u00e7ok y\u00f6nl\u00fc bir ara\u015ft\u0131rma yap\u0131lacak. Olay hay\u0131ra da vesile olmu\u015f ki bakanl\u0131kta &#8220;Uluslararas\u0131 Hukuk Genel M\u00fcd\u00fcrl\u00fc\u011f\u00fc&#8221; kuruluyor. Bizde bu zihniyet de\u011fi\u015fmedik\u00e7e yeni m\u00fcd\u00fcrl\u00fck 24 saat \u00e7al\u0131\u015faca\u011fa benzer.<\/p>\n<p style=\"text-align: justify\"><strong>Kaynak:<\/strong> haberturk.com<br \/>\n<strong>Tarih:<\/strong> 24.8.2010<\/p>\n<p style=\"text-align: justify\"><strong>Amberin Zaman<br \/>\n<\/strong>azaman@htgazete.com.tr<\/p>\n","protected":false},"excerpt":{"rendered":"<p>Hat\u0131rlar\u0131n\u0131z, 2005 y\u0131l\u0131nda Bo\u011fazi\u00e7i \u00dcniversitesi, 1915 olaylar\u0131n\u0131n ilk defa t\u00fcm \u00e7\u0131plakl\u0131\u011f\u0131yla masaya yat\u0131r\u0131laca\u011f\u0131 bir konferans d\u00fczenlemeye kalk\u0131\u015fm\u0131\u015ft\u0131. O g\u00fcnlerde Adalet Bakan\u0131 olan Cemil \u00c7i\u00e7ek, &#8220;Bizi s\u0131rt\u0131m\u0131zdan han\u00e7erliyorlar&#8221; diyerek organizat\u00f6rleri hedef g\u00f6stermi\u015f, konferans apar topar iptal edilmi\u015fti. Neyse ki Abdullah G\u00fcl araya girdi. Konferans az zaman sonra Bilgi \u00dcniversitesi&#8217;nde yap\u0131ld\u0131. Ve rahmetli Hrant Dink&#8217;in hepimizi da\u011flayan [&hellip;]<\/p>\n","protected":false},"author":3,"featured_media":0,"comment_status":"closed","ping_status":"open","sticky":false,"template":"","format":"standard","meta":{"footnotes":""},"categories":[14],"tags":[],"class_list":["post-1693","post","type-post","status-publish","format-standard","hentry","category-haberler"],"yoast_head":"<!-- This site is optimized with the Yoast SEO plugin v27.4 - https:\/\/yoast.com\/product\/yoast-seo-wordpress\/ -->\n<title>Kafatas\u00e7\u0131l\u0131\u011f\u0131ndan uzuvtas\u00e7\u0131l\u0131\u011f\u0131na: Vurun Ermenilere! - Bati Ermenistan Ve Bati Ermenileri Sorunlari Ara\u015ftirmalar Merkezi<\/title>\n<meta name=\"robots\" content=\"index, follow, max-snippet:-1, max-image-preview:large, max-video-preview:-1\" \/>\n<link rel=\"canonical\" href=\"https:\/\/akunq.net\/turkish\/2010\/08\/26\/kafatasciligindan-uzuvtasciligina-vurun-ermenilere\/\" \/>\n<meta property=\"og:locale\" content=\"en_US\" \/>\n<meta property=\"og:type\" content=\"article\" \/>\n<meta property=\"og:title\" content=\"Kafatas\u00e7\u0131l\u0131\u011f\u0131ndan uzuvtas\u00e7\u0131l\u0131\u011f\u0131na: Vurun Ermenilere! - Bati Ermenistan Ve Bati Ermenileri Sorunlari Ara\u015ftirmalar Merkezi\" \/>\n<meta property=\"og:description\" content=\"Hat\u0131rlar\u0131n\u0131z, 2005 y\u0131l\u0131nda Bo\u011fazi\u00e7i \u00dcniversitesi, 1915 olaylar\u0131n\u0131n ilk defa t\u00fcm \u00e7\u0131plakl\u0131\u011f\u0131yla masaya yat\u0131r\u0131laca\u011f\u0131 bir konferans d\u00fczenlemeye kalk\u0131\u015fm\u0131\u015ft\u0131. O g\u00fcnlerde Adalet Bakan\u0131 olan Cemil \u00c7i\u00e7ek, &#8220;Bizi s\u0131rt\u0131m\u0131zdan han\u00e7erliyorlar&#8221; diyerek organizat\u00f6rleri hedef g\u00f6stermi\u015f, konferans apar topar iptal edilmi\u015fti. Neyse ki Abdullah G\u00fcl araya girdi. Konferans az zaman sonra Bilgi \u00dcniversitesi&#8217;nde yap\u0131ld\u0131. Ve rahmetli Hrant Dink&#8217;in hepimizi da\u011flayan [&hellip;]\" \/>\n<meta property=\"og:url\" content=\"https:\/\/akunq.net\/turkish\/2010\/08\/26\/kafatasciligindan-uzuvtasciligina-vurun-ermenilere\/\" \/>\n<meta property=\"og:site_name\" content=\"Bati Ermenistan Ve Bati Ermenileri Sorunlari Ara\u015ftirmalar Merkezi\" \/>\n<meta property=\"article:published_time\" content=\"2010-08-26T05:36:07+00:00\" \/>\n<meta name=\"author\" content=\"kalem\" \/>\n<meta name=\"twitter:card\" content=\"summary_large_image\" \/>\n<meta name=\"twitter:label1\" content=\"Written by\" \/>\n\t<meta name=\"twitter:data1\" content=\"kalem\" \/>\n\t<meta name=\"twitter:label2\" content=\"Est. reading time\" \/>\n\t<meta name=\"twitter:data2\" content=\"3 minutes\" \/>\n<script type=\"application\/ld+json\" class=\"yoast-schema-graph\">{\"@context\":\"https:\\\/\\\/schema.org\",\"@graph\":[{\"@type\":\"Article\",\"@id\":\"https:\\\/\\\/akunq.net\\\/turkish\\\/2010\\\/08\\\/26\\\/kafatasciligindan-uzuvtasciligina-vurun-ermenilere\\\/#article\",\"isPartOf\":{\"@id\":\"https:\\\/\\\/akunq.net\\\/turkish\\\/2010\\\/08\\\/26\\\/kafatasciligindan-uzuvtasciligina-vurun-ermenilere\\\/\"},\"author\":{\"name\":\"kalem\",\"@id\":\"https:\\\/\\\/akunq.net\\\/turkish\\\/#\\\/schema\\\/person\\\/135e7923d1aeb8887890799619969a6c\"},\"headline\":\"Kafatas\u00e7\u0131l\u0131\u011f\u0131ndan uzuvtas\u00e7\u0131l\u0131\u011f\u0131na: Vurun Ermenilere!\",\"datePublished\":\"2010-08-26T05:36:07+00:00\",\"mainEntityOfPage\":{\"@id\":\"https:\\\/\\\/akunq.net\\\/turkish\\\/2010\\\/08\\\/26\\\/kafatasciligindan-uzuvtasciligina-vurun-ermenilere\\\/\"},\"wordCount\":674,\"articleSection\":[\"Haberler\"],\"inLanguage\":\"en-US\"},{\"@type\":\"WebPage\",\"@id\":\"https:\\\/\\\/akunq.net\\\/turkish\\\/2010\\\/08\\\/26\\\/kafatasciligindan-uzuvtasciligina-vurun-ermenilere\\\/\",\"url\":\"https:\\\/\\\/akunq.net\\\/turkish\\\/2010\\\/08\\\/26\\\/kafatasciligindan-uzuvtasciligina-vurun-ermenilere\\\/\",\"name\":\"Kafatas\u00e7\u0131l\u0131\u011f\u0131ndan uzuvtas\u00e7\u0131l\u0131\u011f\u0131na: Vurun Ermenilere! - Bati Ermenistan Ve Bati Ermenileri Sorunlari Ara\u015ftirmalar Merkezi\",\"isPartOf\":{\"@id\":\"https:\\\/\\\/akunq.net\\\/turkish\\\/#website\"},\"datePublished\":\"2010-08-26T05:36:07+00:00\",\"author\":{\"@id\":\"https:\\\/\\\/akunq.net\\\/turkish\\\/#\\\/schema\\\/person\\\/135e7923d1aeb8887890799619969a6c\"},\"breadcrumb\":{\"@id\":\"https:\\\/\\\/akunq.net\\\/turkish\\\/2010\\\/08\\\/26\\\/kafatasciligindan-uzuvtasciligina-vurun-ermenilere\\\/#breadcrumb\"},\"inLanguage\":\"en-US\",\"potentialAction\":[{\"@type\":\"ReadAction\",\"target\":[\"https:\\\/\\\/akunq.net\\\/turkish\\\/2010\\\/08\\\/26\\\/kafatasciligindan-uzuvtasciligina-vurun-ermenilere\\\/\"]}]},{\"@type\":\"BreadcrumbList\",\"@id\":\"https:\\\/\\\/akunq.net\\\/turkish\\\/2010\\\/08\\\/26\\\/kafatasciligindan-uzuvtasciligina-vurun-ermenilere\\\/#breadcrumb\",\"itemListElement\":[{\"@type\":\"ListItem\",\"position\":1,\"name\":\"Home\",\"item\":\"https:\\\/\\\/akunq.net\\\/turkish\\\/\"},{\"@type\":\"ListItem\",\"position\":2,\"name\":\"Kafatas\u00e7\u0131l\u0131\u011f\u0131ndan uzuvtas\u00e7\u0131l\u0131\u011f\u0131na: Vurun Ermenilere!\"}]},{\"@type\":\"WebSite\",\"@id\":\"https:\\\/\\\/akunq.net\\\/turkish\\\/#website\",\"url\":\"https:\\\/\\\/akunq.net\\\/turkish\\\/\",\"name\":\"Bati Ermenistan Ve Bati Ermenileri Sorunlari Ara\u015ftirmalar Merkezi\",\"description\":\"\",\"potentialAction\":[{\"@type\":\"SearchAction\",\"target\":{\"@type\":\"EntryPoint\",\"urlTemplate\":\"https:\\\/\\\/akunq.net\\\/turkish\\\/?s={search_term_string}\"},\"query-input\":{\"@type\":\"PropertyValueSpecification\",\"valueRequired\":true,\"valueName\":\"search_term_string\"}}],\"inLanguage\":\"en-US\"},{\"@type\":\"Person\",\"@id\":\"https:\\\/\\\/akunq.net\\\/turkish\\\/#\\\/schema\\\/person\\\/135e7923d1aeb8887890799619969a6c\",\"name\":\"kalem\",\"image\":{\"@type\":\"ImageObject\",\"inLanguage\":\"en-US\",\"@id\":\"https:\\\/\\\/secure.gravatar.com\\\/avatar\\\/a06875e4b25feb5674296adf8e8a7ae1e587cebce2493fe63c456109967e27d3?s=96&d=mm&r=g\",\"url\":\"https:\\\/\\\/secure.gravatar.com\\\/avatar\\\/a06875e4b25feb5674296adf8e8a7ae1e587cebce2493fe63c456109967e27d3?s=96&d=mm&r=g\",\"contentUrl\":\"https:\\\/\\\/secure.gravatar.com\\\/avatar\\\/a06875e4b25feb5674296adf8e8a7ae1e587cebce2493fe63c456109967e27d3?s=96&d=mm&r=g\",\"caption\":\"kalem\"},\"url\":\"https:\\\/\\\/akunq.net\\\/turkish\\\/author\\\/kalem\\\/\"}]}<\/script>\n<!-- \/ Yoast SEO plugin. -->","yoast_head_json":{"title":"Kafatas\u00e7\u0131l\u0131\u011f\u0131ndan uzuvtas\u00e7\u0131l\u0131\u011f\u0131na: Vurun Ermenilere! - Bati Ermenistan Ve Bati Ermenileri Sorunlari Ara\u015ftirmalar Merkezi","robots":{"index":"index","follow":"follow","max-snippet":"max-snippet:-1","max-image-preview":"max-image-preview:large","max-video-preview":"max-video-preview:-1"},"canonical":"https:\/\/akunq.net\/turkish\/2010\/08\/26\/kafatasciligindan-uzuvtasciligina-vurun-ermenilere\/","og_locale":"en_US","og_type":"article","og_title":"Kafatas\u00e7\u0131l\u0131\u011f\u0131ndan uzuvtas\u00e7\u0131l\u0131\u011f\u0131na: Vurun Ermenilere! - Bati Ermenistan Ve Bati Ermenileri Sorunlari Ara\u015ftirmalar Merkezi","og_description":"Hat\u0131rlar\u0131n\u0131z, 2005 y\u0131l\u0131nda Bo\u011fazi\u00e7i \u00dcniversitesi, 1915 olaylar\u0131n\u0131n ilk defa t\u00fcm \u00e7\u0131plakl\u0131\u011f\u0131yla masaya yat\u0131r\u0131laca\u011f\u0131 bir konferans d\u00fczenlemeye kalk\u0131\u015fm\u0131\u015ft\u0131. O g\u00fcnlerde Adalet Bakan\u0131 olan Cemil \u00c7i\u00e7ek, &#8220;Bizi s\u0131rt\u0131m\u0131zdan han\u00e7erliyorlar&#8221; diyerek organizat\u00f6rleri hedef g\u00f6stermi\u015f, konferans apar topar iptal edilmi\u015fti. Neyse ki Abdullah G\u00fcl araya girdi. Konferans az zaman sonra Bilgi \u00dcniversitesi&#8217;nde yap\u0131ld\u0131. Ve rahmetli Hrant Dink&#8217;in hepimizi da\u011flayan [&hellip;]","og_url":"https:\/\/akunq.net\/turkish\/2010\/08\/26\/kafatasciligindan-uzuvtasciligina-vurun-ermenilere\/","og_site_name":"Bati Ermenistan Ve Bati Ermenileri Sorunlari Ara\u015ftirmalar Merkezi","article_published_time":"2010-08-26T05:36:07+00:00","author":"kalem","twitter_card":"summary_large_image","twitter_misc":{"Written by":"kalem","Est. reading time":"3 minutes"},"schema":{"@context":"https:\/\/schema.org","@graph":[{"@type":"Article","@id":"https:\/\/akunq.net\/turkish\/2010\/08\/26\/kafatasciligindan-uzuvtasciligina-vurun-ermenilere\/#article","isPartOf":{"@id":"https:\/\/akunq.net\/turkish\/2010\/08\/26\/kafatasciligindan-uzuvtasciligina-vurun-ermenilere\/"},"author":{"name":"kalem","@id":"https:\/\/akunq.net\/turkish\/#\/schema\/person\/135e7923d1aeb8887890799619969a6c"},"headline":"Kafatas\u00e7\u0131l\u0131\u011f\u0131ndan uzuvtas\u00e7\u0131l\u0131\u011f\u0131na: Vurun Ermenilere!","datePublished":"2010-08-26T05:36:07+00:00","mainEntityOfPage":{"@id":"https:\/\/akunq.net\/turkish\/2010\/08\/26\/kafatasciligindan-uzuvtasciligina-vurun-ermenilere\/"},"wordCount":674,"articleSection":["Haberler"],"inLanguage":"en-US"},{"@type":"WebPage","@id":"https:\/\/akunq.net\/turkish\/2010\/08\/26\/kafatasciligindan-uzuvtasciligina-vurun-ermenilere\/","url":"https:\/\/akunq.net\/turkish\/2010\/08\/26\/kafatasciligindan-uzuvtasciligina-vurun-ermenilere\/","name":"Kafatas\u00e7\u0131l\u0131\u011f\u0131ndan uzuvtas\u00e7\u0131l\u0131\u011f\u0131na: Vurun Ermenilere! - Bati Ermenistan Ve Bati Ermenileri Sorunlari Ara\u015ftirmalar Merkezi","isPartOf":{"@id":"https:\/\/akunq.net\/turkish\/#website"},"datePublished":"2010-08-26T05:36:07+00:00","author":{"@id":"https:\/\/akunq.net\/turkish\/#\/schema\/person\/135e7923d1aeb8887890799619969a6c"},"breadcrumb":{"@id":"https:\/\/akunq.net\/turkish\/2010\/08\/26\/kafatasciligindan-uzuvtasciligina-vurun-ermenilere\/#breadcrumb"},"inLanguage":"en-US","potentialAction":[{"@type":"ReadAction","target":["https:\/\/akunq.net\/turkish\/2010\/08\/26\/kafatasciligindan-uzuvtasciligina-vurun-ermenilere\/"]}]},{"@type":"BreadcrumbList","@id":"https:\/\/akunq.net\/turkish\/2010\/08\/26\/kafatasciligindan-uzuvtasciligina-vurun-ermenilere\/#breadcrumb","itemListElement":[{"@type":"ListItem","position":1,"name":"Home","item":"https:\/\/akunq.net\/turkish\/"},{"@type":"ListItem","position":2,"name":"Kafatas\u00e7\u0131l\u0131\u011f\u0131ndan uzuvtas\u00e7\u0131l\u0131\u011f\u0131na: Vurun Ermenilere!"}]},{"@type":"WebSite","@id":"https:\/\/akunq.net\/turkish\/#website","url":"https:\/\/akunq.net\/turkish\/","name":"Bati Ermenistan Ve Bati Ermenileri Sorunlari Ara\u015ftirmalar Merkezi","description":"","potentialAction":[{"@type":"SearchAction","target":{"@type":"EntryPoint","urlTemplate":"https:\/\/akunq.net\/turkish\/?s={search_term_string}"},"query-input":{"@type":"PropertyValueSpecification","valueRequired":true,"valueName":"search_term_string"}}],"inLanguage":"en-US"},{"@type":"Person","@id":"https:\/\/akunq.net\/turkish\/#\/schema\/person\/135e7923d1aeb8887890799619969a6c","name":"kalem","image":{"@type":"ImageObject","inLanguage":"en-US","@id":"https:\/\/secure.gravatar.com\/avatar\/a06875e4b25feb5674296adf8e8a7ae1e587cebce2493fe63c456109967e27d3?s=96&d=mm&r=g","url":"https:\/\/secure.gravatar.com\/avatar\/a06875e4b25feb5674296adf8e8a7ae1e587cebce2493fe63c456109967e27d3?s=96&d=mm&r=g","contentUrl":"https:\/\/secure.gravatar.com\/avatar\/a06875e4b25feb5674296adf8e8a7ae1e587cebce2493fe63c456109967e27d3?s=96&d=mm&r=g","caption":"kalem"},"url":"https:\/\/akunq.net\/turkish\/author\/kalem\/"}]}},"_links":{"self":[{"href":"https:\/\/akunq.net\/turkish\/wp-json\/wp\/v2\/posts\/1693","targetHints":{"allow":["GET"]}}],"collection":[{"href":"https:\/\/akunq.net\/turkish\/wp-json\/wp\/v2\/posts"}],"about":[{"href":"https:\/\/akunq.net\/turkish\/wp-json\/wp\/v2\/types\/post"}],"author":[{"embeddable":true,"href":"https:\/\/akunq.net\/turkish\/wp-json\/wp\/v2\/users\/3"}],"replies":[{"embeddable":true,"href":"https:\/\/akunq.net\/turkish\/wp-json\/wp\/v2\/comments?post=1693"}],"version-history":[{"count":0,"href":"https:\/\/akunq.net\/turkish\/wp-json\/wp\/v2\/posts\/1693\/revisions"}],"wp:attachment":[{"href":"https:\/\/akunq.net\/turkish\/wp-json\/wp\/v2\/media?parent=1693"}],"wp:term":[{"taxonomy":"category","embeddable":true,"href":"https:\/\/akunq.net\/turkish\/wp-json\/wp\/v2\/categories?post=1693"},{"taxonomy":"post_tag","embeddable":true,"href":"https:\/\/akunq.net\/turkish\/wp-json\/wp\/v2\/tags?post=1693"}],"curies":[{"name":"wp","href":"https:\/\/api.w.org\/{rel}","templated":true}]}}