{"id":1687,"date":"2010-08-25T01:56:16","date_gmt":"2010-08-25T06:56:16","guid":{"rendered":"http:\/\/akunq.net\/tr\/?p=1687"},"modified":"2010-08-25T01:56:16","modified_gmt":"2010-08-25T06:56:16","slug":"turizmciler-van-turizm-cenneti-olabilir-van-haberleri","status":"publish","type":"post","link":"https:\/\/akunq.net\/turkish\/2010\/08\/25\/turizmciler-van-turizm-cenneti-olabilir-van-haberleri\/","title":{"rendered":"TUR\u0130ZMC\u0130LER: VAN, TUR\u0130ZM CENNET\u0130 OLAB\u0130L\u0130R &#8211; VAN HABERLER\u0130"},"content":{"rendered":"<p style=\"text-align: justify\"><strong><em>Van&#8217;da bulunan tarihi ve k\u00fclt\u00fcrel yap\u0131lar\u0131n \u00e7oklu\u011fu, Van&#8217;\u0131n inan\u00e7 ve k\u00fclt\u00fcr turizmi merkezi olabilmesi i\u00e7in yeterli. Turizmin daha \u00e7ok geli\u015febilmesi ve turistlerin Van&#8217;a gelebilmesi i\u00e7in de bu yerlerin restore edilmesi ve halka a\u00e7\u0131k olmas\u0131 gerekiyor. <\/em><\/strong><\/p>\n<p style=\"text-align: justify\">Van&#8217;\u0131n inan\u00e7 ve k\u00fclt\u00fcr turizm konusunda ata\u011fa ge\u00e7mesi gerekti\u011fini belirten T\u00fcrkiye Seyahat Acenteleri Birli\u011fi (T\u00dcRSAB) Van B\u00f6lgesel Y\u00fcr\u00fctme Kurulu Y\u00f6netim Kurulu Ba\u015fkan\u0131 Abdullah Tun\u00e7demir, &#8220;B\u00f6lgemizin kalk\u0131nmas\u0131n\u0131n tek yolu inan\u00e7 ve k\u00fclt\u00fcr turizmine ba\u011fl\u0131d\u0131r. \u0130limizde de hem Ermenilere ait tarihi yerler mevcut, hem de Urartular d\u00f6nemine ait tarihi yerler. Biz bu yerleri restore edersek, koruyup, temiz tutarsak, ayr\u0131ca mevcut yerleri de turizmin hizmetine a\u00e7arsak b\u00f6lgemizde inan\u00e7 ve k\u00fclt\u00fcr turizmde patlama ya\u015fan\u0131r&#8221; dedi.<\/p>\n<p style=\"text-align: justify\">Tun\u00e7demir konu\u015fmas\u0131n\u0131n devam\u0131nda; &#8220;Van&#8217;\u0131n Ba\u015fkale il\u00e7esinde bulunan ve Ermeniler i\u00e7in b\u00fcy\u00fck \u00f6nem ta\u015f\u0131yan 12 Havariler, Geva\u015f il\u00e7esinin Narik k\u00f6y\u00fcnde bulunan Ermeni azizlerin mezarlar\u0131 ve ayr\u0131ca Akdamar Adas\u0131, Ermenilerin b\u00fcy\u00fck \u00f6nem verdi\u011fi yerlerdir. Bunlar\u0131 Ermenilerin hizmetine a\u00e7mal\u0131y\u0131z. Bunun yan\u0131nda yine ilimizde bulunan Urartular d\u00f6neminde ve Urartular\u0131n b\u00fcy\u00fck \u00f6nem verdi\u011fi kaleleri restore edersek, b\u00f6lgenin turizmi canlan\u0131r. Bunlar\u0131n yan\u0131nda di\u011fer \u00f6zeliklerimizi de iyi pazarlayabilirsek, Van turizm cenneti olma yollunda b\u00fcy\u00fck bir mesafe alm\u0131\u015f olur&#8221; ifadelerini kulland\u0131.<\/p>\n<p style=\"text-align: justify\"><strong>B\u00dcY\u00dcK B\u0130R M\u00dcZEYE \u0130HT\u0130YA\u00c7 VAR<\/strong><\/p>\n<p style=\"text-align: justify\">Urartulara d\u00f6neminde bulunan eserlerin sergilenebilmesi i\u00e7in ise b\u00fcy\u00fck bir m\u00fczeye ihtiya\u00e7 duyuldu\u011funu ifade eden Tun\u00e7demir, &#8220;\u0130limizde mevcut olan m\u00fczede Urartular d\u00f6neminde bulunan on binlerce eser mevcut, bu eserlerin b\u00fcy\u00fck bir \u00e7o\u011funlu\u011fu sergilenmiyor. Depolarda \u00e7\u00fcr\u00fcyor. Bu eserlerin sergilenebilmesi i\u00e7in ilimize b\u00fcy\u00fck bir m\u00fczenin yap\u0131lmas\u0131 gerekiyor. Bunun i\u00e7inde yetkililerin bir an \u00f6nce harekete ge\u00e7mesi gerekiyor&#8221; \u015feklinde konu\u015ftu.<\/p>\n<p style=\"text-align: justify\"><a href=\"http:\/\/www.gazetevan.com\/VAN-HABER\/5513-Turizmciler_-Van-turizm-cenneti-olabilir---VAN-HABERLERI.html\">http:\/\/www.gazetevan.com\/VAN-HABER\/5513-Turizmciler_-Van-turizm-cenneti-olabilir&#8212;VAN-HABERLERI.html<\/a><\/p>\n<p style=\"text-align: justify\">24.08.2010<\/p>\n","protected":false},"excerpt":{"rendered":"<p>Van&#8217;da bulunan tarihi ve k\u00fclt\u00fcrel yap\u0131lar\u0131n \u00e7oklu\u011fu, Van&#8217;\u0131n inan\u00e7 ve k\u00fclt\u00fcr turizmi merkezi olabilmesi i\u00e7in yeterli. Turizmin daha \u00e7ok geli\u015febilmesi ve turistlerin Van&#8217;a gelebilmesi i\u00e7in de bu yerlerin restore edilmesi ve halka a\u00e7\u0131k olmas\u0131 gerekiyor. Van&#8217;\u0131n inan\u00e7 ve k\u00fclt\u00fcr turizm konusunda ata\u011fa ge\u00e7mesi gerekti\u011fini belirten T\u00fcrkiye Seyahat Acenteleri Birli\u011fi (T\u00dcRSAB) Van B\u00f6lgesel Y\u00fcr\u00fctme Kurulu Y\u00f6netim [&hellip;]<\/p>\n","protected":false},"author":3,"featured_media":0,"comment_status":"closed","ping_status":"open","sticky":false,"template":"","format":"standard","meta":{"footnotes":""},"categories":[14],"tags":[],"class_list":["post-1687","post","type-post","status-publish","format-standard","hentry","category-haberler"],"yoast_head":"<!-- This site is optimized with the Yoast SEO plugin v27.4 - https:\/\/yoast.com\/product\/yoast-seo-wordpress\/ -->\n<title>TUR\u0130ZMC\u0130LER: VAN, TUR\u0130ZM CENNET\u0130 OLAB\u0130L\u0130R - VAN HABERLER\u0130 - Bati Ermenistan Ve Bati Ermenileri Sorunlari Ara\u015ftirmalar Merkezi<\/title>\n<meta name=\"robots\" content=\"index, follow, max-snippet:-1, max-image-preview:large, max-video-preview:-1\" \/>\n<link rel=\"canonical\" href=\"https:\/\/akunq.net\/turkish\/2010\/08\/25\/turizmciler-van-turizm-cenneti-olabilir-van-haberleri\/\" \/>\n<meta property=\"og:locale\" content=\"en_US\" \/>\n<meta property=\"og:type\" content=\"article\" \/>\n<meta property=\"og:title\" content=\"TUR\u0130ZMC\u0130LER: VAN, TUR\u0130ZM CENNET\u0130 OLAB\u0130L\u0130R - VAN HABERLER\u0130 - Bati Ermenistan Ve Bati Ermenileri Sorunlari Ara\u015ftirmalar Merkezi\" \/>\n<meta property=\"og:description\" content=\"Van&#8217;da bulunan tarihi ve k\u00fclt\u00fcrel yap\u0131lar\u0131n \u00e7oklu\u011fu, Van&#8217;\u0131n inan\u00e7 ve k\u00fclt\u00fcr turizmi merkezi olabilmesi i\u00e7in yeterli. Turizmin daha \u00e7ok geli\u015febilmesi ve turistlerin Van&#8217;a gelebilmesi i\u00e7in de bu yerlerin restore edilmesi ve halka a\u00e7\u0131k olmas\u0131 gerekiyor. Van&#8217;\u0131n inan\u00e7 ve k\u00fclt\u00fcr turizm konusunda ata\u011fa ge\u00e7mesi gerekti\u011fini belirten T\u00fcrkiye Seyahat Acenteleri Birli\u011fi (T\u00dcRSAB) Van B\u00f6lgesel Y\u00fcr\u00fctme Kurulu Y\u00f6netim [&hellip;]\" \/>\n<meta property=\"og:url\" content=\"https:\/\/akunq.net\/turkish\/2010\/08\/25\/turizmciler-van-turizm-cenneti-olabilir-van-haberleri\/\" \/>\n<meta property=\"og:site_name\" content=\"Bati Ermenistan Ve Bati Ermenileri Sorunlari Ara\u015ftirmalar Merkezi\" \/>\n<meta property=\"article:published_time\" content=\"2010-08-25T06:56:16+00:00\" \/>\n<meta name=\"author\" content=\"kalem\" \/>\n<meta name=\"twitter:card\" content=\"summary_large_image\" \/>\n<meta name=\"twitter:label1\" content=\"Written by\" \/>\n\t<meta name=\"twitter:data1\" content=\"kalem\" \/>\n\t<meta name=\"twitter:label2\" content=\"Est. reading time\" \/>\n\t<meta name=\"twitter:data2\" content=\"2 minutes\" \/>\n<script type=\"application\/ld+json\" class=\"yoast-schema-graph\">{\"@context\":\"https:\\\/\\\/schema.org\",\"@graph\":[{\"@type\":\"Article\",\"@id\":\"https:\\\/\\\/akunq.net\\\/turkish\\\/2010\\\/08\\\/25\\\/turizmciler-van-turizm-cenneti-olabilir-van-haberleri\\\/#article\",\"isPartOf\":{\"@id\":\"https:\\\/\\\/akunq.net\\\/turkish\\\/2010\\\/08\\\/25\\\/turizmciler-van-turizm-cenneti-olabilir-van-haberleri\\\/\"},\"author\":{\"name\":\"kalem\",\"@id\":\"https:\\\/\\\/akunq.net\\\/turkish\\\/#\\\/schema\\\/person\\\/135e7923d1aeb8887890799619969a6c\"},\"headline\":\"TUR\u0130ZMC\u0130LER: VAN, TUR\u0130ZM CENNET\u0130 OLAB\u0130L\u0130R &#8211; VAN HABERLER\u0130\",\"datePublished\":\"2010-08-25T06:56:16+00:00\",\"mainEntityOfPage\":{\"@id\":\"https:\\\/\\\/akunq.net\\\/turkish\\\/2010\\\/08\\\/25\\\/turizmciler-van-turizm-cenneti-olabilir-van-haberleri\\\/\"},\"wordCount\":365,\"articleSection\":[\"Haberler\"],\"inLanguage\":\"en-US\"},{\"@type\":\"WebPage\",\"@id\":\"https:\\\/\\\/akunq.net\\\/turkish\\\/2010\\\/08\\\/25\\\/turizmciler-van-turizm-cenneti-olabilir-van-haberleri\\\/\",\"url\":\"https:\\\/\\\/akunq.net\\\/turkish\\\/2010\\\/08\\\/25\\\/turizmciler-van-turizm-cenneti-olabilir-van-haberleri\\\/\",\"name\":\"TUR\u0130ZMC\u0130LER: VAN, TUR\u0130ZM CENNET\u0130 OLAB\u0130L\u0130R - VAN HABERLER\u0130 - Bati Ermenistan Ve Bati Ermenileri Sorunlari Ara\u015ftirmalar Merkezi\",\"isPartOf\":{\"@id\":\"https:\\\/\\\/akunq.net\\\/turkish\\\/#website\"},\"datePublished\":\"2010-08-25T06:56:16+00:00\",\"author\":{\"@id\":\"https:\\\/\\\/akunq.net\\\/turkish\\\/#\\\/schema\\\/person\\\/135e7923d1aeb8887890799619969a6c\"},\"breadcrumb\":{\"@id\":\"https:\\\/\\\/akunq.net\\\/turkish\\\/2010\\\/08\\\/25\\\/turizmciler-van-turizm-cenneti-olabilir-van-haberleri\\\/#breadcrumb\"},\"inLanguage\":\"en-US\",\"potentialAction\":[{\"@type\":\"ReadAction\",\"target\":[\"https:\\\/\\\/akunq.net\\\/turkish\\\/2010\\\/08\\\/25\\\/turizmciler-van-turizm-cenneti-olabilir-van-haberleri\\\/\"]}]},{\"@type\":\"BreadcrumbList\",\"@id\":\"https:\\\/\\\/akunq.net\\\/turkish\\\/2010\\\/08\\\/25\\\/turizmciler-van-turizm-cenneti-olabilir-van-haberleri\\\/#breadcrumb\",\"itemListElement\":[{\"@type\":\"ListItem\",\"position\":1,\"name\":\"Home\",\"item\":\"https:\\\/\\\/akunq.net\\\/turkish\\\/\"},{\"@type\":\"ListItem\",\"position\":2,\"name\":\"TUR\u0130ZMC\u0130LER: VAN, TUR\u0130ZM CENNET\u0130 OLAB\u0130L\u0130R &#8211; VAN HABERLER\u0130\"}]},{\"@type\":\"WebSite\",\"@id\":\"https:\\\/\\\/akunq.net\\\/turkish\\\/#website\",\"url\":\"https:\\\/\\\/akunq.net\\\/turkish\\\/\",\"name\":\"Bati Ermenistan Ve Bati Ermenileri Sorunlari Ara\u015ftirmalar Merkezi\",\"description\":\"\",\"potentialAction\":[{\"@type\":\"SearchAction\",\"target\":{\"@type\":\"EntryPoint\",\"urlTemplate\":\"https:\\\/\\\/akunq.net\\\/turkish\\\/?s={search_term_string}\"},\"query-input\":{\"@type\":\"PropertyValueSpecification\",\"valueRequired\":true,\"valueName\":\"search_term_string\"}}],\"inLanguage\":\"en-US\"},{\"@type\":\"Person\",\"@id\":\"https:\\\/\\\/akunq.net\\\/turkish\\\/#\\\/schema\\\/person\\\/135e7923d1aeb8887890799619969a6c\",\"name\":\"kalem\",\"image\":{\"@type\":\"ImageObject\",\"inLanguage\":\"en-US\",\"@id\":\"https:\\\/\\\/secure.gravatar.com\\\/avatar\\\/a06875e4b25feb5674296adf8e8a7ae1e587cebce2493fe63c456109967e27d3?s=96&d=mm&r=g\",\"url\":\"https:\\\/\\\/secure.gravatar.com\\\/avatar\\\/a06875e4b25feb5674296adf8e8a7ae1e587cebce2493fe63c456109967e27d3?s=96&d=mm&r=g\",\"contentUrl\":\"https:\\\/\\\/secure.gravatar.com\\\/avatar\\\/a06875e4b25feb5674296adf8e8a7ae1e587cebce2493fe63c456109967e27d3?s=96&d=mm&r=g\",\"caption\":\"kalem\"},\"url\":\"https:\\\/\\\/akunq.net\\\/turkish\\\/author\\\/kalem\\\/\"}]}<\/script>\n<!-- \/ Yoast SEO plugin. -->","yoast_head_json":{"title":"TUR\u0130ZMC\u0130LER: VAN, TUR\u0130ZM CENNET\u0130 OLAB\u0130L\u0130R - VAN HABERLER\u0130 - Bati Ermenistan Ve Bati Ermenileri Sorunlari Ara\u015ftirmalar Merkezi","robots":{"index":"index","follow":"follow","max-snippet":"max-snippet:-1","max-image-preview":"max-image-preview:large","max-video-preview":"max-video-preview:-1"},"canonical":"https:\/\/akunq.net\/turkish\/2010\/08\/25\/turizmciler-van-turizm-cenneti-olabilir-van-haberleri\/","og_locale":"en_US","og_type":"article","og_title":"TUR\u0130ZMC\u0130LER: VAN, TUR\u0130ZM CENNET\u0130 OLAB\u0130L\u0130R - VAN HABERLER\u0130 - Bati Ermenistan Ve Bati Ermenileri Sorunlari Ara\u015ftirmalar Merkezi","og_description":"Van&#8217;da bulunan tarihi ve k\u00fclt\u00fcrel yap\u0131lar\u0131n \u00e7oklu\u011fu, Van&#8217;\u0131n inan\u00e7 ve k\u00fclt\u00fcr turizmi merkezi olabilmesi i\u00e7in yeterli. Turizmin daha \u00e7ok geli\u015febilmesi ve turistlerin Van&#8217;a gelebilmesi i\u00e7in de bu yerlerin restore edilmesi ve halka a\u00e7\u0131k olmas\u0131 gerekiyor. Van&#8217;\u0131n inan\u00e7 ve k\u00fclt\u00fcr turizm konusunda ata\u011fa ge\u00e7mesi gerekti\u011fini belirten T\u00fcrkiye Seyahat Acenteleri Birli\u011fi (T\u00dcRSAB) Van B\u00f6lgesel Y\u00fcr\u00fctme Kurulu Y\u00f6netim [&hellip;]","og_url":"https:\/\/akunq.net\/turkish\/2010\/08\/25\/turizmciler-van-turizm-cenneti-olabilir-van-haberleri\/","og_site_name":"Bati Ermenistan Ve Bati Ermenileri Sorunlari Ara\u015ftirmalar Merkezi","article_published_time":"2010-08-25T06:56:16+00:00","author":"kalem","twitter_card":"summary_large_image","twitter_misc":{"Written by":"kalem","Est. reading time":"2 minutes"},"schema":{"@context":"https:\/\/schema.org","@graph":[{"@type":"Article","@id":"https:\/\/akunq.net\/turkish\/2010\/08\/25\/turizmciler-van-turizm-cenneti-olabilir-van-haberleri\/#article","isPartOf":{"@id":"https:\/\/akunq.net\/turkish\/2010\/08\/25\/turizmciler-van-turizm-cenneti-olabilir-van-haberleri\/"},"author":{"name":"kalem","@id":"https:\/\/akunq.net\/turkish\/#\/schema\/person\/135e7923d1aeb8887890799619969a6c"},"headline":"TUR\u0130ZMC\u0130LER: VAN, TUR\u0130ZM CENNET\u0130 OLAB\u0130L\u0130R &#8211; VAN HABERLER\u0130","datePublished":"2010-08-25T06:56:16+00:00","mainEntityOfPage":{"@id":"https:\/\/akunq.net\/turkish\/2010\/08\/25\/turizmciler-van-turizm-cenneti-olabilir-van-haberleri\/"},"wordCount":365,"articleSection":["Haberler"],"inLanguage":"en-US"},{"@type":"WebPage","@id":"https:\/\/akunq.net\/turkish\/2010\/08\/25\/turizmciler-van-turizm-cenneti-olabilir-van-haberleri\/","url":"https:\/\/akunq.net\/turkish\/2010\/08\/25\/turizmciler-van-turizm-cenneti-olabilir-van-haberleri\/","name":"TUR\u0130ZMC\u0130LER: VAN, TUR\u0130ZM CENNET\u0130 OLAB\u0130L\u0130R - VAN HABERLER\u0130 - Bati Ermenistan Ve Bati Ermenileri Sorunlari Ara\u015ftirmalar Merkezi","isPartOf":{"@id":"https:\/\/akunq.net\/turkish\/#website"},"datePublished":"2010-08-25T06:56:16+00:00","author":{"@id":"https:\/\/akunq.net\/turkish\/#\/schema\/person\/135e7923d1aeb8887890799619969a6c"},"breadcrumb":{"@id":"https:\/\/akunq.net\/turkish\/2010\/08\/25\/turizmciler-van-turizm-cenneti-olabilir-van-haberleri\/#breadcrumb"},"inLanguage":"en-US","potentialAction":[{"@type":"ReadAction","target":["https:\/\/akunq.net\/turkish\/2010\/08\/25\/turizmciler-van-turizm-cenneti-olabilir-van-haberleri\/"]}]},{"@type":"BreadcrumbList","@id":"https:\/\/akunq.net\/turkish\/2010\/08\/25\/turizmciler-van-turizm-cenneti-olabilir-van-haberleri\/#breadcrumb","itemListElement":[{"@type":"ListItem","position":1,"name":"Home","item":"https:\/\/akunq.net\/turkish\/"},{"@type":"ListItem","position":2,"name":"TUR\u0130ZMC\u0130LER: VAN, TUR\u0130ZM CENNET\u0130 OLAB\u0130L\u0130R &#8211; VAN HABERLER\u0130"}]},{"@type":"WebSite","@id":"https:\/\/akunq.net\/turkish\/#website","url":"https:\/\/akunq.net\/turkish\/","name":"Bati Ermenistan Ve Bati Ermenileri Sorunlari Ara\u015ftirmalar Merkezi","description":"","potentialAction":[{"@type":"SearchAction","target":{"@type":"EntryPoint","urlTemplate":"https:\/\/akunq.net\/turkish\/?s={search_term_string}"},"query-input":{"@type":"PropertyValueSpecification","valueRequired":true,"valueName":"search_term_string"}}],"inLanguage":"en-US"},{"@type":"Person","@id":"https:\/\/akunq.net\/turkish\/#\/schema\/person\/135e7923d1aeb8887890799619969a6c","name":"kalem","image":{"@type":"ImageObject","inLanguage":"en-US","@id":"https:\/\/secure.gravatar.com\/avatar\/a06875e4b25feb5674296adf8e8a7ae1e587cebce2493fe63c456109967e27d3?s=96&d=mm&r=g","url":"https:\/\/secure.gravatar.com\/avatar\/a06875e4b25feb5674296adf8e8a7ae1e587cebce2493fe63c456109967e27d3?s=96&d=mm&r=g","contentUrl":"https:\/\/secure.gravatar.com\/avatar\/a06875e4b25feb5674296adf8e8a7ae1e587cebce2493fe63c456109967e27d3?s=96&d=mm&r=g","caption":"kalem"},"url":"https:\/\/akunq.net\/turkish\/author\/kalem\/"}]}},"_links":{"self":[{"href":"https:\/\/akunq.net\/turkish\/wp-json\/wp\/v2\/posts\/1687","targetHints":{"allow":["GET"]}}],"collection":[{"href":"https:\/\/akunq.net\/turkish\/wp-json\/wp\/v2\/posts"}],"about":[{"href":"https:\/\/akunq.net\/turkish\/wp-json\/wp\/v2\/types\/post"}],"author":[{"embeddable":true,"href":"https:\/\/akunq.net\/turkish\/wp-json\/wp\/v2\/users\/3"}],"replies":[{"embeddable":true,"href":"https:\/\/akunq.net\/turkish\/wp-json\/wp\/v2\/comments?post=1687"}],"version-history":[{"count":0,"href":"https:\/\/akunq.net\/turkish\/wp-json\/wp\/v2\/posts\/1687\/revisions"}],"wp:attachment":[{"href":"https:\/\/akunq.net\/turkish\/wp-json\/wp\/v2\/media?parent=1687"}],"wp:term":[{"taxonomy":"category","embeddable":true,"href":"https:\/\/akunq.net\/turkish\/wp-json\/wp\/v2\/categories?post=1687"},{"taxonomy":"post_tag","embeddable":true,"href":"https:\/\/akunq.net\/turkish\/wp-json\/wp\/v2\/tags?post=1687"}],"curies":[{"name":"wp","href":"https:\/\/api.w.org\/{rel}","templated":true}]}}