{"id":1682,"date":"2010-08-25T00:23:09","date_gmt":"2010-08-25T05:23:09","guid":{"rendered":"http:\/\/akunq.net\/tr\/?p=1682"},"modified":"2010-08-25T00:23:09","modified_gmt":"2010-08-25T05:23:09","slug":"van-ahtamar-ayinine-valilik-genelgesiyle-hazirlaniyor","status":"publish","type":"post","link":"https:\/\/akunq.net\/turkish\/2010\/08\/25\/van-ahtamar-ayinine-valilik-genelgesiyle-hazirlaniyor\/","title":{"rendered":"Van, Ahtamar Ayinine Valilik Genelgesiyle Haz\u0131rlan\u0131yor"},"content":{"rendered":"<p style=\"text-align: justify\"><strong><em>Van Valili\u011fi, 19 Eyl\u00fcl&#8217;de Surp Ha\u00e7 Kilisesi&#8217;nde ger\u00e7ekle\u015ftirilecek t\u00f6ren i\u00e7in genelge yay\u0131mlad\u0131. T\u00f6rene kat\u0131lacak misafirlerin ula\u015f\u0131m ve konaklama hizmetlerinin aksamamas\u0131 i\u00e7in komisyon olu\u015fturuldu.<br \/>\n<\/em><\/strong><\/p>\n<p style=\"text-align: justify\">Van Valili\u011fi, 19 Eyl\u00fcl&#8217;de Ahtamar (Akdamar) Adas\u0131&#8217;ndaki Surp Ha\u00e7 Kilisesi&#8217;nde d\u00fczenlenecek dini t\u00f6ren i\u00e7in genelge yay\u0131mlad\u0131. Genelge, ayine kat\u0131lmak i\u00e7in \u015fehre gelecek olan Ermenilerin konaklama ve ula\u015f\u0131m hizmetlerinin eksiksiz olarak yerine getirilmesini ama\u00e7l\u0131yor.<br \/>\nAgos&#8217;un haberine g\u00f6re, Vali M\u00fcnir Karalo\u011flu imzas\u0131 ile yay\u0131mlanan, ve pansiyonu olan kamu kurum ve kurulu\u015flar\u0131n\u0131n yan\u0131 s\u0131ra, T\u00fcrkiye Seyahat Acenteleri Birli\u011fi ve \u0130stanbul Ermeni Patrikli\u011fi&#8217;ne de g\u00f6nderilen genelgede \u015fu ifadeler yer ald\u0131: &#8220;19 Eyl\u00fcl 2010 Pazar g\u00fcn\u00fc Akdamar Adas\u0131&#8217;nda yap\u0131lacak dini t\u00f6rene bir\u00e7ok yerli ve yabanc\u0131 turistin gelmesi beklenmektedir. Misafirler, 18 Eyl\u00fcl 2010 tarihinden itibaren ilimize gelecek, 19 Eyl\u00fcl 2010 tarihinde dini t\u00f6rene kat\u0131ld\u0131ktan sonra 20 Eyl\u00fcl 2010 tarihinde de ayr\u0131lacakt\u0131r. \u0130\u00e7 ve d\u0131\u015f bas\u0131ndan b\u00fcy\u00fck ilgi ile takip edilecek olan etkinli\u011fin hayata ge\u00e7irilmesinde ula\u015f\u0131m ve konaklama hizmetlerine kadar herhangi bir sorun ve karga\u015fa ya\u015fanmamas\u0131, etkinliklerin amac\u0131na uygun \u015fekilde planlanarak y\u00fcr\u00fct\u00fclmesi ve Van&#8217;\u0131n ulusal ve uluslararas\u0131 d\u00fczeyde en iyi \u015fekilde temsil edilebilmesi i\u00e7in valili\u011fimizce olu\u015fturulan komisyon marifetiyle yap\u0131lacak \u00e7al\u0131\u015fmalar ile her t\u00fcrl\u00fc g\u00f6rev ve sorumluluklar maddeler halinde a\u015fa\u011f\u0131ya \u00e7\u0131kar\u0131lm\u0131\u015ft\u0131r.&#8221;<br \/>\n<strong><\/strong><\/p>\n<p style=\"text-align: justify\"><strong>Komisyon kuruldu<\/strong><br \/>\nGenelgeye g\u00f6re, misafirlerin ula\u015f\u0131m ve konaklama hizmetlerinin aksat\u0131lmadan yerine getirilmesi i\u00e7in gerekli organizasyonu ilgili vali yard\u0131mc\u0131s\u0131 ba\u015fkanl\u0131\u011f\u0131nda olu\u015fturulan komisyon \u00fcstleniyor. Van&#8217;daki baz\u0131 kamu sosyal tesisleri, 18-19 Eyl\u00fcl&#8217;de bo\u015f b\u0131rak\u0131lacak ve t\u00f6rene kat\u0131lacaklar i\u00e7in haz\u0131r hale getirilecek. Ermeni Patrikhanesi&#8217;nden gidecek olan grup i\u00e7in \u0130skele \u00d6\u011fretmenevi ve Polisevi haz\u0131rlanacak.<\/p>\n<p><strong>\u00dccretler belli<\/strong><br \/>\nKredi ve Yurtlar Kurumu&#8217;na ait Melik\u015fah \u00d6\u011frenci Yurdu&#8217;nda kalacaklar i\u00e7in gecelik \u00fccretler tek ki\u015filik oda i\u00e7in 60, iki ki\u015filik oda i\u00e7in 80, \u00fc\u00e7 ki\u015filik oda i\u00e7in 105, ve d\u00f6rt ki\u015filik oda i\u00e7in 140 ABD dolar\u0131.<br \/>\nKamu misafirhanelerinde fiyatlar biraz daha y\u00fcksek: Tek ki\u015filik oda 70, iki ki\u015filik oda 90, \u00fc\u00e7 ki\u015filik oda 115, d\u00f6rt ki\u015filik oda 140 ABD dolar\u0131. Bu fiyatlara yatak, kahvalt\u0131, ak\u015fam yeme\u011fi, \u00fczerinde &#8220;Van 2010&#8221; yaz\u0131l\u0131 birer banyo ve y\u00fcz havlusu, bir adet terlik, iki adet sabun, \u015fampuan ve v\u00fccut losyonu gibi malzeme dahil.<br \/>\nFiyatlara transfer \u00fccreti dahil de\u011fil. \u0130steyen gruplar i\u00e7in, Van Kalesi ve \u015fehir turu gibi t\u00fcm ula\u015f\u0131m hizmetleri dahil olmak \u00fczere \u00fccret ki\u015fi ba\u015f\u0131 30 dolar. Al\u0131nacak \u00fccretler Van Turizm ve K\u00fclt\u00fcr Varl\u0131klar\u0131n\u0131 Koruma ve Geli\u015ftirme Derne\u011fi&#8217;ne gelir makbuzu kar\u015f\u0131l\u0131\u011f\u0131 gelir kaydedilecek. (TK)<\/p>\n<p style=\"text-align: justify\"><strong>Kaynak:<\/strong> bianet.org<br \/>\n<strong>Tarih:<\/strong> 23.8.2010<\/p>\n<p style=\"text-align: justify\">Van &#8211; B\u0130A Haber Merkezi23 A\u011fustos 2010, Pazartesi<\/p>\n","protected":false},"excerpt":{"rendered":"<p>Van Valili\u011fi, 19 Eyl\u00fcl&#8217;de Surp Ha\u00e7 Kilisesi&#8217;nde ger\u00e7ekle\u015ftirilecek t\u00f6ren i\u00e7in genelge yay\u0131mlad\u0131. T\u00f6rene kat\u0131lacak misafirlerin ula\u015f\u0131m ve konaklama hizmetlerinin aksamamas\u0131 i\u00e7in komisyon olu\u015fturuldu. Van Valili\u011fi, 19 Eyl\u00fcl&#8217;de Ahtamar (Akdamar) Adas\u0131&#8217;ndaki Surp Ha\u00e7 Kilisesi&#8217;nde d\u00fczenlenecek dini t\u00f6ren i\u00e7in genelge yay\u0131mlad\u0131. Genelge, ayine kat\u0131lmak i\u00e7in \u015fehre gelecek olan Ermenilerin konaklama ve ula\u015f\u0131m hizmetlerinin eksiksiz olarak yerine getirilmesini [&hellip;]<\/p>\n","protected":false},"author":3,"featured_media":0,"comment_status":"closed","ping_status":"open","sticky":false,"template":"","format":"standard","meta":{"footnotes":""},"categories":[14],"tags":[],"class_list":["post-1682","post","type-post","status-publish","format-standard","hentry","category-haberler"],"yoast_head":"<!-- This site is optimized with the Yoast SEO plugin v27.4 - https:\/\/yoast.com\/product\/yoast-seo-wordpress\/ -->\n<title>Van, Ahtamar Ayinine Valilik Genelgesiyle Haz\u0131rlan\u0131yor - Bati Ermenistan Ve Bati Ermenileri Sorunlari Ara\u015ftirmalar Merkezi<\/title>\n<meta name=\"robots\" content=\"index, follow, max-snippet:-1, max-image-preview:large, max-video-preview:-1\" \/>\n<link rel=\"canonical\" href=\"https:\/\/akunq.net\/turkish\/2010\/08\/25\/van-ahtamar-ayinine-valilik-genelgesiyle-hazirlaniyor\/\" \/>\n<meta property=\"og:locale\" content=\"en_US\" \/>\n<meta property=\"og:type\" content=\"article\" \/>\n<meta property=\"og:title\" content=\"Van, Ahtamar Ayinine Valilik Genelgesiyle Haz\u0131rlan\u0131yor - Bati Ermenistan Ve Bati Ermenileri Sorunlari Ara\u015ftirmalar Merkezi\" \/>\n<meta property=\"og:description\" content=\"Van Valili\u011fi, 19 Eyl\u00fcl&#8217;de Surp Ha\u00e7 Kilisesi&#8217;nde ger\u00e7ekle\u015ftirilecek t\u00f6ren i\u00e7in genelge yay\u0131mlad\u0131. T\u00f6rene kat\u0131lacak misafirlerin ula\u015f\u0131m ve konaklama hizmetlerinin aksamamas\u0131 i\u00e7in komisyon olu\u015fturuldu. Van Valili\u011fi, 19 Eyl\u00fcl&#8217;de Ahtamar (Akdamar) Adas\u0131&#8217;ndaki Surp Ha\u00e7 Kilisesi&#8217;nde d\u00fczenlenecek dini t\u00f6ren i\u00e7in genelge yay\u0131mlad\u0131. Genelge, ayine kat\u0131lmak i\u00e7in \u015fehre gelecek olan Ermenilerin konaklama ve ula\u015f\u0131m hizmetlerinin eksiksiz olarak yerine getirilmesini [&hellip;]\" \/>\n<meta property=\"og:url\" content=\"https:\/\/akunq.net\/turkish\/2010\/08\/25\/van-ahtamar-ayinine-valilik-genelgesiyle-hazirlaniyor\/\" \/>\n<meta property=\"og:site_name\" content=\"Bati Ermenistan Ve Bati Ermenileri Sorunlari Ara\u015ftirmalar Merkezi\" \/>\n<meta property=\"article:published_time\" content=\"2010-08-25T05:23:09+00:00\" \/>\n<meta name=\"author\" content=\"kalem\" \/>\n<meta name=\"twitter:card\" content=\"summary_large_image\" \/>\n<meta name=\"twitter:label1\" content=\"Written by\" \/>\n\t<meta name=\"twitter:data1\" content=\"kalem\" \/>\n\t<meta name=\"twitter:label2\" content=\"Est. reading time\" \/>\n\t<meta name=\"twitter:data2\" content=\"2 minutes\" \/>\n<script type=\"application\/ld+json\" class=\"yoast-schema-graph\">{\"@context\":\"https:\\\/\\\/schema.org\",\"@graph\":[{\"@type\":\"Article\",\"@id\":\"https:\\\/\\\/akunq.net\\\/turkish\\\/2010\\\/08\\\/25\\\/van-ahtamar-ayinine-valilik-genelgesiyle-hazirlaniyor\\\/#article\",\"isPartOf\":{\"@id\":\"https:\\\/\\\/akunq.net\\\/turkish\\\/2010\\\/08\\\/25\\\/van-ahtamar-ayinine-valilik-genelgesiyle-hazirlaniyor\\\/\"},\"author\":{\"name\":\"kalem\",\"@id\":\"https:\\\/\\\/akunq.net\\\/turkish\\\/#\\\/schema\\\/person\\\/135e7923d1aeb8887890799619969a6c\"},\"headline\":\"Van, Ahtamar Ayinine Valilik Genelgesiyle Haz\u0131rlan\u0131yor\",\"datePublished\":\"2010-08-25T05:23:09+00:00\",\"mainEntityOfPage\":{\"@id\":\"https:\\\/\\\/akunq.net\\\/turkish\\\/2010\\\/08\\\/25\\\/van-ahtamar-ayinine-valilik-genelgesiyle-hazirlaniyor\\\/\"},\"wordCount\":493,\"articleSection\":[\"Haberler\"],\"inLanguage\":\"en-US\"},{\"@type\":\"WebPage\",\"@id\":\"https:\\\/\\\/akunq.net\\\/turkish\\\/2010\\\/08\\\/25\\\/van-ahtamar-ayinine-valilik-genelgesiyle-hazirlaniyor\\\/\",\"url\":\"https:\\\/\\\/akunq.net\\\/turkish\\\/2010\\\/08\\\/25\\\/van-ahtamar-ayinine-valilik-genelgesiyle-hazirlaniyor\\\/\",\"name\":\"Van, Ahtamar Ayinine Valilik Genelgesiyle Haz\u0131rlan\u0131yor - Bati Ermenistan Ve Bati Ermenileri Sorunlari Ara\u015ftirmalar Merkezi\",\"isPartOf\":{\"@id\":\"https:\\\/\\\/akunq.net\\\/turkish\\\/#website\"},\"datePublished\":\"2010-08-25T05:23:09+00:00\",\"author\":{\"@id\":\"https:\\\/\\\/akunq.net\\\/turkish\\\/#\\\/schema\\\/person\\\/135e7923d1aeb8887890799619969a6c\"},\"breadcrumb\":{\"@id\":\"https:\\\/\\\/akunq.net\\\/turkish\\\/2010\\\/08\\\/25\\\/van-ahtamar-ayinine-valilik-genelgesiyle-hazirlaniyor\\\/#breadcrumb\"},\"inLanguage\":\"en-US\",\"potentialAction\":[{\"@type\":\"ReadAction\",\"target\":[\"https:\\\/\\\/akunq.net\\\/turkish\\\/2010\\\/08\\\/25\\\/van-ahtamar-ayinine-valilik-genelgesiyle-hazirlaniyor\\\/\"]}]},{\"@type\":\"BreadcrumbList\",\"@id\":\"https:\\\/\\\/akunq.net\\\/turkish\\\/2010\\\/08\\\/25\\\/van-ahtamar-ayinine-valilik-genelgesiyle-hazirlaniyor\\\/#breadcrumb\",\"itemListElement\":[{\"@type\":\"ListItem\",\"position\":1,\"name\":\"Home\",\"item\":\"https:\\\/\\\/akunq.net\\\/turkish\\\/\"},{\"@type\":\"ListItem\",\"position\":2,\"name\":\"Van, Ahtamar Ayinine Valilik Genelgesiyle Haz\u0131rlan\u0131yor\"}]},{\"@type\":\"WebSite\",\"@id\":\"https:\\\/\\\/akunq.net\\\/turkish\\\/#website\",\"url\":\"https:\\\/\\\/akunq.net\\\/turkish\\\/\",\"name\":\"Bati Ermenistan Ve Bati Ermenileri Sorunlari Ara\u015ftirmalar Merkezi\",\"description\":\"\",\"potentialAction\":[{\"@type\":\"SearchAction\",\"target\":{\"@type\":\"EntryPoint\",\"urlTemplate\":\"https:\\\/\\\/akunq.net\\\/turkish\\\/?s={search_term_string}\"},\"query-input\":{\"@type\":\"PropertyValueSpecification\",\"valueRequired\":true,\"valueName\":\"search_term_string\"}}],\"inLanguage\":\"en-US\"},{\"@type\":\"Person\",\"@id\":\"https:\\\/\\\/akunq.net\\\/turkish\\\/#\\\/schema\\\/person\\\/135e7923d1aeb8887890799619969a6c\",\"name\":\"kalem\",\"image\":{\"@type\":\"ImageObject\",\"inLanguage\":\"en-US\",\"@id\":\"https:\\\/\\\/secure.gravatar.com\\\/avatar\\\/a06875e4b25feb5674296adf8e8a7ae1e587cebce2493fe63c456109967e27d3?s=96&d=mm&r=g\",\"url\":\"https:\\\/\\\/secure.gravatar.com\\\/avatar\\\/a06875e4b25feb5674296adf8e8a7ae1e587cebce2493fe63c456109967e27d3?s=96&d=mm&r=g\",\"contentUrl\":\"https:\\\/\\\/secure.gravatar.com\\\/avatar\\\/a06875e4b25feb5674296adf8e8a7ae1e587cebce2493fe63c456109967e27d3?s=96&d=mm&r=g\",\"caption\":\"kalem\"},\"url\":\"https:\\\/\\\/akunq.net\\\/turkish\\\/author\\\/kalem\\\/\"}]}<\/script>\n<!-- \/ Yoast SEO plugin. -->","yoast_head_json":{"title":"Van, Ahtamar Ayinine Valilik Genelgesiyle Haz\u0131rlan\u0131yor - Bati Ermenistan Ve Bati Ermenileri Sorunlari Ara\u015ftirmalar Merkezi","robots":{"index":"index","follow":"follow","max-snippet":"max-snippet:-1","max-image-preview":"max-image-preview:large","max-video-preview":"max-video-preview:-1"},"canonical":"https:\/\/akunq.net\/turkish\/2010\/08\/25\/van-ahtamar-ayinine-valilik-genelgesiyle-hazirlaniyor\/","og_locale":"en_US","og_type":"article","og_title":"Van, Ahtamar Ayinine Valilik Genelgesiyle Haz\u0131rlan\u0131yor - Bati Ermenistan Ve Bati Ermenileri Sorunlari Ara\u015ftirmalar Merkezi","og_description":"Van Valili\u011fi, 19 Eyl\u00fcl&#8217;de Surp Ha\u00e7 Kilisesi&#8217;nde ger\u00e7ekle\u015ftirilecek t\u00f6ren i\u00e7in genelge yay\u0131mlad\u0131. T\u00f6rene kat\u0131lacak misafirlerin ula\u015f\u0131m ve konaklama hizmetlerinin aksamamas\u0131 i\u00e7in komisyon olu\u015fturuldu. Van Valili\u011fi, 19 Eyl\u00fcl&#8217;de Ahtamar (Akdamar) Adas\u0131&#8217;ndaki Surp Ha\u00e7 Kilisesi&#8217;nde d\u00fczenlenecek dini t\u00f6ren i\u00e7in genelge yay\u0131mlad\u0131. Genelge, ayine kat\u0131lmak i\u00e7in \u015fehre gelecek olan Ermenilerin konaklama ve ula\u015f\u0131m hizmetlerinin eksiksiz olarak yerine getirilmesini [&hellip;]","og_url":"https:\/\/akunq.net\/turkish\/2010\/08\/25\/van-ahtamar-ayinine-valilik-genelgesiyle-hazirlaniyor\/","og_site_name":"Bati Ermenistan Ve Bati Ermenileri Sorunlari Ara\u015ftirmalar Merkezi","article_published_time":"2010-08-25T05:23:09+00:00","author":"kalem","twitter_card":"summary_large_image","twitter_misc":{"Written by":"kalem","Est. reading time":"2 minutes"},"schema":{"@context":"https:\/\/schema.org","@graph":[{"@type":"Article","@id":"https:\/\/akunq.net\/turkish\/2010\/08\/25\/van-ahtamar-ayinine-valilik-genelgesiyle-hazirlaniyor\/#article","isPartOf":{"@id":"https:\/\/akunq.net\/turkish\/2010\/08\/25\/van-ahtamar-ayinine-valilik-genelgesiyle-hazirlaniyor\/"},"author":{"name":"kalem","@id":"https:\/\/akunq.net\/turkish\/#\/schema\/person\/135e7923d1aeb8887890799619969a6c"},"headline":"Van, Ahtamar Ayinine Valilik Genelgesiyle Haz\u0131rlan\u0131yor","datePublished":"2010-08-25T05:23:09+00:00","mainEntityOfPage":{"@id":"https:\/\/akunq.net\/turkish\/2010\/08\/25\/van-ahtamar-ayinine-valilik-genelgesiyle-hazirlaniyor\/"},"wordCount":493,"articleSection":["Haberler"],"inLanguage":"en-US"},{"@type":"WebPage","@id":"https:\/\/akunq.net\/turkish\/2010\/08\/25\/van-ahtamar-ayinine-valilik-genelgesiyle-hazirlaniyor\/","url":"https:\/\/akunq.net\/turkish\/2010\/08\/25\/van-ahtamar-ayinine-valilik-genelgesiyle-hazirlaniyor\/","name":"Van, Ahtamar Ayinine Valilik Genelgesiyle Haz\u0131rlan\u0131yor - Bati Ermenistan Ve Bati Ermenileri Sorunlari Ara\u015ftirmalar Merkezi","isPartOf":{"@id":"https:\/\/akunq.net\/turkish\/#website"},"datePublished":"2010-08-25T05:23:09+00:00","author":{"@id":"https:\/\/akunq.net\/turkish\/#\/schema\/person\/135e7923d1aeb8887890799619969a6c"},"breadcrumb":{"@id":"https:\/\/akunq.net\/turkish\/2010\/08\/25\/van-ahtamar-ayinine-valilik-genelgesiyle-hazirlaniyor\/#breadcrumb"},"inLanguage":"en-US","potentialAction":[{"@type":"ReadAction","target":["https:\/\/akunq.net\/turkish\/2010\/08\/25\/van-ahtamar-ayinine-valilik-genelgesiyle-hazirlaniyor\/"]}]},{"@type":"BreadcrumbList","@id":"https:\/\/akunq.net\/turkish\/2010\/08\/25\/van-ahtamar-ayinine-valilik-genelgesiyle-hazirlaniyor\/#breadcrumb","itemListElement":[{"@type":"ListItem","position":1,"name":"Home","item":"https:\/\/akunq.net\/turkish\/"},{"@type":"ListItem","position":2,"name":"Van, Ahtamar Ayinine Valilik Genelgesiyle Haz\u0131rlan\u0131yor"}]},{"@type":"WebSite","@id":"https:\/\/akunq.net\/turkish\/#website","url":"https:\/\/akunq.net\/turkish\/","name":"Bati Ermenistan Ve Bati Ermenileri Sorunlari Ara\u015ftirmalar Merkezi","description":"","potentialAction":[{"@type":"SearchAction","target":{"@type":"EntryPoint","urlTemplate":"https:\/\/akunq.net\/turkish\/?s={search_term_string}"},"query-input":{"@type":"PropertyValueSpecification","valueRequired":true,"valueName":"search_term_string"}}],"inLanguage":"en-US"},{"@type":"Person","@id":"https:\/\/akunq.net\/turkish\/#\/schema\/person\/135e7923d1aeb8887890799619969a6c","name":"kalem","image":{"@type":"ImageObject","inLanguage":"en-US","@id":"https:\/\/secure.gravatar.com\/avatar\/a06875e4b25feb5674296adf8e8a7ae1e587cebce2493fe63c456109967e27d3?s=96&d=mm&r=g","url":"https:\/\/secure.gravatar.com\/avatar\/a06875e4b25feb5674296adf8e8a7ae1e587cebce2493fe63c456109967e27d3?s=96&d=mm&r=g","contentUrl":"https:\/\/secure.gravatar.com\/avatar\/a06875e4b25feb5674296adf8e8a7ae1e587cebce2493fe63c456109967e27d3?s=96&d=mm&r=g","caption":"kalem"},"url":"https:\/\/akunq.net\/turkish\/author\/kalem\/"}]}},"_links":{"self":[{"href":"https:\/\/akunq.net\/turkish\/wp-json\/wp\/v2\/posts\/1682","targetHints":{"allow":["GET"]}}],"collection":[{"href":"https:\/\/akunq.net\/turkish\/wp-json\/wp\/v2\/posts"}],"about":[{"href":"https:\/\/akunq.net\/turkish\/wp-json\/wp\/v2\/types\/post"}],"author":[{"embeddable":true,"href":"https:\/\/akunq.net\/turkish\/wp-json\/wp\/v2\/users\/3"}],"replies":[{"embeddable":true,"href":"https:\/\/akunq.net\/turkish\/wp-json\/wp\/v2\/comments?post=1682"}],"version-history":[{"count":0,"href":"https:\/\/akunq.net\/turkish\/wp-json\/wp\/v2\/posts\/1682\/revisions"}],"wp:attachment":[{"href":"https:\/\/akunq.net\/turkish\/wp-json\/wp\/v2\/media?parent=1682"}],"wp:term":[{"taxonomy":"category","embeddable":true,"href":"https:\/\/akunq.net\/turkish\/wp-json\/wp\/v2\/categories?post=1682"},{"taxonomy":"post_tag","embeddable":true,"href":"https:\/\/akunq.net\/turkish\/wp-json\/wp\/v2\/tags?post=1682"}],"curies":[{"name":"wp","href":"https:\/\/api.w.org\/{rel}","templated":true}]}}