{"id":1679,"date":"2010-08-24T01:11:20","date_gmt":"2010-08-24T06:11:20","guid":{"rendered":"http:\/\/akunq.net\/tr\/?p=1679"},"modified":"2010-08-24T01:11:20","modified_gmt":"2010-08-24T06:11:20","slug":"sunnetsiz","status":"publish","type":"post","link":"https:\/\/akunq.net\/turkish\/2010\/08\/24\/sunnetsiz\/","title":{"rendered":"S\u00fcnnetsiz!"},"content":{"rendered":"<p style=\"text-align: justify\">Ka\u00e7 g\u00fcnd\u00fcr T\u00fcrkiye Cumhuriyeti&#8217;nin Hrant Dink i\u00e7in yapt\u0131\u011f\u0131 savunmay\u0131 tart\u0131\u015f\u0131p duruyoruz&#8230; K\u0131namayan kalmad\u0131. AKP&#8217;nin \u00f6nde gelenleri dahil&#8230; Son geli\u015fme, Dink&#8217;in a\u011fabeyi K\u00f6\u015fk&#8217;e \u00e7\u0131km\u0131\u015f, Cumhurba\u015fkan\u0131&#8217;yla dertle\u015fmi\u015f falan filan. Hepsi bo\u015funa&#8230; Zihniyet de\u011fi\u015fmedik\u00e7e&#8230;<\/p>\n<p style=\"text-align: justify\">Bir \u0130\u00e7i\u015fleri Bakan\u0131 bu \u00fclkede Abdullah \u00d6calan i\u00e7in &#8220;Ermeni d\u00f6l\u00fc&#8221; tan\u0131mlamas\u0131n\u0131 kulland\u0131. Ger\u00e7i sonradan \u00f6z\u00fcr diledi ama&#8230; Bir milletvekili bu \u00fclkede, Cumhurba\u015fkan\u0131&#8217;n\u0131, ailesinde Ermeni oldu\u011funu iddia ederek su\u00e7lad\u0131. Sonradan, &#8220;Ermenilerden \u00f6z\u00fcr diliyorum&#8221; kampanyas\u0131na k\u0131zm\u0131\u015ft\u0131m falan dedi, a\u00e7\u0131klamay\u0131 geri ald\u0131 ama&#8230;\u00a0<\/p>\n<p style=\"text-align: justify\">Bir Cumhurba\u015fkan\u0131, bu \u00fclkede Ermeni oldu\u011fu su\u00e7lamas\u0131n\u0131 ciddiye ald\u0131, hakaret sayd\u0131, dava a\u00e7t\u0131, kazand\u0131&#8230; Bu \u00fclkede birine Ermeni demek hakaret say\u0131ld\u0131.<\/p>\n<p style=\"text-align: justify\">Dava \u00f6rnek al\u0131n\u0131rsa h\u00e2l\u00e2 say\u0131l\u0131yor. Bu \u00fclkede b\u00fct\u00fcn uyar\u0131lara ra\u011fmen bir ayd\u0131n, bir fikir adam\u0131 sokak ortas\u0131nda, s\u0131rf Ermeni oldu\u011fu i\u00e7in \u00f6ld\u00fcr\u00fcld\u00fc&#8230;<\/p>\n<p style=\"text-align: justify\">Bu \u00fclkede bu Ermeni ayd\u0131n\u0131 \u00f6ld\u00fcren katili getiren otob\u00fcse, &#8220;Ya sev ya terk et&#8221; \u00e7\u0131kartmas\u0131 yap\u0131\u015ft\u0131r\u0131ld\u0131. Polis merkezinde katille \u00e7ektirilen foto\u011fraflardan bahsetmiyorum bile&#8230;<\/p>\n<p style=\"text-align: justify\">Bu \u00fclkede bir belediye ba\u015fkan\u0131, bir parti lideri i\u00e7in &#8220;Soyunda Ermeni var&#8221; dedi.<\/p>\n<p style=\"text-align: justify\">Bir Ba\u015fbakan bu \u00fclkede, anamuhalefet lideri i\u00e7in, &#8220;\u00d6nemli olan boy de\u011fildir soy soy&#8221; diye ba\u011f\u0131rd\u0131 meydanlardan&#8230;<\/p>\n<p style=\"text-align: justify\"><strong><em>\u015eimdi yeni bir geli\u015fme&#8230; <\/em><\/strong><\/p>\n<p style=\"text-align: justify\">Bu \u00fclkede bir Ba\u015fbakan Yard\u0131mc\u0131s\u0131, H\u00fck\u00fcmet S\u00f6zc\u00fcs\u00fc&#8230; Dedi ki:<\/p>\n<p style=\"text-align: justify\">&#8220;80&#8217;den \u00f6nce ideolojik ter\u00f6r, 80&#8217;den sonra sa\u011f-sol ter\u00f6r\u00fc&#8230; Sadece Ermeni ter\u00f6r\u00fc de de\u011fil, Ermeni ter\u00f6r\u00fc ile PKK ter\u00f6r\u00fc aras\u0131nda yak\u0131n i\u015fbirli\u011fi var, bunlar kan karde\u015fidir. O devreden \u00e7ekildi, i\u015fi bu tarafa verdiler. Zaten, \u00f6z\u00fcr dilerim, bir k\u0131s\u0131m ter\u00f6ristlerin s\u00fcnnetsiz olu\u015fu, size \u00e7ok \u015feyi ifade ediyor demektir. Yani bu, bir rivayet falan de\u011fil, biz kimin ne oldu\u011funu iyi biliyoruz.&#8221;<\/p>\n<p style=\"text-align: justify\">Biz h\u00e2l\u00e2 neyi tart\u0131\u015f\u0131yoruz ki? Hadi can\u0131m oradan!<\/p>\n<p style=\"text-align: justify\"><strong><em>Sezen Aksu&#8217;nun babas\u0131 G\u00fclen&#8217;in okullar\u0131nda<\/em><\/strong><\/p>\n<p style=\"text-align: justify\">Gelelim ba\u015fka bir &#8220;Yorumsuz&#8221;&#8230; &#8220;S\u00f6ylenecek s\u00f6z kalmad\u0131&#8221;&#8230; &#8220;Ne desem bo\u015f&#8221; c\u00fcmlelerini kullanmama sebep olana&#8230; Ge\u00e7en \u00e7ar\u015famba Kar\u015f\u0131t G\u00f6r\u00fc\u015f&#8217;te CHP Genel Ba\u015fkan Yard\u0131mc\u0131s\u0131 Hakk\u0131 Suha Okay&#8217;la &#8220;Neden hay\u0131r?&#8221; sorusunu cevab\u0131n\u0131 arad\u0131k. Bir ara laf d\u00f6n\u00fcp dola\u015f\u0131p partilerin referandumda rengimizi belli etmemize kar\u015f\u0131 y\u00fcr\u00fctt\u00fc\u011f\u00fc mahalle bask\u0131s\u0131na geldi&#8230; Sahi mecbur mu vatanda\u015f, &#8220;Evet mi hay\u0131r m\u0131&#8221; diyece\u011fine? Sezen Aksu&#8217;dan bahsettim&#8230; CHP&#8217;nin y\u00fcr\u00fctt\u00fc\u011f\u00fc gereksiz ve sald\u0131rgan kampanya, S\u00fcheyl Batum&#8217;un &#8220;Sazan&#8221; benzetmesi ne kadar ho\u015f diye sordum. Ald\u0131\u011f\u0131m cevap ilgin\u00e7ti: &#8220;Sezen Aksu&#8217;nun babas\u0131n\u0131n da Fethullah G\u00fclen&#8217;in okullar\u0131ndan birinde y\u00f6neticilik yapt\u0131\u011f\u0131na dair dedikodular var.&#8221; Ne yalan s\u00f6yleyeyim, tak\u0131ld\u0131m kald\u0131m. Konu\u015famad\u0131m. Bir ara &#8220;Ne fark eder?&#8221; falan diye geveledi\u011fimi hat\u0131rl\u0131yorum, o kadar. Sonra konu\u015fma ba\u015fka bir noktaya gitti zaten&#8230;<\/p>\n<p style=\"text-align: justify\">E\u011fer CHP, Sezen Aksu hakk\u0131nda b\u00f6yle bir kampanya y\u00fcr\u00fct\u00fcyorsa yaz\u0131klar olsun. Babas\u0131 nerede \u00e7al\u0131\u015f\u0131yor bilmiyorum, \u00e7ok da \u00f6nemli de\u011fil.<\/p>\n<p style=\"text-align: justify\">\u00dcstelik sadece babas\u0131n\u0131n i\u015fi i\u00e7in referandumda &#8220;Evet&#8221; vermesinin d\u00fc\u015f\u00fcn\u00fclmesi bile abesle i\u015ftigal. Herhalde Sezen Aksu ve ailesinin para sorunu yoktur, ne dersiniz? Bu tarz yakla\u015f\u0131mlard\u0131r kan\u0131mca, CHP&#8217;nin bir t\u00fcrl\u00fc oylar\u0131n\u0131 art\u0131rmamas\u0131n\u0131 sa\u011flayan. G\u00f6n\u00fcl ister ki CHP Lideri Kemal K\u0131l\u0131\u00e7daro\u011flu sadece g\u00f6r\u00fc\u015f\u00fcn\u00fc a\u00e7\u0131klad\u0131 diye, bu kadar g\u00f6nl\u00fcn\u00fc k\u0131rd\u0131klar\u0131, bu kadar ac\u0131mas\u0131zl\u0131k ettikleri ve bu kadar a\u011f\u0131r su\u00e7lamalarda bulunduklar\u0131 Minik Ser\u00e7e&#8217;mizi aray\u0131versin. Ezberi bozsun. Beklenmeyeni yaps\u0131n. Zor mu?<\/p>\n<p style=\"text-align: justify\"><strong>Kaynak:<\/strong> haberturk.com<br \/>\n<strong>Tarih:<\/strong> 22.8.2010<\/p>\n<p style=\"text-align: justify\">Bal\u00e7i\u00e7ek Pamir<br \/>\nbpamir@htgazete.com.tr<\/p>\n","protected":false},"excerpt":{"rendered":"<p>Ka\u00e7 g\u00fcnd\u00fcr T\u00fcrkiye Cumhuriyeti&#8217;nin Hrant Dink i\u00e7in yapt\u0131\u011f\u0131 savunmay\u0131 tart\u0131\u015f\u0131p duruyoruz&#8230; K\u0131namayan kalmad\u0131. AKP&#8217;nin \u00f6nde gelenleri dahil&#8230; Son geli\u015fme, Dink&#8217;in a\u011fabeyi K\u00f6\u015fk&#8217;e \u00e7\u0131km\u0131\u015f, Cumhurba\u015fkan\u0131&#8217;yla dertle\u015fmi\u015f falan filan. Hepsi bo\u015funa&#8230; Zihniyet de\u011fi\u015fmedik\u00e7e&#8230; Bir \u0130\u00e7i\u015fleri Bakan\u0131 bu \u00fclkede Abdullah \u00d6calan i\u00e7in &#8220;Ermeni d\u00f6l\u00fc&#8221; tan\u0131mlamas\u0131n\u0131 kulland\u0131. Ger\u00e7i sonradan \u00f6z\u00fcr diledi ama&#8230; Bir milletvekili bu \u00fclkede, Cumhurba\u015fkan\u0131&#8217;n\u0131, ailesinde Ermeni [&hellip;]<\/p>\n","protected":false},"author":3,"featured_media":0,"comment_status":"closed","ping_status":"open","sticky":false,"template":"","format":"standard","meta":{"footnotes":""},"categories":[14],"tags":[],"class_list":["post-1679","post","type-post","status-publish","format-standard","hentry","category-haberler"],"yoast_head":"<!-- This site is optimized with the Yoast SEO plugin v27.4 - https:\/\/yoast.com\/product\/yoast-seo-wordpress\/ -->\n<title>S\u00fcnnetsiz! - Bati Ermenistan Ve Bati Ermenileri Sorunlari Ara\u015ftirmalar Merkezi<\/title>\n<meta name=\"robots\" content=\"index, follow, max-snippet:-1, max-image-preview:large, max-video-preview:-1\" \/>\n<link rel=\"canonical\" href=\"https:\/\/akunq.net\/turkish\/2010\/08\/24\/sunnetsiz\/\" \/>\n<meta property=\"og:locale\" content=\"en_US\" \/>\n<meta property=\"og:type\" content=\"article\" \/>\n<meta property=\"og:title\" content=\"S\u00fcnnetsiz! - Bati Ermenistan Ve Bati Ermenileri Sorunlari Ara\u015ftirmalar Merkezi\" \/>\n<meta property=\"og:description\" content=\"Ka\u00e7 g\u00fcnd\u00fcr T\u00fcrkiye Cumhuriyeti&#8217;nin Hrant Dink i\u00e7in yapt\u0131\u011f\u0131 savunmay\u0131 tart\u0131\u015f\u0131p duruyoruz&#8230; K\u0131namayan kalmad\u0131. AKP&#8217;nin \u00f6nde gelenleri dahil&#8230; Son geli\u015fme, Dink&#8217;in a\u011fabeyi K\u00f6\u015fk&#8217;e \u00e7\u0131km\u0131\u015f, Cumhurba\u015fkan\u0131&#8217;yla dertle\u015fmi\u015f falan filan. Hepsi bo\u015funa&#8230; Zihniyet de\u011fi\u015fmedik\u00e7e&#8230; Bir \u0130\u00e7i\u015fleri Bakan\u0131 bu \u00fclkede Abdullah \u00d6calan i\u00e7in &#8220;Ermeni d\u00f6l\u00fc&#8221; tan\u0131mlamas\u0131n\u0131 kulland\u0131. Ger\u00e7i sonradan \u00f6z\u00fcr diledi ama&#8230; Bir milletvekili bu \u00fclkede, Cumhurba\u015fkan\u0131&#8217;n\u0131, ailesinde Ermeni [&hellip;]\" \/>\n<meta property=\"og:url\" content=\"https:\/\/akunq.net\/turkish\/2010\/08\/24\/sunnetsiz\/\" \/>\n<meta property=\"og:site_name\" content=\"Bati Ermenistan Ve Bati Ermenileri Sorunlari Ara\u015ftirmalar Merkezi\" \/>\n<meta property=\"article:published_time\" content=\"2010-08-24T06:11:20+00:00\" \/>\n<meta name=\"author\" content=\"kalem\" \/>\n<meta name=\"twitter:card\" content=\"summary_large_image\" \/>\n<meta name=\"twitter:label1\" content=\"Written by\" \/>\n\t<meta name=\"twitter:data1\" content=\"kalem\" \/>\n\t<meta name=\"twitter:label2\" content=\"Est. reading time\" \/>\n\t<meta name=\"twitter:data2\" content=\"3 minutes\" \/>\n<script type=\"application\/ld+json\" class=\"yoast-schema-graph\">{\"@context\":\"https:\\\/\\\/schema.org\",\"@graph\":[{\"@type\":\"Article\",\"@id\":\"https:\\\/\\\/akunq.net\\\/turkish\\\/2010\\\/08\\\/24\\\/sunnetsiz\\\/#article\",\"isPartOf\":{\"@id\":\"https:\\\/\\\/akunq.net\\\/turkish\\\/2010\\\/08\\\/24\\\/sunnetsiz\\\/\"},\"author\":{\"name\":\"kalem\",\"@id\":\"https:\\\/\\\/akunq.net\\\/turkish\\\/#\\\/schema\\\/person\\\/135e7923d1aeb8887890799619969a6c\"},\"headline\":\"S\u00fcnnetsiz!\",\"datePublished\":\"2010-08-24T06:11:20+00:00\",\"mainEntityOfPage\":{\"@id\":\"https:\\\/\\\/akunq.net\\\/turkish\\\/2010\\\/08\\\/24\\\/sunnetsiz\\\/\"},\"wordCount\":654,\"articleSection\":[\"Haberler\"],\"inLanguage\":\"en-US\"},{\"@type\":\"WebPage\",\"@id\":\"https:\\\/\\\/akunq.net\\\/turkish\\\/2010\\\/08\\\/24\\\/sunnetsiz\\\/\",\"url\":\"https:\\\/\\\/akunq.net\\\/turkish\\\/2010\\\/08\\\/24\\\/sunnetsiz\\\/\",\"name\":\"S\u00fcnnetsiz! - Bati Ermenistan Ve Bati Ermenileri Sorunlari Ara\u015ftirmalar Merkezi\",\"isPartOf\":{\"@id\":\"https:\\\/\\\/akunq.net\\\/turkish\\\/#website\"},\"datePublished\":\"2010-08-24T06:11:20+00:00\",\"author\":{\"@id\":\"https:\\\/\\\/akunq.net\\\/turkish\\\/#\\\/schema\\\/person\\\/135e7923d1aeb8887890799619969a6c\"},\"breadcrumb\":{\"@id\":\"https:\\\/\\\/akunq.net\\\/turkish\\\/2010\\\/08\\\/24\\\/sunnetsiz\\\/#breadcrumb\"},\"inLanguage\":\"en-US\",\"potentialAction\":[{\"@type\":\"ReadAction\",\"target\":[\"https:\\\/\\\/akunq.net\\\/turkish\\\/2010\\\/08\\\/24\\\/sunnetsiz\\\/\"]}]},{\"@type\":\"BreadcrumbList\",\"@id\":\"https:\\\/\\\/akunq.net\\\/turkish\\\/2010\\\/08\\\/24\\\/sunnetsiz\\\/#breadcrumb\",\"itemListElement\":[{\"@type\":\"ListItem\",\"position\":1,\"name\":\"Home\",\"item\":\"https:\\\/\\\/akunq.net\\\/turkish\\\/\"},{\"@type\":\"ListItem\",\"position\":2,\"name\":\"S\u00fcnnetsiz!\"}]},{\"@type\":\"WebSite\",\"@id\":\"https:\\\/\\\/akunq.net\\\/turkish\\\/#website\",\"url\":\"https:\\\/\\\/akunq.net\\\/turkish\\\/\",\"name\":\"Bati Ermenistan Ve Bati Ermenileri Sorunlari Ara\u015ftirmalar Merkezi\",\"description\":\"\",\"potentialAction\":[{\"@type\":\"SearchAction\",\"target\":{\"@type\":\"EntryPoint\",\"urlTemplate\":\"https:\\\/\\\/akunq.net\\\/turkish\\\/?s={search_term_string}\"},\"query-input\":{\"@type\":\"PropertyValueSpecification\",\"valueRequired\":true,\"valueName\":\"search_term_string\"}}],\"inLanguage\":\"en-US\"},{\"@type\":\"Person\",\"@id\":\"https:\\\/\\\/akunq.net\\\/turkish\\\/#\\\/schema\\\/person\\\/135e7923d1aeb8887890799619969a6c\",\"name\":\"kalem\",\"image\":{\"@type\":\"ImageObject\",\"inLanguage\":\"en-US\",\"@id\":\"https:\\\/\\\/secure.gravatar.com\\\/avatar\\\/a06875e4b25feb5674296adf8e8a7ae1e587cebce2493fe63c456109967e27d3?s=96&d=mm&r=g\",\"url\":\"https:\\\/\\\/secure.gravatar.com\\\/avatar\\\/a06875e4b25feb5674296adf8e8a7ae1e587cebce2493fe63c456109967e27d3?s=96&d=mm&r=g\",\"contentUrl\":\"https:\\\/\\\/secure.gravatar.com\\\/avatar\\\/a06875e4b25feb5674296adf8e8a7ae1e587cebce2493fe63c456109967e27d3?s=96&d=mm&r=g\",\"caption\":\"kalem\"},\"url\":\"https:\\\/\\\/akunq.net\\\/turkish\\\/author\\\/kalem\\\/\"}]}<\/script>\n<!-- \/ Yoast SEO plugin. -->","yoast_head_json":{"title":"S\u00fcnnetsiz! - Bati Ermenistan Ve Bati Ermenileri Sorunlari Ara\u015ftirmalar Merkezi","robots":{"index":"index","follow":"follow","max-snippet":"max-snippet:-1","max-image-preview":"max-image-preview:large","max-video-preview":"max-video-preview:-1"},"canonical":"https:\/\/akunq.net\/turkish\/2010\/08\/24\/sunnetsiz\/","og_locale":"en_US","og_type":"article","og_title":"S\u00fcnnetsiz! - Bati Ermenistan Ve Bati Ermenileri Sorunlari Ara\u015ftirmalar Merkezi","og_description":"Ka\u00e7 g\u00fcnd\u00fcr T\u00fcrkiye Cumhuriyeti&#8217;nin Hrant Dink i\u00e7in yapt\u0131\u011f\u0131 savunmay\u0131 tart\u0131\u015f\u0131p duruyoruz&#8230; K\u0131namayan kalmad\u0131. AKP&#8217;nin \u00f6nde gelenleri dahil&#8230; Son geli\u015fme, Dink&#8217;in a\u011fabeyi K\u00f6\u015fk&#8217;e \u00e7\u0131km\u0131\u015f, Cumhurba\u015fkan\u0131&#8217;yla dertle\u015fmi\u015f falan filan. Hepsi bo\u015funa&#8230; Zihniyet de\u011fi\u015fmedik\u00e7e&#8230; Bir \u0130\u00e7i\u015fleri Bakan\u0131 bu \u00fclkede Abdullah \u00d6calan i\u00e7in &#8220;Ermeni d\u00f6l\u00fc&#8221; tan\u0131mlamas\u0131n\u0131 kulland\u0131. Ger\u00e7i sonradan \u00f6z\u00fcr diledi ama&#8230; Bir milletvekili bu \u00fclkede, Cumhurba\u015fkan\u0131&#8217;n\u0131, ailesinde Ermeni [&hellip;]","og_url":"https:\/\/akunq.net\/turkish\/2010\/08\/24\/sunnetsiz\/","og_site_name":"Bati Ermenistan Ve Bati Ermenileri Sorunlari Ara\u015ftirmalar Merkezi","article_published_time":"2010-08-24T06:11:20+00:00","author":"kalem","twitter_card":"summary_large_image","twitter_misc":{"Written by":"kalem","Est. reading time":"3 minutes"},"schema":{"@context":"https:\/\/schema.org","@graph":[{"@type":"Article","@id":"https:\/\/akunq.net\/turkish\/2010\/08\/24\/sunnetsiz\/#article","isPartOf":{"@id":"https:\/\/akunq.net\/turkish\/2010\/08\/24\/sunnetsiz\/"},"author":{"name":"kalem","@id":"https:\/\/akunq.net\/turkish\/#\/schema\/person\/135e7923d1aeb8887890799619969a6c"},"headline":"S\u00fcnnetsiz!","datePublished":"2010-08-24T06:11:20+00:00","mainEntityOfPage":{"@id":"https:\/\/akunq.net\/turkish\/2010\/08\/24\/sunnetsiz\/"},"wordCount":654,"articleSection":["Haberler"],"inLanguage":"en-US"},{"@type":"WebPage","@id":"https:\/\/akunq.net\/turkish\/2010\/08\/24\/sunnetsiz\/","url":"https:\/\/akunq.net\/turkish\/2010\/08\/24\/sunnetsiz\/","name":"S\u00fcnnetsiz! - Bati Ermenistan Ve Bati Ermenileri Sorunlari Ara\u015ftirmalar Merkezi","isPartOf":{"@id":"https:\/\/akunq.net\/turkish\/#website"},"datePublished":"2010-08-24T06:11:20+00:00","author":{"@id":"https:\/\/akunq.net\/turkish\/#\/schema\/person\/135e7923d1aeb8887890799619969a6c"},"breadcrumb":{"@id":"https:\/\/akunq.net\/turkish\/2010\/08\/24\/sunnetsiz\/#breadcrumb"},"inLanguage":"en-US","potentialAction":[{"@type":"ReadAction","target":["https:\/\/akunq.net\/turkish\/2010\/08\/24\/sunnetsiz\/"]}]},{"@type":"BreadcrumbList","@id":"https:\/\/akunq.net\/turkish\/2010\/08\/24\/sunnetsiz\/#breadcrumb","itemListElement":[{"@type":"ListItem","position":1,"name":"Home","item":"https:\/\/akunq.net\/turkish\/"},{"@type":"ListItem","position":2,"name":"S\u00fcnnetsiz!"}]},{"@type":"WebSite","@id":"https:\/\/akunq.net\/turkish\/#website","url":"https:\/\/akunq.net\/turkish\/","name":"Bati Ermenistan Ve Bati Ermenileri Sorunlari Ara\u015ftirmalar Merkezi","description":"","potentialAction":[{"@type":"SearchAction","target":{"@type":"EntryPoint","urlTemplate":"https:\/\/akunq.net\/turkish\/?s={search_term_string}"},"query-input":{"@type":"PropertyValueSpecification","valueRequired":true,"valueName":"search_term_string"}}],"inLanguage":"en-US"},{"@type":"Person","@id":"https:\/\/akunq.net\/turkish\/#\/schema\/person\/135e7923d1aeb8887890799619969a6c","name":"kalem","image":{"@type":"ImageObject","inLanguage":"en-US","@id":"https:\/\/secure.gravatar.com\/avatar\/a06875e4b25feb5674296adf8e8a7ae1e587cebce2493fe63c456109967e27d3?s=96&d=mm&r=g","url":"https:\/\/secure.gravatar.com\/avatar\/a06875e4b25feb5674296adf8e8a7ae1e587cebce2493fe63c456109967e27d3?s=96&d=mm&r=g","contentUrl":"https:\/\/secure.gravatar.com\/avatar\/a06875e4b25feb5674296adf8e8a7ae1e587cebce2493fe63c456109967e27d3?s=96&d=mm&r=g","caption":"kalem"},"url":"https:\/\/akunq.net\/turkish\/author\/kalem\/"}]}},"_links":{"self":[{"href":"https:\/\/akunq.net\/turkish\/wp-json\/wp\/v2\/posts\/1679","targetHints":{"allow":["GET"]}}],"collection":[{"href":"https:\/\/akunq.net\/turkish\/wp-json\/wp\/v2\/posts"}],"about":[{"href":"https:\/\/akunq.net\/turkish\/wp-json\/wp\/v2\/types\/post"}],"author":[{"embeddable":true,"href":"https:\/\/akunq.net\/turkish\/wp-json\/wp\/v2\/users\/3"}],"replies":[{"embeddable":true,"href":"https:\/\/akunq.net\/turkish\/wp-json\/wp\/v2\/comments?post=1679"}],"version-history":[{"count":0,"href":"https:\/\/akunq.net\/turkish\/wp-json\/wp\/v2\/posts\/1679\/revisions"}],"wp:attachment":[{"href":"https:\/\/akunq.net\/turkish\/wp-json\/wp\/v2\/media?parent=1679"}],"wp:term":[{"taxonomy":"category","embeddable":true,"href":"https:\/\/akunq.net\/turkish\/wp-json\/wp\/v2\/categories?post=1679"},{"taxonomy":"post_tag","embeddable":true,"href":"https:\/\/akunq.net\/turkish\/wp-json\/wp\/v2\/tags?post=1679"}],"curies":[{"name":"wp","href":"https:\/\/api.w.org\/{rel}","templated":true}]}}