{"id":1676,"date":"2010-08-23T07:14:45","date_gmt":"2010-08-23T12:14:45","guid":{"rendered":"http:\/\/akunq.net\/tr\/?p=1676"},"modified":"2010-08-23T07:14:45","modified_gmt":"2010-08-23T12:14:45","slug":"hrant-dink-davasinda-turkiye-aihmde-mahkum","status":"publish","type":"post","link":"https:\/\/akunq.net\/turkish\/2010\/08\/23\/hrant-dink-davasinda-turkiye-aihmde-mahkum\/","title":{"rendered":"Hrant Dink Davas\u0131nda T\u00fcrkiye A\u0130HM&#8217;de Mahkum"},"content":{"rendered":"<p style=\"text-align: justify\"><strong><em>T\u00fcrkiye Dink ailesinin a\u00e7t\u0131\u011f\u0131 davada, A\u0130HM&#8217;de kaybetti. Mahkeme ya\u015fam hakk\u0131 ve ifade \u00f6zg\u00fcrl\u00fc\u011f\u00fc alanlar\u0131nda T\u00fcrkiye&#8217;yi mahkum etti. Mahkemenin karar\u0131n\u0131, gerek\u00e7enin yaz\u0131lmas\u0131n\u0131n ard\u0131ndan Eyl\u00fcl\u2019de a\u00e7\u0131klamas\u0131 bekleniyor.<\/em><\/strong><\/p>\n<p style=\"text-align: justify\">Avrupa \u0130nsan Haklar\u0131 Mahkemesi (A\u0130HM) T\u00fcrkiye&#8217;yi <strong>Hrant Dink<\/strong>&#8216;le ilgili dosyalarda mahkum etti.<\/p>\n<p style=\"text-align: justify\"><strong>Bianet<\/strong>&#8216;in edindi\u011fi bilgilere g\u00f6re, A\u0130HM dairesi, T\u00fcrkiye&#8217;nin 19 Ocak 2007&#8217;de i\u015flenen Hrant Dink cinayetini \u00f6nlemedi\u011fi ve cinayetten sonra etkili soru\u015fturma yapmad\u0131\u011f\u0131 i\u00e7in ya\u015fam hakk\u0131n\u0131 ihlal etti\u011fine karar verdi. Bu dosyayla birle\u015ftirdi\u011fi ayr\u0131 bir dosyada, Dink&#8217;e Ceza Yasas\u0131&#8217;n\u0131n 301. maddesinden verilen cezayla ilgili de, A\u0130HM T\u00fcrkiye&#8217;nin ifade \u00f6zg\u00fcrl\u00fc\u011f\u00fcn\u00fc ihlal etti\u011fine karar verdi.<\/p>\n<p style=\"text-align: justify\">T\u00fcrkiye bu dosyadaki savunmas\u0131nda Dink&#8217;in bir Nazi lideriyle e\u015f tutarak &#8220;nefret s\u00f6ylemi&#8221;yle <a href=\"http:\/\/www.bianet.org\/bianet\/bianet\/124156-hukumet-aihmde-kendini-dinki-suclayarak-savundu\">su\u00e7lam\u0131\u015ft\u0131<\/a>. D\u0131\u015fi\u015fleri Bakan\u0131 <strong>Ahmet Davuto\u011flu<\/strong> savunmay\u0131 &#8220;i\u00e7ine sindirmedi\u011fini&#8221; <a href=\"http:\/\/www.bianet.org\/bianet\/bianet\/124207-davutoglu-disisleri-nin-dink-savunmasini-icine-sindirememis\">s\u00f6ylemi\u015f<\/a>, Adalet Bakan\u0131 <strong>Sadullah Ergin<\/strong> de davan\u0131n savunulamaz oldu\u011funu dile getirmi\u015fti.<strong><em><\/em><\/strong><\/p>\n<p style=\"text-align: justify\">Savunmayla ilgili haberlerden sonra Cumhurba\u015fkan\u0131 Abdullah G\u00fcl \u00f6nce Dink&#8217;in gerekli tedbirler al\u0131namad\u0131\u011f\u0131 i\u00e7in \u00f6ld\u00fcr\u00fcld\u00fc\u011f\u00fcn\u00fc <a href=\"http:\/\/www.bianet.org\/bianet\/bianet\/124173-gul-hrant-dink-gerekli-tedbirler-alinmadigi-icin-oldu\">itiraf etmi\u015f<\/a>, ard\u0131ndan 20 A\u011fustos ak\u015fam\u0131 Dink&#8217;in karde\u015fi <strong>Hosrof Dink<\/strong>&#8216;le <a href=\"http:\/\/www.bianet.org\/bianet\/bianet\/124298-cumhurbaskani-gul-ve-hrant-dinkin-kardesi-hosrof-dink-bulustu\">g\u00f6r\u00fc\u015fm\u00fc\u015ft\u00fc<\/a>.<\/p>\n<p style=\"text-align: justify\">Mahkemenin karar\u0131n\u0131, gerek\u00e7esini yazd\u0131ktan sonra, Eyl\u00fcl\u2019de a\u00e7\u0131klamas\u0131 bekleniyor.<\/p>\n<p style=\"text-align: justify\">T\u00fcrkiye bu karar\u0131 temyiz ederse, nihai karar\u0131 A\u0130HM B\u00fcy\u00fck Dairesi verecek.<\/p>\n<p style=\"text-align: justify\">Haberlere g\u00f6re, D\u0131\u015fi\u015fleri Bakal\u0131\u011f\u0131&#8217;nda eski A\u0130HM Yarg\u0131c\u0131 <strong>R\u0131za T\u00fcrmen<\/strong>&#8216;le baz\u0131 uzmanlar\u0131n da aralar\u0131nda bulundu\u011fu isimlerin kat\u0131l\u0131m\u0131yla bug\u00fcn bir toplant\u0131 yap\u0131lmas\u0131 bekleniyor. T\u00fcrmen, Milliyet&#8217;te yay\u0131mlanan yaz\u0131s\u0131nda, h\u00fck\u00fcmete Dink ailesinden \u00f6z\u00fcr dilemesini ve sorumlulu\u011funu kabul ederek tazminat \u00f6demesini <a href=\"http:\/\/www.bianet.org\/bianet\/bianet\/124265-turmen-dink-davasinda-ozur-ve-tazminat-onerdi\">\u00f6nermi\u015fti<\/a>.<\/p>\n<p style=\"text-align: justify\"><strong><em>B\u0130A Haber Merkezi<\/em><\/strong><\/p>\n<p style=\"text-align: justify\"><strong><em>Strasbourg <\/em><\/strong><\/p>\n<p style=\"text-align: justify\"><strong><em>23 A\u011fustos 2010, Pazartesi <\/em><\/strong><\/p>\n","protected":false},"excerpt":{"rendered":"<p>T\u00fcrkiye Dink ailesinin a\u00e7t\u0131\u011f\u0131 davada, A\u0130HM&#8217;de kaybetti. Mahkeme ya\u015fam hakk\u0131 ve ifade \u00f6zg\u00fcrl\u00fc\u011f\u00fc alanlar\u0131nda T\u00fcrkiye&#8217;yi mahkum etti. Mahkemenin karar\u0131n\u0131, gerek\u00e7enin yaz\u0131lmas\u0131n\u0131n ard\u0131ndan Eyl\u00fcl\u2019de a\u00e7\u0131klamas\u0131 bekleniyor. Avrupa \u0130nsan Haklar\u0131 Mahkemesi (A\u0130HM) T\u00fcrkiye&#8217;yi Hrant Dink&#8216;le ilgili dosyalarda mahkum etti. Bianet&#8216;in edindi\u011fi bilgilere g\u00f6re, A\u0130HM dairesi, T\u00fcrkiye&#8217;nin 19 Ocak 2007&#8217;de i\u015flenen Hrant Dink cinayetini \u00f6nlemedi\u011fi ve cinayetten sonra [&hellip;]<\/p>\n","protected":false},"author":3,"featured_media":0,"comment_status":"closed","ping_status":"open","sticky":false,"template":"","format":"standard","meta":{"footnotes":""},"categories":[14],"tags":[],"class_list":["post-1676","post","type-post","status-publish","format-standard","hentry","category-haberler"],"yoast_head":"<!-- This site is optimized with the Yoast SEO plugin v27.4 - https:\/\/yoast.com\/product\/yoast-seo-wordpress\/ -->\n<title>Hrant Dink Davas\u0131nda T\u00fcrkiye A\u0130HM&#039;de Mahkum - Bati Ermenistan Ve Bati Ermenileri Sorunlari Ara\u015ftirmalar Merkezi<\/title>\n<meta name=\"robots\" content=\"index, follow, max-snippet:-1, max-image-preview:large, max-video-preview:-1\" \/>\n<link rel=\"canonical\" href=\"https:\/\/akunq.net\/turkish\/2010\/08\/23\/hrant-dink-davasinda-turkiye-aihmde-mahkum\/\" \/>\n<meta property=\"og:locale\" content=\"en_US\" \/>\n<meta property=\"og:type\" content=\"article\" \/>\n<meta property=\"og:title\" content=\"Hrant Dink Davas\u0131nda T\u00fcrkiye A\u0130HM&#039;de Mahkum - Bati Ermenistan Ve Bati Ermenileri Sorunlari Ara\u015ftirmalar Merkezi\" \/>\n<meta property=\"og:description\" content=\"T\u00fcrkiye Dink ailesinin a\u00e7t\u0131\u011f\u0131 davada, A\u0130HM&#8217;de kaybetti. Mahkeme ya\u015fam hakk\u0131 ve ifade \u00f6zg\u00fcrl\u00fc\u011f\u00fc alanlar\u0131nda T\u00fcrkiye&#8217;yi mahkum etti. Mahkemenin karar\u0131n\u0131, gerek\u00e7enin yaz\u0131lmas\u0131n\u0131n ard\u0131ndan Eyl\u00fcl\u2019de a\u00e7\u0131klamas\u0131 bekleniyor. Avrupa \u0130nsan Haklar\u0131 Mahkemesi (A\u0130HM) T\u00fcrkiye&#8217;yi Hrant Dink&#8216;le ilgili dosyalarda mahkum etti. Bianet&#8216;in edindi\u011fi bilgilere g\u00f6re, A\u0130HM dairesi, T\u00fcrkiye&#8217;nin 19 Ocak 2007&#8217;de i\u015flenen Hrant Dink cinayetini \u00f6nlemedi\u011fi ve cinayetten sonra [&hellip;]\" \/>\n<meta property=\"og:url\" content=\"https:\/\/akunq.net\/turkish\/2010\/08\/23\/hrant-dink-davasinda-turkiye-aihmde-mahkum\/\" \/>\n<meta property=\"og:site_name\" content=\"Bati Ermenistan Ve Bati Ermenileri Sorunlari Ara\u015ftirmalar Merkezi\" \/>\n<meta property=\"article:published_time\" content=\"2010-08-23T12:14:45+00:00\" \/>\n<meta name=\"author\" content=\"kalem\" \/>\n<meta name=\"twitter:card\" content=\"summary_large_image\" \/>\n<meta name=\"twitter:label1\" content=\"Written by\" \/>\n\t<meta name=\"twitter:data1\" content=\"kalem\" \/>\n\t<meta name=\"twitter:label2\" content=\"Est. reading time\" \/>\n\t<meta name=\"twitter:data2\" content=\"2 minutes\" \/>\n<script type=\"application\/ld+json\" class=\"yoast-schema-graph\">{\"@context\":\"https:\\\/\\\/schema.org\",\"@graph\":[{\"@type\":\"Article\",\"@id\":\"https:\\\/\\\/akunq.net\\\/turkish\\\/2010\\\/08\\\/23\\\/hrant-dink-davasinda-turkiye-aihmde-mahkum\\\/#article\",\"isPartOf\":{\"@id\":\"https:\\\/\\\/akunq.net\\\/turkish\\\/2010\\\/08\\\/23\\\/hrant-dink-davasinda-turkiye-aihmde-mahkum\\\/\"},\"author\":{\"name\":\"kalem\",\"@id\":\"https:\\\/\\\/akunq.net\\\/turkish\\\/#\\\/schema\\\/person\\\/135e7923d1aeb8887890799619969a6c\"},\"headline\":\"Hrant Dink Davas\u0131nda T\u00fcrkiye A\u0130HM&#8217;de Mahkum\",\"datePublished\":\"2010-08-23T12:14:45+00:00\",\"mainEntityOfPage\":{\"@id\":\"https:\\\/\\\/akunq.net\\\/turkish\\\/2010\\\/08\\\/23\\\/hrant-dink-davasinda-turkiye-aihmde-mahkum\\\/\"},\"wordCount\":316,\"articleSection\":[\"Haberler\"],\"inLanguage\":\"en-US\"},{\"@type\":\"WebPage\",\"@id\":\"https:\\\/\\\/akunq.net\\\/turkish\\\/2010\\\/08\\\/23\\\/hrant-dink-davasinda-turkiye-aihmde-mahkum\\\/\",\"url\":\"https:\\\/\\\/akunq.net\\\/turkish\\\/2010\\\/08\\\/23\\\/hrant-dink-davasinda-turkiye-aihmde-mahkum\\\/\",\"name\":\"Hrant Dink Davas\u0131nda T\u00fcrkiye A\u0130HM'de Mahkum - Bati Ermenistan Ve Bati Ermenileri Sorunlari Ara\u015ftirmalar Merkezi\",\"isPartOf\":{\"@id\":\"https:\\\/\\\/akunq.net\\\/turkish\\\/#website\"},\"datePublished\":\"2010-08-23T12:14:45+00:00\",\"author\":{\"@id\":\"https:\\\/\\\/akunq.net\\\/turkish\\\/#\\\/schema\\\/person\\\/135e7923d1aeb8887890799619969a6c\"},\"breadcrumb\":{\"@id\":\"https:\\\/\\\/akunq.net\\\/turkish\\\/2010\\\/08\\\/23\\\/hrant-dink-davasinda-turkiye-aihmde-mahkum\\\/#breadcrumb\"},\"inLanguage\":\"en-US\",\"potentialAction\":[{\"@type\":\"ReadAction\",\"target\":[\"https:\\\/\\\/akunq.net\\\/turkish\\\/2010\\\/08\\\/23\\\/hrant-dink-davasinda-turkiye-aihmde-mahkum\\\/\"]}]},{\"@type\":\"BreadcrumbList\",\"@id\":\"https:\\\/\\\/akunq.net\\\/turkish\\\/2010\\\/08\\\/23\\\/hrant-dink-davasinda-turkiye-aihmde-mahkum\\\/#breadcrumb\",\"itemListElement\":[{\"@type\":\"ListItem\",\"position\":1,\"name\":\"Home\",\"item\":\"https:\\\/\\\/akunq.net\\\/turkish\\\/\"},{\"@type\":\"ListItem\",\"position\":2,\"name\":\"Hrant Dink Davas\u0131nda T\u00fcrkiye A\u0130HM&#8217;de Mahkum\"}]},{\"@type\":\"WebSite\",\"@id\":\"https:\\\/\\\/akunq.net\\\/turkish\\\/#website\",\"url\":\"https:\\\/\\\/akunq.net\\\/turkish\\\/\",\"name\":\"Bati Ermenistan Ve Bati Ermenileri Sorunlari Ara\u015ftirmalar Merkezi\",\"description\":\"\",\"potentialAction\":[{\"@type\":\"SearchAction\",\"target\":{\"@type\":\"EntryPoint\",\"urlTemplate\":\"https:\\\/\\\/akunq.net\\\/turkish\\\/?s={search_term_string}\"},\"query-input\":{\"@type\":\"PropertyValueSpecification\",\"valueRequired\":true,\"valueName\":\"search_term_string\"}}],\"inLanguage\":\"en-US\"},{\"@type\":\"Person\",\"@id\":\"https:\\\/\\\/akunq.net\\\/turkish\\\/#\\\/schema\\\/person\\\/135e7923d1aeb8887890799619969a6c\",\"name\":\"kalem\",\"image\":{\"@type\":\"ImageObject\",\"inLanguage\":\"en-US\",\"@id\":\"https:\\\/\\\/secure.gravatar.com\\\/avatar\\\/a06875e4b25feb5674296adf8e8a7ae1e587cebce2493fe63c456109967e27d3?s=96&d=mm&r=g\",\"url\":\"https:\\\/\\\/secure.gravatar.com\\\/avatar\\\/a06875e4b25feb5674296adf8e8a7ae1e587cebce2493fe63c456109967e27d3?s=96&d=mm&r=g\",\"contentUrl\":\"https:\\\/\\\/secure.gravatar.com\\\/avatar\\\/a06875e4b25feb5674296adf8e8a7ae1e587cebce2493fe63c456109967e27d3?s=96&d=mm&r=g\",\"caption\":\"kalem\"},\"url\":\"https:\\\/\\\/akunq.net\\\/turkish\\\/author\\\/kalem\\\/\"}]}<\/script>\n<!-- \/ Yoast SEO plugin. -->","yoast_head_json":{"title":"Hrant Dink Davas\u0131nda T\u00fcrkiye A\u0130HM'de Mahkum - Bati Ermenistan Ve Bati Ermenileri Sorunlari Ara\u015ftirmalar Merkezi","robots":{"index":"index","follow":"follow","max-snippet":"max-snippet:-1","max-image-preview":"max-image-preview:large","max-video-preview":"max-video-preview:-1"},"canonical":"https:\/\/akunq.net\/turkish\/2010\/08\/23\/hrant-dink-davasinda-turkiye-aihmde-mahkum\/","og_locale":"en_US","og_type":"article","og_title":"Hrant Dink Davas\u0131nda T\u00fcrkiye A\u0130HM'de Mahkum - Bati Ermenistan Ve Bati Ermenileri Sorunlari Ara\u015ftirmalar Merkezi","og_description":"T\u00fcrkiye Dink ailesinin a\u00e7t\u0131\u011f\u0131 davada, A\u0130HM&#8217;de kaybetti. Mahkeme ya\u015fam hakk\u0131 ve ifade \u00f6zg\u00fcrl\u00fc\u011f\u00fc alanlar\u0131nda T\u00fcrkiye&#8217;yi mahkum etti. Mahkemenin karar\u0131n\u0131, gerek\u00e7enin yaz\u0131lmas\u0131n\u0131n ard\u0131ndan Eyl\u00fcl\u2019de a\u00e7\u0131klamas\u0131 bekleniyor. Avrupa \u0130nsan Haklar\u0131 Mahkemesi (A\u0130HM) T\u00fcrkiye&#8217;yi Hrant Dink&#8216;le ilgili dosyalarda mahkum etti. Bianet&#8216;in edindi\u011fi bilgilere g\u00f6re, A\u0130HM dairesi, T\u00fcrkiye&#8217;nin 19 Ocak 2007&#8217;de i\u015flenen Hrant Dink cinayetini \u00f6nlemedi\u011fi ve cinayetten sonra [&hellip;]","og_url":"https:\/\/akunq.net\/turkish\/2010\/08\/23\/hrant-dink-davasinda-turkiye-aihmde-mahkum\/","og_site_name":"Bati Ermenistan Ve Bati Ermenileri Sorunlari Ara\u015ftirmalar Merkezi","article_published_time":"2010-08-23T12:14:45+00:00","author":"kalem","twitter_card":"summary_large_image","twitter_misc":{"Written by":"kalem","Est. reading time":"2 minutes"},"schema":{"@context":"https:\/\/schema.org","@graph":[{"@type":"Article","@id":"https:\/\/akunq.net\/turkish\/2010\/08\/23\/hrant-dink-davasinda-turkiye-aihmde-mahkum\/#article","isPartOf":{"@id":"https:\/\/akunq.net\/turkish\/2010\/08\/23\/hrant-dink-davasinda-turkiye-aihmde-mahkum\/"},"author":{"name":"kalem","@id":"https:\/\/akunq.net\/turkish\/#\/schema\/person\/135e7923d1aeb8887890799619969a6c"},"headline":"Hrant Dink Davas\u0131nda T\u00fcrkiye A\u0130HM&#8217;de Mahkum","datePublished":"2010-08-23T12:14:45+00:00","mainEntityOfPage":{"@id":"https:\/\/akunq.net\/turkish\/2010\/08\/23\/hrant-dink-davasinda-turkiye-aihmde-mahkum\/"},"wordCount":316,"articleSection":["Haberler"],"inLanguage":"en-US"},{"@type":"WebPage","@id":"https:\/\/akunq.net\/turkish\/2010\/08\/23\/hrant-dink-davasinda-turkiye-aihmde-mahkum\/","url":"https:\/\/akunq.net\/turkish\/2010\/08\/23\/hrant-dink-davasinda-turkiye-aihmde-mahkum\/","name":"Hrant Dink Davas\u0131nda T\u00fcrkiye A\u0130HM'de Mahkum - Bati Ermenistan Ve Bati Ermenileri Sorunlari Ara\u015ftirmalar Merkezi","isPartOf":{"@id":"https:\/\/akunq.net\/turkish\/#website"},"datePublished":"2010-08-23T12:14:45+00:00","author":{"@id":"https:\/\/akunq.net\/turkish\/#\/schema\/person\/135e7923d1aeb8887890799619969a6c"},"breadcrumb":{"@id":"https:\/\/akunq.net\/turkish\/2010\/08\/23\/hrant-dink-davasinda-turkiye-aihmde-mahkum\/#breadcrumb"},"inLanguage":"en-US","potentialAction":[{"@type":"ReadAction","target":["https:\/\/akunq.net\/turkish\/2010\/08\/23\/hrant-dink-davasinda-turkiye-aihmde-mahkum\/"]}]},{"@type":"BreadcrumbList","@id":"https:\/\/akunq.net\/turkish\/2010\/08\/23\/hrant-dink-davasinda-turkiye-aihmde-mahkum\/#breadcrumb","itemListElement":[{"@type":"ListItem","position":1,"name":"Home","item":"https:\/\/akunq.net\/turkish\/"},{"@type":"ListItem","position":2,"name":"Hrant Dink Davas\u0131nda T\u00fcrkiye A\u0130HM&#8217;de Mahkum"}]},{"@type":"WebSite","@id":"https:\/\/akunq.net\/turkish\/#website","url":"https:\/\/akunq.net\/turkish\/","name":"Bati Ermenistan Ve Bati Ermenileri Sorunlari Ara\u015ftirmalar Merkezi","description":"","potentialAction":[{"@type":"SearchAction","target":{"@type":"EntryPoint","urlTemplate":"https:\/\/akunq.net\/turkish\/?s={search_term_string}"},"query-input":{"@type":"PropertyValueSpecification","valueRequired":true,"valueName":"search_term_string"}}],"inLanguage":"en-US"},{"@type":"Person","@id":"https:\/\/akunq.net\/turkish\/#\/schema\/person\/135e7923d1aeb8887890799619969a6c","name":"kalem","image":{"@type":"ImageObject","inLanguage":"en-US","@id":"https:\/\/secure.gravatar.com\/avatar\/a06875e4b25feb5674296adf8e8a7ae1e587cebce2493fe63c456109967e27d3?s=96&d=mm&r=g","url":"https:\/\/secure.gravatar.com\/avatar\/a06875e4b25feb5674296adf8e8a7ae1e587cebce2493fe63c456109967e27d3?s=96&d=mm&r=g","contentUrl":"https:\/\/secure.gravatar.com\/avatar\/a06875e4b25feb5674296adf8e8a7ae1e587cebce2493fe63c456109967e27d3?s=96&d=mm&r=g","caption":"kalem"},"url":"https:\/\/akunq.net\/turkish\/author\/kalem\/"}]}},"_links":{"self":[{"href":"https:\/\/akunq.net\/turkish\/wp-json\/wp\/v2\/posts\/1676","targetHints":{"allow":["GET"]}}],"collection":[{"href":"https:\/\/akunq.net\/turkish\/wp-json\/wp\/v2\/posts"}],"about":[{"href":"https:\/\/akunq.net\/turkish\/wp-json\/wp\/v2\/types\/post"}],"author":[{"embeddable":true,"href":"https:\/\/akunq.net\/turkish\/wp-json\/wp\/v2\/users\/3"}],"replies":[{"embeddable":true,"href":"https:\/\/akunq.net\/turkish\/wp-json\/wp\/v2\/comments?post=1676"}],"version-history":[{"count":0,"href":"https:\/\/akunq.net\/turkish\/wp-json\/wp\/v2\/posts\/1676\/revisions"}],"wp:attachment":[{"href":"https:\/\/akunq.net\/turkish\/wp-json\/wp\/v2\/media?parent=1676"}],"wp:term":[{"taxonomy":"category","embeddable":true,"href":"https:\/\/akunq.net\/turkish\/wp-json\/wp\/v2\/categories?post=1676"},{"taxonomy":"post_tag","embeddable":true,"href":"https:\/\/akunq.net\/turkish\/wp-json\/wp\/v2\/tags?post=1676"}],"curies":[{"name":"wp","href":"https:\/\/api.w.org\/{rel}","templated":true}]}}