{"id":1671,"date":"2010-08-23T07:05:16","date_gmt":"2010-08-23T12:05:16","guid":{"rendered":"http:\/\/akunq.net\/tr\/?p=1671"},"modified":"2010-08-23T07:05:16","modified_gmt":"2010-08-23T12:05:16","slug":"cicekten-ermeni-pkklilar-imasi","status":"publish","type":"post","link":"https:\/\/akunq.net\/turkish\/2010\/08\/23\/cicekten-ermeni-pkklilar-imasi\/","title":{"rendered":"\u00c7i\u00e7ek&#8217;ten Ermeni PKK&#8217;l\u0131lar imas\u0131!"},"content":{"rendered":"<p style=\"text-align: justify\"><strong><em>Ermeni ter\u00f6r\u00fcn\u00fcn ortadan kalkmas\u0131yla i\u015fin PKK&#8217;ya verildi\u011fini belirten Ba\u015fbakan Yard\u0131mc\u0131s\u0131 Cemil \u00c7i\u00e7ek, &#8216;s\u00fcnnetsiz ter\u00f6ristler \u00e7ok \u015feyi ifade ediyor&#8217; dedi.<\/em><\/strong>Devlet Bakan\u0131 ve Ba\u015fbakan Yard\u0131mc\u0131s\u0131 Cemil \u00c7i\u00e7ek, Devlet Bakan\u0131 Zafer \u00c7a\u011flayan&#8217;la birlikte, OST\u0130M Organize Sanayi B\u00f6lgesi y\u00f6netim binas\u0131nda, i\u015f adamlar\u0131yla bir araya geldi.<\/p>\n<p style=\"text-align: justify\">\u00a0Burada yapt\u0131\u011f\u0131 konu\u015fmada, G\u00fcneydo\u011fu Anadolu Projesi&#8217;nden bahseden, proje ile 3 milyon 800 bin ki\u015finin istihdam olana\u011f\u0131na kavu\u015fabilece\u011fini s\u00f6yleyen \u00c7i\u00e7ek, ter\u00f6rle m\u00fccadele i\u00e7in harcanan 300 milyar dolar\u0131 hat\u0131rlatt\u0131.<\/p>\n<p style=\"text-align: justify\">\u00c7i\u00e7ek, &#8221;10 GAP projesini finanse edecek kadar para, bu \u00fclke birli\u011fini ve dirli\u011fini, b\u00fct\u00fcnl\u00fc\u011f\u00fcn\u00fc muhafaza etmek ad\u0131na para harcanm\u0131\u015ft\u0131r, harcanmaktad\u0131r. E\u011fer siz kalk\u0131n\u0131yorsan\u0131z, bu arada birilerinin de aya\u011f\u0131na bas\u0131yorsunuz demektir. Bu aya\u011f\u0131na bast\u0131klar\u0131n\u0131z birden fazlaysa bunlar\u0131n bir \u00fclkeyi geride b\u0131rakmak, geli\u015fmesini engellemek, i\u00e7e d\u00f6nd\u00fcrmek, i\u00e7 kavgalar\u0131 k\u00f6r\u00fcklemek ad\u0131na kulland\u0131klar\u0131 sopan\u0131n, kulland\u0131klar\u0131 enstr\u00fcman\u0131n aletin ad\u0131 bug\u00fcn ter\u00f6rd\u00fcr&#8221; dedi.<\/p>\n<p style=\"text-align: justify\">T\u00fcrkiye&#8217;nin 40 y\u0131l\u0131 a\u015fk\u0131n bir zamand\u0131r ter\u00f6rle u\u011fra\u015ft\u0131\u011f\u0131n\u0131 belirten \u00c7i\u00e7ek, &#8220;80&#8217;den \u00f6nce ideolojik ter\u00f6r, 80&#8217;den sonra sa\u011f-sol ter\u00f6r\u00fc&#8230; Sadece Ermeni ter\u00f6r\u00fc de de\u011fil, Ermeni ter\u00f6r\u00fc ile PKK ter\u00f6r\u00fc aras\u0131nda yak\u0131n i\u015fbirli\u011fi var, bunlar kan karde\u015fidir. O devreden \u00e7ekildi, i\u015fi bu tarafa verdiler. Zaten, \u00f6z\u00fcr dilerim, bir k\u0131s\u0131m ter\u00f6ristlerin s\u00fcnnetsiz olu\u015fu, size \u00e7ok \u015feyi ifade ediyor demektir. Yani bu, bir rivayet falan de\u011fil, biz kimin ne oldu\u011funu iyi biliyoruz&#8221; \u015feklinde konu\u015ftu.<\/p>\n<p style=\"text-align: justify\"><strong>\u00a0<\/strong><strong>Kaynak:<\/strong> radikal.com.tr<br \/>\n<strong>Tarih:<\/strong> 21.8.2010<\/p>\n","protected":false},"excerpt":{"rendered":"<p>Ermeni ter\u00f6r\u00fcn\u00fcn ortadan kalkmas\u0131yla i\u015fin PKK&#8217;ya verildi\u011fini belirten Ba\u015fbakan Yard\u0131mc\u0131s\u0131 Cemil \u00c7i\u00e7ek, &#8216;s\u00fcnnetsiz ter\u00f6ristler \u00e7ok \u015feyi ifade ediyor&#8217; dedi.Devlet Bakan\u0131 ve Ba\u015fbakan Yard\u0131mc\u0131s\u0131 Cemil \u00c7i\u00e7ek, Devlet Bakan\u0131 Zafer \u00c7a\u011flayan&#8217;la birlikte, OST\u0130M Organize Sanayi B\u00f6lgesi y\u00f6netim binas\u0131nda, i\u015f adamlar\u0131yla bir araya geldi. \u00a0Burada yapt\u0131\u011f\u0131 konu\u015fmada, G\u00fcneydo\u011fu Anadolu Projesi&#8217;nden bahseden, proje ile 3 milyon 800 bin ki\u015finin [&hellip;]<\/p>\n","protected":false},"author":3,"featured_media":0,"comment_status":"closed","ping_status":"open","sticky":false,"template":"","format":"standard","meta":{"footnotes":""},"categories":[14],"tags":[],"class_list":["post-1671","post","type-post","status-publish","format-standard","hentry","category-haberler"],"yoast_head":"<!-- This site is optimized with the Yoast SEO plugin v27.4 - https:\/\/yoast.com\/product\/yoast-seo-wordpress\/ -->\n<title>\u00c7i\u00e7ek&#039;ten Ermeni PKK&#039;l\u0131lar imas\u0131! - Bati Ermenistan Ve Bati Ermenileri Sorunlari Ara\u015ftirmalar Merkezi<\/title>\n<meta name=\"robots\" content=\"index, follow, max-snippet:-1, max-image-preview:large, max-video-preview:-1\" \/>\n<link rel=\"canonical\" href=\"https:\/\/akunq.net\/turkish\/2010\/08\/23\/cicekten-ermeni-pkklilar-imasi\/\" \/>\n<meta property=\"og:locale\" content=\"en_US\" \/>\n<meta property=\"og:type\" content=\"article\" \/>\n<meta property=\"og:title\" content=\"\u00c7i\u00e7ek&#039;ten Ermeni PKK&#039;l\u0131lar imas\u0131! - Bati Ermenistan Ve Bati Ermenileri Sorunlari Ara\u015ftirmalar Merkezi\" \/>\n<meta property=\"og:description\" content=\"Ermeni ter\u00f6r\u00fcn\u00fcn ortadan kalkmas\u0131yla i\u015fin PKK&#8217;ya verildi\u011fini belirten Ba\u015fbakan Yard\u0131mc\u0131s\u0131 Cemil \u00c7i\u00e7ek, &#8216;s\u00fcnnetsiz ter\u00f6ristler \u00e7ok \u015feyi ifade ediyor&#8217; dedi.Devlet Bakan\u0131 ve Ba\u015fbakan Yard\u0131mc\u0131s\u0131 Cemil \u00c7i\u00e7ek, Devlet Bakan\u0131 Zafer \u00c7a\u011flayan&#8217;la birlikte, OST\u0130M Organize Sanayi B\u00f6lgesi y\u00f6netim binas\u0131nda, i\u015f adamlar\u0131yla bir araya geldi. \u00a0Burada yapt\u0131\u011f\u0131 konu\u015fmada, G\u00fcneydo\u011fu Anadolu Projesi&#8217;nden bahseden, proje ile 3 milyon 800 bin ki\u015finin [&hellip;]\" \/>\n<meta property=\"og:url\" content=\"https:\/\/akunq.net\/turkish\/2010\/08\/23\/cicekten-ermeni-pkklilar-imasi\/\" \/>\n<meta property=\"og:site_name\" content=\"Bati Ermenistan Ve Bati Ermenileri Sorunlari Ara\u015ftirmalar Merkezi\" \/>\n<meta property=\"article:published_time\" content=\"2010-08-23T12:05:16+00:00\" \/>\n<meta name=\"author\" content=\"kalem\" \/>\n<meta name=\"twitter:card\" content=\"summary_large_image\" \/>\n<meta name=\"twitter:label1\" content=\"Written by\" \/>\n\t<meta name=\"twitter:data1\" content=\"kalem\" \/>\n\t<meta name=\"twitter:label2\" content=\"Est. reading time\" \/>\n\t<meta name=\"twitter:data2\" content=\"2 minutes\" \/>\n<script type=\"application\/ld+json\" class=\"yoast-schema-graph\">{\"@context\":\"https:\\\/\\\/schema.org\",\"@graph\":[{\"@type\":\"Article\",\"@id\":\"https:\\\/\\\/akunq.net\\\/turkish\\\/2010\\\/08\\\/23\\\/cicekten-ermeni-pkklilar-imasi\\\/#article\",\"isPartOf\":{\"@id\":\"https:\\\/\\\/akunq.net\\\/turkish\\\/2010\\\/08\\\/23\\\/cicekten-ermeni-pkklilar-imasi\\\/\"},\"author\":{\"name\":\"kalem\",\"@id\":\"https:\\\/\\\/akunq.net\\\/turkish\\\/#\\\/schema\\\/person\\\/135e7923d1aeb8887890799619969a6c\"},\"headline\":\"\u00c7i\u00e7ek&#8217;ten Ermeni PKK&#8217;l\u0131lar imas\u0131!\",\"datePublished\":\"2010-08-23T12:05:16+00:00\",\"mainEntityOfPage\":{\"@id\":\"https:\\\/\\\/akunq.net\\\/turkish\\\/2010\\\/08\\\/23\\\/cicekten-ermeni-pkklilar-imasi\\\/\"},\"wordCount\":307,\"articleSection\":[\"Haberler\"],\"inLanguage\":\"en-US\"},{\"@type\":\"WebPage\",\"@id\":\"https:\\\/\\\/akunq.net\\\/turkish\\\/2010\\\/08\\\/23\\\/cicekten-ermeni-pkklilar-imasi\\\/\",\"url\":\"https:\\\/\\\/akunq.net\\\/turkish\\\/2010\\\/08\\\/23\\\/cicekten-ermeni-pkklilar-imasi\\\/\",\"name\":\"\u00c7i\u00e7ek'ten Ermeni PKK'l\u0131lar imas\u0131! - Bati Ermenistan Ve Bati Ermenileri Sorunlari Ara\u015ftirmalar Merkezi\",\"isPartOf\":{\"@id\":\"https:\\\/\\\/akunq.net\\\/turkish\\\/#website\"},\"datePublished\":\"2010-08-23T12:05:16+00:00\",\"author\":{\"@id\":\"https:\\\/\\\/akunq.net\\\/turkish\\\/#\\\/schema\\\/person\\\/135e7923d1aeb8887890799619969a6c\"},\"breadcrumb\":{\"@id\":\"https:\\\/\\\/akunq.net\\\/turkish\\\/2010\\\/08\\\/23\\\/cicekten-ermeni-pkklilar-imasi\\\/#breadcrumb\"},\"inLanguage\":\"en-US\",\"potentialAction\":[{\"@type\":\"ReadAction\",\"target\":[\"https:\\\/\\\/akunq.net\\\/turkish\\\/2010\\\/08\\\/23\\\/cicekten-ermeni-pkklilar-imasi\\\/\"]}]},{\"@type\":\"BreadcrumbList\",\"@id\":\"https:\\\/\\\/akunq.net\\\/turkish\\\/2010\\\/08\\\/23\\\/cicekten-ermeni-pkklilar-imasi\\\/#breadcrumb\",\"itemListElement\":[{\"@type\":\"ListItem\",\"position\":1,\"name\":\"Home\",\"item\":\"https:\\\/\\\/akunq.net\\\/turkish\\\/\"},{\"@type\":\"ListItem\",\"position\":2,\"name\":\"\u00c7i\u00e7ek&#8217;ten Ermeni PKK&#8217;l\u0131lar imas\u0131!\"}]},{\"@type\":\"WebSite\",\"@id\":\"https:\\\/\\\/akunq.net\\\/turkish\\\/#website\",\"url\":\"https:\\\/\\\/akunq.net\\\/turkish\\\/\",\"name\":\"Bati Ermenistan Ve Bati Ermenileri Sorunlari Ara\u015ftirmalar Merkezi\",\"description\":\"\",\"potentialAction\":[{\"@type\":\"SearchAction\",\"target\":{\"@type\":\"EntryPoint\",\"urlTemplate\":\"https:\\\/\\\/akunq.net\\\/turkish\\\/?s={search_term_string}\"},\"query-input\":{\"@type\":\"PropertyValueSpecification\",\"valueRequired\":true,\"valueName\":\"search_term_string\"}}],\"inLanguage\":\"en-US\"},{\"@type\":\"Person\",\"@id\":\"https:\\\/\\\/akunq.net\\\/turkish\\\/#\\\/schema\\\/person\\\/135e7923d1aeb8887890799619969a6c\",\"name\":\"kalem\",\"image\":{\"@type\":\"ImageObject\",\"inLanguage\":\"en-US\",\"@id\":\"https:\\\/\\\/secure.gravatar.com\\\/avatar\\\/a06875e4b25feb5674296adf8e8a7ae1e587cebce2493fe63c456109967e27d3?s=96&d=mm&r=g\",\"url\":\"https:\\\/\\\/secure.gravatar.com\\\/avatar\\\/a06875e4b25feb5674296adf8e8a7ae1e587cebce2493fe63c456109967e27d3?s=96&d=mm&r=g\",\"contentUrl\":\"https:\\\/\\\/secure.gravatar.com\\\/avatar\\\/a06875e4b25feb5674296adf8e8a7ae1e587cebce2493fe63c456109967e27d3?s=96&d=mm&r=g\",\"caption\":\"kalem\"},\"url\":\"https:\\\/\\\/akunq.net\\\/turkish\\\/author\\\/kalem\\\/\"}]}<\/script>\n<!-- \/ Yoast SEO plugin. -->","yoast_head_json":{"title":"\u00c7i\u00e7ek'ten Ermeni PKK'l\u0131lar imas\u0131! - Bati Ermenistan Ve Bati Ermenileri Sorunlari Ara\u015ftirmalar Merkezi","robots":{"index":"index","follow":"follow","max-snippet":"max-snippet:-1","max-image-preview":"max-image-preview:large","max-video-preview":"max-video-preview:-1"},"canonical":"https:\/\/akunq.net\/turkish\/2010\/08\/23\/cicekten-ermeni-pkklilar-imasi\/","og_locale":"en_US","og_type":"article","og_title":"\u00c7i\u00e7ek'ten Ermeni PKK'l\u0131lar imas\u0131! - Bati Ermenistan Ve Bati Ermenileri Sorunlari Ara\u015ftirmalar Merkezi","og_description":"Ermeni ter\u00f6r\u00fcn\u00fcn ortadan kalkmas\u0131yla i\u015fin PKK&#8217;ya verildi\u011fini belirten Ba\u015fbakan Yard\u0131mc\u0131s\u0131 Cemil \u00c7i\u00e7ek, &#8216;s\u00fcnnetsiz ter\u00f6ristler \u00e7ok \u015feyi ifade ediyor&#8217; dedi.Devlet Bakan\u0131 ve Ba\u015fbakan Yard\u0131mc\u0131s\u0131 Cemil \u00c7i\u00e7ek, Devlet Bakan\u0131 Zafer \u00c7a\u011flayan&#8217;la birlikte, OST\u0130M Organize Sanayi B\u00f6lgesi y\u00f6netim binas\u0131nda, i\u015f adamlar\u0131yla bir araya geldi. \u00a0Burada yapt\u0131\u011f\u0131 konu\u015fmada, G\u00fcneydo\u011fu Anadolu Projesi&#8217;nden bahseden, proje ile 3 milyon 800 bin ki\u015finin [&hellip;]","og_url":"https:\/\/akunq.net\/turkish\/2010\/08\/23\/cicekten-ermeni-pkklilar-imasi\/","og_site_name":"Bati Ermenistan Ve Bati Ermenileri Sorunlari Ara\u015ftirmalar Merkezi","article_published_time":"2010-08-23T12:05:16+00:00","author":"kalem","twitter_card":"summary_large_image","twitter_misc":{"Written by":"kalem","Est. reading time":"2 minutes"},"schema":{"@context":"https:\/\/schema.org","@graph":[{"@type":"Article","@id":"https:\/\/akunq.net\/turkish\/2010\/08\/23\/cicekten-ermeni-pkklilar-imasi\/#article","isPartOf":{"@id":"https:\/\/akunq.net\/turkish\/2010\/08\/23\/cicekten-ermeni-pkklilar-imasi\/"},"author":{"name":"kalem","@id":"https:\/\/akunq.net\/turkish\/#\/schema\/person\/135e7923d1aeb8887890799619969a6c"},"headline":"\u00c7i\u00e7ek&#8217;ten Ermeni PKK&#8217;l\u0131lar imas\u0131!","datePublished":"2010-08-23T12:05:16+00:00","mainEntityOfPage":{"@id":"https:\/\/akunq.net\/turkish\/2010\/08\/23\/cicekten-ermeni-pkklilar-imasi\/"},"wordCount":307,"articleSection":["Haberler"],"inLanguage":"en-US"},{"@type":"WebPage","@id":"https:\/\/akunq.net\/turkish\/2010\/08\/23\/cicekten-ermeni-pkklilar-imasi\/","url":"https:\/\/akunq.net\/turkish\/2010\/08\/23\/cicekten-ermeni-pkklilar-imasi\/","name":"\u00c7i\u00e7ek'ten Ermeni PKK'l\u0131lar imas\u0131! - Bati Ermenistan Ve Bati Ermenileri Sorunlari Ara\u015ftirmalar Merkezi","isPartOf":{"@id":"https:\/\/akunq.net\/turkish\/#website"},"datePublished":"2010-08-23T12:05:16+00:00","author":{"@id":"https:\/\/akunq.net\/turkish\/#\/schema\/person\/135e7923d1aeb8887890799619969a6c"},"breadcrumb":{"@id":"https:\/\/akunq.net\/turkish\/2010\/08\/23\/cicekten-ermeni-pkklilar-imasi\/#breadcrumb"},"inLanguage":"en-US","potentialAction":[{"@type":"ReadAction","target":["https:\/\/akunq.net\/turkish\/2010\/08\/23\/cicekten-ermeni-pkklilar-imasi\/"]}]},{"@type":"BreadcrumbList","@id":"https:\/\/akunq.net\/turkish\/2010\/08\/23\/cicekten-ermeni-pkklilar-imasi\/#breadcrumb","itemListElement":[{"@type":"ListItem","position":1,"name":"Home","item":"https:\/\/akunq.net\/turkish\/"},{"@type":"ListItem","position":2,"name":"\u00c7i\u00e7ek&#8217;ten Ermeni PKK&#8217;l\u0131lar imas\u0131!"}]},{"@type":"WebSite","@id":"https:\/\/akunq.net\/turkish\/#website","url":"https:\/\/akunq.net\/turkish\/","name":"Bati Ermenistan Ve Bati Ermenileri Sorunlari Ara\u015ftirmalar Merkezi","description":"","potentialAction":[{"@type":"SearchAction","target":{"@type":"EntryPoint","urlTemplate":"https:\/\/akunq.net\/turkish\/?s={search_term_string}"},"query-input":{"@type":"PropertyValueSpecification","valueRequired":true,"valueName":"search_term_string"}}],"inLanguage":"en-US"},{"@type":"Person","@id":"https:\/\/akunq.net\/turkish\/#\/schema\/person\/135e7923d1aeb8887890799619969a6c","name":"kalem","image":{"@type":"ImageObject","inLanguage":"en-US","@id":"https:\/\/secure.gravatar.com\/avatar\/a06875e4b25feb5674296adf8e8a7ae1e587cebce2493fe63c456109967e27d3?s=96&d=mm&r=g","url":"https:\/\/secure.gravatar.com\/avatar\/a06875e4b25feb5674296adf8e8a7ae1e587cebce2493fe63c456109967e27d3?s=96&d=mm&r=g","contentUrl":"https:\/\/secure.gravatar.com\/avatar\/a06875e4b25feb5674296adf8e8a7ae1e587cebce2493fe63c456109967e27d3?s=96&d=mm&r=g","caption":"kalem"},"url":"https:\/\/akunq.net\/turkish\/author\/kalem\/"}]}},"_links":{"self":[{"href":"https:\/\/akunq.net\/turkish\/wp-json\/wp\/v2\/posts\/1671","targetHints":{"allow":["GET"]}}],"collection":[{"href":"https:\/\/akunq.net\/turkish\/wp-json\/wp\/v2\/posts"}],"about":[{"href":"https:\/\/akunq.net\/turkish\/wp-json\/wp\/v2\/types\/post"}],"author":[{"embeddable":true,"href":"https:\/\/akunq.net\/turkish\/wp-json\/wp\/v2\/users\/3"}],"replies":[{"embeddable":true,"href":"https:\/\/akunq.net\/turkish\/wp-json\/wp\/v2\/comments?post=1671"}],"version-history":[{"count":0,"href":"https:\/\/akunq.net\/turkish\/wp-json\/wp\/v2\/posts\/1671\/revisions"}],"wp:attachment":[{"href":"https:\/\/akunq.net\/turkish\/wp-json\/wp\/v2\/media?parent=1671"}],"wp:term":[{"taxonomy":"category","embeddable":true,"href":"https:\/\/akunq.net\/turkish\/wp-json\/wp\/v2\/categories?post=1671"},{"taxonomy":"post_tag","embeddable":true,"href":"https:\/\/akunq.net\/turkish\/wp-json\/wp\/v2\/tags?post=1671"}],"curies":[{"name":"wp","href":"https:\/\/api.w.org\/{rel}","templated":true}]}}