{"id":1664,"date":"2010-08-20T06:49:50","date_gmt":"2010-08-20T11:49:50","guid":{"rendered":"http:\/\/akunq.net\/tr\/?p=1664"},"modified":"2010-08-20T06:49:50","modified_gmt":"2010-08-20T11:49:50","slug":"diasporadan-akdamara-boykot","status":"publish","type":"post","link":"https:\/\/akunq.net\/turkish\/2010\/08\/20\/diasporadan-akdamara-boykot\/","title":{"rendered":"Diaspora&#8217;dan Akdamar&#8217;a boykot"},"content":{"rendered":"<p style=\"text-align: justify\">Van\u2019daki Akdamar Kilisesi\u2019nde 19 Eyl\u00fcl\u2019de yap\u0131lacak ayine, diasporadan tepki geldi. Ermeni diasporas\u0131, ayinin boykot edilmesi i\u00e7in yo\u011fun \u00e7aba g\u00f6sterirken, Ermenilerin T\u00fcrk propagandas\u0131n\u0131n bir par\u00e7as\u0131 olmamalar\u0131 gerekti\u011fini \u00f6ne s\u00fcrd\u00fc.<\/p>\n<p style=\"text-align: justify\">ABD\u2019deki Ermeni diasporas\u0131ndan Akdamar Kilisesi\u2019nde yap\u0131lacak ayine y\u00f6nelik boykot \u00e7a\u011fr\u0131lar\u0131 artarak devam ediyor. Bu \u00e7er\u00e7evede, yakla\u015f\u0131k bir as\u0131rd\u0131r T\u00fcrkiye\u2019deki kiliselerin kullan\u0131ma kapal\u0131 oldu\u011fu, m\u00fcze olarak s\u0131n\u0131fland\u0131r\u0131ld\u0131\u011f\u0131, bu ayinin yaln\u0131zca ABD ve Avrupa Birli\u011fi\u2019ne propaganda ve H\u0131ristiyanlar ile di\u011fer az\u0131nl\u0131klara g\u00f6steri\u015f ama\u00e7l\u0131 yap\u0131ld\u0131\u011f\u0131 savunuldu.<\/p>\n<p style=\"text-align: justify\">Ermeni n\u00fcfusunun yo\u011funlukta oldu\u011fu, ABD\u2019nin Los Angeles kentinde yay\u0131mlanan Ermeni The California Courier gazetesi, Ermenilerin ayine kat\u0131lmas\u0131na kar\u015f\u0131 \u00e7\u0131karken, &#8220;Ermeniler neden Akdamar\u2019a giderek T\u00fcrk propagandas\u0131na alet olsun&#8221; diye yazd\u0131.<\/p>\n<p style=\"text-align: justify\">Gazetenin yay\u0131nc\u0131s\u0131 Harut Sassounian\u2019\u0131n imzas\u0131n\u0131 ta\u015f\u0131yan yaz\u0131da, Akdamar\u2019da yap\u0131lacak ayinin, bu ayinin T\u00fcrkler i\u00e7in hak edilmemi\u015f bir \u00f6d\u00fcllendirmeden ba\u015fka bir \u015fey olmad\u0131\u011f\u0131 ve senede bir g\u00fcn yap\u0131lan sembolik bir ayine alet olunmamas\u0131 gerekti\u011fi belirtildi.<\/p>\n<p style=\"text-align: justify\">Sassounian, bu tip dini ayinlerin, devlet izni ya da m\u00fcdahalesi olmaks\u0131z\u0131n normal zamanlarda da \u00f6zg\u00fcrce yap\u0131labilmesi gerekti\u011fini savundu.<\/p>\n<p style=\"text-align: justify\">-&#8220;UCUZ B\u0130R T\u00dcRK G\u00d6STER\u0130S\u0130&#8221;-<\/p>\n<p style=\"text-align: justify\">The California Courier, Ermenistan h\u00fck\u00fcmetinin ayine temsilci g\u00f6ndermemesi gerekti\u011fini \u00f6ne s\u00fcrerken, Ermenistan Cumhurba\u015fkan\u0131 Serj Sargisyan taraf\u0131ndan olu\u015fturulan bir komitenin de t\u00fcm Ermenilere Akdamar\u2019daki s\u00f6z konusu kilise ayinini protesto etmeleri i\u00e7in \u00e7a\u011fr\u0131da bulundu\u011funa ve bu ayini, &#8220;ucuz bir T\u00fcrk g\u00f6sterisi&#8221; olarak nitelendirerek, Ermenilerden ayine kat\u0131lmamalar\u0131n\u0131 istedi\u011fine dikkat \u00e7ekti.<\/p>\n<p style=\"text-align: justify\">Sassonunian, Akdamar\u2019a gelecek olan Ermeni ziyaret\u00e7ileri, b\u00f6lgedeki otellerin yetersizli\u011fi nedeniyle, Van\u2019da evlerinde a\u011f\u0131rlamak isteyen &#8220;binlerce ailenin gizli polis taraf\u0131ndan&#8221; sorguya \u00e7ekildi\u011fi iddias\u0131na da yer verdi. Sassonunian, yorumuna son verirken, \u015f\u00f6yle dedi:<\/p>\n<p style=\"text-align: justify\">&#8220;T\u00fcrk liderlerin Avrupa Birli\u011fi\u2019ne girmek i\u00e7in olumlu bir imaj yaratmak istemeleri ve Ermenilerin, Ermeni Soyk\u0131r\u0131m\u0131\u2019n\u0131n uluslararas\u0131 platformda tan\u0131nmas\u0131 \u00e7abalar\u0131na kar\u015f\u0131 \u00e7\u0131kmalar\u0131 kesinlikle anla\u015f\u0131labilir. Ancak, T\u00fcrklerin Ermeni kar\u015f\u0131t\u0131 ama\u00e7lar\u0131na Ermenilerin neden yard\u0131mc\u0131 olmas\u0131 gerekti\u011fini anlamak \u00e7ok g\u00fc\u00e7.&#8221;<\/p>\n<p style=\"text-align: justify\"><strong>Kaynak:<\/strong> milliyet.com.tr<\/p>\n<p style=\"text-align: justify\"><strong>Tarih:<\/strong> 20.8.2010<\/p>\n","protected":false},"excerpt":{"rendered":"<p>Van\u2019daki Akdamar Kilisesi\u2019nde 19 Eyl\u00fcl\u2019de yap\u0131lacak ayine, diasporadan tepki geldi. Ermeni diasporas\u0131, ayinin boykot edilmesi i\u00e7in yo\u011fun \u00e7aba g\u00f6sterirken, Ermenilerin T\u00fcrk propagandas\u0131n\u0131n bir par\u00e7as\u0131 olmamalar\u0131 gerekti\u011fini \u00f6ne s\u00fcrd\u00fc. ABD\u2019deki Ermeni diasporas\u0131ndan Akdamar Kilisesi\u2019nde yap\u0131lacak ayine y\u00f6nelik boykot \u00e7a\u011fr\u0131lar\u0131 artarak devam ediyor. Bu \u00e7er\u00e7evede, yakla\u015f\u0131k bir as\u0131rd\u0131r T\u00fcrkiye\u2019deki kiliselerin kullan\u0131ma kapal\u0131 oldu\u011fu, m\u00fcze olarak s\u0131n\u0131fland\u0131r\u0131ld\u0131\u011f\u0131, bu [&hellip;]<\/p>\n","protected":false},"author":3,"featured_media":0,"comment_status":"closed","ping_status":"open","sticky":false,"template":"","format":"standard","meta":{"footnotes":""},"categories":[14],"tags":[],"class_list":["post-1664","post","type-post","status-publish","format-standard","hentry","category-haberler"],"yoast_head":"<!-- This site is optimized with the Yoast SEO plugin v27.4 - https:\/\/yoast.com\/product\/yoast-seo-wordpress\/ -->\n<title>Diaspora&#039;dan Akdamar&#039;a boykot - Bati Ermenistan Ve Bati Ermenileri Sorunlari Ara\u015ftirmalar Merkezi<\/title>\n<meta name=\"robots\" content=\"index, follow, max-snippet:-1, max-image-preview:large, max-video-preview:-1\" \/>\n<link rel=\"canonical\" href=\"https:\/\/akunq.net\/turkish\/2010\/08\/20\/diasporadan-akdamara-boykot\/\" \/>\n<meta property=\"og:locale\" content=\"en_US\" \/>\n<meta property=\"og:type\" content=\"article\" \/>\n<meta property=\"og:title\" content=\"Diaspora&#039;dan Akdamar&#039;a boykot - Bati Ermenistan Ve Bati Ermenileri Sorunlari Ara\u015ftirmalar Merkezi\" \/>\n<meta property=\"og:description\" content=\"Van\u2019daki Akdamar Kilisesi\u2019nde 19 Eyl\u00fcl\u2019de yap\u0131lacak ayine, diasporadan tepki geldi. Ermeni diasporas\u0131, ayinin boykot edilmesi i\u00e7in yo\u011fun \u00e7aba g\u00f6sterirken, Ermenilerin T\u00fcrk propagandas\u0131n\u0131n bir par\u00e7as\u0131 olmamalar\u0131 gerekti\u011fini \u00f6ne s\u00fcrd\u00fc. ABD\u2019deki Ermeni diasporas\u0131ndan Akdamar Kilisesi\u2019nde yap\u0131lacak ayine y\u00f6nelik boykot \u00e7a\u011fr\u0131lar\u0131 artarak devam ediyor. Bu \u00e7er\u00e7evede, yakla\u015f\u0131k bir as\u0131rd\u0131r T\u00fcrkiye\u2019deki kiliselerin kullan\u0131ma kapal\u0131 oldu\u011fu, m\u00fcze olarak s\u0131n\u0131fland\u0131r\u0131ld\u0131\u011f\u0131, bu [&hellip;]\" \/>\n<meta property=\"og:url\" content=\"https:\/\/akunq.net\/turkish\/2010\/08\/20\/diasporadan-akdamara-boykot\/\" \/>\n<meta property=\"og:site_name\" content=\"Bati Ermenistan Ve Bati Ermenileri Sorunlari Ara\u015ftirmalar Merkezi\" \/>\n<meta property=\"article:published_time\" content=\"2010-08-20T11:49:50+00:00\" \/>\n<meta name=\"author\" content=\"kalem\" \/>\n<meta name=\"twitter:card\" content=\"summary_large_image\" \/>\n<meta name=\"twitter:label1\" content=\"Written by\" \/>\n\t<meta name=\"twitter:data1\" content=\"kalem\" \/>\n\t<meta name=\"twitter:label2\" content=\"Est. reading time\" \/>\n\t<meta name=\"twitter:data2\" content=\"2 minutes\" \/>\n<script type=\"application\/ld+json\" class=\"yoast-schema-graph\">{\"@context\":\"https:\\\/\\\/schema.org\",\"@graph\":[{\"@type\":\"Article\",\"@id\":\"https:\\\/\\\/akunq.net\\\/turkish\\\/2010\\\/08\\\/20\\\/diasporadan-akdamara-boykot\\\/#article\",\"isPartOf\":{\"@id\":\"https:\\\/\\\/akunq.net\\\/turkish\\\/2010\\\/08\\\/20\\\/diasporadan-akdamara-boykot\\\/\"},\"author\":{\"name\":\"kalem\",\"@id\":\"https:\\\/\\\/akunq.net\\\/turkish\\\/#\\\/schema\\\/person\\\/135e7923d1aeb8887890799619969a6c\"},\"headline\":\"Diaspora&#8217;dan Akdamar&#8217;a boykot\",\"datePublished\":\"2010-08-20T11:49:50+00:00\",\"mainEntityOfPage\":{\"@id\":\"https:\\\/\\\/akunq.net\\\/turkish\\\/2010\\\/08\\\/20\\\/diasporadan-akdamara-boykot\\\/\"},\"wordCount\":404,\"articleSection\":[\"Haberler\"],\"inLanguage\":\"en-US\"},{\"@type\":\"WebPage\",\"@id\":\"https:\\\/\\\/akunq.net\\\/turkish\\\/2010\\\/08\\\/20\\\/diasporadan-akdamara-boykot\\\/\",\"url\":\"https:\\\/\\\/akunq.net\\\/turkish\\\/2010\\\/08\\\/20\\\/diasporadan-akdamara-boykot\\\/\",\"name\":\"Diaspora'dan Akdamar'a boykot - Bati Ermenistan Ve Bati Ermenileri Sorunlari Ara\u015ftirmalar Merkezi\",\"isPartOf\":{\"@id\":\"https:\\\/\\\/akunq.net\\\/turkish\\\/#website\"},\"datePublished\":\"2010-08-20T11:49:50+00:00\",\"author\":{\"@id\":\"https:\\\/\\\/akunq.net\\\/turkish\\\/#\\\/schema\\\/person\\\/135e7923d1aeb8887890799619969a6c\"},\"breadcrumb\":{\"@id\":\"https:\\\/\\\/akunq.net\\\/turkish\\\/2010\\\/08\\\/20\\\/diasporadan-akdamara-boykot\\\/#breadcrumb\"},\"inLanguage\":\"en-US\",\"potentialAction\":[{\"@type\":\"ReadAction\",\"target\":[\"https:\\\/\\\/akunq.net\\\/turkish\\\/2010\\\/08\\\/20\\\/diasporadan-akdamara-boykot\\\/\"]}]},{\"@type\":\"BreadcrumbList\",\"@id\":\"https:\\\/\\\/akunq.net\\\/turkish\\\/2010\\\/08\\\/20\\\/diasporadan-akdamara-boykot\\\/#breadcrumb\",\"itemListElement\":[{\"@type\":\"ListItem\",\"position\":1,\"name\":\"Home\",\"item\":\"https:\\\/\\\/akunq.net\\\/turkish\\\/\"},{\"@type\":\"ListItem\",\"position\":2,\"name\":\"Diaspora&#8217;dan Akdamar&#8217;a boykot\"}]},{\"@type\":\"WebSite\",\"@id\":\"https:\\\/\\\/akunq.net\\\/turkish\\\/#website\",\"url\":\"https:\\\/\\\/akunq.net\\\/turkish\\\/\",\"name\":\"Bati Ermenistan Ve Bati Ermenileri Sorunlari Ara\u015ftirmalar Merkezi\",\"description\":\"\",\"potentialAction\":[{\"@type\":\"SearchAction\",\"target\":{\"@type\":\"EntryPoint\",\"urlTemplate\":\"https:\\\/\\\/akunq.net\\\/turkish\\\/?s={search_term_string}\"},\"query-input\":{\"@type\":\"PropertyValueSpecification\",\"valueRequired\":true,\"valueName\":\"search_term_string\"}}],\"inLanguage\":\"en-US\"},{\"@type\":\"Person\",\"@id\":\"https:\\\/\\\/akunq.net\\\/turkish\\\/#\\\/schema\\\/person\\\/135e7923d1aeb8887890799619969a6c\",\"name\":\"kalem\",\"image\":{\"@type\":\"ImageObject\",\"inLanguage\":\"en-US\",\"@id\":\"https:\\\/\\\/secure.gravatar.com\\\/avatar\\\/a06875e4b25feb5674296adf8e8a7ae1e587cebce2493fe63c456109967e27d3?s=96&d=mm&r=g\",\"url\":\"https:\\\/\\\/secure.gravatar.com\\\/avatar\\\/a06875e4b25feb5674296adf8e8a7ae1e587cebce2493fe63c456109967e27d3?s=96&d=mm&r=g\",\"contentUrl\":\"https:\\\/\\\/secure.gravatar.com\\\/avatar\\\/a06875e4b25feb5674296adf8e8a7ae1e587cebce2493fe63c456109967e27d3?s=96&d=mm&r=g\",\"caption\":\"kalem\"},\"url\":\"https:\\\/\\\/akunq.net\\\/turkish\\\/author\\\/kalem\\\/\"}]}<\/script>\n<!-- \/ Yoast SEO plugin. -->","yoast_head_json":{"title":"Diaspora'dan Akdamar'a boykot - Bati Ermenistan Ve Bati Ermenileri Sorunlari Ara\u015ftirmalar Merkezi","robots":{"index":"index","follow":"follow","max-snippet":"max-snippet:-1","max-image-preview":"max-image-preview:large","max-video-preview":"max-video-preview:-1"},"canonical":"https:\/\/akunq.net\/turkish\/2010\/08\/20\/diasporadan-akdamara-boykot\/","og_locale":"en_US","og_type":"article","og_title":"Diaspora'dan Akdamar'a boykot - Bati Ermenistan Ve Bati Ermenileri Sorunlari Ara\u015ftirmalar Merkezi","og_description":"Van\u2019daki Akdamar Kilisesi\u2019nde 19 Eyl\u00fcl\u2019de yap\u0131lacak ayine, diasporadan tepki geldi. Ermeni diasporas\u0131, ayinin boykot edilmesi i\u00e7in yo\u011fun \u00e7aba g\u00f6sterirken, Ermenilerin T\u00fcrk propagandas\u0131n\u0131n bir par\u00e7as\u0131 olmamalar\u0131 gerekti\u011fini \u00f6ne s\u00fcrd\u00fc. ABD\u2019deki Ermeni diasporas\u0131ndan Akdamar Kilisesi\u2019nde yap\u0131lacak ayine y\u00f6nelik boykot \u00e7a\u011fr\u0131lar\u0131 artarak devam ediyor. Bu \u00e7er\u00e7evede, yakla\u015f\u0131k bir as\u0131rd\u0131r T\u00fcrkiye\u2019deki kiliselerin kullan\u0131ma kapal\u0131 oldu\u011fu, m\u00fcze olarak s\u0131n\u0131fland\u0131r\u0131ld\u0131\u011f\u0131, bu [&hellip;]","og_url":"https:\/\/akunq.net\/turkish\/2010\/08\/20\/diasporadan-akdamara-boykot\/","og_site_name":"Bati Ermenistan Ve Bati Ermenileri Sorunlari Ara\u015ftirmalar Merkezi","article_published_time":"2010-08-20T11:49:50+00:00","author":"kalem","twitter_card":"summary_large_image","twitter_misc":{"Written by":"kalem","Est. reading time":"2 minutes"},"schema":{"@context":"https:\/\/schema.org","@graph":[{"@type":"Article","@id":"https:\/\/akunq.net\/turkish\/2010\/08\/20\/diasporadan-akdamara-boykot\/#article","isPartOf":{"@id":"https:\/\/akunq.net\/turkish\/2010\/08\/20\/diasporadan-akdamara-boykot\/"},"author":{"name":"kalem","@id":"https:\/\/akunq.net\/turkish\/#\/schema\/person\/135e7923d1aeb8887890799619969a6c"},"headline":"Diaspora&#8217;dan Akdamar&#8217;a boykot","datePublished":"2010-08-20T11:49:50+00:00","mainEntityOfPage":{"@id":"https:\/\/akunq.net\/turkish\/2010\/08\/20\/diasporadan-akdamara-boykot\/"},"wordCount":404,"articleSection":["Haberler"],"inLanguage":"en-US"},{"@type":"WebPage","@id":"https:\/\/akunq.net\/turkish\/2010\/08\/20\/diasporadan-akdamara-boykot\/","url":"https:\/\/akunq.net\/turkish\/2010\/08\/20\/diasporadan-akdamara-boykot\/","name":"Diaspora'dan Akdamar'a boykot - Bati Ermenistan Ve Bati Ermenileri Sorunlari Ara\u015ftirmalar Merkezi","isPartOf":{"@id":"https:\/\/akunq.net\/turkish\/#website"},"datePublished":"2010-08-20T11:49:50+00:00","author":{"@id":"https:\/\/akunq.net\/turkish\/#\/schema\/person\/135e7923d1aeb8887890799619969a6c"},"breadcrumb":{"@id":"https:\/\/akunq.net\/turkish\/2010\/08\/20\/diasporadan-akdamara-boykot\/#breadcrumb"},"inLanguage":"en-US","potentialAction":[{"@type":"ReadAction","target":["https:\/\/akunq.net\/turkish\/2010\/08\/20\/diasporadan-akdamara-boykot\/"]}]},{"@type":"BreadcrumbList","@id":"https:\/\/akunq.net\/turkish\/2010\/08\/20\/diasporadan-akdamara-boykot\/#breadcrumb","itemListElement":[{"@type":"ListItem","position":1,"name":"Home","item":"https:\/\/akunq.net\/turkish\/"},{"@type":"ListItem","position":2,"name":"Diaspora&#8217;dan Akdamar&#8217;a boykot"}]},{"@type":"WebSite","@id":"https:\/\/akunq.net\/turkish\/#website","url":"https:\/\/akunq.net\/turkish\/","name":"Bati Ermenistan Ve Bati Ermenileri Sorunlari Ara\u015ftirmalar Merkezi","description":"","potentialAction":[{"@type":"SearchAction","target":{"@type":"EntryPoint","urlTemplate":"https:\/\/akunq.net\/turkish\/?s={search_term_string}"},"query-input":{"@type":"PropertyValueSpecification","valueRequired":true,"valueName":"search_term_string"}}],"inLanguage":"en-US"},{"@type":"Person","@id":"https:\/\/akunq.net\/turkish\/#\/schema\/person\/135e7923d1aeb8887890799619969a6c","name":"kalem","image":{"@type":"ImageObject","inLanguage":"en-US","@id":"https:\/\/secure.gravatar.com\/avatar\/a06875e4b25feb5674296adf8e8a7ae1e587cebce2493fe63c456109967e27d3?s=96&d=mm&r=g","url":"https:\/\/secure.gravatar.com\/avatar\/a06875e4b25feb5674296adf8e8a7ae1e587cebce2493fe63c456109967e27d3?s=96&d=mm&r=g","contentUrl":"https:\/\/secure.gravatar.com\/avatar\/a06875e4b25feb5674296adf8e8a7ae1e587cebce2493fe63c456109967e27d3?s=96&d=mm&r=g","caption":"kalem"},"url":"https:\/\/akunq.net\/turkish\/author\/kalem\/"}]}},"_links":{"self":[{"href":"https:\/\/akunq.net\/turkish\/wp-json\/wp\/v2\/posts\/1664","targetHints":{"allow":["GET"]}}],"collection":[{"href":"https:\/\/akunq.net\/turkish\/wp-json\/wp\/v2\/posts"}],"about":[{"href":"https:\/\/akunq.net\/turkish\/wp-json\/wp\/v2\/types\/post"}],"author":[{"embeddable":true,"href":"https:\/\/akunq.net\/turkish\/wp-json\/wp\/v2\/users\/3"}],"replies":[{"embeddable":true,"href":"https:\/\/akunq.net\/turkish\/wp-json\/wp\/v2\/comments?post=1664"}],"version-history":[{"count":0,"href":"https:\/\/akunq.net\/turkish\/wp-json\/wp\/v2\/posts\/1664\/revisions"}],"wp:attachment":[{"href":"https:\/\/akunq.net\/turkish\/wp-json\/wp\/v2\/media?parent=1664"}],"wp:term":[{"taxonomy":"category","embeddable":true,"href":"https:\/\/akunq.net\/turkish\/wp-json\/wp\/v2\/categories?post=1664"},{"taxonomy":"post_tag","embeddable":true,"href":"https:\/\/akunq.net\/turkish\/wp-json\/wp\/v2\/tags?post=1664"}],"curies":[{"name":"wp","href":"https:\/\/api.w.org\/{rel}","templated":true}]}}