{"id":1657,"date":"2010-08-20T05:31:31","date_gmt":"2010-08-20T10:31:31","guid":{"rendered":"http:\/\/akunq.net\/tr\/?p=1657"},"modified":"2010-08-20T05:31:31","modified_gmt":"2010-08-20T10:31:31","slug":"soykirim-karsitlari-derneginden-duyuru","status":"publish","type":"post","link":"https:\/\/akunq.net\/turkish\/2010\/08\/20\/soykirim-karsitlari-derneginden-duyuru\/","title":{"rendered":"Soyk\u0131r\u0131m Kar\u015f\u0131tlar\u0131 Derne\u011fi&#8217;nden Duyuru"},"content":{"rendered":"<p style=\"text-align: justify\"><strong>De\u011ferli Dostlar,<\/strong><\/p>\n<p style=\"text-align: justify\">\u00c7o\u011fumuzun yak\u0131ndan tan\u0131d\u0131\u011f\u0131, tan\u0131nm\u0131\u015f insan haklar\u0131 savunucusu yazar Do\u011fan Akhanl\u0131, 18 y\u0131ld\u0131r ayr\u0131 kald\u0131\u011f\u0131 anne ve babas\u0131n\u0131, karde\u015flerini, dost ve akrabalar\u0131n\u0131 ziyaret etmek i\u00e7in gitti\u011fi T\u00fcrkiye\u2019de hava alan\u0131na iner inmez g\u00f6zalt\u0131na al\u0131nd\u0131. Gerekli hukuki giri\u015fimlerin yap\u0131lm\u0131\u015f olmas\u0131na ra\u011fmen hen\u00fcz mahkemeye \u00e7\u0131kar\u0131lmad\u0131. Ald\u0131\u011f\u0131m\u0131z bilgilere g\u00f6re g\u00f6zalt\u0131 gerek\u00e7esinin Do\u011fan\u2019\u0131 tutuklamak i\u00e7in yeterli sebep olmad\u0131\u011f\u0131 do\u011frultusunda. Ancak sonucun ne olaca\u011f\u0131 konusunda hen\u00fcz kesin bir \u015fey s\u00f6ylemekte m\u00fcmk\u00fcn de\u011fil.<\/p>\n<p style=\"text-align: justify\">Do\u011fan Akhanl\u0131 gibi bir ayd\u0131n\u0131, de\u011ferli bir insan haklar\u0131 savunucusunu yaln\u0131z b\u0131rakmaman\u0131n hepimizin g\u00f6revi oldu\u011fu inanc\u0131nday\u0131z. \u0130lk etapta hukuki s\u00fcrecin eksiksiz i\u015fletilmesi i\u00e7in maddi deste\u011fe ihtiya\u00e7 bulunmaktad\u0131r. \u00dcyelerimizi ve t\u00fcm dostlar\u0131m\u0131z\u0131 Do\u011fan Akhanl\u0131 ile dayan\u0131\u015fmaya davet ediyoruz.<\/p>\n<p style=\"text-align: justify\">K\u00f6ln\u2019de bulunan gazeteci yazar Albrecht Kieser Do\u011fan\u2019la maddi dayan\u0131\u015fma i\u00e7in bir banka hesab\u0131 a\u00e7m\u0131\u015f bulunmaktad\u0131r. Ba\u011f\u0131\u015flar\u0131n\u0131z\u0131 a\u015fa\u011f\u0131da vermi\u015f oldu\u011fumuz bu banka hesab\u0131na yollaman\u0131z\u0131 rica ediyoruz. Ayr\u0131ca Say\u0131n Kieser\u2019in yapm\u0131\u015f oldu\u011fu \u00e7a\u011fr\u0131y\u0131 da aynen (Almanca) a\u015fa\u011f\u0131 aktar\u0131yoruz.<\/p>\n<p style=\"text-align: justify\">Dostluk ve dayan\u0131\u015fman\u0131z \u015fimdiden te\u015fekk\u00fcr ediyor, sayg\u0131 ve selamlar\u0131m\u0131z\u0131 iletiyoruz.<\/p>\n<p style=\"text-align: justify\">Soyk\u0131r\u0131m Kar\u015f\u0131tlar\u0131 Derne\u011fi (SKD) ad\u0131na:<\/p>\n<p style=\"text-align: justify\"><strong>Ali Ertem,\u00a0 \u0130. B\u00fclent G\u00fcl<\/strong><\/p>\n<p style=\"text-align: justify\">Soyk\u0131r\u0131m Kar\u015f\u0131tlar\u0131 Derne\u011fi (SKD); Kontakt: Ali Ertem Tel.: 0049\/69\/5970813 E-Mail: <a href=\"mailto:skd@gmx.net\">skd@gmx.net<\/a><\/p>\n<p style=\"text-align: justify\"><strong><span style=\"text-decoration: underline\">Recherche International <\/span><\/strong><\/p>\n<p style=\"text-align: justify\"><strong><span style=\"text-decoration: underline\">(Stichwort: Dogan Akhanli) <\/span><\/strong><\/p>\n<p style=\"text-align: justify\"><strong><span style=\"text-decoration: underline\">Kontonummer: 238 120 43.\u00a0 BLZ 370 501 98. <\/span><\/strong><\/p>\n<p style=\"text-align: justify\"><strong><span style=\"text-decoration: underline\">Sparkasse K\u00f6ln,<\/span><\/strong><\/p>\n<p style=\"text-align: justify\">\u00a0<\/p>\n<p style=\"text-align: justify\"><strong>Liebe Freunde!<\/strong><\/p>\n<p style=\"text-align: justify\">Es bleibt dabei: die Chancen f\u00fcr Dogans Freilassung schon Dienstag oder Mittwoch stehen 50:50. Am Montag hat sich das deutsche Konsulat bei der Istanbuler Staatsanwaltschaft gemeldet und sich \u00fcber Dogans Situation erkundigt sowie Interesse an einer schnellen Kl\u00e4rung signalisiert. Das erh\u00f6ht die Chancen vielleicht auf 60:40&#8230;<\/p>\n<p style=\"text-align: justify\">Dogan ist weiter guter Dinge, am Montag waren seine Anw\u00e4lte l\u00e4nger bei ihm und haben den Schriftsatz mit ihm durchgearbeitet. Ein weiterer Anwalt ist von Selami mit ins Verfahren gebeten worden, er ist erfahrener Strafverteidiger. \u00dcbereinstimmung herrscht nach wie vor dar\u00fcber, dass die Vorw\u00fcrfe gegen Dogan aus der Welt geschafft werden m\u00fcssen. Wenn nicht in diesem, dann auf dem n\u00e4chsten Haftpr\u00fcfungstermin oder wohlm\u00f6glich auch erst bei einem Prozess, den Dogan aber hoffentlich nicht in Haft abwarten muss.<\/p>\n<p style=\"text-align: justify\">Mittlerweile ist von den Anw\u00e4lten so viel Arbeit geleistet worden, dass sie daf\u00fcr auch honoriert werden m\u00fcssen; erhebliche Ausgaben hat auch Selami t\u00e4tigen m\u00fcssen.<\/p>\n<div><span style=\"text-decoration: underline\"> 1.000 bis 1.500 Euro werden m\u00f6glichst bald gebraucht &#8211; damit w\u00e4re die Kosten einschlie\u00dflich des laufenden Widerspruchsverfahrens gedeckt.<\/p>\n<div><span><strong>Bitte spendet auf das Konto von Recherche International (Stichwort: Dogan Akhanli) bei der Sparkasse K\u00f6ln, BLZ 370 501 98. Kontonummer: 238 120 43.<\/strong><\/span><\/div>\n<p><\/span><\/div>\n<p style=\"text-align: justify\"><span style=\"text-decoration: underline\"><span>\u00a0<\/p>\n<p><\/span><\/span><\/p>\n<p style=\"text-align: justify\">Die Spenden sind steuerabzugsf\u00e4hig, der Verein Recherche International, bei dem Dogan z.Zt. angestellt ist, ist gemeinn\u00fctzig. Wenn jedeR aus dieser Emailliste 20 bis 30 Euro besteuert, dann haben wir den Betrag schnell zusammen. Wenn Ihr Spendenbescheinigungen haben wollt, m\u00fcsst Ihr uns bitte Name und Adresse und H\u00f6he Eurer Spende per Mail schicken.<\/p>\n<p style=\"text-align: justify\"><em>Beste Gr\u00fc\u00dfe<br \/>\n<\/em><strong>Albrecht<\/strong><\/p>\n","protected":false},"excerpt":{"rendered":"<p>De\u011ferli Dostlar, \u00c7o\u011fumuzun yak\u0131ndan tan\u0131d\u0131\u011f\u0131, tan\u0131nm\u0131\u015f insan haklar\u0131 savunucusu yazar Do\u011fan Akhanl\u0131, 18 y\u0131ld\u0131r ayr\u0131 kald\u0131\u011f\u0131 anne ve babas\u0131n\u0131, karde\u015flerini, dost ve akrabalar\u0131n\u0131 ziyaret etmek i\u00e7in gitti\u011fi T\u00fcrkiye\u2019de hava alan\u0131na iner inmez g\u00f6zalt\u0131na al\u0131nd\u0131. Gerekli hukuki giri\u015fimlerin yap\u0131lm\u0131\u015f olmas\u0131na ra\u011fmen hen\u00fcz mahkemeye \u00e7\u0131kar\u0131lmad\u0131. Ald\u0131\u011f\u0131m\u0131z bilgilere g\u00f6re g\u00f6zalt\u0131 gerek\u00e7esinin Do\u011fan\u2019\u0131 tutuklamak i\u00e7in yeterli sebep olmad\u0131\u011f\u0131 do\u011frultusunda. [&hellip;]<\/p>\n","protected":false},"author":3,"featured_media":0,"comment_status":"closed","ping_status":"open","sticky":false,"template":"","format":"standard","meta":{"footnotes":""},"categories":[14],"tags":[],"class_list":["post-1657","post","type-post","status-publish","format-standard","hentry","category-haberler"],"yoast_head":"<!-- This site is optimized with the Yoast SEO plugin v27.4 - https:\/\/yoast.com\/product\/yoast-seo-wordpress\/ -->\n<title>Soyk\u0131r\u0131m Kar\u015f\u0131tlar\u0131 Derne\u011fi&#039;nden Duyuru - Bati Ermenistan Ve Bati Ermenileri Sorunlari Ara\u015ftirmalar Merkezi<\/title>\n<meta name=\"robots\" content=\"index, follow, max-snippet:-1, max-image-preview:large, max-video-preview:-1\" \/>\n<link rel=\"canonical\" href=\"https:\/\/akunq.net\/turkish\/2010\/08\/20\/soykirim-karsitlari-derneginden-duyuru\/\" \/>\n<meta property=\"og:locale\" content=\"en_US\" \/>\n<meta property=\"og:type\" content=\"article\" \/>\n<meta property=\"og:title\" content=\"Soyk\u0131r\u0131m Kar\u015f\u0131tlar\u0131 Derne\u011fi&#039;nden Duyuru - Bati Ermenistan Ve Bati Ermenileri Sorunlari Ara\u015ftirmalar Merkezi\" \/>\n<meta property=\"og:description\" content=\"De\u011ferli Dostlar, \u00c7o\u011fumuzun yak\u0131ndan tan\u0131d\u0131\u011f\u0131, tan\u0131nm\u0131\u015f insan haklar\u0131 savunucusu yazar Do\u011fan Akhanl\u0131, 18 y\u0131ld\u0131r ayr\u0131 kald\u0131\u011f\u0131 anne ve babas\u0131n\u0131, karde\u015flerini, dost ve akrabalar\u0131n\u0131 ziyaret etmek i\u00e7in gitti\u011fi T\u00fcrkiye\u2019de hava alan\u0131na iner inmez g\u00f6zalt\u0131na al\u0131nd\u0131. Gerekli hukuki giri\u015fimlerin yap\u0131lm\u0131\u015f olmas\u0131na ra\u011fmen hen\u00fcz mahkemeye \u00e7\u0131kar\u0131lmad\u0131. Ald\u0131\u011f\u0131m\u0131z bilgilere g\u00f6re g\u00f6zalt\u0131 gerek\u00e7esinin Do\u011fan\u2019\u0131 tutuklamak i\u00e7in yeterli sebep olmad\u0131\u011f\u0131 do\u011frultusunda. [&hellip;]\" \/>\n<meta property=\"og:url\" content=\"https:\/\/akunq.net\/turkish\/2010\/08\/20\/soykirim-karsitlari-derneginden-duyuru\/\" \/>\n<meta property=\"og:site_name\" content=\"Bati Ermenistan Ve Bati Ermenileri Sorunlari Ara\u015ftirmalar Merkezi\" \/>\n<meta property=\"article:published_time\" content=\"2010-08-20T10:31:31+00:00\" \/>\n<meta name=\"author\" content=\"kalem\" \/>\n<meta name=\"twitter:card\" content=\"summary_large_image\" \/>\n<meta name=\"twitter:label1\" content=\"Written by\" \/>\n\t<meta name=\"twitter:data1\" content=\"kalem\" \/>\n\t<meta name=\"twitter:label2\" content=\"Est. reading time\" \/>\n\t<meta name=\"twitter:data2\" content=\"3 minutes\" \/>\n<script type=\"application\/ld+json\" class=\"yoast-schema-graph\">{\"@context\":\"https:\\\/\\\/schema.org\",\"@graph\":[{\"@type\":\"Article\",\"@id\":\"https:\\\/\\\/akunq.net\\\/turkish\\\/2010\\\/08\\\/20\\\/soykirim-karsitlari-derneginden-duyuru\\\/#article\",\"isPartOf\":{\"@id\":\"https:\\\/\\\/akunq.net\\\/turkish\\\/2010\\\/08\\\/20\\\/soykirim-karsitlari-derneginden-duyuru\\\/\"},\"author\":{\"name\":\"kalem\",\"@id\":\"https:\\\/\\\/akunq.net\\\/turkish\\\/#\\\/schema\\\/person\\\/135e7923d1aeb8887890799619969a6c\"},\"headline\":\"Soyk\u0131r\u0131m Kar\u015f\u0131tlar\u0131 Derne\u011fi&#8217;nden Duyuru\",\"datePublished\":\"2010-08-20T10:31:31+00:00\",\"mainEntityOfPage\":{\"@id\":\"https:\\\/\\\/akunq.net\\\/turkish\\\/2010\\\/08\\\/20\\\/soykirim-karsitlari-derneginden-duyuru\\\/\"},\"wordCount\":546,\"articleSection\":[\"Haberler\"],\"inLanguage\":\"en-US\"},{\"@type\":\"WebPage\",\"@id\":\"https:\\\/\\\/akunq.net\\\/turkish\\\/2010\\\/08\\\/20\\\/soykirim-karsitlari-derneginden-duyuru\\\/\",\"url\":\"https:\\\/\\\/akunq.net\\\/turkish\\\/2010\\\/08\\\/20\\\/soykirim-karsitlari-derneginden-duyuru\\\/\",\"name\":\"Soyk\u0131r\u0131m Kar\u015f\u0131tlar\u0131 Derne\u011fi'nden Duyuru - Bati Ermenistan Ve Bati Ermenileri Sorunlari Ara\u015ftirmalar Merkezi\",\"isPartOf\":{\"@id\":\"https:\\\/\\\/akunq.net\\\/turkish\\\/#website\"},\"datePublished\":\"2010-08-20T10:31:31+00:00\",\"author\":{\"@id\":\"https:\\\/\\\/akunq.net\\\/turkish\\\/#\\\/schema\\\/person\\\/135e7923d1aeb8887890799619969a6c\"},\"breadcrumb\":{\"@id\":\"https:\\\/\\\/akunq.net\\\/turkish\\\/2010\\\/08\\\/20\\\/soykirim-karsitlari-derneginden-duyuru\\\/#breadcrumb\"},\"inLanguage\":\"en-US\",\"potentialAction\":[{\"@type\":\"ReadAction\",\"target\":[\"https:\\\/\\\/akunq.net\\\/turkish\\\/2010\\\/08\\\/20\\\/soykirim-karsitlari-derneginden-duyuru\\\/\"]}]},{\"@type\":\"BreadcrumbList\",\"@id\":\"https:\\\/\\\/akunq.net\\\/turkish\\\/2010\\\/08\\\/20\\\/soykirim-karsitlari-derneginden-duyuru\\\/#breadcrumb\",\"itemListElement\":[{\"@type\":\"ListItem\",\"position\":1,\"name\":\"Home\",\"item\":\"https:\\\/\\\/akunq.net\\\/turkish\\\/\"},{\"@type\":\"ListItem\",\"position\":2,\"name\":\"Soyk\u0131r\u0131m Kar\u015f\u0131tlar\u0131 Derne\u011fi&#8217;nden Duyuru\"}]},{\"@type\":\"WebSite\",\"@id\":\"https:\\\/\\\/akunq.net\\\/turkish\\\/#website\",\"url\":\"https:\\\/\\\/akunq.net\\\/turkish\\\/\",\"name\":\"Bati Ermenistan Ve Bati Ermenileri Sorunlari Ara\u015ftirmalar Merkezi\",\"description\":\"\",\"potentialAction\":[{\"@type\":\"SearchAction\",\"target\":{\"@type\":\"EntryPoint\",\"urlTemplate\":\"https:\\\/\\\/akunq.net\\\/turkish\\\/?s={search_term_string}\"},\"query-input\":{\"@type\":\"PropertyValueSpecification\",\"valueRequired\":true,\"valueName\":\"search_term_string\"}}],\"inLanguage\":\"en-US\"},{\"@type\":\"Person\",\"@id\":\"https:\\\/\\\/akunq.net\\\/turkish\\\/#\\\/schema\\\/person\\\/135e7923d1aeb8887890799619969a6c\",\"name\":\"kalem\",\"image\":{\"@type\":\"ImageObject\",\"inLanguage\":\"en-US\",\"@id\":\"https:\\\/\\\/secure.gravatar.com\\\/avatar\\\/a06875e4b25feb5674296adf8e8a7ae1e587cebce2493fe63c456109967e27d3?s=96&d=mm&r=g\",\"url\":\"https:\\\/\\\/secure.gravatar.com\\\/avatar\\\/a06875e4b25feb5674296adf8e8a7ae1e587cebce2493fe63c456109967e27d3?s=96&d=mm&r=g\",\"contentUrl\":\"https:\\\/\\\/secure.gravatar.com\\\/avatar\\\/a06875e4b25feb5674296adf8e8a7ae1e587cebce2493fe63c456109967e27d3?s=96&d=mm&r=g\",\"caption\":\"kalem\"},\"url\":\"https:\\\/\\\/akunq.net\\\/turkish\\\/author\\\/kalem\\\/\"}]}<\/script>\n<!-- \/ Yoast SEO plugin. -->","yoast_head_json":{"title":"Soyk\u0131r\u0131m Kar\u015f\u0131tlar\u0131 Derne\u011fi'nden Duyuru - Bati Ermenistan Ve Bati Ermenileri Sorunlari Ara\u015ftirmalar Merkezi","robots":{"index":"index","follow":"follow","max-snippet":"max-snippet:-1","max-image-preview":"max-image-preview:large","max-video-preview":"max-video-preview:-1"},"canonical":"https:\/\/akunq.net\/turkish\/2010\/08\/20\/soykirim-karsitlari-derneginden-duyuru\/","og_locale":"en_US","og_type":"article","og_title":"Soyk\u0131r\u0131m Kar\u015f\u0131tlar\u0131 Derne\u011fi'nden Duyuru - Bati Ermenistan Ve Bati Ermenileri Sorunlari Ara\u015ftirmalar Merkezi","og_description":"De\u011ferli Dostlar, \u00c7o\u011fumuzun yak\u0131ndan tan\u0131d\u0131\u011f\u0131, tan\u0131nm\u0131\u015f insan haklar\u0131 savunucusu yazar Do\u011fan Akhanl\u0131, 18 y\u0131ld\u0131r ayr\u0131 kald\u0131\u011f\u0131 anne ve babas\u0131n\u0131, karde\u015flerini, dost ve akrabalar\u0131n\u0131 ziyaret etmek i\u00e7in gitti\u011fi T\u00fcrkiye\u2019de hava alan\u0131na iner inmez g\u00f6zalt\u0131na al\u0131nd\u0131. Gerekli hukuki giri\u015fimlerin yap\u0131lm\u0131\u015f olmas\u0131na ra\u011fmen hen\u00fcz mahkemeye \u00e7\u0131kar\u0131lmad\u0131. Ald\u0131\u011f\u0131m\u0131z bilgilere g\u00f6re g\u00f6zalt\u0131 gerek\u00e7esinin Do\u011fan\u2019\u0131 tutuklamak i\u00e7in yeterli sebep olmad\u0131\u011f\u0131 do\u011frultusunda. [&hellip;]","og_url":"https:\/\/akunq.net\/turkish\/2010\/08\/20\/soykirim-karsitlari-derneginden-duyuru\/","og_site_name":"Bati Ermenistan Ve Bati Ermenileri Sorunlari Ara\u015ftirmalar Merkezi","article_published_time":"2010-08-20T10:31:31+00:00","author":"kalem","twitter_card":"summary_large_image","twitter_misc":{"Written by":"kalem","Est. reading time":"3 minutes"},"schema":{"@context":"https:\/\/schema.org","@graph":[{"@type":"Article","@id":"https:\/\/akunq.net\/turkish\/2010\/08\/20\/soykirim-karsitlari-derneginden-duyuru\/#article","isPartOf":{"@id":"https:\/\/akunq.net\/turkish\/2010\/08\/20\/soykirim-karsitlari-derneginden-duyuru\/"},"author":{"name":"kalem","@id":"https:\/\/akunq.net\/turkish\/#\/schema\/person\/135e7923d1aeb8887890799619969a6c"},"headline":"Soyk\u0131r\u0131m Kar\u015f\u0131tlar\u0131 Derne\u011fi&#8217;nden Duyuru","datePublished":"2010-08-20T10:31:31+00:00","mainEntityOfPage":{"@id":"https:\/\/akunq.net\/turkish\/2010\/08\/20\/soykirim-karsitlari-derneginden-duyuru\/"},"wordCount":546,"articleSection":["Haberler"],"inLanguage":"en-US"},{"@type":"WebPage","@id":"https:\/\/akunq.net\/turkish\/2010\/08\/20\/soykirim-karsitlari-derneginden-duyuru\/","url":"https:\/\/akunq.net\/turkish\/2010\/08\/20\/soykirim-karsitlari-derneginden-duyuru\/","name":"Soyk\u0131r\u0131m Kar\u015f\u0131tlar\u0131 Derne\u011fi'nden Duyuru - Bati Ermenistan Ve Bati Ermenileri Sorunlari Ara\u015ftirmalar Merkezi","isPartOf":{"@id":"https:\/\/akunq.net\/turkish\/#website"},"datePublished":"2010-08-20T10:31:31+00:00","author":{"@id":"https:\/\/akunq.net\/turkish\/#\/schema\/person\/135e7923d1aeb8887890799619969a6c"},"breadcrumb":{"@id":"https:\/\/akunq.net\/turkish\/2010\/08\/20\/soykirim-karsitlari-derneginden-duyuru\/#breadcrumb"},"inLanguage":"en-US","potentialAction":[{"@type":"ReadAction","target":["https:\/\/akunq.net\/turkish\/2010\/08\/20\/soykirim-karsitlari-derneginden-duyuru\/"]}]},{"@type":"BreadcrumbList","@id":"https:\/\/akunq.net\/turkish\/2010\/08\/20\/soykirim-karsitlari-derneginden-duyuru\/#breadcrumb","itemListElement":[{"@type":"ListItem","position":1,"name":"Home","item":"https:\/\/akunq.net\/turkish\/"},{"@type":"ListItem","position":2,"name":"Soyk\u0131r\u0131m Kar\u015f\u0131tlar\u0131 Derne\u011fi&#8217;nden Duyuru"}]},{"@type":"WebSite","@id":"https:\/\/akunq.net\/turkish\/#website","url":"https:\/\/akunq.net\/turkish\/","name":"Bati Ermenistan Ve Bati Ermenileri Sorunlari Ara\u015ftirmalar Merkezi","description":"","potentialAction":[{"@type":"SearchAction","target":{"@type":"EntryPoint","urlTemplate":"https:\/\/akunq.net\/turkish\/?s={search_term_string}"},"query-input":{"@type":"PropertyValueSpecification","valueRequired":true,"valueName":"search_term_string"}}],"inLanguage":"en-US"},{"@type":"Person","@id":"https:\/\/akunq.net\/turkish\/#\/schema\/person\/135e7923d1aeb8887890799619969a6c","name":"kalem","image":{"@type":"ImageObject","inLanguage":"en-US","@id":"https:\/\/secure.gravatar.com\/avatar\/a06875e4b25feb5674296adf8e8a7ae1e587cebce2493fe63c456109967e27d3?s=96&d=mm&r=g","url":"https:\/\/secure.gravatar.com\/avatar\/a06875e4b25feb5674296adf8e8a7ae1e587cebce2493fe63c456109967e27d3?s=96&d=mm&r=g","contentUrl":"https:\/\/secure.gravatar.com\/avatar\/a06875e4b25feb5674296adf8e8a7ae1e587cebce2493fe63c456109967e27d3?s=96&d=mm&r=g","caption":"kalem"},"url":"https:\/\/akunq.net\/turkish\/author\/kalem\/"}]}},"_links":{"self":[{"href":"https:\/\/akunq.net\/turkish\/wp-json\/wp\/v2\/posts\/1657","targetHints":{"allow":["GET"]}}],"collection":[{"href":"https:\/\/akunq.net\/turkish\/wp-json\/wp\/v2\/posts"}],"about":[{"href":"https:\/\/akunq.net\/turkish\/wp-json\/wp\/v2\/types\/post"}],"author":[{"embeddable":true,"href":"https:\/\/akunq.net\/turkish\/wp-json\/wp\/v2\/users\/3"}],"replies":[{"embeddable":true,"href":"https:\/\/akunq.net\/turkish\/wp-json\/wp\/v2\/comments?post=1657"}],"version-history":[{"count":0,"href":"https:\/\/akunq.net\/turkish\/wp-json\/wp\/v2\/posts\/1657\/revisions"}],"wp:attachment":[{"href":"https:\/\/akunq.net\/turkish\/wp-json\/wp\/v2\/media?parent=1657"}],"wp:term":[{"taxonomy":"category","embeddable":true,"href":"https:\/\/akunq.net\/turkish\/wp-json\/wp\/v2\/categories?post=1657"},{"taxonomy":"post_tag","embeddable":true,"href":"https:\/\/akunq.net\/turkish\/wp-json\/wp\/v2\/tags?post=1657"}],"curies":[{"name":"wp","href":"https:\/\/api.w.org\/{rel}","templated":true}]}}