{"id":1651,"date":"2010-08-19T03:55:39","date_gmt":"2010-08-19T08:55:39","guid":{"rendered":"http:\/\/akunq.net\/tr\/?p=1651"},"modified":"2010-08-19T03:55:39","modified_gmt":"2010-08-19T08:55:39","slug":"2-bakandan-dink-savunmasi-icin-ozur","status":"publish","type":"post","link":"https:\/\/akunq.net\/turkish\/2010\/08\/19\/2-bakandan-dink-savunmasi-icin-ozur\/","title":{"rendered":"2 bakandan Dink savunmas\u0131 i\u00e7in \u00f6z\u00fcr"},"content":{"rendered":"<p style=\"text-align: justify\">H\u0131rant Dink&#8217;in \u00f6ld\u00fcr\u00fclmeden \u00f6nce A\u0130HM&#8217;e yapt\u0131\u011f\u0131 ba\u015fvuruyla ilgili T\u00fcrkiye&#8217;nin Nazi k\u0131yaslamal\u0131 yapt\u0131\u011f\u0131 savunmaya y\u00f6nelik a\u011f\u0131r ele\u015ftirilere Adalet Bakan\u0131 Ergin ve D\u0131\u015fi\u015fleri Bakan\u0131 Davuto\u011flu&#8217;ndan a\u00e7\u0131klama geldi.<br \/>\nYahya G\u00fcr&#8217;\u00fcn haberi<\/p>\n<p style=\"text-align: justify\">Kanal 24&#8217;te yarg\u0131da ya\u015fananlarla ilgili a\u00e7\u0131klamalarda bulunan Adalet Bakan\u0131 Sadullah Ergin, Hrant Dink davas\u0131yla ilgili A\u0130HM&#8217;e verilen T\u00fcrkiye savunmas\u0131yla ilgili de a\u00e7\u0131klamalarda bulundu. Ergin, bu savunman\u0131n kabul edilebilir taraf\u0131 olmad\u0131\u011f\u0131n\u0131 belirtirken kendilerine yap\u0131lan benzer ba\u015fvurular\u0131n y\u00fczde 93&#8217;\u00fcn\u00fc geri \u00e7evirdiklerini s\u00f6yledi.<\/p>\n<p style=\"text-align: justify\">Bakan Ergin \u015funlar\u0131 s\u00f6yledi:Dink davas\u0131nda Yarg\u0131tay Genel Kurulu\u2019nun verdi\u011fi bir mahkumiyet bulundu\u011funu belirterek, \u0130\u00e7i\u015fleri Bakanl\u0131\u011f\u0131, D\u0131\u015fi\u015fleri Bakanl\u0131\u011f\u0131 ve Adalet Bakanl\u0131\u011f\u0131\u2019n\u0131n b\u00fcrorkasisi y\u00fcksek yarg\u0131n\u0131n vermi\u015f oldu\u011fu o karar\u0131 savunma ad\u0131na bir tak\u0131m \u015feyler yazm\u0131\u015f. Bu do\u011fru bir tarz de\u011fil, Y\u00fcksek Yarg\u0131 do\u011fru karar vermi\u015f olabilir, evrensel hukukla \u00f6rt\u00fc\u015fmeyen bir karar da vermi\u015f olabilir. Bizim bu konuda kriter olarak baz alaca\u011f\u0131m\u0131z \u015fey Avrupa \u0130nsan Haklar\u0131 Mahkemesi\u2019nin vermi\u015f oldu\u011fu i\u00e7tihatlard\u0131r. O i\u00e7tihatlar ile \u00f6rt\u00fc\u015f\u00fcyor ise ona uygun bir m\u00fctala veririz, \u00f6rt\u00fc\u015fm\u00fcyor ise bu a\u00e7\u0131k a\u00e7\u0131k s\u00f6ylenir. Ge\u00e7mi\u015f\u2019te 301\u2019den davalar a\u00e7\u0131l\u0131rd\u0131. 2008\u2019de yap\u0131lan bir d\u00fczenleme ile dava a\u00e7ma hakk\u0131 Adalet Bakanl\u0131\u011f\u0131\u2019n\u0131n iznine ba\u011flad\u0131. \u015eikayetler de bitti. \u015eu anda bize gelen taleplerin y\u00fczde 93\u2019ne biz izin vermemi\u015fiz. Biz bu engellemeyi kendi keyfimize g\u00f6re de\u011fil A\u0130HM\u2019in koymu\u015f oldu\u011fu kriterlere bak\u0131yoruz. Ele\u015ftiriler \u00e7arp\u0131c\u0131 k\u0131r\u0131c\u0131 da olabilir ama insan haklar\u0131 kapsam\u0131 i\u00e7inde ise ba\u015fvuraya m\u00fcsaade etmiyoruz.<\/p>\n<p style=\"text-align: justify\">Bakan Ergin, mahkemelerin ve kurumlar\u0131n yeni d\u00f6neme adaptasyonu zaman alacakt\u0131r. Bu olay da \u00fcz\u00fcld\u00fc\u011f\u00fcm\u00fcz bir hadisedir. Hrant Dink\u2019in o\u011flu i\u00e7in bakanl\u0131\u011f\u0131m\u0131za yap\u0131lan ba\u015fvuruya bakanl\u0131k olarak A\u0130HM i\u00e7tihatlar\u0131 do\u011frultusunda reddettik. Ancak bu bak\u0131\u015f a\u00e7\u0131s\u0131n\u0131n hem b\u00fcrokraside hem de yarg\u0131da kurumsalla\u015fmas\u0131 gerekmektedir. Avrupa \u0130nsan Haklar\u0131 Mahkemesi\u2019ne giden savunmalarla ilgili de yeni bir d\u00fczenleme yap\u0131ld\u0131 ve bu t\u00fcr durumlar\u0131n \u00f6n\u00fcne ge\u00e7ilecektir\u201d dedi.<\/p>\n<p style=\"text-align: justify\">Ayn\u0131 saatlerde Habert\u00fcrk\u2019e konuk olan D\u0131\u015fi\u015fleri Bakan\u0131 Ahmet Davuto\u011flu da Hrant Dink\u2019le ilgili savunma hakk\u0131nda \u015funlar\u0131 s\u00f6yledi: T\u00fcrkiye\u2019ye y\u00f6nelik davalar\u0131n bir\u00e7o\u011funda Adalet Bakanl\u0131\u011f\u0131 ile do\u011frudan temas kurdu\u011funu ve ortak bir savunma haz\u0131rlanmas\u0131 yoluna gidildi\u011fini dile getirdi. Davuto\u011flu\u201dAncak bunun d\u0131\u015f\u0131nda rutin giden savunmalar var. Ben bu konuda birilerini su\u00e7lu g\u00f6stermek istemem ancak ilkesel olarak bu i\u015fin i\u00e7inden bizim \u00fclkemizin onurunu ve insan haklar\u0131na duydu\u011fumuz hassasiyeti yans\u0131t\u0131r \u015fekilde \u00e7\u0131kmam\u0131z laz\u0131m. Bu savunmay\u0131 yapan b\u00fcrokrat\u0131m\u0131z kendisini bu konuda savunma yazmaya yeterli g\u00f6rd\u00fc\u011f\u00fc i\u00e7in bu savunmay\u0131 kaleme ald\u0131. Olay intikal eder etmez , yap\u0131lan savunmay\u0131 tamamiyle okudum. Oradaki bir\u00e7ok unsur bizim kabul edece\u011fimiz unsurlar de\u011fil. Savunma durumunda oldu\u011fu i\u00e7in de bir tak\u0131m teknik hususlara vurgu yapma ihtiyac\u0131 hissedilmi\u015f. T\u00fcrkiye b\u00f6yle bir savunmaya hi\u00e7bir zaman kar\u015f\u0131la\u015fmayacak d\u00fczenlemeye gidilmesi gerekiyor. Esas itibar\u0131 ile bu savunma bizim kabul edebilece\u011fimiz savunma de\u011fil. \u201c dedi. Bakan Davuto\u011flu yeni anayasa paketinde bu t\u00fcr \u015fikayetlerin A\u0130HM\u2019ne gitmeden \u00f6nce T\u00fcrkiye\u2019de \u00e7\u00f6z\u00fcm\u00fcne ili\u015fkin getirilen d\u00fczenlemeye dikkat \u00e7ekti.<\/p>\n<p style=\"text-align: justify\"><strong>\u00a0<\/strong><strong><em>Kaynak:<\/em><\/strong><strong><em>haber7.com<br \/>\nTarih: 18.08.2010<\/em><\/strong><\/p>\n","protected":false},"excerpt":{"rendered":"<p>H\u0131rant Dink&#8217;in \u00f6ld\u00fcr\u00fclmeden \u00f6nce A\u0130HM&#8217;e yapt\u0131\u011f\u0131 ba\u015fvuruyla ilgili T\u00fcrkiye&#8217;nin Nazi k\u0131yaslamal\u0131 yapt\u0131\u011f\u0131 savunmaya y\u00f6nelik a\u011f\u0131r ele\u015ftirilere Adalet Bakan\u0131 Ergin ve D\u0131\u015fi\u015fleri Bakan\u0131 Davuto\u011flu&#8217;ndan a\u00e7\u0131klama geldi. Yahya G\u00fcr&#8217;\u00fcn haberi Kanal 24&#8217;te yarg\u0131da ya\u015fananlarla ilgili a\u00e7\u0131klamalarda bulunan Adalet Bakan\u0131 Sadullah Ergin, Hrant Dink davas\u0131yla ilgili A\u0130HM&#8217;e verilen T\u00fcrkiye savunmas\u0131yla ilgili de a\u00e7\u0131klamalarda bulundu. Ergin, bu savunman\u0131n kabul [&hellip;]<\/p>\n","protected":false},"author":3,"featured_media":0,"comment_status":"closed","ping_status":"open","sticky":false,"template":"","format":"standard","meta":{"footnotes":""},"categories":[14],"tags":[],"class_list":["post-1651","post","type-post","status-publish","format-standard","hentry","category-haberler"],"yoast_head":"<!-- This site is optimized with the Yoast SEO plugin v27.4 - https:\/\/yoast.com\/product\/yoast-seo-wordpress\/ -->\n<title>2 bakandan Dink savunmas\u0131 i\u00e7in \u00f6z\u00fcr - Bati Ermenistan Ve Bati Ermenileri Sorunlari Ara\u015ftirmalar Merkezi<\/title>\n<meta name=\"robots\" content=\"index, follow, max-snippet:-1, max-image-preview:large, max-video-preview:-1\" \/>\n<link rel=\"canonical\" href=\"https:\/\/akunq.net\/turkish\/2010\/08\/19\/2-bakandan-dink-savunmasi-icin-ozur\/\" \/>\n<meta property=\"og:locale\" content=\"en_US\" \/>\n<meta property=\"og:type\" content=\"article\" \/>\n<meta property=\"og:title\" content=\"2 bakandan Dink savunmas\u0131 i\u00e7in \u00f6z\u00fcr - Bati Ermenistan Ve Bati Ermenileri Sorunlari Ara\u015ftirmalar Merkezi\" \/>\n<meta property=\"og:description\" content=\"H\u0131rant Dink&#8217;in \u00f6ld\u00fcr\u00fclmeden \u00f6nce A\u0130HM&#8217;e yapt\u0131\u011f\u0131 ba\u015fvuruyla ilgili T\u00fcrkiye&#8217;nin Nazi k\u0131yaslamal\u0131 yapt\u0131\u011f\u0131 savunmaya y\u00f6nelik a\u011f\u0131r ele\u015ftirilere Adalet Bakan\u0131 Ergin ve D\u0131\u015fi\u015fleri Bakan\u0131 Davuto\u011flu&#8217;ndan a\u00e7\u0131klama geldi. Yahya G\u00fcr&#8217;\u00fcn haberi Kanal 24&#8217;te yarg\u0131da ya\u015fananlarla ilgili a\u00e7\u0131klamalarda bulunan Adalet Bakan\u0131 Sadullah Ergin, Hrant Dink davas\u0131yla ilgili A\u0130HM&#8217;e verilen T\u00fcrkiye savunmas\u0131yla ilgili de a\u00e7\u0131klamalarda bulundu. Ergin, bu savunman\u0131n kabul [&hellip;]\" \/>\n<meta property=\"og:url\" content=\"https:\/\/akunq.net\/turkish\/2010\/08\/19\/2-bakandan-dink-savunmasi-icin-ozur\/\" \/>\n<meta property=\"og:site_name\" content=\"Bati Ermenistan Ve Bati Ermenileri Sorunlari Ara\u015ftirmalar Merkezi\" \/>\n<meta property=\"article:published_time\" content=\"2010-08-19T08:55:39+00:00\" \/>\n<meta name=\"author\" content=\"kalem\" \/>\n<meta name=\"twitter:card\" content=\"summary_large_image\" \/>\n<meta name=\"twitter:label1\" content=\"Written by\" \/>\n\t<meta name=\"twitter:data1\" content=\"kalem\" \/>\n\t<meta name=\"twitter:label2\" content=\"Est. reading time\" \/>\n\t<meta name=\"twitter:data2\" content=\"3 minutes\" \/>\n<script type=\"application\/ld+json\" class=\"yoast-schema-graph\">{\"@context\":\"https:\\\/\\\/schema.org\",\"@graph\":[{\"@type\":\"Article\",\"@id\":\"https:\\\/\\\/akunq.net\\\/turkish\\\/2010\\\/08\\\/19\\\/2-bakandan-dink-savunmasi-icin-ozur\\\/#article\",\"isPartOf\":{\"@id\":\"https:\\\/\\\/akunq.net\\\/turkish\\\/2010\\\/08\\\/19\\\/2-bakandan-dink-savunmasi-icin-ozur\\\/\"},\"author\":{\"name\":\"kalem\",\"@id\":\"https:\\\/\\\/akunq.net\\\/turkish\\\/#\\\/schema\\\/person\\\/135e7923d1aeb8887890799619969a6c\"},\"headline\":\"2 bakandan Dink savunmas\u0131 i\u00e7in \u00f6z\u00fcr\",\"datePublished\":\"2010-08-19T08:55:39+00:00\",\"mainEntityOfPage\":{\"@id\":\"https:\\\/\\\/akunq.net\\\/turkish\\\/2010\\\/08\\\/19\\\/2-bakandan-dink-savunmasi-icin-ozur\\\/\"},\"wordCount\":614,\"articleSection\":[\"Haberler\"],\"inLanguage\":\"en-US\"},{\"@type\":\"WebPage\",\"@id\":\"https:\\\/\\\/akunq.net\\\/turkish\\\/2010\\\/08\\\/19\\\/2-bakandan-dink-savunmasi-icin-ozur\\\/\",\"url\":\"https:\\\/\\\/akunq.net\\\/turkish\\\/2010\\\/08\\\/19\\\/2-bakandan-dink-savunmasi-icin-ozur\\\/\",\"name\":\"2 bakandan Dink savunmas\u0131 i\u00e7in \u00f6z\u00fcr - Bati Ermenistan Ve Bati Ermenileri Sorunlari Ara\u015ftirmalar Merkezi\",\"isPartOf\":{\"@id\":\"https:\\\/\\\/akunq.net\\\/turkish\\\/#website\"},\"datePublished\":\"2010-08-19T08:55:39+00:00\",\"author\":{\"@id\":\"https:\\\/\\\/akunq.net\\\/turkish\\\/#\\\/schema\\\/person\\\/135e7923d1aeb8887890799619969a6c\"},\"breadcrumb\":{\"@id\":\"https:\\\/\\\/akunq.net\\\/turkish\\\/2010\\\/08\\\/19\\\/2-bakandan-dink-savunmasi-icin-ozur\\\/#breadcrumb\"},\"inLanguage\":\"en-US\",\"potentialAction\":[{\"@type\":\"ReadAction\",\"target\":[\"https:\\\/\\\/akunq.net\\\/turkish\\\/2010\\\/08\\\/19\\\/2-bakandan-dink-savunmasi-icin-ozur\\\/\"]}]},{\"@type\":\"BreadcrumbList\",\"@id\":\"https:\\\/\\\/akunq.net\\\/turkish\\\/2010\\\/08\\\/19\\\/2-bakandan-dink-savunmasi-icin-ozur\\\/#breadcrumb\",\"itemListElement\":[{\"@type\":\"ListItem\",\"position\":1,\"name\":\"Home\",\"item\":\"https:\\\/\\\/akunq.net\\\/turkish\\\/\"},{\"@type\":\"ListItem\",\"position\":2,\"name\":\"2 bakandan Dink savunmas\u0131 i\u00e7in \u00f6z\u00fcr\"}]},{\"@type\":\"WebSite\",\"@id\":\"https:\\\/\\\/akunq.net\\\/turkish\\\/#website\",\"url\":\"https:\\\/\\\/akunq.net\\\/turkish\\\/\",\"name\":\"Bati Ermenistan Ve Bati Ermenileri Sorunlari Ara\u015ftirmalar Merkezi\",\"description\":\"\",\"potentialAction\":[{\"@type\":\"SearchAction\",\"target\":{\"@type\":\"EntryPoint\",\"urlTemplate\":\"https:\\\/\\\/akunq.net\\\/turkish\\\/?s={search_term_string}\"},\"query-input\":{\"@type\":\"PropertyValueSpecification\",\"valueRequired\":true,\"valueName\":\"search_term_string\"}}],\"inLanguage\":\"en-US\"},{\"@type\":\"Person\",\"@id\":\"https:\\\/\\\/akunq.net\\\/turkish\\\/#\\\/schema\\\/person\\\/135e7923d1aeb8887890799619969a6c\",\"name\":\"kalem\",\"image\":{\"@type\":\"ImageObject\",\"inLanguage\":\"en-US\",\"@id\":\"https:\\\/\\\/secure.gravatar.com\\\/avatar\\\/a06875e4b25feb5674296adf8e8a7ae1e587cebce2493fe63c456109967e27d3?s=96&d=mm&r=g\",\"url\":\"https:\\\/\\\/secure.gravatar.com\\\/avatar\\\/a06875e4b25feb5674296adf8e8a7ae1e587cebce2493fe63c456109967e27d3?s=96&d=mm&r=g\",\"contentUrl\":\"https:\\\/\\\/secure.gravatar.com\\\/avatar\\\/a06875e4b25feb5674296adf8e8a7ae1e587cebce2493fe63c456109967e27d3?s=96&d=mm&r=g\",\"caption\":\"kalem\"},\"url\":\"https:\\\/\\\/akunq.net\\\/turkish\\\/author\\\/kalem\\\/\"}]}<\/script>\n<!-- \/ Yoast SEO plugin. -->","yoast_head_json":{"title":"2 bakandan Dink savunmas\u0131 i\u00e7in \u00f6z\u00fcr - Bati Ermenistan Ve Bati Ermenileri Sorunlari Ara\u015ftirmalar Merkezi","robots":{"index":"index","follow":"follow","max-snippet":"max-snippet:-1","max-image-preview":"max-image-preview:large","max-video-preview":"max-video-preview:-1"},"canonical":"https:\/\/akunq.net\/turkish\/2010\/08\/19\/2-bakandan-dink-savunmasi-icin-ozur\/","og_locale":"en_US","og_type":"article","og_title":"2 bakandan Dink savunmas\u0131 i\u00e7in \u00f6z\u00fcr - Bati Ermenistan Ve Bati Ermenileri Sorunlari Ara\u015ftirmalar Merkezi","og_description":"H\u0131rant Dink&#8217;in \u00f6ld\u00fcr\u00fclmeden \u00f6nce A\u0130HM&#8217;e yapt\u0131\u011f\u0131 ba\u015fvuruyla ilgili T\u00fcrkiye&#8217;nin Nazi k\u0131yaslamal\u0131 yapt\u0131\u011f\u0131 savunmaya y\u00f6nelik a\u011f\u0131r ele\u015ftirilere Adalet Bakan\u0131 Ergin ve D\u0131\u015fi\u015fleri Bakan\u0131 Davuto\u011flu&#8217;ndan a\u00e7\u0131klama geldi. Yahya G\u00fcr&#8217;\u00fcn haberi Kanal 24&#8217;te yarg\u0131da ya\u015fananlarla ilgili a\u00e7\u0131klamalarda bulunan Adalet Bakan\u0131 Sadullah Ergin, Hrant Dink davas\u0131yla ilgili A\u0130HM&#8217;e verilen T\u00fcrkiye savunmas\u0131yla ilgili de a\u00e7\u0131klamalarda bulundu. Ergin, bu savunman\u0131n kabul [&hellip;]","og_url":"https:\/\/akunq.net\/turkish\/2010\/08\/19\/2-bakandan-dink-savunmasi-icin-ozur\/","og_site_name":"Bati Ermenistan Ve Bati Ermenileri Sorunlari Ara\u015ftirmalar Merkezi","article_published_time":"2010-08-19T08:55:39+00:00","author":"kalem","twitter_card":"summary_large_image","twitter_misc":{"Written by":"kalem","Est. reading time":"3 minutes"},"schema":{"@context":"https:\/\/schema.org","@graph":[{"@type":"Article","@id":"https:\/\/akunq.net\/turkish\/2010\/08\/19\/2-bakandan-dink-savunmasi-icin-ozur\/#article","isPartOf":{"@id":"https:\/\/akunq.net\/turkish\/2010\/08\/19\/2-bakandan-dink-savunmasi-icin-ozur\/"},"author":{"name":"kalem","@id":"https:\/\/akunq.net\/turkish\/#\/schema\/person\/135e7923d1aeb8887890799619969a6c"},"headline":"2 bakandan Dink savunmas\u0131 i\u00e7in \u00f6z\u00fcr","datePublished":"2010-08-19T08:55:39+00:00","mainEntityOfPage":{"@id":"https:\/\/akunq.net\/turkish\/2010\/08\/19\/2-bakandan-dink-savunmasi-icin-ozur\/"},"wordCount":614,"articleSection":["Haberler"],"inLanguage":"en-US"},{"@type":"WebPage","@id":"https:\/\/akunq.net\/turkish\/2010\/08\/19\/2-bakandan-dink-savunmasi-icin-ozur\/","url":"https:\/\/akunq.net\/turkish\/2010\/08\/19\/2-bakandan-dink-savunmasi-icin-ozur\/","name":"2 bakandan Dink savunmas\u0131 i\u00e7in \u00f6z\u00fcr - Bati Ermenistan Ve Bati Ermenileri Sorunlari Ara\u015ftirmalar Merkezi","isPartOf":{"@id":"https:\/\/akunq.net\/turkish\/#website"},"datePublished":"2010-08-19T08:55:39+00:00","author":{"@id":"https:\/\/akunq.net\/turkish\/#\/schema\/person\/135e7923d1aeb8887890799619969a6c"},"breadcrumb":{"@id":"https:\/\/akunq.net\/turkish\/2010\/08\/19\/2-bakandan-dink-savunmasi-icin-ozur\/#breadcrumb"},"inLanguage":"en-US","potentialAction":[{"@type":"ReadAction","target":["https:\/\/akunq.net\/turkish\/2010\/08\/19\/2-bakandan-dink-savunmasi-icin-ozur\/"]}]},{"@type":"BreadcrumbList","@id":"https:\/\/akunq.net\/turkish\/2010\/08\/19\/2-bakandan-dink-savunmasi-icin-ozur\/#breadcrumb","itemListElement":[{"@type":"ListItem","position":1,"name":"Home","item":"https:\/\/akunq.net\/turkish\/"},{"@type":"ListItem","position":2,"name":"2 bakandan Dink savunmas\u0131 i\u00e7in \u00f6z\u00fcr"}]},{"@type":"WebSite","@id":"https:\/\/akunq.net\/turkish\/#website","url":"https:\/\/akunq.net\/turkish\/","name":"Bati Ermenistan Ve Bati Ermenileri Sorunlari Ara\u015ftirmalar Merkezi","description":"","potentialAction":[{"@type":"SearchAction","target":{"@type":"EntryPoint","urlTemplate":"https:\/\/akunq.net\/turkish\/?s={search_term_string}"},"query-input":{"@type":"PropertyValueSpecification","valueRequired":true,"valueName":"search_term_string"}}],"inLanguage":"en-US"},{"@type":"Person","@id":"https:\/\/akunq.net\/turkish\/#\/schema\/person\/135e7923d1aeb8887890799619969a6c","name":"kalem","image":{"@type":"ImageObject","inLanguage":"en-US","@id":"https:\/\/secure.gravatar.com\/avatar\/a06875e4b25feb5674296adf8e8a7ae1e587cebce2493fe63c456109967e27d3?s=96&d=mm&r=g","url":"https:\/\/secure.gravatar.com\/avatar\/a06875e4b25feb5674296adf8e8a7ae1e587cebce2493fe63c456109967e27d3?s=96&d=mm&r=g","contentUrl":"https:\/\/secure.gravatar.com\/avatar\/a06875e4b25feb5674296adf8e8a7ae1e587cebce2493fe63c456109967e27d3?s=96&d=mm&r=g","caption":"kalem"},"url":"https:\/\/akunq.net\/turkish\/author\/kalem\/"}]}},"_links":{"self":[{"href":"https:\/\/akunq.net\/turkish\/wp-json\/wp\/v2\/posts\/1651","targetHints":{"allow":["GET"]}}],"collection":[{"href":"https:\/\/akunq.net\/turkish\/wp-json\/wp\/v2\/posts"}],"about":[{"href":"https:\/\/akunq.net\/turkish\/wp-json\/wp\/v2\/types\/post"}],"author":[{"embeddable":true,"href":"https:\/\/akunq.net\/turkish\/wp-json\/wp\/v2\/users\/3"}],"replies":[{"embeddable":true,"href":"https:\/\/akunq.net\/turkish\/wp-json\/wp\/v2\/comments?post=1651"}],"version-history":[{"count":0,"href":"https:\/\/akunq.net\/turkish\/wp-json\/wp\/v2\/posts\/1651\/revisions"}],"wp:attachment":[{"href":"https:\/\/akunq.net\/turkish\/wp-json\/wp\/v2\/media?parent=1651"}],"wp:term":[{"taxonomy":"category","embeddable":true,"href":"https:\/\/akunq.net\/turkish\/wp-json\/wp\/v2\/categories?post=1651"},{"taxonomy":"post_tag","embeddable":true,"href":"https:\/\/akunq.net\/turkish\/wp-json\/wp\/v2\/tags?post=1651"}],"curies":[{"name":"wp","href":"https:\/\/api.w.org\/{rel}","templated":true}]}}