{"id":1633,"date":"2010-08-18T05:56:54","date_gmt":"2010-08-18T10:56:54","guid":{"rendered":"http:\/\/akunq.net\/tr\/?p=1633"},"modified":"2010-08-18T05:56:54","modified_gmt":"2010-08-18T10:56:54","slug":"dogu-anadolunun-iskan-belgeleri-arsivde-imha-edildi","status":"publish","type":"post","link":"https:\/\/akunq.net\/turkish\/2010\/08\/18\/dogu-anadolunun-iskan-belgeleri-arsivde-imha-edildi\/","title":{"rendered":"Do\u011fu Anadolu&#8217;nun isk\u00e2n belgeleri Ar\u015fiv&#8217;de imha edildi"},"content":{"rendered":"<p style=\"text-align: justify\">\u00d6nceki hafta T\u00fcrkiye&#8217;yi ziyaret eden \u0130ngiltere Ba\u015fbakan\u0131 David Cameron&#8217;a \u00e7akma tu\u011fral\u0131 bir belge hediye edilmesi skandalinin kahraman\u0131 Devlet Ar\u015fivleri&#8217;n-de bu defa bamba\u015fka bir rezalet ortaya \u00e7\u0131kt\u0131 ve Do\u011fu Anadolu&#8217;dan saklanmas\u0131 i\u00e7in Ar\u015fiv&#8217;e g\u00f6nderilen baz\u0131 isk\u00e2n belgelerinin yanl\u0131\u015fl\u0131kla imha edildi\u011fi anla\u015f\u0131ld\u0131.<\/p>\n<p style=\"text-align: justify\">\u0130nan\u0131lmas\u0131 bile zor gibi g\u00f6r\u00fcnen skandal, 2009&#8217;un sonlar\u0131nda meydana geldi.<br \/>\n3473 say\u0131l\u0131 kanun ve ilgili y\u00f6netmelik &#8220;ar\u015fiv malzemesi&#8221; h\u00fckm\u00fcnde olan, kamu kurum ve kurulu\u015flar\u0131nda biriken ve &#8220;devlet millet hayat\u0131n\u0131, ki\u015fi hak ve menfaatlerini koruyan&#8221; belgelerin \u00f6nemlilerinin devlet ar\u015fivlerine g\u00f6nderilmesini \u00f6ng\u00f6r\u00fcyordu.<br \/>\nDevlet Ar\u015fivleri, bu kanun uyar\u0131nca baz\u0131 bakanl\u0131klardan ellerinde bulunan ar\u015fivlik evrak\u0131n kendilerine devredilmesini istedi. Talepte bulunulan resm\u00ee m\u00fcesseseler aras\u0131nda Bay\u0131nd\u0131rl\u0131k ve \u0130sk\u00e2n Bakanl\u0131\u011f\u0131&#8217;na ba\u011fl\u0131 \u00c2fet \u0130\u015fleri Genel M\u00fcd\u00fcrl\u00fc\u011f\u00fc de vard\u0131 ve genel m\u00fcd\u00fcrl\u00fck, sahip oldu\u011fu evrak\u0131n ba\u015f\u0131na neler gelece\u011fini tahmin edemeden, binlerce belgeyi gayet iyi niyetli bir \u015fekilde Devlet Ar\u015fivleri&#8217;ne g\u00f6nderdi.<\/p>\n<p style=\"text-align: justify\">Ama ortada bir mesele, daha do\u011frusu bir d\u00fczensizlik vard\u0131: D\u00fcnyan\u0131n en \u00f6nemli belge hazinelerinden olan devlet ar\u015fivimiz m\u00fckemmel \u015fekilde \u00e7al\u0131\u015f\u0131yor ve hatt\u00e2 im\u00e2l edilen \u00e7akma tu\u011fral\u0131 belgelerle \u0130ngiliz ba\u015fbakan\u0131 bile kand\u0131r\u0131l\u0131yordu ya&#8230; \u0130\u015fte bu m\u00fckemmel sistem bakanl\u0131klardaki evrak\u0131n Ar\u015fiv&#8217;e nakli i\u015finde de t\u0131k\u0131r t\u0131k\u0131r i\u015fliyor ve bakanl\u0131klardaki belgeler bazen listelenerek ama bazen listelemeye bile gerek duyulmadan \u00e7uvallara doldurulup ar\u015five yollan\u0131yordu.<\/p>\n<p style=\"text-align: justify\">Ta\u015f\u0131ma i\u015fi de, kamyoncu kooperatiflerine yahut kargo \u015firketlerine havale edilmi\u015fti&#8230;<\/p>\n<p style=\"text-align: justify\">\u0130ST\u0130KAMET, \u0130MHA \u00dcN\u0130TES\u0130!<\/p>\n<p style=\"text-align: justify\">Bay\u0131nd\u0131rl\u0131k ve \u0130sk\u00e2n Bakanl\u0131\u011f\u0131&#8217;n\u0131n Do\u011fu Anadolu&#8217;daki birimlerinden y\u00fcklenen onbinlerce isk\u00e2n belgesini ta\u015f\u0131yan bu kamyonlardan biri, ge\u00e7en senenin sonlar\u0131nda yolunu kaybetti&#8230; Ankara&#8217;ya do\u011fru yola \u00e7\u0131kan kamyon, devlet ar\u015fivlerinin depolar\u0131 yerine Ergazi semtindeki imha ve balyalama \u00fcnitesine gitti ve y\u00fck\u00fcn\u00fc bo\u015faltt\u0131.<\/p>\n<p style=\"text-align: justify\">Devlet \u00c7akma Tu\u011fra Ar\u015fivleri Genel M\u00fcd\u00fcrl\u00fc\u011f\u00fc&#8217;n\u00fcn yetkilileri i\u015fin fark\u0131na vard\u0131klar\u0131nda art\u0131k \u00e7ok ge\u00e7 olmu\u015f, onbinlerce belge bir g\u00fczel imha edilip SEKA&#8217;ya g\u00f6nderilmek \u00fczere balya haline getirilmi\u015fti.<\/p>\n<p style=\"text-align: justify\">Hata, daha do\u011frusu bu tarih cinayeti farkedildi\u011finde yetkililer hayli tel\u00e2\u015fa d\u00fc\u015ft\u00fcler ama imha edilen belgeleri kurtar\u0131p kullan\u0131labilir h\u00e2le getirme \u00e7al\u0131\u015fmalar\u0131ndan \u00f6nce, rezaletin duyulmas\u0131n\u0131 \u00f6nleme \u00e7abas\u0131na giri\u015ftiler. Gerekli sans\u00fcrlerden ve &#8220;A\u011fz\u0131n\u0131 a\u00e7an\u0131 kovar\u0131z haaa!&#8221; gibi \u00e2cil tedbirlerden sonra k\u00e2\u011f\u0131t k\u0131yma makinelerinden ge\u00e7irilmi\u015f isk\u00e2n evrak\u0131n\u0131n kurtar\u0131lmas\u0131na u\u011fra\u015f\u0131ld\u0131. Bu i\u015f i\u00e7in hemen bir grup kuruldu ve tasnifle g\u00f6revli onlarca ar\u015fiv memuruna, \u015ferit haline getirilmi\u015f milyonlarca par\u00e7ay\u0131 delinin p\u00f6steki saymas\u0131 mis\u00e2li, birle\u015ftirmeleri talimat\u0131 verildi.<\/p>\n<p style=\"text-align: justify\">Ve netice: \u0130mha edilen Do\u011fu b\u00f6lgesi ile ilgili isk\u00e2n evrak\u0131n\u0131n sadece y\u00fczde onu kurtar\u0131labildi, geri kalan\u0131 da devlet ar\u015fivlerimizin d\u00fcnyada bir ilk olan &#8220;k\u0131y\u0131lm\u0131\u015f k\u00e2\u011f\u0131t seksiyonuna&#8221; kald\u0131r\u0131ld\u0131.<\/p>\n<p style=\"text-align: justify\">M\u00e2lum isk\u00e2n evrak\u0131 \u00fczerinde \u00e7al\u0131\u015fmak isteyen ara\u015ft\u0131rmac\u0131lara, aylardan buyana verilen cevap ise, tahmin edece\u011finiz gibi: &#8220;Belgeler tasnif a\u015famas\u0131ndad\u0131r!&#8221; deniyor.\u00a0<\/p>\n<p style=\"text-align: justify\">\u00a0SADECE \u00dc\u00c7 SORUM VAR:<\/p>\n<p style=\"text-align: justify\">Art\u0131k hi\u00e7bir \u015fey s\u00f6ylemiyor ve \u015fimdilik \u015fu \u00fc\u00e7 soru ile yetiniyorum:<\/p>\n<p style=\"text-align: justify\"><strong>Bir: Do\u011fu Anadolu&#8217;dan yollanan isk\u00e2n evrak\u0131 hakikaten &#8220;yanl\u0131\u015fl\u0131kla&#8221; m\u0131 imha edildi?<br \/>\n\u0130ki: K\u00e2\u011f\u0131t k\u0131yma makinelerinden ge\u00e7irilen bu belgeler hangi b\u00f6lgeye ve Cumhuriyet&#8217;in hangi y\u0131llar\u0131na aitti?<br \/>\n\u00dc\u00e7: \u015eerit haline getirilen evrak aras\u0131nda Dersim ile ilgili isk\u00e2n belgeleri de var m\u0131yd\u0131?<\/strong><\/p>\n<p style=\"text-align: justify\"><strong>\u00a0<\/strong><em>Kaynak: haberturk.com<br \/>\nTarih: 15.08.2010<\/em><\/p>\n<p style=\"text-align: justify\"><em><strong>Murat Bardak\u00e7\u0131<br \/>\n<\/strong>mbardakci@htgazete.com.tr <\/em><\/p>\n","protected":false},"excerpt":{"rendered":"<p>\u00d6nceki hafta T\u00fcrkiye&#8217;yi ziyaret eden \u0130ngiltere Ba\u015fbakan\u0131 David Cameron&#8217;a \u00e7akma tu\u011fral\u0131 bir belge hediye edilmesi skandalinin kahraman\u0131 Devlet Ar\u015fivleri&#8217;n-de bu defa bamba\u015fka bir rezalet ortaya \u00e7\u0131kt\u0131 ve Do\u011fu Anadolu&#8217;dan saklanmas\u0131 i\u00e7in Ar\u015fiv&#8217;e g\u00f6nderilen baz\u0131 isk\u00e2n belgelerinin yanl\u0131\u015fl\u0131kla imha edildi\u011fi anla\u015f\u0131ld\u0131. \u0130nan\u0131lmas\u0131 bile zor gibi g\u00f6r\u00fcnen skandal, 2009&#8217;un sonlar\u0131nda meydana geldi. 3473 say\u0131l\u0131 kanun ve ilgili [&hellip;]<\/p>\n","protected":false},"author":3,"featured_media":0,"comment_status":"closed","ping_status":"open","sticky":false,"template":"","format":"standard","meta":{"footnotes":""},"categories":[14],"tags":[],"class_list":["post-1633","post","type-post","status-publish","format-standard","hentry","category-haberler"],"yoast_head":"<!-- This site is optimized with the Yoast SEO plugin v27.4 - https:\/\/yoast.com\/product\/yoast-seo-wordpress\/ -->\n<title>Do\u011fu Anadolu&#039;nun isk\u00e2n belgeleri Ar\u015fiv&#039;de imha edildi - Bati Ermenistan Ve Bati Ermenileri Sorunlari Ara\u015ftirmalar Merkezi<\/title>\n<meta name=\"robots\" content=\"index, follow, max-snippet:-1, max-image-preview:large, max-video-preview:-1\" \/>\n<link rel=\"canonical\" href=\"https:\/\/akunq.net\/turkish\/2010\/08\/18\/dogu-anadolunun-iskan-belgeleri-arsivde-imha-edildi\/\" \/>\n<meta property=\"og:locale\" content=\"en_US\" \/>\n<meta property=\"og:type\" content=\"article\" \/>\n<meta property=\"og:title\" content=\"Do\u011fu Anadolu&#039;nun isk\u00e2n belgeleri Ar\u015fiv&#039;de imha edildi - Bati Ermenistan Ve Bati Ermenileri Sorunlari Ara\u015ftirmalar Merkezi\" \/>\n<meta property=\"og:description\" content=\"\u00d6nceki hafta T\u00fcrkiye&#8217;yi ziyaret eden \u0130ngiltere Ba\u015fbakan\u0131 David Cameron&#8217;a \u00e7akma tu\u011fral\u0131 bir belge hediye edilmesi skandalinin kahraman\u0131 Devlet Ar\u015fivleri&#8217;n-de bu defa bamba\u015fka bir rezalet ortaya \u00e7\u0131kt\u0131 ve Do\u011fu Anadolu&#8217;dan saklanmas\u0131 i\u00e7in Ar\u015fiv&#8217;e g\u00f6nderilen baz\u0131 isk\u00e2n belgelerinin yanl\u0131\u015fl\u0131kla imha edildi\u011fi anla\u015f\u0131ld\u0131. \u0130nan\u0131lmas\u0131 bile zor gibi g\u00f6r\u00fcnen skandal, 2009&#8217;un sonlar\u0131nda meydana geldi. 3473 say\u0131l\u0131 kanun ve ilgili [&hellip;]\" \/>\n<meta property=\"og:url\" content=\"https:\/\/akunq.net\/turkish\/2010\/08\/18\/dogu-anadolunun-iskan-belgeleri-arsivde-imha-edildi\/\" \/>\n<meta property=\"og:site_name\" content=\"Bati Ermenistan Ve Bati Ermenileri Sorunlari Ara\u015ftirmalar Merkezi\" \/>\n<meta property=\"article:published_time\" content=\"2010-08-18T10:56:54+00:00\" \/>\n<meta name=\"author\" content=\"kalem\" \/>\n<meta name=\"twitter:card\" content=\"summary_large_image\" \/>\n<meta name=\"twitter:label1\" content=\"Written by\" \/>\n\t<meta name=\"twitter:data1\" content=\"kalem\" \/>\n\t<meta name=\"twitter:label2\" content=\"Est. reading time\" \/>\n\t<meta name=\"twitter:data2\" content=\"3 minutes\" \/>\n<script type=\"application\/ld+json\" class=\"yoast-schema-graph\">{\"@context\":\"https:\\\/\\\/schema.org\",\"@graph\":[{\"@type\":\"Article\",\"@id\":\"https:\\\/\\\/akunq.net\\\/turkish\\\/2010\\\/08\\\/18\\\/dogu-anadolunun-iskan-belgeleri-arsivde-imha-edildi\\\/#article\",\"isPartOf\":{\"@id\":\"https:\\\/\\\/akunq.net\\\/turkish\\\/2010\\\/08\\\/18\\\/dogu-anadolunun-iskan-belgeleri-arsivde-imha-edildi\\\/\"},\"author\":{\"name\":\"kalem\",\"@id\":\"https:\\\/\\\/akunq.net\\\/turkish\\\/#\\\/schema\\\/person\\\/135e7923d1aeb8887890799619969a6c\"},\"headline\":\"Do\u011fu Anadolu&#8217;nun isk\u00e2n belgeleri Ar\u015fiv&#8217;de imha edildi\",\"datePublished\":\"2010-08-18T10:56:54+00:00\",\"mainEntityOfPage\":{\"@id\":\"https:\\\/\\\/akunq.net\\\/turkish\\\/2010\\\/08\\\/18\\\/dogu-anadolunun-iskan-belgeleri-arsivde-imha-edildi\\\/\"},\"wordCount\":647,\"articleSection\":[\"Haberler\"],\"inLanguage\":\"en-US\"},{\"@type\":\"WebPage\",\"@id\":\"https:\\\/\\\/akunq.net\\\/turkish\\\/2010\\\/08\\\/18\\\/dogu-anadolunun-iskan-belgeleri-arsivde-imha-edildi\\\/\",\"url\":\"https:\\\/\\\/akunq.net\\\/turkish\\\/2010\\\/08\\\/18\\\/dogu-anadolunun-iskan-belgeleri-arsivde-imha-edildi\\\/\",\"name\":\"Do\u011fu Anadolu'nun isk\u00e2n belgeleri Ar\u015fiv'de imha edildi - Bati Ermenistan Ve Bati Ermenileri Sorunlari Ara\u015ftirmalar Merkezi\",\"isPartOf\":{\"@id\":\"https:\\\/\\\/akunq.net\\\/turkish\\\/#website\"},\"datePublished\":\"2010-08-18T10:56:54+00:00\",\"author\":{\"@id\":\"https:\\\/\\\/akunq.net\\\/turkish\\\/#\\\/schema\\\/person\\\/135e7923d1aeb8887890799619969a6c\"},\"breadcrumb\":{\"@id\":\"https:\\\/\\\/akunq.net\\\/turkish\\\/2010\\\/08\\\/18\\\/dogu-anadolunun-iskan-belgeleri-arsivde-imha-edildi\\\/#breadcrumb\"},\"inLanguage\":\"en-US\",\"potentialAction\":[{\"@type\":\"ReadAction\",\"target\":[\"https:\\\/\\\/akunq.net\\\/turkish\\\/2010\\\/08\\\/18\\\/dogu-anadolunun-iskan-belgeleri-arsivde-imha-edildi\\\/\"]}]},{\"@type\":\"BreadcrumbList\",\"@id\":\"https:\\\/\\\/akunq.net\\\/turkish\\\/2010\\\/08\\\/18\\\/dogu-anadolunun-iskan-belgeleri-arsivde-imha-edildi\\\/#breadcrumb\",\"itemListElement\":[{\"@type\":\"ListItem\",\"position\":1,\"name\":\"Home\",\"item\":\"https:\\\/\\\/akunq.net\\\/turkish\\\/\"},{\"@type\":\"ListItem\",\"position\":2,\"name\":\"Do\u011fu Anadolu&#8217;nun isk\u00e2n belgeleri Ar\u015fiv&#8217;de imha edildi\"}]},{\"@type\":\"WebSite\",\"@id\":\"https:\\\/\\\/akunq.net\\\/turkish\\\/#website\",\"url\":\"https:\\\/\\\/akunq.net\\\/turkish\\\/\",\"name\":\"Bati Ermenistan Ve Bati Ermenileri Sorunlari Ara\u015ftirmalar Merkezi\",\"description\":\"\",\"potentialAction\":[{\"@type\":\"SearchAction\",\"target\":{\"@type\":\"EntryPoint\",\"urlTemplate\":\"https:\\\/\\\/akunq.net\\\/turkish\\\/?s={search_term_string}\"},\"query-input\":{\"@type\":\"PropertyValueSpecification\",\"valueRequired\":true,\"valueName\":\"search_term_string\"}}],\"inLanguage\":\"en-US\"},{\"@type\":\"Person\",\"@id\":\"https:\\\/\\\/akunq.net\\\/turkish\\\/#\\\/schema\\\/person\\\/135e7923d1aeb8887890799619969a6c\",\"name\":\"kalem\",\"image\":{\"@type\":\"ImageObject\",\"inLanguage\":\"en-US\",\"@id\":\"https:\\\/\\\/secure.gravatar.com\\\/avatar\\\/a06875e4b25feb5674296adf8e8a7ae1e587cebce2493fe63c456109967e27d3?s=96&d=mm&r=g\",\"url\":\"https:\\\/\\\/secure.gravatar.com\\\/avatar\\\/a06875e4b25feb5674296adf8e8a7ae1e587cebce2493fe63c456109967e27d3?s=96&d=mm&r=g\",\"contentUrl\":\"https:\\\/\\\/secure.gravatar.com\\\/avatar\\\/a06875e4b25feb5674296adf8e8a7ae1e587cebce2493fe63c456109967e27d3?s=96&d=mm&r=g\",\"caption\":\"kalem\"},\"url\":\"https:\\\/\\\/akunq.net\\\/turkish\\\/author\\\/kalem\\\/\"}]}<\/script>\n<!-- \/ Yoast SEO plugin. -->","yoast_head_json":{"title":"Do\u011fu Anadolu'nun isk\u00e2n belgeleri Ar\u015fiv'de imha edildi - Bati Ermenistan Ve Bati Ermenileri Sorunlari Ara\u015ftirmalar Merkezi","robots":{"index":"index","follow":"follow","max-snippet":"max-snippet:-1","max-image-preview":"max-image-preview:large","max-video-preview":"max-video-preview:-1"},"canonical":"https:\/\/akunq.net\/turkish\/2010\/08\/18\/dogu-anadolunun-iskan-belgeleri-arsivde-imha-edildi\/","og_locale":"en_US","og_type":"article","og_title":"Do\u011fu Anadolu'nun isk\u00e2n belgeleri Ar\u015fiv'de imha edildi - Bati Ermenistan Ve Bati Ermenileri Sorunlari Ara\u015ftirmalar Merkezi","og_description":"\u00d6nceki hafta T\u00fcrkiye&#8217;yi ziyaret eden \u0130ngiltere Ba\u015fbakan\u0131 David Cameron&#8217;a \u00e7akma tu\u011fral\u0131 bir belge hediye edilmesi skandalinin kahraman\u0131 Devlet Ar\u015fivleri&#8217;n-de bu defa bamba\u015fka bir rezalet ortaya \u00e7\u0131kt\u0131 ve Do\u011fu Anadolu&#8217;dan saklanmas\u0131 i\u00e7in Ar\u015fiv&#8217;e g\u00f6nderilen baz\u0131 isk\u00e2n belgelerinin yanl\u0131\u015fl\u0131kla imha edildi\u011fi anla\u015f\u0131ld\u0131. \u0130nan\u0131lmas\u0131 bile zor gibi g\u00f6r\u00fcnen skandal, 2009&#8217;un sonlar\u0131nda meydana geldi. 3473 say\u0131l\u0131 kanun ve ilgili [&hellip;]","og_url":"https:\/\/akunq.net\/turkish\/2010\/08\/18\/dogu-anadolunun-iskan-belgeleri-arsivde-imha-edildi\/","og_site_name":"Bati Ermenistan Ve Bati Ermenileri Sorunlari Ara\u015ftirmalar Merkezi","article_published_time":"2010-08-18T10:56:54+00:00","author":"kalem","twitter_card":"summary_large_image","twitter_misc":{"Written by":"kalem","Est. reading time":"3 minutes"},"schema":{"@context":"https:\/\/schema.org","@graph":[{"@type":"Article","@id":"https:\/\/akunq.net\/turkish\/2010\/08\/18\/dogu-anadolunun-iskan-belgeleri-arsivde-imha-edildi\/#article","isPartOf":{"@id":"https:\/\/akunq.net\/turkish\/2010\/08\/18\/dogu-anadolunun-iskan-belgeleri-arsivde-imha-edildi\/"},"author":{"name":"kalem","@id":"https:\/\/akunq.net\/turkish\/#\/schema\/person\/135e7923d1aeb8887890799619969a6c"},"headline":"Do\u011fu Anadolu&#8217;nun isk\u00e2n belgeleri Ar\u015fiv&#8217;de imha edildi","datePublished":"2010-08-18T10:56:54+00:00","mainEntityOfPage":{"@id":"https:\/\/akunq.net\/turkish\/2010\/08\/18\/dogu-anadolunun-iskan-belgeleri-arsivde-imha-edildi\/"},"wordCount":647,"articleSection":["Haberler"],"inLanguage":"en-US"},{"@type":"WebPage","@id":"https:\/\/akunq.net\/turkish\/2010\/08\/18\/dogu-anadolunun-iskan-belgeleri-arsivde-imha-edildi\/","url":"https:\/\/akunq.net\/turkish\/2010\/08\/18\/dogu-anadolunun-iskan-belgeleri-arsivde-imha-edildi\/","name":"Do\u011fu Anadolu'nun isk\u00e2n belgeleri Ar\u015fiv'de imha edildi - Bati Ermenistan Ve Bati Ermenileri Sorunlari Ara\u015ftirmalar Merkezi","isPartOf":{"@id":"https:\/\/akunq.net\/turkish\/#website"},"datePublished":"2010-08-18T10:56:54+00:00","author":{"@id":"https:\/\/akunq.net\/turkish\/#\/schema\/person\/135e7923d1aeb8887890799619969a6c"},"breadcrumb":{"@id":"https:\/\/akunq.net\/turkish\/2010\/08\/18\/dogu-anadolunun-iskan-belgeleri-arsivde-imha-edildi\/#breadcrumb"},"inLanguage":"en-US","potentialAction":[{"@type":"ReadAction","target":["https:\/\/akunq.net\/turkish\/2010\/08\/18\/dogu-anadolunun-iskan-belgeleri-arsivde-imha-edildi\/"]}]},{"@type":"BreadcrumbList","@id":"https:\/\/akunq.net\/turkish\/2010\/08\/18\/dogu-anadolunun-iskan-belgeleri-arsivde-imha-edildi\/#breadcrumb","itemListElement":[{"@type":"ListItem","position":1,"name":"Home","item":"https:\/\/akunq.net\/turkish\/"},{"@type":"ListItem","position":2,"name":"Do\u011fu Anadolu&#8217;nun isk\u00e2n belgeleri Ar\u015fiv&#8217;de imha edildi"}]},{"@type":"WebSite","@id":"https:\/\/akunq.net\/turkish\/#website","url":"https:\/\/akunq.net\/turkish\/","name":"Bati Ermenistan Ve Bati Ermenileri Sorunlari Ara\u015ftirmalar Merkezi","description":"","potentialAction":[{"@type":"SearchAction","target":{"@type":"EntryPoint","urlTemplate":"https:\/\/akunq.net\/turkish\/?s={search_term_string}"},"query-input":{"@type":"PropertyValueSpecification","valueRequired":true,"valueName":"search_term_string"}}],"inLanguage":"en-US"},{"@type":"Person","@id":"https:\/\/akunq.net\/turkish\/#\/schema\/person\/135e7923d1aeb8887890799619969a6c","name":"kalem","image":{"@type":"ImageObject","inLanguage":"en-US","@id":"https:\/\/secure.gravatar.com\/avatar\/a06875e4b25feb5674296adf8e8a7ae1e587cebce2493fe63c456109967e27d3?s=96&d=mm&r=g","url":"https:\/\/secure.gravatar.com\/avatar\/a06875e4b25feb5674296adf8e8a7ae1e587cebce2493fe63c456109967e27d3?s=96&d=mm&r=g","contentUrl":"https:\/\/secure.gravatar.com\/avatar\/a06875e4b25feb5674296adf8e8a7ae1e587cebce2493fe63c456109967e27d3?s=96&d=mm&r=g","caption":"kalem"},"url":"https:\/\/akunq.net\/turkish\/author\/kalem\/"}]}},"_links":{"self":[{"href":"https:\/\/akunq.net\/turkish\/wp-json\/wp\/v2\/posts\/1633","targetHints":{"allow":["GET"]}}],"collection":[{"href":"https:\/\/akunq.net\/turkish\/wp-json\/wp\/v2\/posts"}],"about":[{"href":"https:\/\/akunq.net\/turkish\/wp-json\/wp\/v2\/types\/post"}],"author":[{"embeddable":true,"href":"https:\/\/akunq.net\/turkish\/wp-json\/wp\/v2\/users\/3"}],"replies":[{"embeddable":true,"href":"https:\/\/akunq.net\/turkish\/wp-json\/wp\/v2\/comments?post=1633"}],"version-history":[{"count":0,"href":"https:\/\/akunq.net\/turkish\/wp-json\/wp\/v2\/posts\/1633\/revisions"}],"wp:attachment":[{"href":"https:\/\/akunq.net\/turkish\/wp-json\/wp\/v2\/media?parent=1633"}],"wp:term":[{"taxonomy":"category","embeddable":true,"href":"https:\/\/akunq.net\/turkish\/wp-json\/wp\/v2\/categories?post=1633"},{"taxonomy":"post_tag","embeddable":true,"href":"https:\/\/akunq.net\/turkish\/wp-json\/wp\/v2\/tags?post=1633"}],"curies":[{"name":"wp","href":"https:\/\/api.w.org\/{rel}","templated":true}]}}