{"id":1626,"date":"2010-08-17T06:10:48","date_gmt":"2010-08-17T11:10:48","guid":{"rendered":"http:\/\/akunq.net\/tr\/?p=1626"},"modified":"2010-08-17T06:10:48","modified_gmt":"2010-08-17T11:10:48","slug":"bir-vandalizm-ornegi-nisanyan-evleri-gene-yikiliyor","status":"publish","type":"post","link":"https:\/\/akunq.net\/turkish\/2010\/08\/17\/bir-vandalizm-ornegi-nisanyan-evleri-gene-yikiliyor\/","title":{"rendered":"Bir Vandalizm \u00d6rne\u011fi N\u0131\u015fanyan Evleri (Gene) Y\u0131k\u0131l\u0131yor"},"content":{"rendered":"<p style=\"text-align: justify\"><strong><em>Yazar Ni\u015fanyan 50 y\u0131l hapis istemiyle yarg\u0131lan\u0131yor.<\/em><\/strong><\/p>\n<p style=\"text-align: justify\"><a rel=\"attachment wp-att-1627\" href=\"http:\/\/akunq.net\/tr\/?attachment_id=1627\"><img loading=\"lazy\" decoding=\"async\" class=\"alignleft size-full wp-image-1627\" title=\"Sevan-Nishanyan\" src=\"http:\/\/akunq.net\/tr\/wp-content\/uploads\/2010\/08\/Sevan-Nishanyan.jpg\" alt=\"\" width=\"311\" height=\"219\" \/><\/a>Dilbilimci ve yazar Sevan Ni\u015fanyan\u2019\u0131n \u0130zmir\u2019in \u015eirince k\u00f6y\u00fcnde otel olarak i\u015fletti\u011fi 12 ba\u011f evine y\u0131k\u0131m karar\u0131 \u00e7\u0131kt\u0131. Ni\u015fanyan\u2019\u0131n daha \u00f6nce restore etti\u011fi d\u00f6rt tarihi k\u00f6y evinin y\u0131llard\u0131r uygulanmayan y\u0131k\u0131m kararlar\u0131 da, \u0130zmir \u0130l Genel Meclisi\u2019nin ald\u0131\u011f\u0131 karar uyar\u0131nca y\u0131kt\u0131r\u0131lacak. Ni\u015fanyan, izinsiz olarak in\u015fa etti\u011fi yap\u0131lar i\u00e7in toplam 50 y\u0131l\u0131 a\u015fk\u0131n hapis istemiyle yarg\u0131lan\u0131yor.<\/p>\n<p style=\"text-align: justify\">Kararlar\u0131n \u201cs\u0131n\u0131fsal nefretten\u201d kaynakland\u0131\u011f\u0131n\u0131 s\u00f6yleyen Ni\u015fanyan, \u201cDevlet de\u011fil Timur ordusu m\u00fcbarek. Yapmay\u0131 bilmezler, ama y\u0131kmaya gelince hepsi aslan\u201d dedi. Y\u0131kt\u0131r\u0131lacak binalar\u0131 kendi \u00e7ocu\u011fu gibi g\u00f6rd\u00fc\u011f\u00fcn\u00fc belirten Ni\u015fanyan, \u201ccahillik ve k\u0131skan\u00e7l\u0131k y\u00fcz\u00fcnden gelip 16 tane \u00e7ocu\u011funuzu dozerle \u00f6ld\u00fcrseler ne <a rel=\"attachment wp-att-1628\" href=\"http:\/\/akunq.net\/tr\/?attachment_id=1628\"><img loading=\"lazy\" decoding=\"async\" class=\"alignleft size-full wp-image-1628\" title=\"nisanyanevi_thumbnail\" src=\"http:\/\/akunq.net\/tr\/wp-content\/uploads\/2010\/08\/nisanyanevi_thumbnail.jpg\" alt=\"\" width=\"311\" height=\"211\" \/><\/a>yap\u0131lmas\u0131 gerekirse onu yapaca\u011f\u0131n\u0131\u201d ifade etti.<\/p>\n<p style=\"text-align: justify\">Y\u0131kt\u0131r\u0131lmas\u0131 kararla\u015ft\u0131r\u0131lan Ni\u015fanyan Evleri T\u00fcrkiye\u2019de k\u00fc\u00e7\u00fck otelcilik sekt\u00f6r\u00fcn\u00fcn \u00f6nc\u00fcs\u00fc olarak tan\u0131n\u0131yor. K\u0131sa bir s\u00fcre \u00f6ncesine dek Taraf gazetesinde k\u00f6\u015fe yazar\u0131 olan Ni\u015fanyan\u2019\u0131n \u201cYanl\u0131\u015f Cumhuriyet\u201d adl\u0131 bir siyasi tarih kitab\u0131 da bulunuyor.<\/p>\n<p style=\"text-align: justify\"><strong><em>\u00a0<\/em><\/strong><\/p>\n<p style=\"text-align: center\"><strong><em>SORU-CEVAP<\/em><\/strong><\/p>\n<p style=\"text-align: justify\"><strong><em>Ne oldu?<br \/>\n<\/em><\/strong>\u015eirince\u2019de bug\u00fcne dek yapt\u0131\u011f\u0131m toplam 16 evi y\u0131kmaya karar vermi\u015fler. Devlet de\u011fil Timur ordusu m\u00fcbarek. Yapmay\u0131 bilmezler, ama y\u0131kmaya gelince hepsi aslan.<br \/>\nBu yetmedi, hepsi imarla ilgili konulardan son iki y\u0131lda toplam 16 tane ceza davas\u0131 a\u00e7t\u0131lar. 50 y\u0131l kadar hapis cezas\u0131 istiyorlar. Hakim bey sa\u011folsun, her davada veriyor 3 y\u0131l 5 y\u0131l, g\u00f6nl\u00fcnden ne koparsa. Ni\u015fanyan belas\u0131ndan temelli kurtulmay\u0131 umuyorlar.<\/p>\n<p style=\"text-align: justify\"><strong><em>Nedeni nedir?<\/em><\/strong><br \/>\nS\u0131n\u0131fsal nefret. K\u0131skan\u00e7l\u0131k. Kuyruk ac\u0131s\u0131. Cumhuriyeti koruma ve kollama i\u00e7g\u00fcd\u00fcs\u00fc.<br \/>\nNesin Vakf\u0131 i\u00e7in in\u015fa etti\u011fim Matematik K\u00f6y\u00fcn\u00fc durdurmak ve y\u0131kmak i\u00e7in \u00e7ok u\u011fra\u015ft\u0131lar, g\u00fc\u00e7leri yetmedi. Kuyruklar\u0131 ac\u0131m\u0131\u015ft\u0131r elbet.<\/p>\n<p style=\"text-align: justify\"><strong><em>Yanl\u0131\u015f Cumhuriyet kitab\u0131n\u0131zla, veya Taraf gazetesinde yazd\u0131\u011f\u0131n\u0131z siyasi yaz\u0131larla ilgili olabilir mi? <\/em><\/strong><br \/>\nHem T\u00fcrkiye\u2019nin koku\u015fmu\u015f kutsallar\u0131na dil uzat\u0131yorsun, hem \u00fcstelik Ermenisin. Cezas\u0131z kal\u0131r m\u0131 sizce?<br \/>\nSiyasi nitelikli tek bir dava a\u00e7mad\u0131lar, ona \u015feyleri yetmedi. Suikast planlad\u0131lar, onu da beceremediler. \u015eimdi belden a\u015fa\u011f\u0131 vuracaklar. Daha temiz, daha kolay; \u00f6rf ve adetlerine de daha uygun.<\/p>\n<p style=\"text-align: justify\"><strong><em>Suikast mi, daha neler!<br \/>\n<\/em><\/strong>Balyoz Operasyonunda \u00f6ld\u00fcr\u00fclecek 16 ki\u015fi aras\u0131nda benim ad\u0131m da ge\u00e7iyor, ge\u00e7en ay mahkeme dosyas\u0131ndan \u00e7\u0131kt\u0131 belge. Bir de Etyen var Mahcupyan. \u0130\u015fi koordine edecek assubay\u0131n ad\u0131yla, san\u0131yla, ayr\u0131nt\u0131s\u0131na kadar yazm\u0131\u015flar.<\/p>\n<p style=\"text-align: justify\"><strong><em>Peki tamamen su\u00e7suz musunuz? Yasalara uyuyor musunuz?<br \/>\n<\/em><\/strong>\u015eirince\u2019deki evleri \u00f6ylesine bir b\u00fcrokratik a\u00e7maza soktular ki, yasal \u00e7er\u00e7evede k\u0131p\u0131rdamama imkan yok. Bir s\u00fcr\u00fc korkak, i\u00e7ten pazarl\u0131kl\u0131 adam\u0131n elinde oyuncaks\u0131n. Dam onarmak istersen on sene s\u00fcren bir dolambac\u0131n i\u00e7ine d\u00fc\u015f\u00fcyorsun. Ya pes edip \u00e7ekip gidece\u011fim, ya da meydan okuyaca\u011f\u0131m. Meydan okumay\u0131 bir toplumsal sorumluluk olarak g\u00f6r\u00fcyorum. G\u00f6revdir. \u015eu topluma en ufak bir sevgisi olan insan pes etmez, benim yapt\u0131\u011f\u0131m\u0131 yapar.<\/p>\n<p style=\"text-align: justify\"><strong><em>Y\u0131karlarsa ne yapacaks\u0131n\u0131z?<\/em><\/strong><br \/>\nO binalar benim \u00e7ocuklar\u0131md\u0131r. Her birinde sonsuz emek vard\u0131r, yarat\u0131c\u0131l\u0131k vard\u0131r, i\u00e7tenlik vard\u0131r, fedak\u00e2rl\u0131k vard\u0131r. Topluma sunulmu\u015f bir g\u00fczellik vard\u0131r. S\u0131rf cahillik ve k\u0131skan\u00e7l\u0131k y\u00fcz\u00fcnden biri gelip sizin 16 tane \u00e7ocu\u011funuzu dozerle \u00f6ld\u00fcrse siz olsan\u0131z ne yapard\u0131n\u0131z? Ne yap\u0131lmas\u0131 gerekirse ben de onu yapaca\u011f\u0131m, ku\u015fkunuz olmas\u0131n.<\/p>\n<p style=\"text-align: justify\"><strong>\u00a0<\/strong><strong>Kaynak:<\/strong> \u00d6zel<br \/>\n<strong>Tarih:<\/strong> 15.8.2010<\/p>\n<p style=\"text-align: justify\">Sait \u00c7etino\u011flu<\/p>\n","protected":false},"excerpt":{"rendered":"<p>Yazar Ni\u015fanyan 50 y\u0131l hapis istemiyle yarg\u0131lan\u0131yor. Dilbilimci ve yazar Sevan Ni\u015fanyan\u2019\u0131n \u0130zmir\u2019in \u015eirince k\u00f6y\u00fcnde otel olarak i\u015fletti\u011fi 12 ba\u011f evine y\u0131k\u0131m karar\u0131 \u00e7\u0131kt\u0131. Ni\u015fanyan\u2019\u0131n daha \u00f6nce restore etti\u011fi d\u00f6rt tarihi k\u00f6y evinin y\u0131llard\u0131r uygulanmayan y\u0131k\u0131m kararlar\u0131 da, \u0130zmir \u0130l Genel Meclisi\u2019nin ald\u0131\u011f\u0131 karar uyar\u0131nca y\u0131kt\u0131r\u0131lacak. Ni\u015fanyan, izinsiz olarak in\u015fa etti\u011fi yap\u0131lar i\u00e7in toplam 50 [&hellip;]<\/p>\n","protected":false},"author":3,"featured_media":0,"comment_status":"closed","ping_status":"open","sticky":false,"template":"","format":"standard","meta":{"footnotes":""},"categories":[14],"tags":[],"class_list":["post-1626","post","type-post","status-publish","format-standard","hentry","category-haberler"],"yoast_head":"<!-- This site is optimized with the Yoast SEO plugin v27.4 - https:\/\/yoast.com\/product\/yoast-seo-wordpress\/ -->\n<title>Bir Vandalizm \u00d6rne\u011fi N\u0131\u015fanyan Evleri (Gene) Y\u0131k\u0131l\u0131yor - Bati Ermenistan Ve Bati Ermenileri Sorunlari Ara\u015ftirmalar Merkezi<\/title>\n<meta name=\"robots\" content=\"index, follow, max-snippet:-1, max-image-preview:large, max-video-preview:-1\" \/>\n<link rel=\"canonical\" href=\"https:\/\/akunq.net\/turkish\/2010\/08\/17\/bir-vandalizm-ornegi-nisanyan-evleri-gene-yikiliyor\/\" \/>\n<meta property=\"og:locale\" content=\"en_US\" \/>\n<meta property=\"og:type\" content=\"article\" \/>\n<meta property=\"og:title\" content=\"Bir Vandalizm \u00d6rne\u011fi N\u0131\u015fanyan Evleri (Gene) Y\u0131k\u0131l\u0131yor - Bati Ermenistan Ve Bati Ermenileri Sorunlari Ara\u015ftirmalar Merkezi\" \/>\n<meta property=\"og:description\" content=\"Yazar Ni\u015fanyan 50 y\u0131l hapis istemiyle yarg\u0131lan\u0131yor. Dilbilimci ve yazar Sevan Ni\u015fanyan\u2019\u0131n \u0130zmir\u2019in \u015eirince k\u00f6y\u00fcnde otel olarak i\u015fletti\u011fi 12 ba\u011f evine y\u0131k\u0131m karar\u0131 \u00e7\u0131kt\u0131. Ni\u015fanyan\u2019\u0131n daha \u00f6nce restore etti\u011fi d\u00f6rt tarihi k\u00f6y evinin y\u0131llard\u0131r uygulanmayan y\u0131k\u0131m kararlar\u0131 da, \u0130zmir \u0130l Genel Meclisi\u2019nin ald\u0131\u011f\u0131 karar uyar\u0131nca y\u0131kt\u0131r\u0131lacak. Ni\u015fanyan, izinsiz olarak in\u015fa etti\u011fi yap\u0131lar i\u00e7in toplam 50 [&hellip;]\" \/>\n<meta property=\"og:url\" content=\"https:\/\/akunq.net\/turkish\/2010\/08\/17\/bir-vandalizm-ornegi-nisanyan-evleri-gene-yikiliyor\/\" \/>\n<meta property=\"og:site_name\" content=\"Bati Ermenistan Ve Bati Ermenileri Sorunlari Ara\u015ftirmalar Merkezi\" \/>\n<meta property=\"article:published_time\" content=\"2010-08-17T11:10:48+00:00\" \/>\n<meta property=\"og:image\" content=\"https:\/\/akunq.net\/turkish\/wp-content\/uploads\/sites\/5\/2010\/08\/Sevan-Nishanyan.jpg\" \/>\n\t<meta property=\"og:image:width\" content=\"450\" \/>\n\t<meta property=\"og:image:height\" content=\"301\" \/>\n\t<meta property=\"og:image:type\" content=\"image\/jpeg\" \/>\n<meta name=\"author\" content=\"kalem\" \/>\n<meta name=\"twitter:card\" content=\"summary_large_image\" \/>\n<meta name=\"twitter:label1\" content=\"Written by\" \/>\n\t<meta name=\"twitter:data1\" content=\"kalem\" \/>\n\t<meta name=\"twitter:label2\" content=\"Est. reading time\" \/>\n\t<meta name=\"twitter:data2\" content=\"3 minutes\" \/>\n<script type=\"application\/ld+json\" class=\"yoast-schema-graph\">{\"@context\":\"https:\\\/\\\/schema.org\",\"@graph\":[{\"@type\":\"Article\",\"@id\":\"https:\\\/\\\/akunq.net\\\/turkish\\\/2010\\\/08\\\/17\\\/bir-vandalizm-ornegi-nisanyan-evleri-gene-yikiliyor\\\/#article\",\"isPartOf\":{\"@id\":\"https:\\\/\\\/akunq.net\\\/turkish\\\/2010\\\/08\\\/17\\\/bir-vandalizm-ornegi-nisanyan-evleri-gene-yikiliyor\\\/\"},\"author\":{\"name\":\"kalem\",\"@id\":\"https:\\\/\\\/akunq.net\\\/turkish\\\/#\\\/schema\\\/person\\\/135e7923d1aeb8887890799619969a6c\"},\"headline\":\"Bir Vandalizm \u00d6rne\u011fi N\u0131\u015fanyan Evleri (Gene) Y\u0131k\u0131l\u0131yor\",\"datePublished\":\"2010-08-17T11:10:48+00:00\",\"mainEntityOfPage\":{\"@id\":\"https:\\\/\\\/akunq.net\\\/turkish\\\/2010\\\/08\\\/17\\\/bir-vandalizm-ornegi-nisanyan-evleri-gene-yikiliyor\\\/\"},\"wordCount\":650,\"image\":{\"@id\":\"https:\\\/\\\/akunq.net\\\/turkish\\\/2010\\\/08\\\/17\\\/bir-vandalizm-ornegi-nisanyan-evleri-gene-yikiliyor\\\/#primaryimage\"},\"thumbnailUrl\":\"http:\\\/\\\/akunq.net\\\/tr\\\/wp-content\\\/uploads\\\/2010\\\/08\\\/Sevan-Nishanyan.jpg\",\"articleSection\":[\"Haberler\"],\"inLanguage\":\"en-US\"},{\"@type\":\"WebPage\",\"@id\":\"https:\\\/\\\/akunq.net\\\/turkish\\\/2010\\\/08\\\/17\\\/bir-vandalizm-ornegi-nisanyan-evleri-gene-yikiliyor\\\/\",\"url\":\"https:\\\/\\\/akunq.net\\\/turkish\\\/2010\\\/08\\\/17\\\/bir-vandalizm-ornegi-nisanyan-evleri-gene-yikiliyor\\\/\",\"name\":\"Bir Vandalizm \u00d6rne\u011fi N\u0131\u015fanyan Evleri (Gene) Y\u0131k\u0131l\u0131yor - Bati Ermenistan Ve Bati Ermenileri Sorunlari Ara\u015ftirmalar Merkezi\",\"isPartOf\":{\"@id\":\"https:\\\/\\\/akunq.net\\\/turkish\\\/#website\"},\"primaryImageOfPage\":{\"@id\":\"https:\\\/\\\/akunq.net\\\/turkish\\\/2010\\\/08\\\/17\\\/bir-vandalizm-ornegi-nisanyan-evleri-gene-yikiliyor\\\/#primaryimage\"},\"image\":{\"@id\":\"https:\\\/\\\/akunq.net\\\/turkish\\\/2010\\\/08\\\/17\\\/bir-vandalizm-ornegi-nisanyan-evleri-gene-yikiliyor\\\/#primaryimage\"},\"thumbnailUrl\":\"http:\\\/\\\/akunq.net\\\/tr\\\/wp-content\\\/uploads\\\/2010\\\/08\\\/Sevan-Nishanyan.jpg\",\"datePublished\":\"2010-08-17T11:10:48+00:00\",\"author\":{\"@id\":\"https:\\\/\\\/akunq.net\\\/turkish\\\/#\\\/schema\\\/person\\\/135e7923d1aeb8887890799619969a6c\"},\"breadcrumb\":{\"@id\":\"https:\\\/\\\/akunq.net\\\/turkish\\\/2010\\\/08\\\/17\\\/bir-vandalizm-ornegi-nisanyan-evleri-gene-yikiliyor\\\/#breadcrumb\"},\"inLanguage\":\"en-US\",\"potentialAction\":[{\"@type\":\"ReadAction\",\"target\":[\"https:\\\/\\\/akunq.net\\\/turkish\\\/2010\\\/08\\\/17\\\/bir-vandalizm-ornegi-nisanyan-evleri-gene-yikiliyor\\\/\"]}]},{\"@type\":\"ImageObject\",\"inLanguage\":\"en-US\",\"@id\":\"https:\\\/\\\/akunq.net\\\/turkish\\\/2010\\\/08\\\/17\\\/bir-vandalizm-ornegi-nisanyan-evleri-gene-yikiliyor\\\/#primaryimage\",\"url\":\"http:\\\/\\\/akunq.net\\\/tr\\\/wp-content\\\/uploads\\\/2010\\\/08\\\/Sevan-Nishanyan.jpg\",\"contentUrl\":\"http:\\\/\\\/akunq.net\\\/tr\\\/wp-content\\\/uploads\\\/2010\\\/08\\\/Sevan-Nishanyan.jpg\"},{\"@type\":\"BreadcrumbList\",\"@id\":\"https:\\\/\\\/akunq.net\\\/turkish\\\/2010\\\/08\\\/17\\\/bir-vandalizm-ornegi-nisanyan-evleri-gene-yikiliyor\\\/#breadcrumb\",\"itemListElement\":[{\"@type\":\"ListItem\",\"position\":1,\"name\":\"Home\",\"item\":\"https:\\\/\\\/akunq.net\\\/turkish\\\/\"},{\"@type\":\"ListItem\",\"position\":2,\"name\":\"Bir Vandalizm \u00d6rne\u011fi N\u0131\u015fanyan Evleri (Gene) Y\u0131k\u0131l\u0131yor\"}]},{\"@type\":\"WebSite\",\"@id\":\"https:\\\/\\\/akunq.net\\\/turkish\\\/#website\",\"url\":\"https:\\\/\\\/akunq.net\\\/turkish\\\/\",\"name\":\"Bati Ermenistan Ve Bati Ermenileri Sorunlari Ara\u015ftirmalar Merkezi\",\"description\":\"\",\"potentialAction\":[{\"@type\":\"SearchAction\",\"target\":{\"@type\":\"EntryPoint\",\"urlTemplate\":\"https:\\\/\\\/akunq.net\\\/turkish\\\/?s={search_term_string}\"},\"query-input\":{\"@type\":\"PropertyValueSpecification\",\"valueRequired\":true,\"valueName\":\"search_term_string\"}}],\"inLanguage\":\"en-US\"},{\"@type\":\"Person\",\"@id\":\"https:\\\/\\\/akunq.net\\\/turkish\\\/#\\\/schema\\\/person\\\/135e7923d1aeb8887890799619969a6c\",\"name\":\"kalem\",\"image\":{\"@type\":\"ImageObject\",\"inLanguage\":\"en-US\",\"@id\":\"https:\\\/\\\/secure.gravatar.com\\\/avatar\\\/a06875e4b25feb5674296adf8e8a7ae1e587cebce2493fe63c456109967e27d3?s=96&d=mm&r=g\",\"url\":\"https:\\\/\\\/secure.gravatar.com\\\/avatar\\\/a06875e4b25feb5674296adf8e8a7ae1e587cebce2493fe63c456109967e27d3?s=96&d=mm&r=g\",\"contentUrl\":\"https:\\\/\\\/secure.gravatar.com\\\/avatar\\\/a06875e4b25feb5674296adf8e8a7ae1e587cebce2493fe63c456109967e27d3?s=96&d=mm&r=g\",\"caption\":\"kalem\"},\"url\":\"https:\\\/\\\/akunq.net\\\/turkish\\\/author\\\/kalem\\\/\"}]}<\/script>\n<!-- \/ Yoast SEO plugin. -->","yoast_head_json":{"title":"Bir Vandalizm \u00d6rne\u011fi N\u0131\u015fanyan Evleri (Gene) Y\u0131k\u0131l\u0131yor - Bati Ermenistan Ve Bati Ermenileri Sorunlari Ara\u015ftirmalar Merkezi","robots":{"index":"index","follow":"follow","max-snippet":"max-snippet:-1","max-image-preview":"max-image-preview:large","max-video-preview":"max-video-preview:-1"},"canonical":"https:\/\/akunq.net\/turkish\/2010\/08\/17\/bir-vandalizm-ornegi-nisanyan-evleri-gene-yikiliyor\/","og_locale":"en_US","og_type":"article","og_title":"Bir Vandalizm \u00d6rne\u011fi N\u0131\u015fanyan Evleri (Gene) Y\u0131k\u0131l\u0131yor - Bati Ermenistan Ve Bati Ermenileri Sorunlari Ara\u015ftirmalar Merkezi","og_description":"Yazar Ni\u015fanyan 50 y\u0131l hapis istemiyle yarg\u0131lan\u0131yor. Dilbilimci ve yazar Sevan Ni\u015fanyan\u2019\u0131n \u0130zmir\u2019in \u015eirince k\u00f6y\u00fcnde otel olarak i\u015fletti\u011fi 12 ba\u011f evine y\u0131k\u0131m karar\u0131 \u00e7\u0131kt\u0131. Ni\u015fanyan\u2019\u0131n daha \u00f6nce restore etti\u011fi d\u00f6rt tarihi k\u00f6y evinin y\u0131llard\u0131r uygulanmayan y\u0131k\u0131m kararlar\u0131 da, \u0130zmir \u0130l Genel Meclisi\u2019nin ald\u0131\u011f\u0131 karar uyar\u0131nca y\u0131kt\u0131r\u0131lacak. Ni\u015fanyan, izinsiz olarak in\u015fa etti\u011fi yap\u0131lar i\u00e7in toplam 50 [&hellip;]","og_url":"https:\/\/akunq.net\/turkish\/2010\/08\/17\/bir-vandalizm-ornegi-nisanyan-evleri-gene-yikiliyor\/","og_site_name":"Bati Ermenistan Ve Bati Ermenileri Sorunlari Ara\u015ftirmalar Merkezi","article_published_time":"2010-08-17T11:10:48+00:00","og_image":[{"width":450,"height":301,"url":"https:\/\/akunq.net\/turkish\/wp-content\/uploads\/sites\/5\/2010\/08\/Sevan-Nishanyan.jpg","type":"image\/jpeg"}],"author":"kalem","twitter_card":"summary_large_image","twitter_misc":{"Written by":"kalem","Est. reading time":"3 minutes"},"schema":{"@context":"https:\/\/schema.org","@graph":[{"@type":"Article","@id":"https:\/\/akunq.net\/turkish\/2010\/08\/17\/bir-vandalizm-ornegi-nisanyan-evleri-gene-yikiliyor\/#article","isPartOf":{"@id":"https:\/\/akunq.net\/turkish\/2010\/08\/17\/bir-vandalizm-ornegi-nisanyan-evleri-gene-yikiliyor\/"},"author":{"name":"kalem","@id":"https:\/\/akunq.net\/turkish\/#\/schema\/person\/135e7923d1aeb8887890799619969a6c"},"headline":"Bir Vandalizm \u00d6rne\u011fi N\u0131\u015fanyan Evleri (Gene) Y\u0131k\u0131l\u0131yor","datePublished":"2010-08-17T11:10:48+00:00","mainEntityOfPage":{"@id":"https:\/\/akunq.net\/turkish\/2010\/08\/17\/bir-vandalizm-ornegi-nisanyan-evleri-gene-yikiliyor\/"},"wordCount":650,"image":{"@id":"https:\/\/akunq.net\/turkish\/2010\/08\/17\/bir-vandalizm-ornegi-nisanyan-evleri-gene-yikiliyor\/#primaryimage"},"thumbnailUrl":"http:\/\/akunq.net\/tr\/wp-content\/uploads\/2010\/08\/Sevan-Nishanyan.jpg","articleSection":["Haberler"],"inLanguage":"en-US"},{"@type":"WebPage","@id":"https:\/\/akunq.net\/turkish\/2010\/08\/17\/bir-vandalizm-ornegi-nisanyan-evleri-gene-yikiliyor\/","url":"https:\/\/akunq.net\/turkish\/2010\/08\/17\/bir-vandalizm-ornegi-nisanyan-evleri-gene-yikiliyor\/","name":"Bir Vandalizm \u00d6rne\u011fi N\u0131\u015fanyan Evleri (Gene) Y\u0131k\u0131l\u0131yor - Bati Ermenistan Ve Bati Ermenileri Sorunlari Ara\u015ftirmalar Merkezi","isPartOf":{"@id":"https:\/\/akunq.net\/turkish\/#website"},"primaryImageOfPage":{"@id":"https:\/\/akunq.net\/turkish\/2010\/08\/17\/bir-vandalizm-ornegi-nisanyan-evleri-gene-yikiliyor\/#primaryimage"},"image":{"@id":"https:\/\/akunq.net\/turkish\/2010\/08\/17\/bir-vandalizm-ornegi-nisanyan-evleri-gene-yikiliyor\/#primaryimage"},"thumbnailUrl":"http:\/\/akunq.net\/tr\/wp-content\/uploads\/2010\/08\/Sevan-Nishanyan.jpg","datePublished":"2010-08-17T11:10:48+00:00","author":{"@id":"https:\/\/akunq.net\/turkish\/#\/schema\/person\/135e7923d1aeb8887890799619969a6c"},"breadcrumb":{"@id":"https:\/\/akunq.net\/turkish\/2010\/08\/17\/bir-vandalizm-ornegi-nisanyan-evleri-gene-yikiliyor\/#breadcrumb"},"inLanguage":"en-US","potentialAction":[{"@type":"ReadAction","target":["https:\/\/akunq.net\/turkish\/2010\/08\/17\/bir-vandalizm-ornegi-nisanyan-evleri-gene-yikiliyor\/"]}]},{"@type":"ImageObject","inLanguage":"en-US","@id":"https:\/\/akunq.net\/turkish\/2010\/08\/17\/bir-vandalizm-ornegi-nisanyan-evleri-gene-yikiliyor\/#primaryimage","url":"http:\/\/akunq.net\/tr\/wp-content\/uploads\/2010\/08\/Sevan-Nishanyan.jpg","contentUrl":"http:\/\/akunq.net\/tr\/wp-content\/uploads\/2010\/08\/Sevan-Nishanyan.jpg"},{"@type":"BreadcrumbList","@id":"https:\/\/akunq.net\/turkish\/2010\/08\/17\/bir-vandalizm-ornegi-nisanyan-evleri-gene-yikiliyor\/#breadcrumb","itemListElement":[{"@type":"ListItem","position":1,"name":"Home","item":"https:\/\/akunq.net\/turkish\/"},{"@type":"ListItem","position":2,"name":"Bir Vandalizm \u00d6rne\u011fi N\u0131\u015fanyan Evleri (Gene) Y\u0131k\u0131l\u0131yor"}]},{"@type":"WebSite","@id":"https:\/\/akunq.net\/turkish\/#website","url":"https:\/\/akunq.net\/turkish\/","name":"Bati Ermenistan Ve Bati Ermenileri Sorunlari Ara\u015ftirmalar Merkezi","description":"","potentialAction":[{"@type":"SearchAction","target":{"@type":"EntryPoint","urlTemplate":"https:\/\/akunq.net\/turkish\/?s={search_term_string}"},"query-input":{"@type":"PropertyValueSpecification","valueRequired":true,"valueName":"search_term_string"}}],"inLanguage":"en-US"},{"@type":"Person","@id":"https:\/\/akunq.net\/turkish\/#\/schema\/person\/135e7923d1aeb8887890799619969a6c","name":"kalem","image":{"@type":"ImageObject","inLanguage":"en-US","@id":"https:\/\/secure.gravatar.com\/avatar\/a06875e4b25feb5674296adf8e8a7ae1e587cebce2493fe63c456109967e27d3?s=96&d=mm&r=g","url":"https:\/\/secure.gravatar.com\/avatar\/a06875e4b25feb5674296adf8e8a7ae1e587cebce2493fe63c456109967e27d3?s=96&d=mm&r=g","contentUrl":"https:\/\/secure.gravatar.com\/avatar\/a06875e4b25feb5674296adf8e8a7ae1e587cebce2493fe63c456109967e27d3?s=96&d=mm&r=g","caption":"kalem"},"url":"https:\/\/akunq.net\/turkish\/author\/kalem\/"}]}},"_links":{"self":[{"href":"https:\/\/akunq.net\/turkish\/wp-json\/wp\/v2\/posts\/1626","targetHints":{"allow":["GET"]}}],"collection":[{"href":"https:\/\/akunq.net\/turkish\/wp-json\/wp\/v2\/posts"}],"about":[{"href":"https:\/\/akunq.net\/turkish\/wp-json\/wp\/v2\/types\/post"}],"author":[{"embeddable":true,"href":"https:\/\/akunq.net\/turkish\/wp-json\/wp\/v2\/users\/3"}],"replies":[{"embeddable":true,"href":"https:\/\/akunq.net\/turkish\/wp-json\/wp\/v2\/comments?post=1626"}],"version-history":[{"count":0,"href":"https:\/\/akunq.net\/turkish\/wp-json\/wp\/v2\/posts\/1626\/revisions"}],"wp:attachment":[{"href":"https:\/\/akunq.net\/turkish\/wp-json\/wp\/v2\/media?parent=1626"}],"wp:term":[{"taxonomy":"category","embeddable":true,"href":"https:\/\/akunq.net\/turkish\/wp-json\/wp\/v2\/categories?post=1626"},{"taxonomy":"post_tag","embeddable":true,"href":"https:\/\/akunq.net\/turkish\/wp-json\/wp\/v2\/tags?post=1626"}],"curies":[{"name":"wp","href":"https:\/\/api.w.org\/{rel}","templated":true}]}}