{"id":1613,"date":"2010-08-14T04:42:47","date_gmt":"2010-08-14T09:42:47","guid":{"rendered":"http:\/\/akunq.net\/tr\/?p=1613"},"modified":"2010-08-14T04:42:47","modified_gmt":"2010-08-14T09:42:47","slug":"kasapyanlarin-cankaya-kosku-ve-ahmet-riza-bey","status":"publish","type":"post","link":"https:\/\/akunq.net\/turkish\/2010\/08\/14\/kasapyanlarin-cankaya-kosku-ve-ahmet-riza-bey\/","title":{"rendered":"Kasapyanlar\u0131n \u00c7ankaya K\u00f6\u015fk\u00fc ve Ahmet R\u0131za Bey"},"content":{"rendered":"<p style=\"text-align: justify\"><strong>\u00a0<a rel=\"attachment wp-att-1614\" href=\"http:\/\/akunq.net\/tr\/?attachment_id=1614\"><img loading=\"lazy\" decoding=\"async\" class=\"alignnone size-full wp-image-1614\" title=\"Cankaya Kosku\" src=\"http:\/\/akunq.net\/tr\/wp-content\/uploads\/2010\/08\/CankayaKosku1.jpg\" alt=\"\" width=\"528\" height=\"373\" \/><\/a><\/strong><\/p>\n<p style=\"text-align: center\"><strong><em>Kasapyanlar\u0131n \u00c7ankaya K\u00f6\u015fk\u00fc<\/em> <\/strong><\/p>\n<p style=\"text-align: justify\">Ad\u0131na ister soyk\u0131r\u0131m, ister1915, ister tehcir ya da Ermeni sorunu deyin, benim basit bir a\u00e7\u0131klamam vard\u0131r bu konu \u00fczerinde.<\/p>\n<p style=\"text-align: justify\">\u00d6yle ki t\u00fcm toz bulutlar\u0131 da\u011f\u0131l\u0131r, karma\u015f\u0131k gibi duran mesele birden s\u00fckunete kavu\u015fur.<\/p>\n<p style=\"text-align: justify\">Ermeni sorunu bir TAPU SORUNUDUR.<\/p>\n<p style=\"text-align: justify\">Nitekim 1915 ile helalle\u015fme konusunda, asl\u0131nda zurnan\u0131n z\u0131rt dedi\u011fi yer de buras\u0131d\u0131r. Yoksa, 1915\u2019te Ermenilerin nas\u0131l bir gazaba u\u011frad\u0131\u011f\u0131n\u0131 Ermenilerden \u00f6l\u00fcm\u00fcne nefret edenler bile kabul ediyorlar art\u0131k bug\u00fcn.<\/p>\n<p style=\"text-align: justify\">Kendine dair bir ad\u0131, \u00f6zg\u00fcn bir k\u00fclt\u00fcr\u00fc ve inanc\u0131 olan bir halk, binlerce y\u0131ll\u0131k yurdundan uydurma gerek\u00e7elerle k\u0131sa bir s\u00fcrede kaz\u0131n\u0131yor. Kendimizi kand\u0131rmayal\u0131m. Hak da hakikat de, realpolitik, stratejik \u00f6nem, adil haf\u0131za filan yutmaz.<\/p>\n<p style=\"text-align: justify\">Mesulu olmad\u0131\u011f\u0131n\u0131z bir fecaata inkar edenler olarak m\u00fcdahil olmayal\u0131m.<\/p>\n<p style=\"text-align: justify\">Ama zaten bu mesele, sadece bir vicdan meselesi olmad\u0131 hi\u00e7. Bu \u00f6ncellikle bir tapu meselesiydi hep. Y\u00fczbinlerce Ermeni buharla\u015ft\u0131, buharla\u015ft\u0131 lakin, onlar\u0131n mallar\u0131 burada kald\u0131. Onlar\u0131n hakk\u0131 da burada kalanlar\u0131n kursa\u011f\u0131na kar\u0131\u015ft\u0131. Ama daha \u00f6nemlisi, bu zenginlik vesayet iktidar\u0131 ve onun kasas\u0131 olan Beyaz T\u00fcrk sermayesinin de motoru oldu.<br \/>\nEh, her su\u00e7 kendi cezas\u0131n\u0131 i\u00e7inde ta\u015f\u0131r. Lanet dedi\u011fimiz \u015feyin a\u00e7\u0131l\u0131m\u0131 da budur.<br \/>\nO nedenle, ne zaman 1915 konusunda T\u00fcrkiye vicdani bir uyan\u0131\u015f ya\u015famaya kalk\u0131\u015fsa en etkili silah hemen \u00e7ekilir. E\u011fer 1915 tan\u0131n\u0131r, inkardan vazge\u00e7ilirse, Ermeniler mallar\u0131n\u0131 geri isteyecekledir.<\/p>\n<p style=\"text-align: justify\">ONLAR, D\u00d6NECEKLERD\u0130R. (Bknz. Shyamalan\u2019\u0131n Village filmi. Ya da Lost\u2019un tamam\u0131.)<\/p>\n<p style=\"text-align: center\">***<\/p>\n<p style=\"text-align: justify\">O y\u00fczden, eski ekonomi edit\u00f6r\u00fcm\u00fcz Nevzat Onaran\u2019\u0131n Belge Yay\u0131nlar\u0131\u2019ndan \u00e7\u0131kan ara\u015ft\u0131rmas\u0131, Emval-i Metruke Olay\u0131, Osmanl\u0131\u2019da ve Cumhuriyet\u2019te Ermeni ve Rum Mallar\u0131n\u0131n T\u00fcrkle\u015ftirilmesi kitab\u0131n\u0131 ke\u015ffeden HaberT\u00fcrk, \u201cErmenilerin g\u00f6z\u00fc bu 5 m\u00fclkte\u201d diye man\u015fet yapar.<\/p>\n<p style=\"text-align: justify\">Bu m\u00fclklerin aras\u0131nda Elmada\u011f\u0131\u2019nda, \u015fu an \u00fczerine Harbiye Orduevi, Hilton arazisi ve Divan Oteli\u2019nin bulundu\u011fu arazi, yani eski Surp Agop Ermeni Mezarl\u0131\u011f\u0131, Erzurum Kongre Binas\u0131, \u015ei\u015fli\u2019de Mustafa Kemal M\u00fczesi, Heybeliada \u00c7ark\u00e7\u0131 Mektebi oldu\u011fu gibi, Kasapyanlar\u0131n el konan mal\u0131 \u00c7ankaya K\u00f6\u015fk\u00fc de vard\u0131r.<\/p>\n<p style=\"text-align: justify\">Eski ve yeni sahiplerin temsiliyetleri ne kadar sembolik de\u011fil mi? B\u00fct\u00fcn hadiseyi \u00f6zetliyor adeta.<\/p>\n<p style=\"text-align: center\">***<\/p>\n<p style=\"text-align: justify\">Hi\u00e7bir Ermeninin bu mallar\u0131 \u015fu an i\u00e7in geri istedi\u011fi yoktur. Ortada sadece bir kitap vard\u0131r. Ama gazete sanki Ermeniler b\u00f6yle bir giri\u015fim ba\u015flatm\u0131\u015f\u00e7as\u0131na verir haberi. \u201cVicdan oyununa gelmeyin, tapular\u0131 kaybetmeyin\u201d diye fi\u015ftekler adeta bilin\u00e7 d\u0131\u015f\u0131n\u0131. Hani iki ABD\u2019li Ermeni Merkez ve Ziraat Bankalar\u0131na tazminat davas\u0131 a\u00e7t\u0131 ya, oradan gelmektedir hassasiyet.<\/p>\n<p style=\"text-align: justify\">Kald\u0131 ki, insanlar\u0131n cebren ellerinden al\u0131nm\u0131\u015f mallar\u0131n\u0131 miras\u00e7\u0131lar\u0131n\u0131n geri istemesini hangi gerek\u00e7eyle reddedeceksiniz?<\/p>\n<p style=\"text-align: justify\">Bizim Taraf\u2019ta \u00e7ok y\u0131ld\u0131z\u0131m\u0131z var. Hepsi birbirinden de\u011ferli. Onlardan biri de Ay\u015fe H\u00fcr. T\u00fcrkiye\u2019nin haf\u0131za kayb\u0131na \u015fok tedavi niteli\u011finde, objektif ve cesur tarih yaz\u0131lar\u0131 var, biliyorsunuz.<\/p>\n<p style=\"text-align: justify\">Onlardan biri de bu konuyla ilgiliydi. 2 Mart 2008 tarihli yaz\u0131s\u0131ndan bir al\u0131nt\u0131 yap\u0131p, neden \u201cErmeni Sorunu bir Tapu sorunudur\u201d dedi\u011fimin kanaatini size b\u0131rakaca\u011f\u0131m.<br \/>\nErmeni mallar\u0131n\u0131 kimler ald\u0131?<\/p>\n<p style=\"text-align: justify\">\u0130ttihat\u00e7\u0131lar, tehcirin hemen ard\u0131ndan Ermenilerden kalacak mal ve m\u00fclklerin ne olaca\u011f\u0131na dair mevzuat\u0131 ilan etmi\u015flerdi. 30 May\u0131s 1915 tarihli Meclis-i V\u00fckela mazbatas\u0131 ve 10 Haziran 1915 tarihli talimatnameye g\u00f6re h\u00fck\u00fcmet, tehcirin uyguland\u0131\u011f\u0131 b\u00f6lgelerde iki m\u00fclkiye ve bir maliye memurundan olu\u015facak Emval-i Metruke (Terkedilmi\u015f Mallar) Komisyonlar\u0131 kuracakt\u0131.<\/p>\n<p style=\"text-align: justify\">\u0130ttihat\u00e7\u0131lar\u0131n \u00f6nde gelenlerinden Ahmet R\u0131za Bey, konu mecliste g\u00f6r\u00fc\u015f\u00fcl\u00fcrken, bu mallar\u0131n terk edilmi\u015f oldu\u011funu s\u00f6ylemenin yasalara ayk\u0131r\u0131 oldu\u011funu, \u00e7\u00fcnk\u00fc Ermenilerin bu mallar\u0131 terk etmediklerini, b\u0131rakmaya zorland\u0131klar\u0131n\u0131 s\u00f6ylemi\u015fti ama elbette kulak asan olmam\u0131\u015ft\u0131. Talimatnameye g\u00f6re komisyonlar sevkiyat\u0131n ard\u0131ndan terk edilen evleri m\u00fch\u00fcrleyecek ve i\u00e7lerindeki e\u015fyalarla birlikte k\u0131ymet takdirleri yap\u0131ld\u0131ktan sonra kay\u0131t alt\u0131na alacaklard\u0131. Geride kalan menkuller i\u00e7indeki hayvanlar, emlak ve araziden elde edilen tar\u0131m \u00fcr\u00fcnleri ve bozulmas\u0131 muhtemel mallar m\u00fczayede usul\u00fcyle sat\u0131lacak ve bedelleri sahipleri ad\u0131na mal sand\u0131klar\u0131na teslim edilecekti. Kiliselerde bulunan e\u015fya ve resimlerle kutsal kitaplar tutanakla tesbit edilecek ve mahallinde muhafaza edilmeleri sa\u011flanacakt\u0131. (\u2026) Ocak 1916\u2019ya kadar 33 Emval-i Metruke Tasfiye Komisyonu kuruldu. Alacakl\u0131 oldu\u011funu iddia edenlerin kendileri ya da vekilleri arac\u0131l\u0131\u011f\u0131yla iki ay i\u00e7inde komisyonlara ba\u015fvurmas\u0131 gerekiyordu. \u00dclke d\u0131\u015f\u0131nda olanlar i\u00e7in s\u00fcre d\u00f6rt ayd\u0131. Ba\u015fvuru sahipleri tebligat i\u00e7in komisyonun bulundu\u011fu mahalde bir ikametg\u00e2h g\u00f6sterecekti. Alacakl\u0131 kimse komisyonun takdir etti\u011fi miktara 15 g\u00fcn i\u00e7inde itiraz edebilecekti. \u0130tiraz bidayet hukuk mahkemesine yap\u0131labilecekti ama mahkemenin karar\u0131 kesin olup, temyiz yolu kapal\u0131yd\u0131.<\/p>\n<p style=\"text-align: justify\">Resmi tarih\u00e7ilerin bu pek \u00f6\u011f\u00fcnd\u00fckleri sistemin nas\u0131l i\u015fledi\u011fini merak etmi\u015fsinizdir elbette. Ama merak etmeye devam edeceksiniz \u00e7\u00fcnk\u00fc, bu defterler ortada yok! O halde ba\u015fka kaynaklara bakal\u0131m. \u00d6ncelikle yerine g\u00f6re 1 saat ile 15 g\u00fcn s\u00fcre verilerek Der Zor \u00e7\u00f6llerine s\u00fcr\u00fclm\u00fc\u015f olanlar\u0131n bu prosed\u00fcr\u00fc yerine getirmesinin imkans\u0131z oldu\u011funu tahmin etmek i\u00e7in m\u00fcneccim olmaya gerek yok. Zaten ba\u015fka kaynaklardan da biliyoruz ki, Ermenilerin el konan mallar\u0131n\u0131n bir k\u0131sm\u0131, yerel T\u00fcrk, K\u00fcrt ve \u00c7erkes \u00f6nde gelenleri taraf\u0131ndan talan edilmi\u015f, bir k\u0131sm\u0131 Balkanlar\u2019dan gelen muhacirlere da\u011f\u0131t\u0131lm\u0131\u015ft\u0131. Bir k\u0131sm\u0131 \u2018M\u00fcsl\u00fcman-T\u00fcrk\u2019 sermayedar yaratmak i\u00e7in bazen herhangi bir \u00fccret dahi talep edilmeden veya \u00e7ok d\u00fc\u015f\u00fck bedelle veya d\u00fc\u015f\u00fck taksitlerle M\u00fcsl\u00fcman ki\u015fi veya kurulu\u015flara verilmi\u015fti. Baz\u0131 binalar ile tarla, ba\u011f ve bah\u00e7elerin \u00fcr\u00fcnleri sat\u0131larak gelirleri orduya verilmi\u015f, baz\u0131 binalar hapishane, okul, hastane ve karakol binas\u0131 olarak kullan\u0131lm\u0131\u015ft\u0131. Kalan para da Ermenilerin tehcirinin masraflar\u0131 ile baz\u0131 b\u00f6lgelerde Ermenileri katleden milislerin masraflar\u0131 i\u00e7in harcanm\u0131\u015ft\u0131! Dolay\u0131s\u0131yla, ortada Ermenilere iade edilecek para kalmam\u0131\u015ft\u0131&#8230;<\/p>\n<p style=\"text-align: justify\"><strong>\u00a0<\/strong><strong>Kaynak:<\/strong> taraf.com.tr<br \/>\n<strong>Tarih:<\/strong> 12.8.2010<\/p>\n<p style=\"text-align: justify\">Markar Esayan<br \/>\nmarkaresayan@hotmail.com<\/p>\n","protected":false},"excerpt":{"rendered":"<p>\u00a0 Kasapyanlar\u0131n \u00c7ankaya K\u00f6\u015fk\u00fc Ad\u0131na ister soyk\u0131r\u0131m, ister1915, ister tehcir ya da Ermeni sorunu deyin, benim basit bir a\u00e7\u0131klamam vard\u0131r bu konu \u00fczerinde. \u00d6yle ki t\u00fcm toz bulutlar\u0131 da\u011f\u0131l\u0131r, karma\u015f\u0131k gibi duran mesele birden s\u00fckunete kavu\u015fur. Ermeni sorunu bir TAPU SORUNUDUR. Nitekim 1915 ile helalle\u015fme konusunda, asl\u0131nda zurnan\u0131n z\u0131rt dedi\u011fi yer de buras\u0131d\u0131r. Yoksa, 1915\u2019te [&hellip;]<\/p>\n","protected":false},"author":3,"featured_media":0,"comment_status":"closed","ping_status":"open","sticky":false,"template":"","format":"standard","meta":{"footnotes":""},"categories":[14,15],"tags":[],"class_list":["post-1613","post","type-post","status-publish","format-standard","hentry","category-haberler","category-haklarimiz"],"yoast_head":"<!-- This site is optimized with the Yoast SEO plugin v26.6 - https:\/\/yoast.com\/wordpress\/plugins\/seo\/ -->\n<title>Kasapyanlar\u0131n \u00c7ankaya K\u00f6\u015fk\u00fc ve Ahmet R\u0131za Bey - Bati Ermenistan Ve Bati Ermenileri Sorunlari Ara\u015ftirmalar Merkezi<\/title>\n<meta name=\"robots\" content=\"index, follow, max-snippet:-1, max-image-preview:large, max-video-preview:-1\" \/>\n<link rel=\"canonical\" href=\"https:\/\/akunq.net\/turkish\/2010\/08\/14\/kasapyanlarin-cankaya-kosku-ve-ahmet-riza-bey\/\" \/>\n<meta property=\"og:locale\" content=\"en_US\" \/>\n<meta property=\"og:type\" content=\"article\" \/>\n<meta property=\"og:title\" content=\"Kasapyanlar\u0131n \u00c7ankaya K\u00f6\u015fk\u00fc ve Ahmet R\u0131za Bey - Bati Ermenistan Ve Bati Ermenileri Sorunlari Ara\u015ftirmalar Merkezi\" \/>\n<meta property=\"og:description\" content=\"\u00a0 Kasapyanlar\u0131n \u00c7ankaya K\u00f6\u015fk\u00fc Ad\u0131na ister soyk\u0131r\u0131m, ister1915, ister tehcir ya da Ermeni sorunu deyin, benim basit bir a\u00e7\u0131klamam vard\u0131r bu konu \u00fczerinde. \u00d6yle ki t\u00fcm toz bulutlar\u0131 da\u011f\u0131l\u0131r, karma\u015f\u0131k gibi duran mesele birden s\u00fckunete kavu\u015fur. Ermeni sorunu bir TAPU SORUNUDUR. Nitekim 1915 ile helalle\u015fme konusunda, asl\u0131nda zurnan\u0131n z\u0131rt dedi\u011fi yer de buras\u0131d\u0131r. Yoksa, 1915\u2019te [&hellip;]\" \/>\n<meta property=\"og:url\" content=\"https:\/\/akunq.net\/turkish\/2010\/08\/14\/kasapyanlarin-cankaya-kosku-ve-ahmet-riza-bey\/\" \/>\n<meta property=\"og:site_name\" content=\"Bati Ermenistan Ve Bati Ermenileri Sorunlari Ara\u015ftirmalar Merkezi\" \/>\n<meta property=\"article:published_time\" content=\"2010-08-14T09:42:47+00:00\" \/>\n<meta property=\"og:image\" content=\"https:\/\/akunq.net\/turkish\/wp-content\/uploads\/sites\/5\/2010\/08\/CankayaKosku1.jpg\" \/>\n\t<meta property=\"og:image:width\" content=\"497\" \/>\n\t<meta property=\"og:image:height\" content=\"349\" \/>\n\t<meta property=\"og:image:type\" content=\"image\/jpeg\" \/>\n<meta name=\"author\" content=\"kalem\" \/>\n<meta name=\"twitter:card\" content=\"summary_large_image\" \/>\n<meta name=\"twitter:label1\" content=\"Written by\" \/>\n\t<meta name=\"twitter:data1\" content=\"kalem\" \/>\n\t<meta name=\"twitter:label2\" content=\"Est. reading time\" \/>\n\t<meta name=\"twitter:data2\" content=\"5 minutes\" \/>\n<script type=\"application\/ld+json\" class=\"yoast-schema-graph\">{\"@context\":\"https:\/\/schema.org\",\"@graph\":[{\"@type\":\"WebPage\",\"@id\":\"https:\/\/akunq.net\/turkish\/2010\/08\/14\/kasapyanlarin-cankaya-kosku-ve-ahmet-riza-bey\/\",\"url\":\"https:\/\/akunq.net\/turkish\/2010\/08\/14\/kasapyanlarin-cankaya-kosku-ve-ahmet-riza-bey\/\",\"name\":\"Kasapyanlar\u0131n \u00c7ankaya K\u00f6\u015fk\u00fc ve Ahmet R\u0131za Bey - Bati Ermenistan Ve Bati Ermenileri Sorunlari Ara\u015ftirmalar Merkezi\",\"isPartOf\":{\"@id\":\"https:\/\/akunq.net\/turkish\/#website\"},\"primaryImageOfPage\":{\"@id\":\"https:\/\/akunq.net\/turkish\/2010\/08\/14\/kasapyanlarin-cankaya-kosku-ve-ahmet-riza-bey\/#primaryimage\"},\"image\":{\"@id\":\"https:\/\/akunq.net\/turkish\/2010\/08\/14\/kasapyanlarin-cankaya-kosku-ve-ahmet-riza-bey\/#primaryimage\"},\"thumbnailUrl\":\"http:\/\/akunq.net\/tr\/wp-content\/uploads\/2010\/08\/CankayaKosku1.jpg\",\"datePublished\":\"2010-08-14T09:42:47+00:00\",\"author\":{\"@id\":\"https:\/\/akunq.net\/turkish\/#\/schema\/person\/135e7923d1aeb8887890799619969a6c\"},\"breadcrumb\":{\"@id\":\"https:\/\/akunq.net\/turkish\/2010\/08\/14\/kasapyanlarin-cankaya-kosku-ve-ahmet-riza-bey\/#breadcrumb\"},\"inLanguage\":\"en-US\",\"potentialAction\":[{\"@type\":\"ReadAction\",\"target\":[\"https:\/\/akunq.net\/turkish\/2010\/08\/14\/kasapyanlarin-cankaya-kosku-ve-ahmet-riza-bey\/\"]}]},{\"@type\":\"ImageObject\",\"inLanguage\":\"en-US\",\"@id\":\"https:\/\/akunq.net\/turkish\/2010\/08\/14\/kasapyanlarin-cankaya-kosku-ve-ahmet-riza-bey\/#primaryimage\",\"url\":\"http:\/\/akunq.net\/tr\/wp-content\/uploads\/2010\/08\/CankayaKosku1.jpg\",\"contentUrl\":\"http:\/\/akunq.net\/tr\/wp-content\/uploads\/2010\/08\/CankayaKosku1.jpg\"},{\"@type\":\"BreadcrumbList\",\"@id\":\"https:\/\/akunq.net\/turkish\/2010\/08\/14\/kasapyanlarin-cankaya-kosku-ve-ahmet-riza-bey\/#breadcrumb\",\"itemListElement\":[{\"@type\":\"ListItem\",\"position\":1,\"name\":\"Home\",\"item\":\"https:\/\/akunq.net\/turkish\/\"},{\"@type\":\"ListItem\",\"position\":2,\"name\":\"Kasapyanlar\u0131n \u00c7ankaya K\u00f6\u015fk\u00fc ve Ahmet R\u0131za Bey\"}]},{\"@type\":\"WebSite\",\"@id\":\"https:\/\/akunq.net\/turkish\/#website\",\"url\":\"https:\/\/akunq.net\/turkish\/\",\"name\":\"Bati Ermenistan Ve Bati Ermenileri Sorunlari Ara\u015ftirmalar Merkezi\",\"description\":\"\",\"potentialAction\":[{\"@type\":\"SearchAction\",\"target\":{\"@type\":\"EntryPoint\",\"urlTemplate\":\"https:\/\/akunq.net\/turkish\/?s={search_term_string}\"},\"query-input\":{\"@type\":\"PropertyValueSpecification\",\"valueRequired\":true,\"valueName\":\"search_term_string\"}}],\"inLanguage\":\"en-US\"},{\"@type\":\"Person\",\"@id\":\"https:\/\/akunq.net\/turkish\/#\/schema\/person\/135e7923d1aeb8887890799619969a6c\",\"name\":\"kalem\",\"image\":{\"@type\":\"ImageObject\",\"inLanguage\":\"en-US\",\"@id\":\"https:\/\/akunq.net\/turkish\/#\/schema\/person\/image\/\",\"url\":\"https:\/\/secure.gravatar.com\/avatar\/a06875e4b25feb5674296adf8e8a7ae1e587cebce2493fe63c456109967e27d3?s=96&d=mm&r=g\",\"contentUrl\":\"https:\/\/secure.gravatar.com\/avatar\/a06875e4b25feb5674296adf8e8a7ae1e587cebce2493fe63c456109967e27d3?s=96&d=mm&r=g\",\"caption\":\"kalem\"},\"url\":\"https:\/\/akunq.net\/turkish\/author\/kalem\/\"}]}<\/script>\n<!-- \/ Yoast SEO plugin. -->","yoast_head_json":{"title":"Kasapyanlar\u0131n \u00c7ankaya K\u00f6\u015fk\u00fc ve Ahmet R\u0131za Bey - Bati Ermenistan Ve Bati Ermenileri Sorunlari Ara\u015ftirmalar Merkezi","robots":{"index":"index","follow":"follow","max-snippet":"max-snippet:-1","max-image-preview":"max-image-preview:large","max-video-preview":"max-video-preview:-1"},"canonical":"https:\/\/akunq.net\/turkish\/2010\/08\/14\/kasapyanlarin-cankaya-kosku-ve-ahmet-riza-bey\/","og_locale":"en_US","og_type":"article","og_title":"Kasapyanlar\u0131n \u00c7ankaya K\u00f6\u015fk\u00fc ve Ahmet R\u0131za Bey - Bati Ermenistan Ve Bati Ermenileri Sorunlari Ara\u015ftirmalar Merkezi","og_description":"\u00a0 Kasapyanlar\u0131n \u00c7ankaya K\u00f6\u015fk\u00fc Ad\u0131na ister soyk\u0131r\u0131m, ister1915, ister tehcir ya da Ermeni sorunu deyin, benim basit bir a\u00e7\u0131klamam vard\u0131r bu konu \u00fczerinde. \u00d6yle ki t\u00fcm toz bulutlar\u0131 da\u011f\u0131l\u0131r, karma\u015f\u0131k gibi duran mesele birden s\u00fckunete kavu\u015fur. Ermeni sorunu bir TAPU SORUNUDUR. Nitekim 1915 ile helalle\u015fme konusunda, asl\u0131nda zurnan\u0131n z\u0131rt dedi\u011fi yer de buras\u0131d\u0131r. Yoksa, 1915\u2019te [&hellip;]","og_url":"https:\/\/akunq.net\/turkish\/2010\/08\/14\/kasapyanlarin-cankaya-kosku-ve-ahmet-riza-bey\/","og_site_name":"Bati Ermenistan Ve Bati Ermenileri Sorunlari Ara\u015ftirmalar Merkezi","article_published_time":"2010-08-14T09:42:47+00:00","og_image":[{"width":497,"height":349,"url":"https:\/\/akunq.net\/turkish\/wp-content\/uploads\/sites\/5\/2010\/08\/CankayaKosku1.jpg","type":"image\/jpeg"}],"author":"kalem","twitter_card":"summary_large_image","twitter_misc":{"Written by":"kalem","Est. reading time":"5 minutes"},"schema":{"@context":"https:\/\/schema.org","@graph":[{"@type":"WebPage","@id":"https:\/\/akunq.net\/turkish\/2010\/08\/14\/kasapyanlarin-cankaya-kosku-ve-ahmet-riza-bey\/","url":"https:\/\/akunq.net\/turkish\/2010\/08\/14\/kasapyanlarin-cankaya-kosku-ve-ahmet-riza-bey\/","name":"Kasapyanlar\u0131n \u00c7ankaya K\u00f6\u015fk\u00fc ve Ahmet R\u0131za Bey - Bati Ermenistan Ve Bati Ermenileri Sorunlari Ara\u015ftirmalar Merkezi","isPartOf":{"@id":"https:\/\/akunq.net\/turkish\/#website"},"primaryImageOfPage":{"@id":"https:\/\/akunq.net\/turkish\/2010\/08\/14\/kasapyanlarin-cankaya-kosku-ve-ahmet-riza-bey\/#primaryimage"},"image":{"@id":"https:\/\/akunq.net\/turkish\/2010\/08\/14\/kasapyanlarin-cankaya-kosku-ve-ahmet-riza-bey\/#primaryimage"},"thumbnailUrl":"http:\/\/akunq.net\/tr\/wp-content\/uploads\/2010\/08\/CankayaKosku1.jpg","datePublished":"2010-08-14T09:42:47+00:00","author":{"@id":"https:\/\/akunq.net\/turkish\/#\/schema\/person\/135e7923d1aeb8887890799619969a6c"},"breadcrumb":{"@id":"https:\/\/akunq.net\/turkish\/2010\/08\/14\/kasapyanlarin-cankaya-kosku-ve-ahmet-riza-bey\/#breadcrumb"},"inLanguage":"en-US","potentialAction":[{"@type":"ReadAction","target":["https:\/\/akunq.net\/turkish\/2010\/08\/14\/kasapyanlarin-cankaya-kosku-ve-ahmet-riza-bey\/"]}]},{"@type":"ImageObject","inLanguage":"en-US","@id":"https:\/\/akunq.net\/turkish\/2010\/08\/14\/kasapyanlarin-cankaya-kosku-ve-ahmet-riza-bey\/#primaryimage","url":"http:\/\/akunq.net\/tr\/wp-content\/uploads\/2010\/08\/CankayaKosku1.jpg","contentUrl":"http:\/\/akunq.net\/tr\/wp-content\/uploads\/2010\/08\/CankayaKosku1.jpg"},{"@type":"BreadcrumbList","@id":"https:\/\/akunq.net\/turkish\/2010\/08\/14\/kasapyanlarin-cankaya-kosku-ve-ahmet-riza-bey\/#breadcrumb","itemListElement":[{"@type":"ListItem","position":1,"name":"Home","item":"https:\/\/akunq.net\/turkish\/"},{"@type":"ListItem","position":2,"name":"Kasapyanlar\u0131n \u00c7ankaya K\u00f6\u015fk\u00fc ve Ahmet R\u0131za Bey"}]},{"@type":"WebSite","@id":"https:\/\/akunq.net\/turkish\/#website","url":"https:\/\/akunq.net\/turkish\/","name":"Bati Ermenistan Ve Bati Ermenileri Sorunlari Ara\u015ftirmalar Merkezi","description":"","potentialAction":[{"@type":"SearchAction","target":{"@type":"EntryPoint","urlTemplate":"https:\/\/akunq.net\/turkish\/?s={search_term_string}"},"query-input":{"@type":"PropertyValueSpecification","valueRequired":true,"valueName":"search_term_string"}}],"inLanguage":"en-US"},{"@type":"Person","@id":"https:\/\/akunq.net\/turkish\/#\/schema\/person\/135e7923d1aeb8887890799619969a6c","name":"kalem","image":{"@type":"ImageObject","inLanguage":"en-US","@id":"https:\/\/akunq.net\/turkish\/#\/schema\/person\/image\/","url":"https:\/\/secure.gravatar.com\/avatar\/a06875e4b25feb5674296adf8e8a7ae1e587cebce2493fe63c456109967e27d3?s=96&d=mm&r=g","contentUrl":"https:\/\/secure.gravatar.com\/avatar\/a06875e4b25feb5674296adf8e8a7ae1e587cebce2493fe63c456109967e27d3?s=96&d=mm&r=g","caption":"kalem"},"url":"https:\/\/akunq.net\/turkish\/author\/kalem\/"}]}},"_links":{"self":[{"href":"https:\/\/akunq.net\/turkish\/wp-json\/wp\/v2\/posts\/1613","targetHints":{"allow":["GET"]}}],"collection":[{"href":"https:\/\/akunq.net\/turkish\/wp-json\/wp\/v2\/posts"}],"about":[{"href":"https:\/\/akunq.net\/turkish\/wp-json\/wp\/v2\/types\/post"}],"author":[{"embeddable":true,"href":"https:\/\/akunq.net\/turkish\/wp-json\/wp\/v2\/users\/3"}],"replies":[{"embeddable":true,"href":"https:\/\/akunq.net\/turkish\/wp-json\/wp\/v2\/comments?post=1613"}],"version-history":[{"count":0,"href":"https:\/\/akunq.net\/turkish\/wp-json\/wp\/v2\/posts\/1613\/revisions"}],"wp:attachment":[{"href":"https:\/\/akunq.net\/turkish\/wp-json\/wp\/v2\/media?parent=1613"}],"wp:term":[{"taxonomy":"category","embeddable":true,"href":"https:\/\/akunq.net\/turkish\/wp-json\/wp\/v2\/categories?post=1613"},{"taxonomy":"post_tag","embeddable":true,"href":"https:\/\/akunq.net\/turkish\/wp-json\/wp\/v2\/tags?post=1613"}],"curies":[{"name":"wp","href":"https:\/\/api.w.org\/{rel}","templated":true}]}}