{"id":1608,"date":"2010-08-14T03:21:58","date_gmt":"2010-08-14T08:21:58","guid":{"rendered":"http:\/\/akunq.net\/tr\/?p=1608"},"modified":"2010-08-14T03:21:58","modified_gmt":"2010-08-14T08:21:58","slug":"melih-gokcek-kilicdaroglu-seffaf-davranmiyor","status":"publish","type":"post","link":"https:\/\/akunq.net\/turkish\/2010\/08\/14\/melih-gokcek-kilicdaroglu-seffaf-davranmiyor\/","title":{"rendered":"Melih G\u00f6k\u00e7ek: K\u0131l\u0131\u00e7daro\u011flu \u015feffaf davranm\u0131yor"},"content":{"rendered":"<p style=\"text-align: justify\"><strong>T\u00fcrkiye i<\/strong><strong>\u00e7<\/strong><strong> politik m\u00fccadelesinde yap\u0131lan millet ayr\u0131m\u0131 ve ba\u015fka etnik mensuplar\u0131n\u0131n milliyet<\/strong><strong>\u00e7<\/strong><strong>ili\u011fe hedef g\u00f6sterilmeleri, <\/strong><strong>\u00e7<\/strong><strong>oktan beri siyasal k\u00fclt\u00fcrel \u00f6zelli\u011fe d\u00f6n\u00fc\u015fm\u0131\u011ft\u0131r <\/strong><strong>\u00e7<\/strong><strong>\u00fcnk\u00fc bunun i<\/strong><strong>\u00e7<\/strong><strong>in \u00a0milliyet<\/strong><strong>\u00e7<\/strong><strong>ilikle zehirlenmi\u015f olan yo\u011fun kitlelerde haz\u0131r zemin var. Benzer bir olay\u0131 \u201cZaman\u201d gazetesinden ald\u0131\u011f\u0131m\u0131z \u015fu haberde g\u00f6rebiliriz. <\/strong><\/p>\n<p style=\"text-align: justify\"><em>&#8220;Ankara B\u00fcy\u00fck\u015fehir Belediye Ba\u015fkan\u0131 Melih G\u00f6k\u00e7ek CHP Genel Ba\u015fkan\u0131 Kemal K\u0131l\u0131\u00e7daro\u011flu&#8217;nun Alevi, annesinin de etnik olarak Ermeni oldu\u011funu \u00f6ne s\u00fcrd\u00fc. G\u00f6k\u00e7ek, K\u0131l\u0131\u00e7daro\u011flu&#8217;nun bunu saklad\u0131\u011f\u0131n\u0131 ve \u015feffaf olmad\u0131\u011f\u0131n\u0131 savundu.<\/em><\/p>\n<p style=\"text-align: justify\">Anadolu&#8217;da Sabah program\u0131na konuk olan Ankara B\u00fcy\u00fck\u015fehir Belediye Ba\u015fkan\u0131 G\u00f6k\u00e7ek, K\u0131l\u0131\u00e7daro\u011flu&#8217;nun annesinin Ermeni ve kendisinin de Alevi oldu\u011funu saklad\u0131\u011f\u0131n\u0131 s\u00f6yledi. Bir ki\u015finin k\u00f6keni ne olursa olsun T\u00fcrkiye Cumhuriyeti vatanda\u015f\u0131ysa olay\u0131n bitti\u011fini ve her t\u00fcrl\u00fc haktan yararlanabilece\u011fini ifade eden G\u00f6kcek, &#8220;K\u0131l\u0131\u00e7daro\u011flu annesinin Ermeni olmas\u0131n\u0131 inkar etmiyor. K\u0131l\u0131\u00e7daro\u011flu&#8217;nun kendiside Alevi. Kim Alevi S\u00fcnni ayr\u0131m\u0131 yaparsa vatan hayinidir.&#8221; dedi.<\/p>\n<p style=\"text-align: justify\">\u00a0CHP Lideri K\u0131l\u0131\u00e7daro\u011flu&#8217;nun mitinglerini Alevilerin yo\u011fun oldu\u011fu il\u00e7elerde yapt\u0131\u011f\u0131n\u0131 savunan G\u00f6k\u00e7ek, \u015funlar\u0131 s\u00f6yledi: &#8220;Alevi vatanda\u015flar\u0131 b\u00f6ylece istismar ediyor. Belediye se\u00e7imlerinde Ermeni cemaatine gidiyor, kendi kimli\u011fini \u00f6ne s\u00fcrerek onlardan yard\u0131m talep ediyor. Yapabilir. Ama bunlar\u0131 sesiz sedas\u0131z yap\u0131yor. Soruldu\u011funda hemen etraf\u0131ndan dolan\u0131yor. Alevi oldu\u011funu sakl\u0131yor, annesinin etnik olarak Ermeni oldu\u011funu saklamaya \u00e7al\u0131\u015f\u0131yor. \u015eeffaf davranm\u0131yor. Alevi olmak ay\u0131p bir \u015fey de\u011fil. Kosoval\u0131. Bunda gizlenecek korkulacak bir \u015fey yok. \u0130nsan kimli\u011fini demokratik \u00fclkelerde s\u00f6ylemeli.&#8221;<\/p>\n<p style=\"text-align: justify\">C\u0130HAN<\/p>\n<p style=\"text-align: justify\"><strong>Kaynak:<\/strong> zaman.com.tr<br \/>\n<strong>Tarih:<\/strong> 13.8.2010<\/p>\n","protected":false},"excerpt":{"rendered":"<p>T\u00fcrkiye i\u00e7 politik m\u00fccadelesinde yap\u0131lan millet ayr\u0131m\u0131 ve ba\u015fka etnik mensuplar\u0131n\u0131n milliyet\u00e7ili\u011fe hedef g\u00f6sterilmeleri, \u00e7oktan beri siyasal k\u00fclt\u00fcrel \u00f6zelli\u011fe d\u00f6n\u00fc\u015fm\u0131\u011ft\u0131r \u00e7\u00fcnk\u00fc bunun i\u00e7in \u00a0milliyet\u00e7ilikle zehirlenmi\u015f olan yo\u011fun kitlelerde haz\u0131r zemin var. Benzer bir olay\u0131 \u201cZaman\u201d gazetesinden ald\u0131\u011f\u0131m\u0131z \u015fu haberde g\u00f6rebiliriz. &#8220;Ankara B\u00fcy\u00fck\u015fehir Belediye Ba\u015fkan\u0131 Melih G\u00f6k\u00e7ek CHP Genel Ba\u015fkan\u0131 Kemal K\u0131l\u0131\u00e7daro\u011flu&#8217;nun Alevi, annesinin de etnik [&hellip;]<\/p>\n","protected":false},"author":3,"featured_media":0,"comment_status":"closed","ping_status":"open","sticky":false,"template":"","format":"standard","meta":{"footnotes":""},"categories":[14],"tags":[],"class_list":["post-1608","post","type-post","status-publish","format-standard","hentry","category-haberler"],"yoast_head":"<!-- This site is optimized with the Yoast SEO plugin v27.4 - https:\/\/yoast.com\/product\/yoast-seo-wordpress\/ -->\n<title>Melih G\u00f6k\u00e7ek: K\u0131l\u0131\u00e7daro\u011flu \u015feffaf davranm\u0131yor - Bati Ermenistan Ve Bati Ermenileri Sorunlari Ara\u015ftirmalar Merkezi<\/title>\n<meta name=\"robots\" content=\"index, follow, max-snippet:-1, max-image-preview:large, max-video-preview:-1\" \/>\n<link rel=\"canonical\" href=\"https:\/\/akunq.net\/turkish\/2010\/08\/14\/melih-gokcek-kilicdaroglu-seffaf-davranmiyor\/\" \/>\n<meta property=\"og:locale\" content=\"en_US\" \/>\n<meta property=\"og:type\" content=\"article\" \/>\n<meta property=\"og:title\" content=\"Melih G\u00f6k\u00e7ek: K\u0131l\u0131\u00e7daro\u011flu \u015feffaf davranm\u0131yor - Bati Ermenistan Ve Bati Ermenileri Sorunlari Ara\u015ftirmalar Merkezi\" \/>\n<meta property=\"og:description\" content=\"T\u00fcrkiye i\u00e7 politik m\u00fccadelesinde yap\u0131lan millet ayr\u0131m\u0131 ve ba\u015fka etnik mensuplar\u0131n\u0131n milliyet\u00e7ili\u011fe hedef g\u00f6sterilmeleri, \u00e7oktan beri siyasal k\u00fclt\u00fcrel \u00f6zelli\u011fe d\u00f6n\u00fc\u015fm\u0131\u011ft\u0131r \u00e7\u00fcnk\u00fc bunun i\u00e7in \u00a0milliyet\u00e7ilikle zehirlenmi\u015f olan yo\u011fun kitlelerde haz\u0131r zemin var. Benzer bir olay\u0131 \u201cZaman\u201d gazetesinden ald\u0131\u011f\u0131m\u0131z \u015fu haberde g\u00f6rebiliriz. &#8220;Ankara B\u00fcy\u00fck\u015fehir Belediye Ba\u015fkan\u0131 Melih G\u00f6k\u00e7ek CHP Genel Ba\u015fkan\u0131 Kemal K\u0131l\u0131\u00e7daro\u011flu&#8217;nun Alevi, annesinin de etnik [&hellip;]\" \/>\n<meta property=\"og:url\" content=\"https:\/\/akunq.net\/turkish\/2010\/08\/14\/melih-gokcek-kilicdaroglu-seffaf-davranmiyor\/\" \/>\n<meta property=\"og:site_name\" content=\"Bati Ermenistan Ve Bati Ermenileri Sorunlari Ara\u015ftirmalar Merkezi\" \/>\n<meta property=\"article:published_time\" content=\"2010-08-14T08:21:58+00:00\" \/>\n<meta name=\"author\" content=\"kalem\" \/>\n<meta name=\"twitter:card\" content=\"summary_large_image\" \/>\n<meta name=\"twitter:label1\" content=\"Written by\" \/>\n\t<meta name=\"twitter:data1\" content=\"kalem\" \/>\n\t<meta name=\"twitter:label2\" content=\"Est. reading time\" \/>\n\t<meta name=\"twitter:data2\" content=\"2 minutes\" \/>\n<script type=\"application\/ld+json\" class=\"yoast-schema-graph\">{\"@context\":\"https:\\\/\\\/schema.org\",\"@graph\":[{\"@type\":\"Article\",\"@id\":\"https:\\\/\\\/akunq.net\\\/turkish\\\/2010\\\/08\\\/14\\\/melih-gokcek-kilicdaroglu-seffaf-davranmiyor\\\/#article\",\"isPartOf\":{\"@id\":\"https:\\\/\\\/akunq.net\\\/turkish\\\/2010\\\/08\\\/14\\\/melih-gokcek-kilicdaroglu-seffaf-davranmiyor\\\/\"},\"author\":{\"name\":\"kalem\",\"@id\":\"https:\\\/\\\/akunq.net\\\/turkish\\\/#\\\/schema\\\/person\\\/135e7923d1aeb8887890799619969a6c\"},\"headline\":\"Melih G\u00f6k\u00e7ek: K\u0131l\u0131\u00e7daro\u011flu \u015feffaf davranm\u0131yor\",\"datePublished\":\"2010-08-14T08:21:58+00:00\",\"mainEntityOfPage\":{\"@id\":\"https:\\\/\\\/akunq.net\\\/turkish\\\/2010\\\/08\\\/14\\\/melih-gokcek-kilicdaroglu-seffaf-davranmiyor\\\/\"},\"wordCount\":317,\"articleSection\":[\"Haberler\"],\"inLanguage\":\"en-US\"},{\"@type\":\"WebPage\",\"@id\":\"https:\\\/\\\/akunq.net\\\/turkish\\\/2010\\\/08\\\/14\\\/melih-gokcek-kilicdaroglu-seffaf-davranmiyor\\\/\",\"url\":\"https:\\\/\\\/akunq.net\\\/turkish\\\/2010\\\/08\\\/14\\\/melih-gokcek-kilicdaroglu-seffaf-davranmiyor\\\/\",\"name\":\"Melih G\u00f6k\u00e7ek: K\u0131l\u0131\u00e7daro\u011flu \u015feffaf davranm\u0131yor - Bati Ermenistan Ve Bati Ermenileri Sorunlari Ara\u015ftirmalar Merkezi\",\"isPartOf\":{\"@id\":\"https:\\\/\\\/akunq.net\\\/turkish\\\/#website\"},\"datePublished\":\"2010-08-14T08:21:58+00:00\",\"author\":{\"@id\":\"https:\\\/\\\/akunq.net\\\/turkish\\\/#\\\/schema\\\/person\\\/135e7923d1aeb8887890799619969a6c\"},\"breadcrumb\":{\"@id\":\"https:\\\/\\\/akunq.net\\\/turkish\\\/2010\\\/08\\\/14\\\/melih-gokcek-kilicdaroglu-seffaf-davranmiyor\\\/#breadcrumb\"},\"inLanguage\":\"en-US\",\"potentialAction\":[{\"@type\":\"ReadAction\",\"target\":[\"https:\\\/\\\/akunq.net\\\/turkish\\\/2010\\\/08\\\/14\\\/melih-gokcek-kilicdaroglu-seffaf-davranmiyor\\\/\"]}]},{\"@type\":\"BreadcrumbList\",\"@id\":\"https:\\\/\\\/akunq.net\\\/turkish\\\/2010\\\/08\\\/14\\\/melih-gokcek-kilicdaroglu-seffaf-davranmiyor\\\/#breadcrumb\",\"itemListElement\":[{\"@type\":\"ListItem\",\"position\":1,\"name\":\"Home\",\"item\":\"https:\\\/\\\/akunq.net\\\/turkish\\\/\"},{\"@type\":\"ListItem\",\"position\":2,\"name\":\"Melih G\u00f6k\u00e7ek: K\u0131l\u0131\u00e7daro\u011flu \u015feffaf davranm\u0131yor\"}]},{\"@type\":\"WebSite\",\"@id\":\"https:\\\/\\\/akunq.net\\\/turkish\\\/#website\",\"url\":\"https:\\\/\\\/akunq.net\\\/turkish\\\/\",\"name\":\"Bati Ermenistan Ve Bati Ermenileri Sorunlari Ara\u015ftirmalar Merkezi\",\"description\":\"\",\"potentialAction\":[{\"@type\":\"SearchAction\",\"target\":{\"@type\":\"EntryPoint\",\"urlTemplate\":\"https:\\\/\\\/akunq.net\\\/turkish\\\/?s={search_term_string}\"},\"query-input\":{\"@type\":\"PropertyValueSpecification\",\"valueRequired\":true,\"valueName\":\"search_term_string\"}}],\"inLanguage\":\"en-US\"},{\"@type\":\"Person\",\"@id\":\"https:\\\/\\\/akunq.net\\\/turkish\\\/#\\\/schema\\\/person\\\/135e7923d1aeb8887890799619969a6c\",\"name\":\"kalem\",\"image\":{\"@type\":\"ImageObject\",\"inLanguage\":\"en-US\",\"@id\":\"https:\\\/\\\/secure.gravatar.com\\\/avatar\\\/a06875e4b25feb5674296adf8e8a7ae1e587cebce2493fe63c456109967e27d3?s=96&d=mm&r=g\",\"url\":\"https:\\\/\\\/secure.gravatar.com\\\/avatar\\\/a06875e4b25feb5674296adf8e8a7ae1e587cebce2493fe63c456109967e27d3?s=96&d=mm&r=g\",\"contentUrl\":\"https:\\\/\\\/secure.gravatar.com\\\/avatar\\\/a06875e4b25feb5674296adf8e8a7ae1e587cebce2493fe63c456109967e27d3?s=96&d=mm&r=g\",\"caption\":\"kalem\"},\"url\":\"https:\\\/\\\/akunq.net\\\/turkish\\\/author\\\/kalem\\\/\"}]}<\/script>\n<!-- \/ Yoast SEO plugin. -->","yoast_head_json":{"title":"Melih G\u00f6k\u00e7ek: K\u0131l\u0131\u00e7daro\u011flu \u015feffaf davranm\u0131yor - Bati Ermenistan Ve Bati Ermenileri Sorunlari Ara\u015ftirmalar Merkezi","robots":{"index":"index","follow":"follow","max-snippet":"max-snippet:-1","max-image-preview":"max-image-preview:large","max-video-preview":"max-video-preview:-1"},"canonical":"https:\/\/akunq.net\/turkish\/2010\/08\/14\/melih-gokcek-kilicdaroglu-seffaf-davranmiyor\/","og_locale":"en_US","og_type":"article","og_title":"Melih G\u00f6k\u00e7ek: K\u0131l\u0131\u00e7daro\u011flu \u015feffaf davranm\u0131yor - Bati Ermenistan Ve Bati Ermenileri Sorunlari Ara\u015ftirmalar Merkezi","og_description":"T\u00fcrkiye i\u00e7 politik m\u00fccadelesinde yap\u0131lan millet ayr\u0131m\u0131 ve ba\u015fka etnik mensuplar\u0131n\u0131n milliyet\u00e7ili\u011fe hedef g\u00f6sterilmeleri, \u00e7oktan beri siyasal k\u00fclt\u00fcrel \u00f6zelli\u011fe d\u00f6n\u00fc\u015fm\u0131\u011ft\u0131r \u00e7\u00fcnk\u00fc bunun i\u00e7in \u00a0milliyet\u00e7ilikle zehirlenmi\u015f olan yo\u011fun kitlelerde haz\u0131r zemin var. Benzer bir olay\u0131 \u201cZaman\u201d gazetesinden ald\u0131\u011f\u0131m\u0131z \u015fu haberde g\u00f6rebiliriz. &#8220;Ankara B\u00fcy\u00fck\u015fehir Belediye Ba\u015fkan\u0131 Melih G\u00f6k\u00e7ek CHP Genel Ba\u015fkan\u0131 Kemal K\u0131l\u0131\u00e7daro\u011flu&#8217;nun Alevi, annesinin de etnik [&hellip;]","og_url":"https:\/\/akunq.net\/turkish\/2010\/08\/14\/melih-gokcek-kilicdaroglu-seffaf-davranmiyor\/","og_site_name":"Bati Ermenistan Ve Bati Ermenileri Sorunlari Ara\u015ftirmalar Merkezi","article_published_time":"2010-08-14T08:21:58+00:00","author":"kalem","twitter_card":"summary_large_image","twitter_misc":{"Written by":"kalem","Est. reading time":"2 minutes"},"schema":{"@context":"https:\/\/schema.org","@graph":[{"@type":"Article","@id":"https:\/\/akunq.net\/turkish\/2010\/08\/14\/melih-gokcek-kilicdaroglu-seffaf-davranmiyor\/#article","isPartOf":{"@id":"https:\/\/akunq.net\/turkish\/2010\/08\/14\/melih-gokcek-kilicdaroglu-seffaf-davranmiyor\/"},"author":{"name":"kalem","@id":"https:\/\/akunq.net\/turkish\/#\/schema\/person\/135e7923d1aeb8887890799619969a6c"},"headline":"Melih G\u00f6k\u00e7ek: K\u0131l\u0131\u00e7daro\u011flu \u015feffaf davranm\u0131yor","datePublished":"2010-08-14T08:21:58+00:00","mainEntityOfPage":{"@id":"https:\/\/akunq.net\/turkish\/2010\/08\/14\/melih-gokcek-kilicdaroglu-seffaf-davranmiyor\/"},"wordCount":317,"articleSection":["Haberler"],"inLanguage":"en-US"},{"@type":"WebPage","@id":"https:\/\/akunq.net\/turkish\/2010\/08\/14\/melih-gokcek-kilicdaroglu-seffaf-davranmiyor\/","url":"https:\/\/akunq.net\/turkish\/2010\/08\/14\/melih-gokcek-kilicdaroglu-seffaf-davranmiyor\/","name":"Melih G\u00f6k\u00e7ek: K\u0131l\u0131\u00e7daro\u011flu \u015feffaf davranm\u0131yor - Bati Ermenistan Ve Bati Ermenileri Sorunlari Ara\u015ftirmalar Merkezi","isPartOf":{"@id":"https:\/\/akunq.net\/turkish\/#website"},"datePublished":"2010-08-14T08:21:58+00:00","author":{"@id":"https:\/\/akunq.net\/turkish\/#\/schema\/person\/135e7923d1aeb8887890799619969a6c"},"breadcrumb":{"@id":"https:\/\/akunq.net\/turkish\/2010\/08\/14\/melih-gokcek-kilicdaroglu-seffaf-davranmiyor\/#breadcrumb"},"inLanguage":"en-US","potentialAction":[{"@type":"ReadAction","target":["https:\/\/akunq.net\/turkish\/2010\/08\/14\/melih-gokcek-kilicdaroglu-seffaf-davranmiyor\/"]}]},{"@type":"BreadcrumbList","@id":"https:\/\/akunq.net\/turkish\/2010\/08\/14\/melih-gokcek-kilicdaroglu-seffaf-davranmiyor\/#breadcrumb","itemListElement":[{"@type":"ListItem","position":1,"name":"Home","item":"https:\/\/akunq.net\/turkish\/"},{"@type":"ListItem","position":2,"name":"Melih G\u00f6k\u00e7ek: K\u0131l\u0131\u00e7daro\u011flu \u015feffaf davranm\u0131yor"}]},{"@type":"WebSite","@id":"https:\/\/akunq.net\/turkish\/#website","url":"https:\/\/akunq.net\/turkish\/","name":"Bati Ermenistan Ve Bati Ermenileri Sorunlari Ara\u015ftirmalar Merkezi","description":"","potentialAction":[{"@type":"SearchAction","target":{"@type":"EntryPoint","urlTemplate":"https:\/\/akunq.net\/turkish\/?s={search_term_string}"},"query-input":{"@type":"PropertyValueSpecification","valueRequired":true,"valueName":"search_term_string"}}],"inLanguage":"en-US"},{"@type":"Person","@id":"https:\/\/akunq.net\/turkish\/#\/schema\/person\/135e7923d1aeb8887890799619969a6c","name":"kalem","image":{"@type":"ImageObject","inLanguage":"en-US","@id":"https:\/\/secure.gravatar.com\/avatar\/a06875e4b25feb5674296adf8e8a7ae1e587cebce2493fe63c456109967e27d3?s=96&d=mm&r=g","url":"https:\/\/secure.gravatar.com\/avatar\/a06875e4b25feb5674296adf8e8a7ae1e587cebce2493fe63c456109967e27d3?s=96&d=mm&r=g","contentUrl":"https:\/\/secure.gravatar.com\/avatar\/a06875e4b25feb5674296adf8e8a7ae1e587cebce2493fe63c456109967e27d3?s=96&d=mm&r=g","caption":"kalem"},"url":"https:\/\/akunq.net\/turkish\/author\/kalem\/"}]}},"_links":{"self":[{"href":"https:\/\/akunq.net\/turkish\/wp-json\/wp\/v2\/posts\/1608","targetHints":{"allow":["GET"]}}],"collection":[{"href":"https:\/\/akunq.net\/turkish\/wp-json\/wp\/v2\/posts"}],"about":[{"href":"https:\/\/akunq.net\/turkish\/wp-json\/wp\/v2\/types\/post"}],"author":[{"embeddable":true,"href":"https:\/\/akunq.net\/turkish\/wp-json\/wp\/v2\/users\/3"}],"replies":[{"embeddable":true,"href":"https:\/\/akunq.net\/turkish\/wp-json\/wp\/v2\/comments?post=1608"}],"version-history":[{"count":0,"href":"https:\/\/akunq.net\/turkish\/wp-json\/wp\/v2\/posts\/1608\/revisions"}],"wp:attachment":[{"href":"https:\/\/akunq.net\/turkish\/wp-json\/wp\/v2\/media?parent=1608"}],"wp:term":[{"taxonomy":"category","embeddable":true,"href":"https:\/\/akunq.net\/turkish\/wp-json\/wp\/v2\/categories?post=1608"},{"taxonomy":"post_tag","embeddable":true,"href":"https:\/\/akunq.net\/turkish\/wp-json\/wp\/v2\/tags?post=1608"}],"curies":[{"name":"wp","href":"https:\/\/api.w.org\/{rel}","templated":true}]}}