{"id":1603,"date":"2010-08-12T07:20:45","date_gmt":"2010-08-12T12:20:45","guid":{"rendered":"http:\/\/akunq.net\/tr\/?p=1603"},"modified":"2010-08-12T07:20:45","modified_gmt":"2010-08-12T12:20:45","slug":"mark-geragos-turkler-kafalarini-kumdan-cikarsin","status":"publish","type":"post","link":"https:\/\/akunq.net\/turkish\/2010\/08\/12\/mark-geragos-turkler-kafalarini-kumdan-cikarsin\/","title":{"rendered":"Mark Geragos: &#8220;T\u00fcrkler kafalar\u0131n\u0131 kumdan \u00e7\u0131kars\u0131n&#8221;"},"content":{"rendered":"<p style=\"text-align: justify\">Ermeni Soyk\u0131r\u0131m\u0131&#8217;n\u0131n \u015fehitlerinin varisleri ad\u0131na T\u00fcrkiye aleyhine ABD\u2019de dava a\u00e7an avukat Mark Geragos Los Angeles Times gazetesine r\u00f6portaj verdi.<\/p>\n<p style=\"text-align: justify\">Geragos, \u201cOlaylar\u0131n \u00fczerinden neredeyse bir as\u0131r ge\u00e7tikten sonra neden \u015fimdi dava a\u00e7t\u0131n\u0131z?\u201d sorusuna, \u201cElimize yeni belgeler ge\u00e7ti ve baz\u0131 bilgiler ortaya \u00e7\u0131kt\u0131. Stratejik nedenlerle bunlar\u0131 \u015fu anda payla\u015famam, ama 180 g\u00fcn i\u00e7inde \u00f6\u011freneceksiniz\u201d dedi.<\/p>\n<p style=\"text-align: justify\">Milliyet&#8217;in bildirdi\u011fine g\u00f6re, gazetenin Ortado\u011fu muhabiri Patrick Gallagher\u2019\u0131n sorular\u0131n\u0131 yan\u0131tlayan Mark Geragos, \u201cBiz art\u0131k tan\u0131nmadan fazlas\u0131n\u0131 istiyoruz. Reagan Soyk\u0131r\u0131m s\u00f6zc\u00fc\u011f\u00fcn\u00fc kullanm\u0131\u015ft\u0131. Ama biz tan\u0131nma de\u011fil, iade istiyoruz\u201d diye yan\u0131t verdi. Geragos, ne kadar tazminat almay\u0131 bekledikleri sorusunu ise, \u201cmilyarlarca\u201d diye yan\u0131tlad\u0131.<\/p>\n<p style=\"text-align: justify\">Avukat ayr\u0131ca, \u201cBu davan\u0131n, T\u00fcrklerin tarihin ileri do\u011fru akt\u0131\u011f\u0131n\u0131 fark etmeleri i\u00e7in bir d\u00f6n\u00fcm noktas\u0131 olmas\u0131n\u0131 umuyoruz. T\u00fcrkler ba\u015flar\u0131n\u0131 kuma g\u00f6mmek yerine yap\u0131lanlar\u0131 telafi etmeye \u00e7al\u0131\u015fmal\u0131lar. Tarihi bir ger\u00e7e\u011fi ink\u00e2r etmek i\u00e7in lobicilik faaliyetlerine para harcamak yerine bunu kabul etmeli ve ge\u00e7mi\u015fte b\u0131rakmal\u0131lar\u201d dedi.<\/p>\n<p style=\"text-align: justify\">H\u00fcrriyet haberine g\u00f6re, T\u00fcrkiye ise davaya \u201c3 dalga\u201d ad\u0131n\u0131 verdi\u011fi bir planla haz\u0131rlan\u0131yor. Buna g\u00f6re;<\/p>\n<p style=\"text-align: justify\">ABD yasalar\u0131n\u0131n, ba\u015fka bir \u00fclkenin federal mahkemelerde dava edilmesine ne derece olanak verdi\u011fini inceliyor.<\/p>\n<p style=\"text-align: justify\">Uluslararas\u0131 hukuk a\u00e7\u0131s\u0131ndan T\u00fcrkiye\u2019nin b\u00f6yle bir davay\u0131 kabul edip etmeme olas\u0131l\u0131\u011f\u0131 de\u011ferlendiriyor.<\/p>\n<p style=\"text-align: justify\">Ayr\u0131ca T\u00fcrkiye\u2019nin bu konuda taraf oldu\u011fu uluslararas\u0131 anla\u015fmalar ara\u015ft\u0131r\u0131l\u0131yor.<br \/>\n\u00a0<\/p>\n<p style=\"text-align: justify\"><strong><em>Tert.am<\/em><\/strong><\/p>\n<p style=\"text-align: justify\"><strong><em>12.08.10<\/em><\/strong><strong><em><\/em><\/strong><\/p>\n","protected":false},"excerpt":{"rendered":"<p>Ermeni Soyk\u0131r\u0131m\u0131&#8217;n\u0131n \u015fehitlerinin varisleri ad\u0131na T\u00fcrkiye aleyhine ABD\u2019de dava a\u00e7an avukat Mark Geragos Los Angeles Times gazetesine r\u00f6portaj verdi. Geragos, \u201cOlaylar\u0131n \u00fczerinden neredeyse bir as\u0131r ge\u00e7tikten sonra neden \u015fimdi dava a\u00e7t\u0131n\u0131z?\u201d sorusuna, \u201cElimize yeni belgeler ge\u00e7ti ve baz\u0131 bilgiler ortaya \u00e7\u0131kt\u0131. Stratejik nedenlerle bunlar\u0131 \u015fu anda payla\u015famam, ama 180 g\u00fcn i\u00e7inde \u00f6\u011freneceksiniz\u201d dedi. Milliyet&#8217;in bildirdi\u011fine [&hellip;]<\/p>\n","protected":false},"author":3,"featured_media":0,"comment_status":"closed","ping_status":"open","sticky":false,"template":"","format":"standard","meta":{"footnotes":""},"categories":[14],"tags":[],"class_list":["post-1603","post","type-post","status-publish","format-standard","hentry","category-haberler"],"yoast_head":"<!-- This site is optimized with the Yoast SEO plugin v27.4 - https:\/\/yoast.com\/product\/yoast-seo-wordpress\/ -->\n<title>Mark Geragos: &quot;T\u00fcrkler kafalar\u0131n\u0131 kumdan \u00e7\u0131kars\u0131n&quot; - Bati Ermenistan Ve Bati Ermenileri Sorunlari Ara\u015ftirmalar Merkezi<\/title>\n<meta name=\"robots\" content=\"index, follow, max-snippet:-1, max-image-preview:large, max-video-preview:-1\" \/>\n<link rel=\"canonical\" href=\"https:\/\/akunq.net\/turkish\/2010\/08\/12\/mark-geragos-turkler-kafalarini-kumdan-cikarsin\/\" \/>\n<meta property=\"og:locale\" content=\"en_US\" \/>\n<meta property=\"og:type\" content=\"article\" \/>\n<meta property=\"og:title\" content=\"Mark Geragos: &quot;T\u00fcrkler kafalar\u0131n\u0131 kumdan \u00e7\u0131kars\u0131n&quot; - Bati Ermenistan Ve Bati Ermenileri Sorunlari Ara\u015ftirmalar Merkezi\" \/>\n<meta property=\"og:description\" content=\"Ermeni Soyk\u0131r\u0131m\u0131&#8217;n\u0131n \u015fehitlerinin varisleri ad\u0131na T\u00fcrkiye aleyhine ABD\u2019de dava a\u00e7an avukat Mark Geragos Los Angeles Times gazetesine r\u00f6portaj verdi. Geragos, \u201cOlaylar\u0131n \u00fczerinden neredeyse bir as\u0131r ge\u00e7tikten sonra neden \u015fimdi dava a\u00e7t\u0131n\u0131z?\u201d sorusuna, \u201cElimize yeni belgeler ge\u00e7ti ve baz\u0131 bilgiler ortaya \u00e7\u0131kt\u0131. Stratejik nedenlerle bunlar\u0131 \u015fu anda payla\u015famam, ama 180 g\u00fcn i\u00e7inde \u00f6\u011freneceksiniz\u201d dedi. Milliyet&#8217;in bildirdi\u011fine [&hellip;]\" \/>\n<meta property=\"og:url\" content=\"https:\/\/akunq.net\/turkish\/2010\/08\/12\/mark-geragos-turkler-kafalarini-kumdan-cikarsin\/\" \/>\n<meta property=\"og:site_name\" content=\"Bati Ermenistan Ve Bati Ermenileri Sorunlari Ara\u015ftirmalar Merkezi\" \/>\n<meta property=\"article:published_time\" content=\"2010-08-12T12:20:45+00:00\" \/>\n<meta name=\"author\" content=\"kalem\" \/>\n<meta name=\"twitter:card\" content=\"summary_large_image\" \/>\n<meta name=\"twitter:label1\" content=\"Written by\" \/>\n\t<meta name=\"twitter:data1\" content=\"kalem\" \/>\n\t<meta name=\"twitter:label2\" content=\"Est. reading time\" \/>\n\t<meta name=\"twitter:data2\" content=\"1 minute\" \/>\n<script type=\"application\/ld+json\" class=\"yoast-schema-graph\">{\"@context\":\"https:\\\/\\\/schema.org\",\"@graph\":[{\"@type\":\"Article\",\"@id\":\"https:\\\/\\\/akunq.net\\\/turkish\\\/2010\\\/08\\\/12\\\/mark-geragos-turkler-kafalarini-kumdan-cikarsin\\\/#article\",\"isPartOf\":{\"@id\":\"https:\\\/\\\/akunq.net\\\/turkish\\\/2010\\\/08\\\/12\\\/mark-geragos-turkler-kafalarini-kumdan-cikarsin\\\/\"},\"author\":{\"name\":\"kalem\",\"@id\":\"https:\\\/\\\/akunq.net\\\/turkish\\\/#\\\/schema\\\/person\\\/135e7923d1aeb8887890799619969a6c\"},\"headline\":\"Mark Geragos: &#8220;T\u00fcrkler kafalar\u0131n\u0131 kumdan \u00e7\u0131kars\u0131n&#8221;\",\"datePublished\":\"2010-08-12T12:20:45+00:00\",\"mainEntityOfPage\":{\"@id\":\"https:\\\/\\\/akunq.net\\\/turkish\\\/2010\\\/08\\\/12\\\/mark-geragos-turkler-kafalarini-kumdan-cikarsin\\\/\"},\"wordCount\":286,\"articleSection\":[\"Haberler\"],\"inLanguage\":\"en-US\"},{\"@type\":\"WebPage\",\"@id\":\"https:\\\/\\\/akunq.net\\\/turkish\\\/2010\\\/08\\\/12\\\/mark-geragos-turkler-kafalarini-kumdan-cikarsin\\\/\",\"url\":\"https:\\\/\\\/akunq.net\\\/turkish\\\/2010\\\/08\\\/12\\\/mark-geragos-turkler-kafalarini-kumdan-cikarsin\\\/\",\"name\":\"Mark Geragos: \\\"T\u00fcrkler kafalar\u0131n\u0131 kumdan \u00e7\u0131kars\u0131n\\\" - Bati Ermenistan Ve Bati Ermenileri Sorunlari Ara\u015ftirmalar Merkezi\",\"isPartOf\":{\"@id\":\"https:\\\/\\\/akunq.net\\\/turkish\\\/#website\"},\"datePublished\":\"2010-08-12T12:20:45+00:00\",\"author\":{\"@id\":\"https:\\\/\\\/akunq.net\\\/turkish\\\/#\\\/schema\\\/person\\\/135e7923d1aeb8887890799619969a6c\"},\"breadcrumb\":{\"@id\":\"https:\\\/\\\/akunq.net\\\/turkish\\\/2010\\\/08\\\/12\\\/mark-geragos-turkler-kafalarini-kumdan-cikarsin\\\/#breadcrumb\"},\"inLanguage\":\"en-US\",\"potentialAction\":[{\"@type\":\"ReadAction\",\"target\":[\"https:\\\/\\\/akunq.net\\\/turkish\\\/2010\\\/08\\\/12\\\/mark-geragos-turkler-kafalarini-kumdan-cikarsin\\\/\"]}]},{\"@type\":\"BreadcrumbList\",\"@id\":\"https:\\\/\\\/akunq.net\\\/turkish\\\/2010\\\/08\\\/12\\\/mark-geragos-turkler-kafalarini-kumdan-cikarsin\\\/#breadcrumb\",\"itemListElement\":[{\"@type\":\"ListItem\",\"position\":1,\"name\":\"Home\",\"item\":\"https:\\\/\\\/akunq.net\\\/turkish\\\/\"},{\"@type\":\"ListItem\",\"position\":2,\"name\":\"Mark Geragos: &#8220;T\u00fcrkler kafalar\u0131n\u0131 kumdan \u00e7\u0131kars\u0131n&#8221;\"}]},{\"@type\":\"WebSite\",\"@id\":\"https:\\\/\\\/akunq.net\\\/turkish\\\/#website\",\"url\":\"https:\\\/\\\/akunq.net\\\/turkish\\\/\",\"name\":\"Bati Ermenistan Ve Bati Ermenileri Sorunlari Ara\u015ftirmalar Merkezi\",\"description\":\"\",\"potentialAction\":[{\"@type\":\"SearchAction\",\"target\":{\"@type\":\"EntryPoint\",\"urlTemplate\":\"https:\\\/\\\/akunq.net\\\/turkish\\\/?s={search_term_string}\"},\"query-input\":{\"@type\":\"PropertyValueSpecification\",\"valueRequired\":true,\"valueName\":\"search_term_string\"}}],\"inLanguage\":\"en-US\"},{\"@type\":\"Person\",\"@id\":\"https:\\\/\\\/akunq.net\\\/turkish\\\/#\\\/schema\\\/person\\\/135e7923d1aeb8887890799619969a6c\",\"name\":\"kalem\",\"image\":{\"@type\":\"ImageObject\",\"inLanguage\":\"en-US\",\"@id\":\"https:\\\/\\\/secure.gravatar.com\\\/avatar\\\/a06875e4b25feb5674296adf8e8a7ae1e587cebce2493fe63c456109967e27d3?s=96&d=mm&r=g\",\"url\":\"https:\\\/\\\/secure.gravatar.com\\\/avatar\\\/a06875e4b25feb5674296adf8e8a7ae1e587cebce2493fe63c456109967e27d3?s=96&d=mm&r=g\",\"contentUrl\":\"https:\\\/\\\/secure.gravatar.com\\\/avatar\\\/a06875e4b25feb5674296adf8e8a7ae1e587cebce2493fe63c456109967e27d3?s=96&d=mm&r=g\",\"caption\":\"kalem\"},\"url\":\"https:\\\/\\\/akunq.net\\\/turkish\\\/author\\\/kalem\\\/\"}]}<\/script>\n<!-- \/ Yoast SEO plugin. -->","yoast_head_json":{"title":"Mark Geragos: \"T\u00fcrkler kafalar\u0131n\u0131 kumdan \u00e7\u0131kars\u0131n\" - Bati Ermenistan Ve Bati Ermenileri Sorunlari Ara\u015ftirmalar Merkezi","robots":{"index":"index","follow":"follow","max-snippet":"max-snippet:-1","max-image-preview":"max-image-preview:large","max-video-preview":"max-video-preview:-1"},"canonical":"https:\/\/akunq.net\/turkish\/2010\/08\/12\/mark-geragos-turkler-kafalarini-kumdan-cikarsin\/","og_locale":"en_US","og_type":"article","og_title":"Mark Geragos: \"T\u00fcrkler kafalar\u0131n\u0131 kumdan \u00e7\u0131kars\u0131n\" - Bati Ermenistan Ve Bati Ermenileri Sorunlari Ara\u015ftirmalar Merkezi","og_description":"Ermeni Soyk\u0131r\u0131m\u0131&#8217;n\u0131n \u015fehitlerinin varisleri ad\u0131na T\u00fcrkiye aleyhine ABD\u2019de dava a\u00e7an avukat Mark Geragos Los Angeles Times gazetesine r\u00f6portaj verdi. Geragos, \u201cOlaylar\u0131n \u00fczerinden neredeyse bir as\u0131r ge\u00e7tikten sonra neden \u015fimdi dava a\u00e7t\u0131n\u0131z?\u201d sorusuna, \u201cElimize yeni belgeler ge\u00e7ti ve baz\u0131 bilgiler ortaya \u00e7\u0131kt\u0131. Stratejik nedenlerle bunlar\u0131 \u015fu anda payla\u015famam, ama 180 g\u00fcn i\u00e7inde \u00f6\u011freneceksiniz\u201d dedi. Milliyet&#8217;in bildirdi\u011fine [&hellip;]","og_url":"https:\/\/akunq.net\/turkish\/2010\/08\/12\/mark-geragos-turkler-kafalarini-kumdan-cikarsin\/","og_site_name":"Bati Ermenistan Ve Bati Ermenileri Sorunlari Ara\u015ftirmalar Merkezi","article_published_time":"2010-08-12T12:20:45+00:00","author":"kalem","twitter_card":"summary_large_image","twitter_misc":{"Written by":"kalem","Est. reading time":"1 minute"},"schema":{"@context":"https:\/\/schema.org","@graph":[{"@type":"Article","@id":"https:\/\/akunq.net\/turkish\/2010\/08\/12\/mark-geragos-turkler-kafalarini-kumdan-cikarsin\/#article","isPartOf":{"@id":"https:\/\/akunq.net\/turkish\/2010\/08\/12\/mark-geragos-turkler-kafalarini-kumdan-cikarsin\/"},"author":{"name":"kalem","@id":"https:\/\/akunq.net\/turkish\/#\/schema\/person\/135e7923d1aeb8887890799619969a6c"},"headline":"Mark Geragos: &#8220;T\u00fcrkler kafalar\u0131n\u0131 kumdan \u00e7\u0131kars\u0131n&#8221;","datePublished":"2010-08-12T12:20:45+00:00","mainEntityOfPage":{"@id":"https:\/\/akunq.net\/turkish\/2010\/08\/12\/mark-geragos-turkler-kafalarini-kumdan-cikarsin\/"},"wordCount":286,"articleSection":["Haberler"],"inLanguage":"en-US"},{"@type":"WebPage","@id":"https:\/\/akunq.net\/turkish\/2010\/08\/12\/mark-geragos-turkler-kafalarini-kumdan-cikarsin\/","url":"https:\/\/akunq.net\/turkish\/2010\/08\/12\/mark-geragos-turkler-kafalarini-kumdan-cikarsin\/","name":"Mark Geragos: \"T\u00fcrkler kafalar\u0131n\u0131 kumdan \u00e7\u0131kars\u0131n\" - Bati Ermenistan Ve Bati Ermenileri Sorunlari Ara\u015ftirmalar Merkezi","isPartOf":{"@id":"https:\/\/akunq.net\/turkish\/#website"},"datePublished":"2010-08-12T12:20:45+00:00","author":{"@id":"https:\/\/akunq.net\/turkish\/#\/schema\/person\/135e7923d1aeb8887890799619969a6c"},"breadcrumb":{"@id":"https:\/\/akunq.net\/turkish\/2010\/08\/12\/mark-geragos-turkler-kafalarini-kumdan-cikarsin\/#breadcrumb"},"inLanguage":"en-US","potentialAction":[{"@type":"ReadAction","target":["https:\/\/akunq.net\/turkish\/2010\/08\/12\/mark-geragos-turkler-kafalarini-kumdan-cikarsin\/"]}]},{"@type":"BreadcrumbList","@id":"https:\/\/akunq.net\/turkish\/2010\/08\/12\/mark-geragos-turkler-kafalarini-kumdan-cikarsin\/#breadcrumb","itemListElement":[{"@type":"ListItem","position":1,"name":"Home","item":"https:\/\/akunq.net\/turkish\/"},{"@type":"ListItem","position":2,"name":"Mark Geragos: &#8220;T\u00fcrkler kafalar\u0131n\u0131 kumdan \u00e7\u0131kars\u0131n&#8221;"}]},{"@type":"WebSite","@id":"https:\/\/akunq.net\/turkish\/#website","url":"https:\/\/akunq.net\/turkish\/","name":"Bati Ermenistan Ve Bati Ermenileri Sorunlari Ara\u015ftirmalar Merkezi","description":"","potentialAction":[{"@type":"SearchAction","target":{"@type":"EntryPoint","urlTemplate":"https:\/\/akunq.net\/turkish\/?s={search_term_string}"},"query-input":{"@type":"PropertyValueSpecification","valueRequired":true,"valueName":"search_term_string"}}],"inLanguage":"en-US"},{"@type":"Person","@id":"https:\/\/akunq.net\/turkish\/#\/schema\/person\/135e7923d1aeb8887890799619969a6c","name":"kalem","image":{"@type":"ImageObject","inLanguage":"en-US","@id":"https:\/\/secure.gravatar.com\/avatar\/a06875e4b25feb5674296adf8e8a7ae1e587cebce2493fe63c456109967e27d3?s=96&d=mm&r=g","url":"https:\/\/secure.gravatar.com\/avatar\/a06875e4b25feb5674296adf8e8a7ae1e587cebce2493fe63c456109967e27d3?s=96&d=mm&r=g","contentUrl":"https:\/\/secure.gravatar.com\/avatar\/a06875e4b25feb5674296adf8e8a7ae1e587cebce2493fe63c456109967e27d3?s=96&d=mm&r=g","caption":"kalem"},"url":"https:\/\/akunq.net\/turkish\/author\/kalem\/"}]}},"_links":{"self":[{"href":"https:\/\/akunq.net\/turkish\/wp-json\/wp\/v2\/posts\/1603","targetHints":{"allow":["GET"]}}],"collection":[{"href":"https:\/\/akunq.net\/turkish\/wp-json\/wp\/v2\/posts"}],"about":[{"href":"https:\/\/akunq.net\/turkish\/wp-json\/wp\/v2\/types\/post"}],"author":[{"embeddable":true,"href":"https:\/\/akunq.net\/turkish\/wp-json\/wp\/v2\/users\/3"}],"replies":[{"embeddable":true,"href":"https:\/\/akunq.net\/turkish\/wp-json\/wp\/v2\/comments?post=1603"}],"version-history":[{"count":0,"href":"https:\/\/akunq.net\/turkish\/wp-json\/wp\/v2\/posts\/1603\/revisions"}],"wp:attachment":[{"href":"https:\/\/akunq.net\/turkish\/wp-json\/wp\/v2\/media?parent=1603"}],"wp:term":[{"taxonomy":"category","embeddable":true,"href":"https:\/\/akunq.net\/turkish\/wp-json\/wp\/v2\/categories?post=1603"},{"taxonomy":"post_tag","embeddable":true,"href":"https:\/\/akunq.net\/turkish\/wp-json\/wp\/v2\/tags?post=1603"}],"curies":[{"name":"wp","href":"https:\/\/api.w.org\/{rel}","templated":true}]}}