{"id":1557,"date":"2010-08-11T03:35:59","date_gmt":"2010-08-11T08:35:59","guid":{"rendered":"http:\/\/akunq.net\/tr\/?p=1557"},"modified":"2010-08-11T03:35:59","modified_gmt":"2010-08-11T08:35:59","slug":"turkiye-ermenilerin-davalari-icin-kollari-sivadi","status":"publish","type":"post","link":"https:\/\/akunq.net\/turkish\/2010\/08\/11\/turkiye-ermenilerin-davalari-icin-kollari-sivadi\/","title":{"rendered":"T\u00fcrkiye, Ermenilerin davalar\u0131 i\u00e7in kollar\u0131 s\u0131vad\u0131"},"content":{"rendered":"<p style=\"text-align: justify\">T\u00fcrkiye, iki Ermeni k\u00f6kenli ABD&#8217;li taraf\u0131ndan Los Angeles mahkemesine yap\u0131lan &#8216;m\u00fclk ve tazminat&#8217; davas\u0131 ile ilgili olarak, savunmas\u0131n\u0131 olu\u015fturmaya ba\u015flad\u0131. AK\u015eAM&#8217;\u0131n diplomatik kaynaklardan edindi\u011fi bilgilere g\u00f6re Ankara, Los Angeles&#8217;te Garbis Davouyan ve Hrayr Turabian adl\u0131 iki Ermeni k\u00f6kenli ABD&#8217;linin a\u00e7t\u0131\u011f\u0131n\u0131n hen\u00fcz kabul edilip edilmeyece\u011fi netle\u015fmeden savunma \u00fczerinde \u00e7al\u0131\u015fmaya ba\u015flad\u0131. Buna g\u00f6re, Ankara davan\u0131n kabul edilmesi durumunda 1915 olaylar\u0131 s\u0131ras\u0131nda g\u00f6\u00e7 ettirilen Osmanl\u0131 yurtta\u015f\u0131 Ermenilere, eski varl\u0131klar\u0131 kadar m\u00fclk ve arazi verildi\u011fini belgeleriyle g\u00f6sterecek. Bunun yan\u0131 s\u0131ra Ankara, m\u00fclk ve arazi istemeyenlere de ederi d\u00fczeyinde para verildi\u011fine ili\u015fkin bilgileri de mahkemeye sunacak. \u00d6te yandan Los Angelos&#8217;taki davayla; daha \u00f6nce bu kentte ASALA taraf\u0131ndan \u00f6ld\u00fcr\u00fclen ya da yaralananlarla ilgili olarak a\u00e7\u0131lan davalara bakan avukatl\u0131k b\u00fcrosunun ilgilenece\u011fi \u00f6\u011frenildi. Ankara&#8217;n\u0131n ayn\u0131 b\u00fcroyu T\u00fcrkiye&#8217;nin Ermeni tezlerini bilen bir avukatl\u0131k firmas\u0131 oldu\u011fu i\u00e7in tercih etti\u011fi vurgulan\u0131yor.<\/p>\n<p><strong><em>Mahmut G\u00dcRER \/ ANKARA<\/em><\/strong><em><\/em><\/p>\n<p><strong><em>AK\u015eAM GAZETES\u0130 <\/em><\/strong><\/p>\n<p><strong><em>09 A\u011eUSTOS 2010, PAZARTES\u0130 <\/em><\/strong><\/p>\n","protected":false},"excerpt":{"rendered":"<p>T\u00fcrkiye, iki Ermeni k\u00f6kenli ABD&#8217;li taraf\u0131ndan Los Angeles mahkemesine yap\u0131lan &#8216;m\u00fclk ve tazminat&#8217; davas\u0131 ile ilgili olarak, savunmas\u0131n\u0131 olu\u015fturmaya ba\u015flad\u0131. AK\u015eAM&#8217;\u0131n diplomatik kaynaklardan edindi\u011fi bilgilere g\u00f6re Ankara, Los Angeles&#8217;te Garbis Davouyan ve Hrayr Turabian adl\u0131 iki Ermeni k\u00f6kenli ABD&#8217;linin a\u00e7t\u0131\u011f\u0131n\u0131n hen\u00fcz kabul edilip edilmeyece\u011fi netle\u015fmeden savunma \u00fczerinde \u00e7al\u0131\u015fmaya ba\u015flad\u0131. Buna g\u00f6re, Ankara davan\u0131n kabul edilmesi [&hellip;]<\/p>\n","protected":false},"author":3,"featured_media":0,"comment_status":"closed","ping_status":"open","sticky":false,"template":"","format":"standard","meta":{"footnotes":""},"categories":[14],"tags":[],"class_list":["post-1557","post","type-post","status-publish","format-standard","hentry","category-haberler"],"yoast_head":"<!-- This site is optimized with the Yoast SEO plugin v27.4 - https:\/\/yoast.com\/product\/yoast-seo-wordpress\/ -->\n<title>T\u00fcrkiye, Ermenilerin davalar\u0131 i\u00e7in kollar\u0131 s\u0131vad\u0131 - Bati Ermenistan Ve Bati Ermenileri Sorunlari Ara\u015ftirmalar Merkezi<\/title>\n<meta name=\"robots\" content=\"index, follow, max-snippet:-1, max-image-preview:large, max-video-preview:-1\" \/>\n<link rel=\"canonical\" href=\"https:\/\/akunq.net\/turkish\/2010\/08\/11\/turkiye-ermenilerin-davalari-icin-kollari-sivadi\/\" \/>\n<meta property=\"og:locale\" content=\"en_US\" \/>\n<meta property=\"og:type\" content=\"article\" \/>\n<meta property=\"og:title\" content=\"T\u00fcrkiye, Ermenilerin davalar\u0131 i\u00e7in kollar\u0131 s\u0131vad\u0131 - Bati Ermenistan Ve Bati Ermenileri Sorunlari Ara\u015ftirmalar Merkezi\" \/>\n<meta property=\"og:description\" content=\"T\u00fcrkiye, iki Ermeni k\u00f6kenli ABD&#8217;li taraf\u0131ndan Los Angeles mahkemesine yap\u0131lan &#8216;m\u00fclk ve tazminat&#8217; davas\u0131 ile ilgili olarak, savunmas\u0131n\u0131 olu\u015fturmaya ba\u015flad\u0131. AK\u015eAM&#8217;\u0131n diplomatik kaynaklardan edindi\u011fi bilgilere g\u00f6re Ankara, Los Angeles&#8217;te Garbis Davouyan ve Hrayr Turabian adl\u0131 iki Ermeni k\u00f6kenli ABD&#8217;linin a\u00e7t\u0131\u011f\u0131n\u0131n hen\u00fcz kabul edilip edilmeyece\u011fi netle\u015fmeden savunma \u00fczerinde \u00e7al\u0131\u015fmaya ba\u015flad\u0131. Buna g\u00f6re, Ankara davan\u0131n kabul edilmesi [&hellip;]\" \/>\n<meta property=\"og:url\" content=\"https:\/\/akunq.net\/turkish\/2010\/08\/11\/turkiye-ermenilerin-davalari-icin-kollari-sivadi\/\" \/>\n<meta property=\"og:site_name\" content=\"Bati Ermenistan Ve Bati Ermenileri Sorunlari Ara\u015ftirmalar Merkezi\" \/>\n<meta property=\"article:published_time\" content=\"2010-08-11T08:35:59+00:00\" \/>\n<meta name=\"author\" content=\"kalem\" \/>\n<meta name=\"twitter:card\" content=\"summary_large_image\" \/>\n<meta name=\"twitter:label1\" content=\"Written by\" \/>\n\t<meta name=\"twitter:data1\" content=\"kalem\" \/>\n\t<meta name=\"twitter:label2\" content=\"Est. reading time\" \/>\n\t<meta name=\"twitter:data2\" content=\"1 minute\" \/>\n<script type=\"application\/ld+json\" class=\"yoast-schema-graph\">{\"@context\":\"https:\\\/\\\/schema.org\",\"@graph\":[{\"@type\":\"Article\",\"@id\":\"https:\\\/\\\/akunq.net\\\/turkish\\\/2010\\\/08\\\/11\\\/turkiye-ermenilerin-davalari-icin-kollari-sivadi\\\/#article\",\"isPartOf\":{\"@id\":\"https:\\\/\\\/akunq.net\\\/turkish\\\/2010\\\/08\\\/11\\\/turkiye-ermenilerin-davalari-icin-kollari-sivadi\\\/\"},\"author\":{\"name\":\"kalem\",\"@id\":\"https:\\\/\\\/akunq.net\\\/turkish\\\/#\\\/schema\\\/person\\\/135e7923d1aeb8887890799619969a6c\"},\"headline\":\"T\u00fcrkiye, Ermenilerin davalar\u0131 i\u00e7in kollar\u0131 s\u0131vad\u0131\",\"datePublished\":\"2010-08-11T08:35:59+00:00\",\"mainEntityOfPage\":{\"@id\":\"https:\\\/\\\/akunq.net\\\/turkish\\\/2010\\\/08\\\/11\\\/turkiye-ermenilerin-davalari-icin-kollari-sivadi\\\/\"},\"wordCount\":197,\"articleSection\":[\"Haberler\"],\"inLanguage\":\"en-US\"},{\"@type\":\"WebPage\",\"@id\":\"https:\\\/\\\/akunq.net\\\/turkish\\\/2010\\\/08\\\/11\\\/turkiye-ermenilerin-davalari-icin-kollari-sivadi\\\/\",\"url\":\"https:\\\/\\\/akunq.net\\\/turkish\\\/2010\\\/08\\\/11\\\/turkiye-ermenilerin-davalari-icin-kollari-sivadi\\\/\",\"name\":\"T\u00fcrkiye, Ermenilerin davalar\u0131 i\u00e7in kollar\u0131 s\u0131vad\u0131 - Bati Ermenistan Ve Bati Ermenileri Sorunlari Ara\u015ftirmalar Merkezi\",\"isPartOf\":{\"@id\":\"https:\\\/\\\/akunq.net\\\/turkish\\\/#website\"},\"datePublished\":\"2010-08-11T08:35:59+00:00\",\"author\":{\"@id\":\"https:\\\/\\\/akunq.net\\\/turkish\\\/#\\\/schema\\\/person\\\/135e7923d1aeb8887890799619969a6c\"},\"breadcrumb\":{\"@id\":\"https:\\\/\\\/akunq.net\\\/turkish\\\/2010\\\/08\\\/11\\\/turkiye-ermenilerin-davalari-icin-kollari-sivadi\\\/#breadcrumb\"},\"inLanguage\":\"en-US\",\"potentialAction\":[{\"@type\":\"ReadAction\",\"target\":[\"https:\\\/\\\/akunq.net\\\/turkish\\\/2010\\\/08\\\/11\\\/turkiye-ermenilerin-davalari-icin-kollari-sivadi\\\/\"]}]},{\"@type\":\"BreadcrumbList\",\"@id\":\"https:\\\/\\\/akunq.net\\\/turkish\\\/2010\\\/08\\\/11\\\/turkiye-ermenilerin-davalari-icin-kollari-sivadi\\\/#breadcrumb\",\"itemListElement\":[{\"@type\":\"ListItem\",\"position\":1,\"name\":\"Home\",\"item\":\"https:\\\/\\\/akunq.net\\\/turkish\\\/\"},{\"@type\":\"ListItem\",\"position\":2,\"name\":\"T\u00fcrkiye, Ermenilerin davalar\u0131 i\u00e7in kollar\u0131 s\u0131vad\u0131\"}]},{\"@type\":\"WebSite\",\"@id\":\"https:\\\/\\\/akunq.net\\\/turkish\\\/#website\",\"url\":\"https:\\\/\\\/akunq.net\\\/turkish\\\/\",\"name\":\"Bati Ermenistan Ve Bati Ermenileri Sorunlari Ara\u015ftirmalar Merkezi\",\"description\":\"\",\"potentialAction\":[{\"@type\":\"SearchAction\",\"target\":{\"@type\":\"EntryPoint\",\"urlTemplate\":\"https:\\\/\\\/akunq.net\\\/turkish\\\/?s={search_term_string}\"},\"query-input\":{\"@type\":\"PropertyValueSpecification\",\"valueRequired\":true,\"valueName\":\"search_term_string\"}}],\"inLanguage\":\"en-US\"},{\"@type\":\"Person\",\"@id\":\"https:\\\/\\\/akunq.net\\\/turkish\\\/#\\\/schema\\\/person\\\/135e7923d1aeb8887890799619969a6c\",\"name\":\"kalem\",\"image\":{\"@type\":\"ImageObject\",\"inLanguage\":\"en-US\",\"@id\":\"https:\\\/\\\/secure.gravatar.com\\\/avatar\\\/a06875e4b25feb5674296adf8e8a7ae1e587cebce2493fe63c456109967e27d3?s=96&d=mm&r=g\",\"url\":\"https:\\\/\\\/secure.gravatar.com\\\/avatar\\\/a06875e4b25feb5674296adf8e8a7ae1e587cebce2493fe63c456109967e27d3?s=96&d=mm&r=g\",\"contentUrl\":\"https:\\\/\\\/secure.gravatar.com\\\/avatar\\\/a06875e4b25feb5674296adf8e8a7ae1e587cebce2493fe63c456109967e27d3?s=96&d=mm&r=g\",\"caption\":\"kalem\"},\"url\":\"https:\\\/\\\/akunq.net\\\/turkish\\\/author\\\/kalem\\\/\"}]}<\/script>\n<!-- \/ Yoast SEO plugin. -->","yoast_head_json":{"title":"T\u00fcrkiye, Ermenilerin davalar\u0131 i\u00e7in kollar\u0131 s\u0131vad\u0131 - Bati Ermenistan Ve Bati Ermenileri Sorunlari Ara\u015ftirmalar Merkezi","robots":{"index":"index","follow":"follow","max-snippet":"max-snippet:-1","max-image-preview":"max-image-preview:large","max-video-preview":"max-video-preview:-1"},"canonical":"https:\/\/akunq.net\/turkish\/2010\/08\/11\/turkiye-ermenilerin-davalari-icin-kollari-sivadi\/","og_locale":"en_US","og_type":"article","og_title":"T\u00fcrkiye, Ermenilerin davalar\u0131 i\u00e7in kollar\u0131 s\u0131vad\u0131 - Bati Ermenistan Ve Bati Ermenileri Sorunlari Ara\u015ftirmalar Merkezi","og_description":"T\u00fcrkiye, iki Ermeni k\u00f6kenli ABD&#8217;li taraf\u0131ndan Los Angeles mahkemesine yap\u0131lan &#8216;m\u00fclk ve tazminat&#8217; davas\u0131 ile ilgili olarak, savunmas\u0131n\u0131 olu\u015fturmaya ba\u015flad\u0131. AK\u015eAM&#8217;\u0131n diplomatik kaynaklardan edindi\u011fi bilgilere g\u00f6re Ankara, Los Angeles&#8217;te Garbis Davouyan ve Hrayr Turabian adl\u0131 iki Ermeni k\u00f6kenli ABD&#8217;linin a\u00e7t\u0131\u011f\u0131n\u0131n hen\u00fcz kabul edilip edilmeyece\u011fi netle\u015fmeden savunma \u00fczerinde \u00e7al\u0131\u015fmaya ba\u015flad\u0131. Buna g\u00f6re, Ankara davan\u0131n kabul edilmesi [&hellip;]","og_url":"https:\/\/akunq.net\/turkish\/2010\/08\/11\/turkiye-ermenilerin-davalari-icin-kollari-sivadi\/","og_site_name":"Bati Ermenistan Ve Bati Ermenileri Sorunlari Ara\u015ftirmalar Merkezi","article_published_time":"2010-08-11T08:35:59+00:00","author":"kalem","twitter_card":"summary_large_image","twitter_misc":{"Written by":"kalem","Est. reading time":"1 minute"},"schema":{"@context":"https:\/\/schema.org","@graph":[{"@type":"Article","@id":"https:\/\/akunq.net\/turkish\/2010\/08\/11\/turkiye-ermenilerin-davalari-icin-kollari-sivadi\/#article","isPartOf":{"@id":"https:\/\/akunq.net\/turkish\/2010\/08\/11\/turkiye-ermenilerin-davalari-icin-kollari-sivadi\/"},"author":{"name":"kalem","@id":"https:\/\/akunq.net\/turkish\/#\/schema\/person\/135e7923d1aeb8887890799619969a6c"},"headline":"T\u00fcrkiye, Ermenilerin davalar\u0131 i\u00e7in kollar\u0131 s\u0131vad\u0131","datePublished":"2010-08-11T08:35:59+00:00","mainEntityOfPage":{"@id":"https:\/\/akunq.net\/turkish\/2010\/08\/11\/turkiye-ermenilerin-davalari-icin-kollari-sivadi\/"},"wordCount":197,"articleSection":["Haberler"],"inLanguage":"en-US"},{"@type":"WebPage","@id":"https:\/\/akunq.net\/turkish\/2010\/08\/11\/turkiye-ermenilerin-davalari-icin-kollari-sivadi\/","url":"https:\/\/akunq.net\/turkish\/2010\/08\/11\/turkiye-ermenilerin-davalari-icin-kollari-sivadi\/","name":"T\u00fcrkiye, Ermenilerin davalar\u0131 i\u00e7in kollar\u0131 s\u0131vad\u0131 - Bati Ermenistan Ve Bati Ermenileri Sorunlari Ara\u015ftirmalar Merkezi","isPartOf":{"@id":"https:\/\/akunq.net\/turkish\/#website"},"datePublished":"2010-08-11T08:35:59+00:00","author":{"@id":"https:\/\/akunq.net\/turkish\/#\/schema\/person\/135e7923d1aeb8887890799619969a6c"},"breadcrumb":{"@id":"https:\/\/akunq.net\/turkish\/2010\/08\/11\/turkiye-ermenilerin-davalari-icin-kollari-sivadi\/#breadcrumb"},"inLanguage":"en-US","potentialAction":[{"@type":"ReadAction","target":["https:\/\/akunq.net\/turkish\/2010\/08\/11\/turkiye-ermenilerin-davalari-icin-kollari-sivadi\/"]}]},{"@type":"BreadcrumbList","@id":"https:\/\/akunq.net\/turkish\/2010\/08\/11\/turkiye-ermenilerin-davalari-icin-kollari-sivadi\/#breadcrumb","itemListElement":[{"@type":"ListItem","position":1,"name":"Home","item":"https:\/\/akunq.net\/turkish\/"},{"@type":"ListItem","position":2,"name":"T\u00fcrkiye, Ermenilerin davalar\u0131 i\u00e7in kollar\u0131 s\u0131vad\u0131"}]},{"@type":"WebSite","@id":"https:\/\/akunq.net\/turkish\/#website","url":"https:\/\/akunq.net\/turkish\/","name":"Bati Ermenistan Ve Bati Ermenileri Sorunlari Ara\u015ftirmalar Merkezi","description":"","potentialAction":[{"@type":"SearchAction","target":{"@type":"EntryPoint","urlTemplate":"https:\/\/akunq.net\/turkish\/?s={search_term_string}"},"query-input":{"@type":"PropertyValueSpecification","valueRequired":true,"valueName":"search_term_string"}}],"inLanguage":"en-US"},{"@type":"Person","@id":"https:\/\/akunq.net\/turkish\/#\/schema\/person\/135e7923d1aeb8887890799619969a6c","name":"kalem","image":{"@type":"ImageObject","inLanguage":"en-US","@id":"https:\/\/secure.gravatar.com\/avatar\/a06875e4b25feb5674296adf8e8a7ae1e587cebce2493fe63c456109967e27d3?s=96&d=mm&r=g","url":"https:\/\/secure.gravatar.com\/avatar\/a06875e4b25feb5674296adf8e8a7ae1e587cebce2493fe63c456109967e27d3?s=96&d=mm&r=g","contentUrl":"https:\/\/secure.gravatar.com\/avatar\/a06875e4b25feb5674296adf8e8a7ae1e587cebce2493fe63c456109967e27d3?s=96&d=mm&r=g","caption":"kalem"},"url":"https:\/\/akunq.net\/turkish\/author\/kalem\/"}]}},"_links":{"self":[{"href":"https:\/\/akunq.net\/turkish\/wp-json\/wp\/v2\/posts\/1557","targetHints":{"allow":["GET"]}}],"collection":[{"href":"https:\/\/akunq.net\/turkish\/wp-json\/wp\/v2\/posts"}],"about":[{"href":"https:\/\/akunq.net\/turkish\/wp-json\/wp\/v2\/types\/post"}],"author":[{"embeddable":true,"href":"https:\/\/akunq.net\/turkish\/wp-json\/wp\/v2\/users\/3"}],"replies":[{"embeddable":true,"href":"https:\/\/akunq.net\/turkish\/wp-json\/wp\/v2\/comments?post=1557"}],"version-history":[{"count":0,"href":"https:\/\/akunq.net\/turkish\/wp-json\/wp\/v2\/posts\/1557\/revisions"}],"wp:attachment":[{"href":"https:\/\/akunq.net\/turkish\/wp-json\/wp\/v2\/media?parent=1557"}],"wp:term":[{"taxonomy":"category","embeddable":true,"href":"https:\/\/akunq.net\/turkish\/wp-json\/wp\/v2\/categories?post=1557"},{"taxonomy":"post_tag","embeddable":true,"href":"https:\/\/akunq.net\/turkish\/wp-json\/wp\/v2\/tags?post=1557"}],"curies":[{"name":"wp","href":"https:\/\/api.w.org\/{rel}","templated":true}]}}