{"id":1551,"date":"2010-08-11T01:52:11","date_gmt":"2010-08-11T06:52:11","guid":{"rendered":"http:\/\/akunq.net\/tr\/?p=1551"},"modified":"2010-08-11T01:52:11","modified_gmt":"2010-08-11T06:52:11","slug":"tarihci-sevr-antlasmasinin-hukuki-gucu-var-bu-sebeple-de-turkiye-daima-bu-antlasmadan-korkmakta","status":"publish","type":"post","link":"https:\/\/akunq.net\/turkish\/2010\/08\/11\/tarihci-sevr-antlasmasinin-hukuki-gucu-var-bu-sebeple-de-turkiye-daima-bu-antlasmadan-korkmakta\/","title":{"rendered":"Tarih\u00e7i: Sevr Antla\u015fmas\u0131n\u0131n hukuki g\u00fcc\u00fc var, bu sebeple de T\u00fcrkiye daima bu Antla\u015fma\u2019dan korkmakta"},"content":{"rendered":"<p style=\"text-align: justify\">10 A\u011fustos\u2019ta d\u00fczenlenen bas\u0131n toplant\u0131s\u0131nada Ermenistan Ulusal Bilimler Akademisi (EUBA) Tarih Enstit\u00fcs\u00fc B\u015fk. A\u015fot Melkonyan yapt\u0131\u011f\u0131 a\u00e7\u0131klamada \u2018Sevr Antla\u015fmas\u0131 ya\u015famakta ve hukuki g\u00fcc\u00fc var, bunu ilk elde bu belgeyi imzalayan \u00fclkelerden hi\u00e7birinin bunun ge\u00e7ersiz oldu\u011funu ilan etmemi\u015f olmalar\u0131 ortaya koymakta\u2019 dedi.<\/p>\n<p style=\"text-align: justify\">Melkonyan EUBA Tarih Enstit\u00fcs\u00fc taraf\u0131ndan ger\u00e7ekle\u015ftirilen ara\u015ft\u0131rmalar, T\u00fcrk istatistiklerinin Sevr Antla\u015fmas\u0131 ve Woodrow Wilson\u2019un hukuk yarat\u0131c\u0131 karar\u0131yla \u00f6ng\u00f6r\u00fclen s\u0131n\u0131rdan Do\u011fu\u2019ya uzanan alanlarda (ki bunun Ermenistan\u2019a ge\u00e7mesi gerekmekteydi) hi\u00e7bir Ermeninin ya\u015famad\u0131\u011f\u0131 kaydedilmekte oldu\u011funu ortaya koymakta. Bat\u0131\u2019daysa S\u0131vas, Harput, Diyarbekir\u2019de ise ayn\u0131 istatistikler son d\u00f6neme kadar 300-500 ailenin ya\u015fad\u0131\u011f\u0131n\u0131 ve kiliselerin faaliyet g\u00f6sterdi\u011fini ortaya koymakta. Tarih Enstit\u00fcs\u00fc Md. Melkonyan \u2018T\u00fcrkiye daima bu Antla\u015fma\u2019dan korkmakta ve ABD bu hususu daima T\u00fcrkiye\u2019de askeri \u00fcslerini konu\u015fland\u0131rma ve di\u011fer konularda T\u00fcrkiye\u2019ye iradesini telkin etmekte kullanmakta\u2019 dedi.<\/p>\n<p style=\"text-align: justify\">Sevr Antla\u015fmas\u0131n\u0131n 10 A\u011fustos 1920\u2019de Sevres\u2019te (Paris yak\u0131nlar\u0131nda) Osmanl\u0131 T\u00fcrkiyesi ve 1914-1918 I. D\u00fcnya Sava\u015f\u0131\u2019na m\u00fctefik \u00fclkeler\u00a0 (B\u00fcy\u00fck Britanya, Fransa, \u0130talya, Japonya, Bel\u00e7ika, Yunanistan, Polonya, Portekiz, Romanya, Ermenistan, \u00c7ekoslovakya, S\u0131rp- H\u0131rvat-Sloven Krall\u0131\u011f\u0131 ve Hicaz) taraf\u0131ndan imzaland\u0131\u011f\u0131n\u0131 kaydedelim. Ermenistan ad\u0131na Antla\u015fma Avetis Aharonyan taraf\u0131ndan imzalanm\u0131\u015ft\u0131.<\/p>\n<p style=\"text-align: justify\"><strong><em><a href=\"http:\/\/news.am\/tur\/\">News from Armenia &#8211; NEWS.am<\/a> <\/em><\/strong><\/p>\n<p style=\"text-align: justify\"><strong><em>A\u011fustos 10, 2010 | <\/em><\/strong><\/p>\n","protected":false},"excerpt":{"rendered":"<p>10 A\u011fustos\u2019ta d\u00fczenlenen bas\u0131n toplant\u0131s\u0131nada Ermenistan Ulusal Bilimler Akademisi (EUBA) Tarih Enstit\u00fcs\u00fc B\u015fk. A\u015fot Melkonyan yapt\u0131\u011f\u0131 a\u00e7\u0131klamada \u2018Sevr Antla\u015fmas\u0131 ya\u015famakta ve hukuki g\u00fcc\u00fc var, bunu ilk elde bu belgeyi imzalayan \u00fclkelerden hi\u00e7birinin bunun ge\u00e7ersiz oldu\u011funu ilan etmemi\u015f olmalar\u0131 ortaya koymakta\u2019 dedi. Melkonyan EUBA Tarih Enstit\u00fcs\u00fc taraf\u0131ndan ger\u00e7ekle\u015ftirilen ara\u015ft\u0131rmalar, T\u00fcrk istatistiklerinin Sevr Antla\u015fmas\u0131 ve Woodrow Wilson\u2019un [&hellip;]<\/p>\n","protected":false},"author":3,"featured_media":0,"comment_status":"closed","ping_status":"open","sticky":false,"template":"","format":"standard","meta":{"footnotes":""},"categories":[14],"tags":[],"class_list":["post-1551","post","type-post","status-publish","format-standard","hentry","category-haberler"],"yoast_head":"<!-- This site is optimized with the Yoast SEO plugin v27.4 - https:\/\/yoast.com\/product\/yoast-seo-wordpress\/ -->\n<title>Tarih\u00e7i: Sevr Antla\u015fmas\u0131n\u0131n hukuki g\u00fcc\u00fc var, bu sebeple de T\u00fcrkiye daima bu Antla\u015fma\u2019dan korkmakta - Bati Ermenistan Ve Bati Ermenileri Sorunlari Ara\u015ftirmalar Merkezi<\/title>\n<meta name=\"robots\" content=\"index, follow, max-snippet:-1, max-image-preview:large, max-video-preview:-1\" \/>\n<link rel=\"canonical\" href=\"https:\/\/akunq.net\/turkish\/2010\/08\/11\/tarihci-sevr-antlasmasinin-hukuki-gucu-var-bu-sebeple-de-turkiye-daima-bu-antlasmadan-korkmakta\/\" \/>\n<meta property=\"og:locale\" content=\"en_US\" \/>\n<meta property=\"og:type\" content=\"article\" \/>\n<meta property=\"og:title\" content=\"Tarih\u00e7i: Sevr Antla\u015fmas\u0131n\u0131n hukuki g\u00fcc\u00fc var, bu sebeple de T\u00fcrkiye daima bu Antla\u015fma\u2019dan korkmakta - Bati Ermenistan Ve Bati Ermenileri Sorunlari Ara\u015ftirmalar Merkezi\" \/>\n<meta property=\"og:description\" content=\"10 A\u011fustos\u2019ta d\u00fczenlenen bas\u0131n toplant\u0131s\u0131nada Ermenistan Ulusal Bilimler Akademisi (EUBA) Tarih Enstit\u00fcs\u00fc B\u015fk. A\u015fot Melkonyan yapt\u0131\u011f\u0131 a\u00e7\u0131klamada \u2018Sevr Antla\u015fmas\u0131 ya\u015famakta ve hukuki g\u00fcc\u00fc var, bunu ilk elde bu belgeyi imzalayan \u00fclkelerden hi\u00e7birinin bunun ge\u00e7ersiz oldu\u011funu ilan etmemi\u015f olmalar\u0131 ortaya koymakta\u2019 dedi. Melkonyan EUBA Tarih Enstit\u00fcs\u00fc taraf\u0131ndan ger\u00e7ekle\u015ftirilen ara\u015ft\u0131rmalar, T\u00fcrk istatistiklerinin Sevr Antla\u015fmas\u0131 ve Woodrow Wilson\u2019un [&hellip;]\" \/>\n<meta property=\"og:url\" content=\"https:\/\/akunq.net\/turkish\/2010\/08\/11\/tarihci-sevr-antlasmasinin-hukuki-gucu-var-bu-sebeple-de-turkiye-daima-bu-antlasmadan-korkmakta\/\" \/>\n<meta property=\"og:site_name\" content=\"Bati Ermenistan Ve Bati Ermenileri Sorunlari Ara\u015ftirmalar Merkezi\" \/>\n<meta property=\"article:published_time\" content=\"2010-08-11T06:52:11+00:00\" \/>\n<meta name=\"author\" content=\"kalem\" \/>\n<meta name=\"twitter:card\" content=\"summary_large_image\" \/>\n<meta name=\"twitter:label1\" content=\"Written by\" \/>\n\t<meta name=\"twitter:data1\" content=\"kalem\" \/>\n\t<meta name=\"twitter:label2\" content=\"Est. reading time\" \/>\n\t<meta name=\"twitter:data2\" content=\"1 minute\" \/>\n<script type=\"application\/ld+json\" class=\"yoast-schema-graph\">{\"@context\":\"https:\\\/\\\/schema.org\",\"@graph\":[{\"@type\":\"Article\",\"@id\":\"https:\\\/\\\/akunq.net\\\/turkish\\\/2010\\\/08\\\/11\\\/tarihci-sevr-antlasmasinin-hukuki-gucu-var-bu-sebeple-de-turkiye-daima-bu-antlasmadan-korkmakta\\\/#article\",\"isPartOf\":{\"@id\":\"https:\\\/\\\/akunq.net\\\/turkish\\\/2010\\\/08\\\/11\\\/tarihci-sevr-antlasmasinin-hukuki-gucu-var-bu-sebeple-de-turkiye-daima-bu-antlasmadan-korkmakta\\\/\"},\"author\":{\"name\":\"kalem\",\"@id\":\"https:\\\/\\\/akunq.net\\\/turkish\\\/#\\\/schema\\\/person\\\/135e7923d1aeb8887890799619969a6c\"},\"headline\":\"Tarih\u00e7i: Sevr Antla\u015fmas\u0131n\u0131n hukuki g\u00fcc\u00fc var, bu sebeple de T\u00fcrkiye daima bu Antla\u015fma\u2019dan korkmakta\",\"datePublished\":\"2010-08-11T06:52:11+00:00\",\"mainEntityOfPage\":{\"@id\":\"https:\\\/\\\/akunq.net\\\/turkish\\\/2010\\\/08\\\/11\\\/tarihci-sevr-antlasmasinin-hukuki-gucu-var-bu-sebeple-de-turkiye-daima-bu-antlasmadan-korkmakta\\\/\"},\"wordCount\":272,\"articleSection\":[\"Haberler\"],\"inLanguage\":\"en-US\"},{\"@type\":\"WebPage\",\"@id\":\"https:\\\/\\\/akunq.net\\\/turkish\\\/2010\\\/08\\\/11\\\/tarihci-sevr-antlasmasinin-hukuki-gucu-var-bu-sebeple-de-turkiye-daima-bu-antlasmadan-korkmakta\\\/\",\"url\":\"https:\\\/\\\/akunq.net\\\/turkish\\\/2010\\\/08\\\/11\\\/tarihci-sevr-antlasmasinin-hukuki-gucu-var-bu-sebeple-de-turkiye-daima-bu-antlasmadan-korkmakta\\\/\",\"name\":\"Tarih\u00e7i: Sevr Antla\u015fmas\u0131n\u0131n hukuki g\u00fcc\u00fc var, bu sebeple de T\u00fcrkiye daima bu Antla\u015fma\u2019dan korkmakta - Bati Ermenistan Ve Bati Ermenileri Sorunlari Ara\u015ftirmalar Merkezi\",\"isPartOf\":{\"@id\":\"https:\\\/\\\/akunq.net\\\/turkish\\\/#website\"},\"datePublished\":\"2010-08-11T06:52:11+00:00\",\"author\":{\"@id\":\"https:\\\/\\\/akunq.net\\\/turkish\\\/#\\\/schema\\\/person\\\/135e7923d1aeb8887890799619969a6c\"},\"breadcrumb\":{\"@id\":\"https:\\\/\\\/akunq.net\\\/turkish\\\/2010\\\/08\\\/11\\\/tarihci-sevr-antlasmasinin-hukuki-gucu-var-bu-sebeple-de-turkiye-daima-bu-antlasmadan-korkmakta\\\/#breadcrumb\"},\"inLanguage\":\"en-US\",\"potentialAction\":[{\"@type\":\"ReadAction\",\"target\":[\"https:\\\/\\\/akunq.net\\\/turkish\\\/2010\\\/08\\\/11\\\/tarihci-sevr-antlasmasinin-hukuki-gucu-var-bu-sebeple-de-turkiye-daima-bu-antlasmadan-korkmakta\\\/\"]}]},{\"@type\":\"BreadcrumbList\",\"@id\":\"https:\\\/\\\/akunq.net\\\/turkish\\\/2010\\\/08\\\/11\\\/tarihci-sevr-antlasmasinin-hukuki-gucu-var-bu-sebeple-de-turkiye-daima-bu-antlasmadan-korkmakta\\\/#breadcrumb\",\"itemListElement\":[{\"@type\":\"ListItem\",\"position\":1,\"name\":\"Home\",\"item\":\"https:\\\/\\\/akunq.net\\\/turkish\\\/\"},{\"@type\":\"ListItem\",\"position\":2,\"name\":\"Tarih\u00e7i: Sevr Antla\u015fmas\u0131n\u0131n hukuki g\u00fcc\u00fc var, bu sebeple de T\u00fcrkiye daima bu Antla\u015fma\u2019dan korkmakta\"}]},{\"@type\":\"WebSite\",\"@id\":\"https:\\\/\\\/akunq.net\\\/turkish\\\/#website\",\"url\":\"https:\\\/\\\/akunq.net\\\/turkish\\\/\",\"name\":\"Bati Ermenistan Ve Bati Ermenileri Sorunlari Ara\u015ftirmalar Merkezi\",\"description\":\"\",\"potentialAction\":[{\"@type\":\"SearchAction\",\"target\":{\"@type\":\"EntryPoint\",\"urlTemplate\":\"https:\\\/\\\/akunq.net\\\/turkish\\\/?s={search_term_string}\"},\"query-input\":{\"@type\":\"PropertyValueSpecification\",\"valueRequired\":true,\"valueName\":\"search_term_string\"}}],\"inLanguage\":\"en-US\"},{\"@type\":\"Person\",\"@id\":\"https:\\\/\\\/akunq.net\\\/turkish\\\/#\\\/schema\\\/person\\\/135e7923d1aeb8887890799619969a6c\",\"name\":\"kalem\",\"image\":{\"@type\":\"ImageObject\",\"inLanguage\":\"en-US\",\"@id\":\"https:\\\/\\\/secure.gravatar.com\\\/avatar\\\/a06875e4b25feb5674296adf8e8a7ae1e587cebce2493fe63c456109967e27d3?s=96&d=mm&r=g\",\"url\":\"https:\\\/\\\/secure.gravatar.com\\\/avatar\\\/a06875e4b25feb5674296adf8e8a7ae1e587cebce2493fe63c456109967e27d3?s=96&d=mm&r=g\",\"contentUrl\":\"https:\\\/\\\/secure.gravatar.com\\\/avatar\\\/a06875e4b25feb5674296adf8e8a7ae1e587cebce2493fe63c456109967e27d3?s=96&d=mm&r=g\",\"caption\":\"kalem\"},\"url\":\"https:\\\/\\\/akunq.net\\\/turkish\\\/author\\\/kalem\\\/\"}]}<\/script>\n<!-- \/ Yoast SEO plugin. -->","yoast_head_json":{"title":"Tarih\u00e7i: Sevr Antla\u015fmas\u0131n\u0131n hukuki g\u00fcc\u00fc var, bu sebeple de T\u00fcrkiye daima bu Antla\u015fma\u2019dan korkmakta - Bati Ermenistan Ve Bati Ermenileri Sorunlari Ara\u015ftirmalar Merkezi","robots":{"index":"index","follow":"follow","max-snippet":"max-snippet:-1","max-image-preview":"max-image-preview:large","max-video-preview":"max-video-preview:-1"},"canonical":"https:\/\/akunq.net\/turkish\/2010\/08\/11\/tarihci-sevr-antlasmasinin-hukuki-gucu-var-bu-sebeple-de-turkiye-daima-bu-antlasmadan-korkmakta\/","og_locale":"en_US","og_type":"article","og_title":"Tarih\u00e7i: Sevr Antla\u015fmas\u0131n\u0131n hukuki g\u00fcc\u00fc var, bu sebeple de T\u00fcrkiye daima bu Antla\u015fma\u2019dan korkmakta - Bati Ermenistan Ve Bati Ermenileri Sorunlari Ara\u015ftirmalar Merkezi","og_description":"10 A\u011fustos\u2019ta d\u00fczenlenen bas\u0131n toplant\u0131s\u0131nada Ermenistan Ulusal Bilimler Akademisi (EUBA) Tarih Enstit\u00fcs\u00fc B\u015fk. A\u015fot Melkonyan yapt\u0131\u011f\u0131 a\u00e7\u0131klamada \u2018Sevr Antla\u015fmas\u0131 ya\u015famakta ve hukuki g\u00fcc\u00fc var, bunu ilk elde bu belgeyi imzalayan \u00fclkelerden hi\u00e7birinin bunun ge\u00e7ersiz oldu\u011funu ilan etmemi\u015f olmalar\u0131 ortaya koymakta\u2019 dedi. Melkonyan EUBA Tarih Enstit\u00fcs\u00fc taraf\u0131ndan ger\u00e7ekle\u015ftirilen ara\u015ft\u0131rmalar, T\u00fcrk istatistiklerinin Sevr Antla\u015fmas\u0131 ve Woodrow Wilson\u2019un [&hellip;]","og_url":"https:\/\/akunq.net\/turkish\/2010\/08\/11\/tarihci-sevr-antlasmasinin-hukuki-gucu-var-bu-sebeple-de-turkiye-daima-bu-antlasmadan-korkmakta\/","og_site_name":"Bati Ermenistan Ve Bati Ermenileri Sorunlari Ara\u015ftirmalar Merkezi","article_published_time":"2010-08-11T06:52:11+00:00","author":"kalem","twitter_card":"summary_large_image","twitter_misc":{"Written by":"kalem","Est. reading time":"1 minute"},"schema":{"@context":"https:\/\/schema.org","@graph":[{"@type":"Article","@id":"https:\/\/akunq.net\/turkish\/2010\/08\/11\/tarihci-sevr-antlasmasinin-hukuki-gucu-var-bu-sebeple-de-turkiye-daima-bu-antlasmadan-korkmakta\/#article","isPartOf":{"@id":"https:\/\/akunq.net\/turkish\/2010\/08\/11\/tarihci-sevr-antlasmasinin-hukuki-gucu-var-bu-sebeple-de-turkiye-daima-bu-antlasmadan-korkmakta\/"},"author":{"name":"kalem","@id":"https:\/\/akunq.net\/turkish\/#\/schema\/person\/135e7923d1aeb8887890799619969a6c"},"headline":"Tarih\u00e7i: Sevr Antla\u015fmas\u0131n\u0131n hukuki g\u00fcc\u00fc var, bu sebeple de T\u00fcrkiye daima bu Antla\u015fma\u2019dan korkmakta","datePublished":"2010-08-11T06:52:11+00:00","mainEntityOfPage":{"@id":"https:\/\/akunq.net\/turkish\/2010\/08\/11\/tarihci-sevr-antlasmasinin-hukuki-gucu-var-bu-sebeple-de-turkiye-daima-bu-antlasmadan-korkmakta\/"},"wordCount":272,"articleSection":["Haberler"],"inLanguage":"en-US"},{"@type":"WebPage","@id":"https:\/\/akunq.net\/turkish\/2010\/08\/11\/tarihci-sevr-antlasmasinin-hukuki-gucu-var-bu-sebeple-de-turkiye-daima-bu-antlasmadan-korkmakta\/","url":"https:\/\/akunq.net\/turkish\/2010\/08\/11\/tarihci-sevr-antlasmasinin-hukuki-gucu-var-bu-sebeple-de-turkiye-daima-bu-antlasmadan-korkmakta\/","name":"Tarih\u00e7i: Sevr Antla\u015fmas\u0131n\u0131n hukuki g\u00fcc\u00fc var, bu sebeple de T\u00fcrkiye daima bu Antla\u015fma\u2019dan korkmakta - Bati Ermenistan Ve Bati Ermenileri Sorunlari Ara\u015ftirmalar Merkezi","isPartOf":{"@id":"https:\/\/akunq.net\/turkish\/#website"},"datePublished":"2010-08-11T06:52:11+00:00","author":{"@id":"https:\/\/akunq.net\/turkish\/#\/schema\/person\/135e7923d1aeb8887890799619969a6c"},"breadcrumb":{"@id":"https:\/\/akunq.net\/turkish\/2010\/08\/11\/tarihci-sevr-antlasmasinin-hukuki-gucu-var-bu-sebeple-de-turkiye-daima-bu-antlasmadan-korkmakta\/#breadcrumb"},"inLanguage":"en-US","potentialAction":[{"@type":"ReadAction","target":["https:\/\/akunq.net\/turkish\/2010\/08\/11\/tarihci-sevr-antlasmasinin-hukuki-gucu-var-bu-sebeple-de-turkiye-daima-bu-antlasmadan-korkmakta\/"]}]},{"@type":"BreadcrumbList","@id":"https:\/\/akunq.net\/turkish\/2010\/08\/11\/tarihci-sevr-antlasmasinin-hukuki-gucu-var-bu-sebeple-de-turkiye-daima-bu-antlasmadan-korkmakta\/#breadcrumb","itemListElement":[{"@type":"ListItem","position":1,"name":"Home","item":"https:\/\/akunq.net\/turkish\/"},{"@type":"ListItem","position":2,"name":"Tarih\u00e7i: Sevr Antla\u015fmas\u0131n\u0131n hukuki g\u00fcc\u00fc var, bu sebeple de T\u00fcrkiye daima bu Antla\u015fma\u2019dan korkmakta"}]},{"@type":"WebSite","@id":"https:\/\/akunq.net\/turkish\/#website","url":"https:\/\/akunq.net\/turkish\/","name":"Bati Ermenistan Ve Bati Ermenileri Sorunlari Ara\u015ftirmalar Merkezi","description":"","potentialAction":[{"@type":"SearchAction","target":{"@type":"EntryPoint","urlTemplate":"https:\/\/akunq.net\/turkish\/?s={search_term_string}"},"query-input":{"@type":"PropertyValueSpecification","valueRequired":true,"valueName":"search_term_string"}}],"inLanguage":"en-US"},{"@type":"Person","@id":"https:\/\/akunq.net\/turkish\/#\/schema\/person\/135e7923d1aeb8887890799619969a6c","name":"kalem","image":{"@type":"ImageObject","inLanguage":"en-US","@id":"https:\/\/secure.gravatar.com\/avatar\/a06875e4b25feb5674296adf8e8a7ae1e587cebce2493fe63c456109967e27d3?s=96&d=mm&r=g","url":"https:\/\/secure.gravatar.com\/avatar\/a06875e4b25feb5674296adf8e8a7ae1e587cebce2493fe63c456109967e27d3?s=96&d=mm&r=g","contentUrl":"https:\/\/secure.gravatar.com\/avatar\/a06875e4b25feb5674296adf8e8a7ae1e587cebce2493fe63c456109967e27d3?s=96&d=mm&r=g","caption":"kalem"},"url":"https:\/\/akunq.net\/turkish\/author\/kalem\/"}]}},"_links":{"self":[{"href":"https:\/\/akunq.net\/turkish\/wp-json\/wp\/v2\/posts\/1551","targetHints":{"allow":["GET"]}}],"collection":[{"href":"https:\/\/akunq.net\/turkish\/wp-json\/wp\/v2\/posts"}],"about":[{"href":"https:\/\/akunq.net\/turkish\/wp-json\/wp\/v2\/types\/post"}],"author":[{"embeddable":true,"href":"https:\/\/akunq.net\/turkish\/wp-json\/wp\/v2\/users\/3"}],"replies":[{"embeddable":true,"href":"https:\/\/akunq.net\/turkish\/wp-json\/wp\/v2\/comments?post=1551"}],"version-history":[{"count":0,"href":"https:\/\/akunq.net\/turkish\/wp-json\/wp\/v2\/posts\/1551\/revisions"}],"wp:attachment":[{"href":"https:\/\/akunq.net\/turkish\/wp-json\/wp\/v2\/media?parent=1551"}],"wp:term":[{"taxonomy":"category","embeddable":true,"href":"https:\/\/akunq.net\/turkish\/wp-json\/wp\/v2\/categories?post=1551"},{"taxonomy":"post_tag","embeddable":true,"href":"https:\/\/akunq.net\/turkish\/wp-json\/wp\/v2\/tags?post=1551"}],"curies":[{"name":"wp","href":"https:\/\/api.w.org\/{rel}","templated":true}]}}