{"id":1539,"date":"2010-08-11T00:18:57","date_gmt":"2010-08-11T05:18:57","guid":{"rendered":"http:\/\/akunq.net\/tr\/?p=1539"},"modified":"2010-08-11T00:18:57","modified_gmt":"2010-08-11T05:18:57","slug":"agri-dagina-ermeni-bayragina-sorusturma","status":"publish","type":"post","link":"https:\/\/akunq.net\/turkish\/2010\/08\/11\/agri-dagina-ermeni-bayragina-sorusturma\/","title":{"rendered":"A\u011fr\u0131 Da\u011f\u0131&#8217;na Ermeni bayra\u011f\u0131na soru\u015fturma"},"content":{"rendered":"<p style=\"text-align: justify\"><a rel=\"attachment wp-att-1540\" href=\"http:\/\/akunq.net\/tr\/?attachment_id=1540\"><img loading=\"lazy\" decoding=\"async\" class=\"alignnone size-large wp-image-1540\" title=\"ARARAT1\" src=\"http:\/\/akunq.net\/tr\/wp-content\/uploads\/2010\/08\/ARARAT1-600x332.jpg\" alt=\"\" width=\"600\" height=\"332\" \/><\/a><\/p>\n<p style=\"text-align: justify\">A\u011fr\u0131 Da\u011f\u0131&#8217;na ge\u00e7en ay Ermeni as\u0131ll\u0131 Amerikal\u0131 ve Kanadal\u0131 da\u011fc\u0131lar\u0131n izin almadan t\u0131rmanlar\u0131, zirvede Ermenistan ile Da\u011fl\u0131k Karaba\u011f bayraklar\u0131 a\u00e7malar\u0131n\u0131n ortaya \u00e7\u0131kmas\u0131 \u00fczerine soru\u015fturma ba\u015flat\u0131ld\u0131.<\/p>\n<p>Benzer olaylar\u0131n ge\u00e7ti\u011fimiz y\u0131llarda ya\u015fand\u0131\u011f\u0131 deniz seviyesinden 5 bin 137 metre y\u00fckseklikteki A\u011fr\u0131 Da\u011f\u0131&#8217;ndakie son olay ge\u00e7en ay meydana geldi. Ermeni sitesi \u2018Asbarez\u2019e g\u00f6re 9&#8217;u Amerikal\u0131, 2&#8217;si Kanadal\u0131 11 da\u011fc\u0131, 13 Temmuz\u2019da G\u00fcrcistan \u00fczerinden T\u00fcrkiye\u2019ye girdi. \u2018Ararat 11\u2019 adl\u0131 yabanc\u0131 ekip, Do\u011fubayaz\u0131t\u2019ta bulunan turizm firmalar\u0131 ile temas kurarak yerel rehberler e\u015fli\u011finde 15 Temmuz\u2019da t\u0131rman\u0131\u015fa ba\u015flad\u0131 ve ana kampta ikinci geceyi kar ya\u011f\u0131\u015f\u0131 ve dolu alt\u0131nda ge\u00e7irdi.<\/p>\n<p>\u00dc\u00e7\u00fcnc\u00fc g\u00fcn zirveye \u00e7\u0131kan ekip, burada Ermenistan ve Da\u011fl\u0131k Karaba\u011f bayraklar\u0131 a\u00e7t\u0131. Karl\u0131 zirvede dans edip \u015fark\u0131lar s\u00f6yleyen yabanc\u0131lar\u0131n t\u0131rman\u0131\u015f\u0131 \u2018Asrabe.com\u2019 internet sitesinde foto\u011frafl\u0131 olarak yay\u0131nland\u0131. \u0130zin i\u00e7in ba\u015fvuran ama son anda K\u00fclt\u00fcr ve Turizm Bakanl\u0131\u011f\u0131\u2019n\u0131n bir faks g\u00f6ndererek izinleri iptal etti\u011fini belirten da\u011fc\u0131lar, A\u011fr\u0131\u2019ya gelmeyi planlayanlar i\u00e7in de haberde \u015fu mesaj\u0131 verdiler:<br \/>\n\u201cB\u00f6lgede K\u00fcrt n\u00fcfusu \u00e7o\u011funlukta. K\u00fcrtler, T\u00fcrk h\u00fck\u00fcmetini ya da izinleri \u00e7ok ciddiye alm\u0131yor. Ekibin bir \u00fcyesi, K\u00fcrtlerin daha ziyade i\u015f yapmakla ilgilendi\u011fini s\u00f6yledi. B\u00f6ylece ekip da\u011fa \u00e7\u0131kabildi.\u201d<\/p>\n<p>Ermenilerin A\u011fr\u0131 Da\u011f\u0131na izin almadan yerel rehberlerle \u00e7\u0131kmas\u0131yla ilgili olarak ad\u0131n\u0131n a\u00e7\u0131klanmas\u0131n\u0131 istemeyen bir yetkili, A\u011fr\u0131\u2019ya \u00e7\u0131kmak i\u00e7in gelen hi\u00e7 bir turiste kimlik sormad\u0131klar\u0131n\u0131 bildirdi. A\u011fr\u0131 Da\u011f\u0131na ge\u00e7en y\u0131l \u00e7o\u011fu yabanc\u0131 6 bin turistin \u00e7\u0131kt\u0131\u011f\u0131n\u0131, Ermenilerin uyan\u0131kl\u0131k yaparak Amerikan ve Kanada pasaportuyla \u00fclkeye girdiklerini anlatan ayn\u0131 yetkili, \u201cDa\u011fa t\u0131rmanan turistler, yanlar\u0131nda getirdikleri bayraklar\u0131n\u0131 a\u00e7arlar. Bunlar ise Amerika ve Kanada yerine Ermenistan bayra\u011f\u0131yla foto\u011fraf \u00e7ektiriyorlar. Uyan\u0131kl\u0131k yapm\u0131\u015flar. Yerel rehberler da\u011fc\u0131lar\u0131 para kar\u015f\u0131l\u0131\u011f\u0131nda \u00e7\u0131karamazlar. B\u00f6yle bir\u015fey olursa askeri b\u00f6lgenin ihlalinden jandarma gerekeni yapar. Biz A\u011fr\u0131 Da\u011f\u0131na gelen her turiste kimlik sormuyoruz. A\u011fr\u0131 Valili\u011fi bir inceleme ve soru\u015fturma ba\u015flatt\u0131. 11 yabanc\u0131n\u0131n nerede kald\u0131\u011f\u0131, kimlerin da\u011fa g\u00f6t\u00fcrd\u00fc\u011f\u00fc ortaya \u00e7\u0131kar. Do\u011fubayaz\u0131t\u2019ta yerel rehber say\u0131s\u0131 \u00e7ok fazla. Da\u011fc\u0131l\u0131k Federasyonu&#8217;nun gelip yerel rehberli e\u011fitmesi laz\u0131m ki bunlar bu t\u00fcr i\u015flemleri yapmas\u0131nlar. Fedarasyonun \u00f6nlem almas\u0131 gerekir\u201d diye konu\u015ftu.<\/p>\n<p style=\"text-align: justify\">TDF BA\u015eKANI KARACA: KORSAN REHBERLER KAZANIYOR<\/p>\n<p style=\"text-align: justify\">T\u00fcrkiye Da\u011fc\u0131l\u0131k Federasyonu (TDF) Ba\u015fkan\u0131 Alaattin Karaca, A\u011fr\u0131 Da\u011f\u0131na t\u0131rmanmak isteyen yabanc\u0131lar\u0131n mutlaka izin almalar\u0131 gerekti\u011fini bildirdi. \u0130\u00e7i\u015fleri, D\u0131\u015fi\u015fleri, K\u00fclt\u00fcr ve Turizm Bakanl\u0131klar\u0131, Genelkurmay, Milli \u0130stihbarat Te\u015fkilat\u0131\u2019n\u0131n izin vermesi halinde TDF\u2019den her 8 turist i\u00e7in bir rehber al\u0131nmas\u0131 gerekti\u011fine i\u015faret eden Ba\u015fkan Karaca, TDF b\u00fcnyesinde A\u011fr\u0131 Da\u011f\u0131\u2019nda g\u00f6revlendirilmek i\u00e7in e\u011fitimden ge\u00e7irilen 200\u2019e yak\u0131n rehberleri bulundu\u011funu belirtti. A\u011fr\u0131\u2019ya \u00e7\u0131kan yabanc\u0131lardan ki\u015fi ba\u015f\u0131na 50 Dolar al\u0131nd\u0131\u011f\u0131n\u0131 bu fonda biriken y\u0131ll\u0131k 30 bin lirada kadar paray\u0131 T\u00fcrk da\u011fc\u0131l\u0131\u011f\u0131n\u0131n geli\u015fiminde kulland\u0131klar\u0131na dikkati \u00e7eken Karaca, elde edilen gelire bak\u0131ld\u0131\u011f\u0131nda y\u0131lda ortalama 400 yabanc\u0131n\u0131n \u00e7\u0131kt\u0131\u011f\u0131n\u0131, oysa istatistiklerde \u00e7\u0131kan yabanc\u0131 say\u0131s\u0131n\u0131n \u00e7ok fazla oldu\u011funu an\u0131msatt\u0131. Alaattin Karaca bu konuda \u015funlar\u0131 s\u00f6yledi:<br \/>\n\u201cGe\u00e7ti\u011fimiz ay \u00c7evre ve Orman M\u00fcd\u00fcrl\u00fc\u011f\u00fc Alada\u011flara t\u0131rmanmak i\u00e7in giden TDF \u00fcyelerinin \u00f6n\u00fcn\u00fc keserek para istedi. \u2018Vermenseniz \u00e7\u0131kamazs\u0131n\u0131z\u2019 dediler. Peki A\u011fr\u0131 da\u011f\u0131na izinsiz \u00e7\u0131kanlar\u0131n \u00f6n\u00fc neden kesilmiyor? Anlam\u0131\u015f de\u011filim. Bir ki\u015finin da\u011f rehberi olabilmesi i\u00e7in \u00f6nce da\u011fc\u0131l\u0131k sporu e\u011fitimi g\u00f6rmesi gerekir. \u00c7\u00fcnk\u00fc ufak bir ihmalde \u00f6l\u00fcmler meydana gelir. Bu da 3-5 g\u00fcnde \u00f6\u011frenilecek bir\u015fey de\u011fildir. Kendinizden \u00e7ok g\u00f6t\u00fcrd\u00fc\u011f\u00fcn\u00fcz insanlara dikkat edeceksiniz. A\u011fr\u0131 Da\u011f\u0131ndan korsan rehber ve korsan turizmciler para kazan\u0131yor. Hi\u00e7 kimsenin sesi \u00e7\u0131km\u0131yor. Korsan rehberler \u2018\u0130ranl\u0131lar ka\u00e7ak olarak \u00e7\u0131k\u0131yor\u2019 diye itirafta bulunuyor. Biz y\u0131llard\u0131r diyoruz ki, A\u011fr\u0131\u2019ya ka\u00e7ak olarak \u00e7\u0131k\u0131l\u0131yor. Ama b\u00f6yle bir olay ortaya \u00e7\u0131k\u0131nca hemen TDF g\u00fcndeme geliyor. Benim A\u011fr\u0131 da\u011f\u0131nda \u00f6zel g\u00fcvenlik birimim yok ki, kimin nereden \u00e7\u0131kt\u0131\u011f\u0131n\u0131 bilelim.\u201d<\/p>\n<p><strong>Kaynak:<\/strong> hurriyet.com.tr<br \/>\n<strong>Tarih:<\/strong> 10.8.2010<\/p>\n<p style=\"text-align: justify\">Nursima \u00d6ZONUR\/A\u011eRI, (DHA)<\/p>\n","protected":false},"excerpt":{"rendered":"<p>A\u011fr\u0131 Da\u011f\u0131&#8217;na ge\u00e7en ay Ermeni as\u0131ll\u0131 Amerikal\u0131 ve Kanadal\u0131 da\u011fc\u0131lar\u0131n izin almadan t\u0131rmanlar\u0131, zirvede Ermenistan ile Da\u011fl\u0131k Karaba\u011f bayraklar\u0131 a\u00e7malar\u0131n\u0131n ortaya \u00e7\u0131kmas\u0131 \u00fczerine soru\u015fturma ba\u015flat\u0131ld\u0131. Benzer olaylar\u0131n ge\u00e7ti\u011fimiz y\u0131llarda ya\u015fand\u0131\u011f\u0131 deniz seviyesinden 5 bin 137 metre y\u00fckseklikteki A\u011fr\u0131 Da\u011f\u0131&#8217;ndakie son olay ge\u00e7en ay meydana geldi. Ermeni sitesi \u2018Asbarez\u2019e g\u00f6re 9&#8217;u Amerikal\u0131, 2&#8217;si Kanadal\u0131 11 da\u011fc\u0131, [&hellip;]<\/p>\n","protected":false},"author":3,"featured_media":0,"comment_status":"closed","ping_status":"open","sticky":false,"template":"","format":"standard","meta":{"footnotes":""},"categories":[14],"tags":[],"class_list":["post-1539","post","type-post","status-publish","format-standard","hentry","category-haberler"],"yoast_head":"<!-- This site is optimized with the Yoast SEO plugin v27.4 - https:\/\/yoast.com\/product\/yoast-seo-wordpress\/ -->\n<title>A\u011fr\u0131 Da\u011f\u0131&#039;na Ermeni bayra\u011f\u0131na soru\u015fturma - Bati Ermenistan Ve Bati Ermenileri Sorunlari Ara\u015ftirmalar Merkezi<\/title>\n<meta name=\"robots\" content=\"index, follow, max-snippet:-1, max-image-preview:large, max-video-preview:-1\" \/>\n<link rel=\"canonical\" href=\"https:\/\/akunq.net\/turkish\/2010\/08\/11\/agri-dagina-ermeni-bayragina-sorusturma\/\" \/>\n<meta property=\"og:locale\" content=\"en_US\" \/>\n<meta property=\"og:type\" content=\"article\" \/>\n<meta property=\"og:title\" content=\"A\u011fr\u0131 Da\u011f\u0131&#039;na Ermeni bayra\u011f\u0131na soru\u015fturma - Bati Ermenistan Ve Bati Ermenileri Sorunlari Ara\u015ftirmalar Merkezi\" \/>\n<meta property=\"og:description\" content=\"A\u011fr\u0131 Da\u011f\u0131&#8217;na ge\u00e7en ay Ermeni as\u0131ll\u0131 Amerikal\u0131 ve Kanadal\u0131 da\u011fc\u0131lar\u0131n izin almadan t\u0131rmanlar\u0131, zirvede Ermenistan ile Da\u011fl\u0131k Karaba\u011f bayraklar\u0131 a\u00e7malar\u0131n\u0131n ortaya \u00e7\u0131kmas\u0131 \u00fczerine soru\u015fturma ba\u015flat\u0131ld\u0131. Benzer olaylar\u0131n ge\u00e7ti\u011fimiz y\u0131llarda ya\u015fand\u0131\u011f\u0131 deniz seviyesinden 5 bin 137 metre y\u00fckseklikteki A\u011fr\u0131 Da\u011f\u0131&#8217;ndakie son olay ge\u00e7en ay meydana geldi. Ermeni sitesi \u2018Asbarez\u2019e g\u00f6re 9&#8217;u Amerikal\u0131, 2&#8217;si Kanadal\u0131 11 da\u011fc\u0131, [&hellip;]\" \/>\n<meta property=\"og:url\" content=\"https:\/\/akunq.net\/turkish\/2010\/08\/11\/agri-dagina-ermeni-bayragina-sorusturma\/\" \/>\n<meta property=\"og:site_name\" content=\"Bati Ermenistan Ve Bati Ermenileri Sorunlari Ara\u015ftirmalar Merkezi\" \/>\n<meta property=\"article:published_time\" content=\"2010-08-11T05:18:57+00:00\" \/>\n<meta property=\"og:image\" content=\"https:\/\/akunq.net\/turkish\/wp-content\/uploads\/sites\/5\/2010\/08\/ARARAT1.jpg\" \/>\n\t<meta property=\"og:image:width\" content=\"871\" \/>\n\t<meta property=\"og:image:height\" content=\"482\" \/>\n\t<meta property=\"og:image:type\" content=\"image\/jpeg\" \/>\n<meta name=\"author\" content=\"kalem\" \/>\n<meta name=\"twitter:card\" content=\"summary_large_image\" \/>\n<meta name=\"twitter:label1\" content=\"Written by\" \/>\n\t<meta name=\"twitter:data1\" content=\"kalem\" \/>\n\t<meta name=\"twitter:label2\" content=\"Est. reading time\" \/>\n\t<meta name=\"twitter:data2\" content=\"4 minutes\" \/>\n<script type=\"application\/ld+json\" class=\"yoast-schema-graph\">{\"@context\":\"https:\\\/\\\/schema.org\",\"@graph\":[{\"@type\":\"Article\",\"@id\":\"https:\\\/\\\/akunq.net\\\/turkish\\\/2010\\\/08\\\/11\\\/agri-dagina-ermeni-bayragina-sorusturma\\\/#article\",\"isPartOf\":{\"@id\":\"https:\\\/\\\/akunq.net\\\/turkish\\\/2010\\\/08\\\/11\\\/agri-dagina-ermeni-bayragina-sorusturma\\\/\"},\"author\":{\"name\":\"kalem\",\"@id\":\"https:\\\/\\\/akunq.net\\\/turkish\\\/#\\\/schema\\\/person\\\/135e7923d1aeb8887890799619969a6c\"},\"headline\":\"A\u011fr\u0131 Da\u011f\u0131&#8217;na Ermeni bayra\u011f\u0131na soru\u015fturma\",\"datePublished\":\"2010-08-11T05:18:57+00:00\",\"mainEntityOfPage\":{\"@id\":\"https:\\\/\\\/akunq.net\\\/turkish\\\/2010\\\/08\\\/11\\\/agri-dagina-ermeni-bayragina-sorusturma\\\/\"},\"wordCount\":789,\"image\":{\"@id\":\"https:\\\/\\\/akunq.net\\\/turkish\\\/2010\\\/08\\\/11\\\/agri-dagina-ermeni-bayragina-sorusturma\\\/#primaryimage\"},\"thumbnailUrl\":\"http:\\\/\\\/akunq.net\\\/tr\\\/wp-content\\\/uploads\\\/2010\\\/08\\\/ARARAT1-600x332.jpg\",\"articleSection\":[\"Haberler\"],\"inLanguage\":\"en-US\"},{\"@type\":\"WebPage\",\"@id\":\"https:\\\/\\\/akunq.net\\\/turkish\\\/2010\\\/08\\\/11\\\/agri-dagina-ermeni-bayragina-sorusturma\\\/\",\"url\":\"https:\\\/\\\/akunq.net\\\/turkish\\\/2010\\\/08\\\/11\\\/agri-dagina-ermeni-bayragina-sorusturma\\\/\",\"name\":\"A\u011fr\u0131 Da\u011f\u0131'na Ermeni bayra\u011f\u0131na soru\u015fturma - Bati Ermenistan Ve Bati Ermenileri Sorunlari Ara\u015ftirmalar Merkezi\",\"isPartOf\":{\"@id\":\"https:\\\/\\\/akunq.net\\\/turkish\\\/#website\"},\"primaryImageOfPage\":{\"@id\":\"https:\\\/\\\/akunq.net\\\/turkish\\\/2010\\\/08\\\/11\\\/agri-dagina-ermeni-bayragina-sorusturma\\\/#primaryimage\"},\"image\":{\"@id\":\"https:\\\/\\\/akunq.net\\\/turkish\\\/2010\\\/08\\\/11\\\/agri-dagina-ermeni-bayragina-sorusturma\\\/#primaryimage\"},\"thumbnailUrl\":\"http:\\\/\\\/akunq.net\\\/tr\\\/wp-content\\\/uploads\\\/2010\\\/08\\\/ARARAT1-600x332.jpg\",\"datePublished\":\"2010-08-11T05:18:57+00:00\",\"author\":{\"@id\":\"https:\\\/\\\/akunq.net\\\/turkish\\\/#\\\/schema\\\/person\\\/135e7923d1aeb8887890799619969a6c\"},\"breadcrumb\":{\"@id\":\"https:\\\/\\\/akunq.net\\\/turkish\\\/2010\\\/08\\\/11\\\/agri-dagina-ermeni-bayragina-sorusturma\\\/#breadcrumb\"},\"inLanguage\":\"en-US\",\"potentialAction\":[{\"@type\":\"ReadAction\",\"target\":[\"https:\\\/\\\/akunq.net\\\/turkish\\\/2010\\\/08\\\/11\\\/agri-dagina-ermeni-bayragina-sorusturma\\\/\"]}]},{\"@type\":\"ImageObject\",\"inLanguage\":\"en-US\",\"@id\":\"https:\\\/\\\/akunq.net\\\/turkish\\\/2010\\\/08\\\/11\\\/agri-dagina-ermeni-bayragina-sorusturma\\\/#primaryimage\",\"url\":\"http:\\\/\\\/akunq.net\\\/tr\\\/wp-content\\\/uploads\\\/2010\\\/08\\\/ARARAT1-600x332.jpg\",\"contentUrl\":\"http:\\\/\\\/akunq.net\\\/tr\\\/wp-content\\\/uploads\\\/2010\\\/08\\\/ARARAT1-600x332.jpg\"},{\"@type\":\"BreadcrumbList\",\"@id\":\"https:\\\/\\\/akunq.net\\\/turkish\\\/2010\\\/08\\\/11\\\/agri-dagina-ermeni-bayragina-sorusturma\\\/#breadcrumb\",\"itemListElement\":[{\"@type\":\"ListItem\",\"position\":1,\"name\":\"Home\",\"item\":\"https:\\\/\\\/akunq.net\\\/turkish\\\/\"},{\"@type\":\"ListItem\",\"position\":2,\"name\":\"A\u011fr\u0131 Da\u011f\u0131&#8217;na Ermeni bayra\u011f\u0131na soru\u015fturma\"}]},{\"@type\":\"WebSite\",\"@id\":\"https:\\\/\\\/akunq.net\\\/turkish\\\/#website\",\"url\":\"https:\\\/\\\/akunq.net\\\/turkish\\\/\",\"name\":\"Bati Ermenistan Ve Bati Ermenileri Sorunlari Ara\u015ftirmalar Merkezi\",\"description\":\"\",\"potentialAction\":[{\"@type\":\"SearchAction\",\"target\":{\"@type\":\"EntryPoint\",\"urlTemplate\":\"https:\\\/\\\/akunq.net\\\/turkish\\\/?s={search_term_string}\"},\"query-input\":{\"@type\":\"PropertyValueSpecification\",\"valueRequired\":true,\"valueName\":\"search_term_string\"}}],\"inLanguage\":\"en-US\"},{\"@type\":\"Person\",\"@id\":\"https:\\\/\\\/akunq.net\\\/turkish\\\/#\\\/schema\\\/person\\\/135e7923d1aeb8887890799619969a6c\",\"name\":\"kalem\",\"image\":{\"@type\":\"ImageObject\",\"inLanguage\":\"en-US\",\"@id\":\"https:\\\/\\\/secure.gravatar.com\\\/avatar\\\/a06875e4b25feb5674296adf8e8a7ae1e587cebce2493fe63c456109967e27d3?s=96&d=mm&r=g\",\"url\":\"https:\\\/\\\/secure.gravatar.com\\\/avatar\\\/a06875e4b25feb5674296adf8e8a7ae1e587cebce2493fe63c456109967e27d3?s=96&d=mm&r=g\",\"contentUrl\":\"https:\\\/\\\/secure.gravatar.com\\\/avatar\\\/a06875e4b25feb5674296adf8e8a7ae1e587cebce2493fe63c456109967e27d3?s=96&d=mm&r=g\",\"caption\":\"kalem\"},\"url\":\"https:\\\/\\\/akunq.net\\\/turkish\\\/author\\\/kalem\\\/\"}]}<\/script>\n<!-- \/ Yoast SEO plugin. -->","yoast_head_json":{"title":"A\u011fr\u0131 Da\u011f\u0131'na Ermeni bayra\u011f\u0131na soru\u015fturma - Bati Ermenistan Ve Bati Ermenileri Sorunlari Ara\u015ftirmalar Merkezi","robots":{"index":"index","follow":"follow","max-snippet":"max-snippet:-1","max-image-preview":"max-image-preview:large","max-video-preview":"max-video-preview:-1"},"canonical":"https:\/\/akunq.net\/turkish\/2010\/08\/11\/agri-dagina-ermeni-bayragina-sorusturma\/","og_locale":"en_US","og_type":"article","og_title":"A\u011fr\u0131 Da\u011f\u0131'na Ermeni bayra\u011f\u0131na soru\u015fturma - Bati Ermenistan Ve Bati Ermenileri Sorunlari Ara\u015ftirmalar Merkezi","og_description":"A\u011fr\u0131 Da\u011f\u0131&#8217;na ge\u00e7en ay Ermeni as\u0131ll\u0131 Amerikal\u0131 ve Kanadal\u0131 da\u011fc\u0131lar\u0131n izin almadan t\u0131rmanlar\u0131, zirvede Ermenistan ile Da\u011fl\u0131k Karaba\u011f bayraklar\u0131 a\u00e7malar\u0131n\u0131n ortaya \u00e7\u0131kmas\u0131 \u00fczerine soru\u015fturma ba\u015flat\u0131ld\u0131. Benzer olaylar\u0131n ge\u00e7ti\u011fimiz y\u0131llarda ya\u015fand\u0131\u011f\u0131 deniz seviyesinden 5 bin 137 metre y\u00fckseklikteki A\u011fr\u0131 Da\u011f\u0131&#8217;ndakie son olay ge\u00e7en ay meydana geldi. Ermeni sitesi \u2018Asbarez\u2019e g\u00f6re 9&#8217;u Amerikal\u0131, 2&#8217;si Kanadal\u0131 11 da\u011fc\u0131, [&hellip;]","og_url":"https:\/\/akunq.net\/turkish\/2010\/08\/11\/agri-dagina-ermeni-bayragina-sorusturma\/","og_site_name":"Bati Ermenistan Ve Bati Ermenileri Sorunlari Ara\u015ftirmalar Merkezi","article_published_time":"2010-08-11T05:18:57+00:00","og_image":[{"width":871,"height":482,"url":"https:\/\/akunq.net\/turkish\/wp-content\/uploads\/sites\/5\/2010\/08\/ARARAT1.jpg","type":"image\/jpeg"}],"author":"kalem","twitter_card":"summary_large_image","twitter_misc":{"Written by":"kalem","Est. reading time":"4 minutes"},"schema":{"@context":"https:\/\/schema.org","@graph":[{"@type":"Article","@id":"https:\/\/akunq.net\/turkish\/2010\/08\/11\/agri-dagina-ermeni-bayragina-sorusturma\/#article","isPartOf":{"@id":"https:\/\/akunq.net\/turkish\/2010\/08\/11\/agri-dagina-ermeni-bayragina-sorusturma\/"},"author":{"name":"kalem","@id":"https:\/\/akunq.net\/turkish\/#\/schema\/person\/135e7923d1aeb8887890799619969a6c"},"headline":"A\u011fr\u0131 Da\u011f\u0131&#8217;na Ermeni bayra\u011f\u0131na soru\u015fturma","datePublished":"2010-08-11T05:18:57+00:00","mainEntityOfPage":{"@id":"https:\/\/akunq.net\/turkish\/2010\/08\/11\/agri-dagina-ermeni-bayragina-sorusturma\/"},"wordCount":789,"image":{"@id":"https:\/\/akunq.net\/turkish\/2010\/08\/11\/agri-dagina-ermeni-bayragina-sorusturma\/#primaryimage"},"thumbnailUrl":"http:\/\/akunq.net\/tr\/wp-content\/uploads\/2010\/08\/ARARAT1-600x332.jpg","articleSection":["Haberler"],"inLanguage":"en-US"},{"@type":"WebPage","@id":"https:\/\/akunq.net\/turkish\/2010\/08\/11\/agri-dagina-ermeni-bayragina-sorusturma\/","url":"https:\/\/akunq.net\/turkish\/2010\/08\/11\/agri-dagina-ermeni-bayragina-sorusturma\/","name":"A\u011fr\u0131 Da\u011f\u0131'na Ermeni bayra\u011f\u0131na soru\u015fturma - Bati Ermenistan Ve Bati Ermenileri Sorunlari Ara\u015ftirmalar Merkezi","isPartOf":{"@id":"https:\/\/akunq.net\/turkish\/#website"},"primaryImageOfPage":{"@id":"https:\/\/akunq.net\/turkish\/2010\/08\/11\/agri-dagina-ermeni-bayragina-sorusturma\/#primaryimage"},"image":{"@id":"https:\/\/akunq.net\/turkish\/2010\/08\/11\/agri-dagina-ermeni-bayragina-sorusturma\/#primaryimage"},"thumbnailUrl":"http:\/\/akunq.net\/tr\/wp-content\/uploads\/2010\/08\/ARARAT1-600x332.jpg","datePublished":"2010-08-11T05:18:57+00:00","author":{"@id":"https:\/\/akunq.net\/turkish\/#\/schema\/person\/135e7923d1aeb8887890799619969a6c"},"breadcrumb":{"@id":"https:\/\/akunq.net\/turkish\/2010\/08\/11\/agri-dagina-ermeni-bayragina-sorusturma\/#breadcrumb"},"inLanguage":"en-US","potentialAction":[{"@type":"ReadAction","target":["https:\/\/akunq.net\/turkish\/2010\/08\/11\/agri-dagina-ermeni-bayragina-sorusturma\/"]}]},{"@type":"ImageObject","inLanguage":"en-US","@id":"https:\/\/akunq.net\/turkish\/2010\/08\/11\/agri-dagina-ermeni-bayragina-sorusturma\/#primaryimage","url":"http:\/\/akunq.net\/tr\/wp-content\/uploads\/2010\/08\/ARARAT1-600x332.jpg","contentUrl":"http:\/\/akunq.net\/tr\/wp-content\/uploads\/2010\/08\/ARARAT1-600x332.jpg"},{"@type":"BreadcrumbList","@id":"https:\/\/akunq.net\/turkish\/2010\/08\/11\/agri-dagina-ermeni-bayragina-sorusturma\/#breadcrumb","itemListElement":[{"@type":"ListItem","position":1,"name":"Home","item":"https:\/\/akunq.net\/turkish\/"},{"@type":"ListItem","position":2,"name":"A\u011fr\u0131 Da\u011f\u0131&#8217;na Ermeni bayra\u011f\u0131na soru\u015fturma"}]},{"@type":"WebSite","@id":"https:\/\/akunq.net\/turkish\/#website","url":"https:\/\/akunq.net\/turkish\/","name":"Bati Ermenistan Ve Bati Ermenileri Sorunlari Ara\u015ftirmalar Merkezi","description":"","potentialAction":[{"@type":"SearchAction","target":{"@type":"EntryPoint","urlTemplate":"https:\/\/akunq.net\/turkish\/?s={search_term_string}"},"query-input":{"@type":"PropertyValueSpecification","valueRequired":true,"valueName":"search_term_string"}}],"inLanguage":"en-US"},{"@type":"Person","@id":"https:\/\/akunq.net\/turkish\/#\/schema\/person\/135e7923d1aeb8887890799619969a6c","name":"kalem","image":{"@type":"ImageObject","inLanguage":"en-US","@id":"https:\/\/secure.gravatar.com\/avatar\/a06875e4b25feb5674296adf8e8a7ae1e587cebce2493fe63c456109967e27d3?s=96&d=mm&r=g","url":"https:\/\/secure.gravatar.com\/avatar\/a06875e4b25feb5674296adf8e8a7ae1e587cebce2493fe63c456109967e27d3?s=96&d=mm&r=g","contentUrl":"https:\/\/secure.gravatar.com\/avatar\/a06875e4b25feb5674296adf8e8a7ae1e587cebce2493fe63c456109967e27d3?s=96&d=mm&r=g","caption":"kalem"},"url":"https:\/\/akunq.net\/turkish\/author\/kalem\/"}]}},"_links":{"self":[{"href":"https:\/\/akunq.net\/turkish\/wp-json\/wp\/v2\/posts\/1539","targetHints":{"allow":["GET"]}}],"collection":[{"href":"https:\/\/akunq.net\/turkish\/wp-json\/wp\/v2\/posts"}],"about":[{"href":"https:\/\/akunq.net\/turkish\/wp-json\/wp\/v2\/types\/post"}],"author":[{"embeddable":true,"href":"https:\/\/akunq.net\/turkish\/wp-json\/wp\/v2\/users\/3"}],"replies":[{"embeddable":true,"href":"https:\/\/akunq.net\/turkish\/wp-json\/wp\/v2\/comments?post=1539"}],"version-history":[{"count":0,"href":"https:\/\/akunq.net\/turkish\/wp-json\/wp\/v2\/posts\/1539\/revisions"}],"wp:attachment":[{"href":"https:\/\/akunq.net\/turkish\/wp-json\/wp\/v2\/media?parent=1539"}],"wp:term":[{"taxonomy":"category","embeddable":true,"href":"https:\/\/akunq.net\/turkish\/wp-json\/wp\/v2\/categories?post=1539"},{"taxonomy":"post_tag","embeddable":true,"href":"https:\/\/akunq.net\/turkish\/wp-json\/wp\/v2\/tags?post=1539"}],"curies":[{"name":"wp","href":"https:\/\/api.w.org\/{rel}","templated":true}]}}