{"id":1482,"date":"2010-08-09T01:20:19","date_gmt":"2010-08-09T06:20:19","guid":{"rendered":"http:\/\/akunq.net\/tr\/?p=1482"},"modified":"2010-08-09T01:20:19","modified_gmt":"2010-08-09T06:20:19","slug":"bu-yaylada-televizyon-yasak","status":"publish","type":"post","link":"https:\/\/akunq.net\/turkish\/2010\/08\/09\/bu-yaylada-televizyon-yasak\/","title":{"rendered":"Bu yaylada televizyon yasak"},"content":{"rendered":"<p style=\"text-align: justify\"><strong><em><a rel=\"attachment wp-att-1486\" href=\"http:\/\/akunq.net\/tr\/?attachment_id=1486\"><img loading=\"lazy\" decoding=\"async\" class=\"alignleft size-full wp-image-1486\" title=\"bu-yaylada-televizyon-yasak-768224\" src=\"http:\/\/akunq.net\/tr\/wp-content\/uploads\/2010\/08\/bu-yaylada-televizyon-yasak-7682241.jpg\" alt=\"\" width=\"338\" height=\"220\" \/><\/a>R\u0130ZE\u2019nin \u00c7aml\u0131hem\u015fin \u0130l\u00e7esi \u015eenyuva k\u00f6yl\u00fcleri, kom\u015fuluk ili\u015fkilerinin bozulaca\u011f\u0131 gerek\u00e7esiyle Sal yaylas\u0131na, televizyon sokmad\u0131.<\/em><\/strong><\/p>\n<p style=\"text-align: justify\">\u00a0K\u00f6yl\u00fcler, daha \u00f6nce de kablolar\u0131n\u0131n yaylada do\u011fal g\u00fczelli\u011fi etkileyece\u011fi gerek\u00e7esiyle imza toplam\u0131\u015f, ancak elektrik hatlar\u0131n\u0131n yeralt\u0131na al\u0131nmas\u0131yla ikna olmu\u015ftu. Hava ve g\u00fcr\u00fclt\u00fc kirlili\u011fine neden olaca\u011f\u0131na inand\u0131klar\u0131 ara\u00e7lar\u0131n giri\u015fini \u00f6nlemek i\u00e7in yol yap\u0131m\u0131n\u0131 yaylaya 500 metre mesafede durduran k\u00f6yl\u00fcler, evlerine de ancak patikadan ula\u015fabiliyor.<\/p>\n<p style=\"text-align: justify\"><a rel=\"attachment wp-att-1484\" href=\"http:\/\/akunq.net\/tr\/?attachment_id=1484\"><\/a><\/p>\n<p style=\"text-align: justify\">\u015eenyuva k\u00f6yl\u00fcleri, y\u0131l\u0131n 8 ay\u0131 kulland\u0131klar\u0131 2000 rak\u0131ml\u0131 Sal yaylas\u0131na elektrik ba\u011flanmas\u0131yla gelecek olan televizyon ve di\u011fer elektronik aletlerin kom\u015fuluk ili\u015fkilerini bozaca\u011f\u0131, elektrik kablolar\u0131n\u0131n yaylan\u0131n do\u011fal g\u00fczelli\u011fini etkileyece\u011fi gerek\u00e7esiyle imza toplay\u0131p k\u00f6ye elektrik ba\u011flanmamas\u0131 i\u00e7in \u00c7oruh Elektrik\u2019e ba\u015fvurmu\u015ftu. Gaz lambas\u0131 ve l\u00fcks lambalar\u0131yla s\u00fcrd\u00fcrd\u00fckleri ya\u015fama bu \u015fekilde devam etmek istediklerini belirten k\u00f6yl\u00fcler, hatlar\u0131n\u0131n yeralt\u0131na al\u0131nmas\u0131 \u015fart\u0131yla elektrik getirilmesine ikna olmu\u015ftu.<\/p>\n<p style=\"text-align: justify\"><a rel=\"attachment wp-att-1487\" href=\"http:\/\/akunq.net\/tr\/?attachment_id=1487\"><img loading=\"lazy\" decoding=\"async\" class=\"alignleft size-full wp-image-1487\" title=\"bu-yaylada-televizyon-yasak-768226\" src=\"http:\/\/akunq.net\/tr\/wp-content\/uploads\/2010\/08\/bu-yaylada-televizyon-yasak-7682261.jpg\" alt=\"\" width=\"348\" height=\"278\" \/><\/a>Elektrik kullanmaya ba\u015flayan k\u00f6yl\u00fcler, \u015fimdi de kom\u015fuluk ili\u015fkilerinin bozulaca\u011f\u0131 gerek\u00e7esiyle yaylaya televizyon sokmama karar\u0131 ald\u0131. 150 haneli yaylaya bu yaz \u00e7\u0131kan yakla\u015f\u0131k 500 ki\u015fi, ald\u0131klar\u0131 karar gere\u011fi yaylalar\u0131ndaki evlerine televizyon sokmad\u0131. Radyo yay\u0131nlar\u0131ndan g\u00fcnl\u00fck haberleri takip eden k\u00f6yl\u00fcler, ak\u015famlar\u0131 yayla meydan\u0131nda oturup sohbet ediyor, atma t\u00fcrk\u00fc s\u00f6yleyip tulum e\u015fli\u011finde <a href=\"http:\/\/www.milliyet.com.tr\/index\/horon\" target=\"_blank\">horon<\/a> tepiyor. Yaylada tamam\u0131 tek katl\u0131 ve ah\u015fap evleri bulunan k\u00f6yl\u00fcler, beton yap\u0131 ve \u00e7ift katl\u0131 yap\u0131lara da izin vermiyor. Do\u011fal g\u00fczelli\u011fin bozulmamas\u0131 i\u00e7in ayd\u0131nlatma direklerinin konulmas\u0131na izin vermeyen k\u00f6yl\u00fcler, girecek ara\u00e7lar\u0131n hava ve g\u00fcr\u00fclt\u00fc kirlili\u011fi olu\u015fturmas\u0131n\u0131 \u00f6nlemek i\u00e7in de yaylaya gelen yolu 500 metre mesafede durdurdu. Patikadan ge\u00e7erek ula\u015f\u0131labilen yayladaki k\u00fct\u00fcphanede \u00e7ocuklar bo\u015f zamanlar\u0131nda kitap okuyor. Yaylada televizyon sadece bir pansiyonda yer al\u0131yor.<\/p>\n<p style=\"text-align: center\"><strong><em>HERKES MUTLU<\/em><\/strong><em>\u00a0<\/em><\/p>\n<p style=\"text-align: justify\"><a rel=\"attachment wp-att-1485\" href=\"http:\/\/akunq.net\/tr\/?attachment_id=1485\"><\/a><\/p>\n<p style=\"text-align: justify\"><a rel=\"attachment wp-att-1488\" href=\"http:\/\/akunq.net\/tr\/?attachment_id=1488\"><img loading=\"lazy\" decoding=\"async\" class=\"alignleft size-full wp-image-1488\" title=\"bu-yaylada-televizyon-yasak-768228\" src=\"http:\/\/akunq.net\/tr\/wp-content\/uploads\/2010\/08\/bu-yaylada-televizyon-yasak-7682281.jpg\" alt=\"\" width=\"346\" height=\"259\" \/><\/a>\u015eenyuva K\u00f6y\u00fc Muhtar\u0131 Atilla G\u00fcneri, yaylaya hi\u00e7bir yasaklama ve zorlama olmadan insanlar\u0131n kendi iste\u011fi ile televizyon sokmad\u0131\u011f\u0131n\u0131 belirterek, \u201cK\u00f6yl\u00fclerimiz \u00f6nce elektri\u011fe kar\u015f\u0131 \u00e7\u0131kt\u0131, imza toplad\u0131. Biz de destek verdik. Ama sonra elektrik hatlar\u0131n\u0131n yeralt\u0131na al\u0131naca\u011f\u0131n\u0131 s\u00f6yleyip ikna ettik. \u015eimdi eski k\u00f6y ya\u015fant\u0131s\u0131n\u0131 s\u00fcrd\u00fcrmek amac\u0131yla yaylaya televizyon sokmad\u0131k. Yaylada herkes \u00e7ok mutlu. \u015eehirde oldu\u011fu gibi insanlar\u0131m\u0131z televizyon ba\u015f\u0131nda vakit ge\u00e7irmiyor. Eski ya\u015fant\u0131y\u0131 s\u00fcrd\u00fcrebiliyorlar. Bunu yasaklama ile yapmad\u0131k. Herkes g\u00f6n\u00fcll\u00fc oldu. Olmas\u0131 gereken de buydu. \u0130nsanlar\u0131m\u0131z bir araya geliyor, maziyi an\u0131yor, bilgi birikimi olanlar bunu birbirleriyle payla\u015f\u0131yor\u201d dedi. Gelen insanlar\u0131n yaylada elektrik yokmu\u015f gibi bir hava sezinledi\u011fini ifade eden G\u00fcneri, \u201cYaylam\u0131z\u0131 \u00e7ok iyi koruyoruz. G\u00f6r\u00fcnt\u00fc kirlili\u011fi olmas\u0131n diye ayd\u0131nlatma lambas\u0131 bile koymad\u0131k. \u00d6rnek bir ya\u015fant\u0131 s\u00fcr\u00fcyoruz. Hava a\u00e7\u0131ksa yaylada ortak alana \u00e7\u0131k\u0131l\u0131p horon oynan\u0131yor, sohbet ediliyor, g\u00fcn bat\u0131m\u0131 izleniyor. Hava kapal\u0131ysa, bir g\u00fcn birinin di\u011fer g\u00fcn bir ba\u015fka ki\u015finin evinde toplan\u0131l\u0131yor. Bu \u015fekilde ya\u015fam\u0131m\u0131z\u0131 s\u00fcrd\u00fcr\u00fcyoruz\u201d diye konu\u015ftu.<\/p>\n<p style=\"text-align: justify\">Yayla sakinlerinden 71 ya\u015f\u0131ndaki S\u00fcleyman Ataman, \u201cYaylada televizyonumuz yok, kullanm\u0131yoruz. Bir araya gelip sohbet etmek ve evlere kapanmamak amac\u0131yla televizyonu yaylaya sokmad\u0131k. Elektri\u011fimizi yer alt\u0131na ald\u0131k, ara\u00e7 yolu yapmad\u0131k. Yaylam\u0131zda hem do\u011fal g\u00fczelli\u011fi hem de kom\u015fuluk ili\u015fkilerini koruyoruz\u201d dedi. \u00dcmm\u00fcg\u00fcl Atamer ise, \u201c\u00c7ok rahat bir ya\u015fant\u0131m\u0131z var. \u00c7\u0131k\u0131p do\u011fay\u0131 seyrediyoruz, gezip dola\u015f\u0131yoruz. \u015eehirde televizyonlar\u0131n i\u00e7inden geldik, burada ne yapaca\u011f\u0131z ki televizyonu\u201d diye konu\u015ftu. Di\u011fer yayla sakinleri de, televizyonun oldu\u011fu yerde insanlar\u0131n eve kapand\u0131\u011f\u0131n\u0131, gezip dola\u015fmad\u0131\u011f\u0131n\u0131 ve birbirleriyle konu\u015fmad\u0131\u011f\u0131n\u0131 belirterek, al\u0131nan karar\u0131n yerinde oldu\u011funu s\u00f6ylediler.<\/p>\n<p style=\"text-align: justify\"><strong><em>04 A\u011fustos 2010<\/em><\/strong><\/p>\n<p style=\"text-align: justify\"><strong><em>Muhammet KA\u00c7AR\/\u00c7AMLIHEM\u015e\u0130N (Rize)<\/em><\/strong><\/p>\n<p style=\"text-align: justify\"><strong><em>\u00a0(DHA)<\/em><\/strong><\/p>\n","protected":false},"excerpt":{"rendered":"<p>R\u0130ZE\u2019nin \u00c7aml\u0131hem\u015fin \u0130l\u00e7esi \u015eenyuva k\u00f6yl\u00fcleri, kom\u015fuluk ili\u015fkilerinin bozulaca\u011f\u0131 gerek\u00e7esiyle Sal yaylas\u0131na, televizyon sokmad\u0131. \u00a0K\u00f6yl\u00fcler, daha \u00f6nce de kablolar\u0131n\u0131n yaylada do\u011fal g\u00fczelli\u011fi etkileyece\u011fi gerek\u00e7esiyle imza toplam\u0131\u015f, ancak elektrik hatlar\u0131n\u0131n yeralt\u0131na al\u0131nmas\u0131yla ikna olmu\u015ftu. Hava ve g\u00fcr\u00fclt\u00fc kirlili\u011fine neden olaca\u011f\u0131na inand\u0131klar\u0131 ara\u00e7lar\u0131n giri\u015fini \u00f6nlemek i\u00e7in yol yap\u0131m\u0131n\u0131 yaylaya 500 metre mesafede durduran k\u00f6yl\u00fcler, evlerine de ancak patikadan [&hellip;]<\/p>\n","protected":false},"author":3,"featured_media":0,"comment_status":"closed","ping_status":"open","sticky":false,"template":"","format":"standard","meta":{"footnotes":""},"categories":[14],"tags":[],"class_list":["post-1482","post","type-post","status-publish","format-standard","hentry","category-haberler"],"yoast_head":"<!-- This site is optimized with the Yoast SEO plugin v27.4 - https:\/\/yoast.com\/product\/yoast-seo-wordpress\/ -->\n<title>Bu yaylada televizyon yasak - Bati Ermenistan Ve Bati Ermenileri Sorunlari Ara\u015ftirmalar Merkezi<\/title>\n<meta name=\"robots\" content=\"index, follow, max-snippet:-1, max-image-preview:large, max-video-preview:-1\" \/>\n<link rel=\"canonical\" href=\"https:\/\/akunq.net\/turkish\/2010\/08\/09\/bu-yaylada-televizyon-yasak\/\" \/>\n<meta property=\"og:locale\" content=\"en_US\" \/>\n<meta property=\"og:type\" content=\"article\" \/>\n<meta property=\"og:title\" content=\"Bu yaylada televizyon yasak - Bati Ermenistan Ve Bati Ermenileri Sorunlari Ara\u015ftirmalar Merkezi\" \/>\n<meta property=\"og:description\" content=\"R\u0130ZE\u2019nin \u00c7aml\u0131hem\u015fin \u0130l\u00e7esi \u015eenyuva k\u00f6yl\u00fcleri, kom\u015fuluk ili\u015fkilerinin bozulaca\u011f\u0131 gerek\u00e7esiyle Sal yaylas\u0131na, televizyon sokmad\u0131. \u00a0K\u00f6yl\u00fcler, daha \u00f6nce de kablolar\u0131n\u0131n yaylada do\u011fal g\u00fczelli\u011fi etkileyece\u011fi gerek\u00e7esiyle imza toplam\u0131\u015f, ancak elektrik hatlar\u0131n\u0131n yeralt\u0131na al\u0131nmas\u0131yla ikna olmu\u015ftu. Hava ve g\u00fcr\u00fclt\u00fc kirlili\u011fine neden olaca\u011f\u0131na inand\u0131klar\u0131 ara\u00e7lar\u0131n giri\u015fini \u00f6nlemek i\u00e7in yol yap\u0131m\u0131n\u0131 yaylaya 500 metre mesafede durduran k\u00f6yl\u00fcler, evlerine de ancak patikadan [&hellip;]\" \/>\n<meta property=\"og:url\" content=\"https:\/\/akunq.net\/turkish\/2010\/08\/09\/bu-yaylada-televizyon-yasak\/\" \/>\n<meta property=\"og:site_name\" content=\"Bati Ermenistan Ve Bati Ermenileri Sorunlari Ara\u015ftirmalar Merkezi\" \/>\n<meta property=\"article:published_time\" content=\"2010-08-09T06:20:19+00:00\" \/>\n<meta property=\"og:image\" content=\"https:\/\/akunq.net\/turkish\/wp-content\/uploads\/sites\/5\/2010\/08\/bu-yaylada-televizyon-yasak-7682241.jpg\" \/>\n\t<meta property=\"og:image:width\" content=\"450\" \/>\n\t<meta property=\"og:image:height\" content=\"298\" \/>\n\t<meta property=\"og:image:type\" content=\"image\/jpeg\" \/>\n<meta name=\"author\" content=\"kalem\" \/>\n<meta name=\"twitter:card\" content=\"summary_large_image\" \/>\n<meta name=\"twitter:label1\" content=\"Written by\" \/>\n\t<meta name=\"twitter:data1\" content=\"kalem\" \/>\n\t<meta name=\"twitter:label2\" content=\"Est. reading time\" \/>\n\t<meta name=\"twitter:data2\" content=\"4 minutes\" \/>\n<script type=\"application\/ld+json\" class=\"yoast-schema-graph\">{\"@context\":\"https:\\\/\\\/schema.org\",\"@graph\":[{\"@type\":\"Article\",\"@id\":\"https:\\\/\\\/akunq.net\\\/turkish\\\/2010\\\/08\\\/09\\\/bu-yaylada-televizyon-yasak\\\/#article\",\"isPartOf\":{\"@id\":\"https:\\\/\\\/akunq.net\\\/turkish\\\/2010\\\/08\\\/09\\\/bu-yaylada-televizyon-yasak\\\/\"},\"author\":{\"name\":\"kalem\",\"@id\":\"https:\\\/\\\/akunq.net\\\/turkish\\\/#\\\/schema\\\/person\\\/135e7923d1aeb8887890799619969a6c\"},\"headline\":\"Bu yaylada televizyon yasak\",\"datePublished\":\"2010-08-09T06:20:19+00:00\",\"mainEntityOfPage\":{\"@id\":\"https:\\\/\\\/akunq.net\\\/turkish\\\/2010\\\/08\\\/09\\\/bu-yaylada-televizyon-yasak\\\/\"},\"wordCount\":708,\"image\":{\"@id\":\"https:\\\/\\\/akunq.net\\\/turkish\\\/2010\\\/08\\\/09\\\/bu-yaylada-televizyon-yasak\\\/#primaryimage\"},\"thumbnailUrl\":\"http:\\\/\\\/akunq.net\\\/tr\\\/wp-content\\\/uploads\\\/2010\\\/08\\\/bu-yaylada-televizyon-yasak-7682241.jpg\",\"articleSection\":[\"Haberler\"],\"inLanguage\":\"en-US\"},{\"@type\":\"WebPage\",\"@id\":\"https:\\\/\\\/akunq.net\\\/turkish\\\/2010\\\/08\\\/09\\\/bu-yaylada-televizyon-yasak\\\/\",\"url\":\"https:\\\/\\\/akunq.net\\\/turkish\\\/2010\\\/08\\\/09\\\/bu-yaylada-televizyon-yasak\\\/\",\"name\":\"Bu yaylada televizyon yasak - Bati Ermenistan Ve Bati Ermenileri Sorunlari Ara\u015ftirmalar Merkezi\",\"isPartOf\":{\"@id\":\"https:\\\/\\\/akunq.net\\\/turkish\\\/#website\"},\"primaryImageOfPage\":{\"@id\":\"https:\\\/\\\/akunq.net\\\/turkish\\\/2010\\\/08\\\/09\\\/bu-yaylada-televizyon-yasak\\\/#primaryimage\"},\"image\":{\"@id\":\"https:\\\/\\\/akunq.net\\\/turkish\\\/2010\\\/08\\\/09\\\/bu-yaylada-televizyon-yasak\\\/#primaryimage\"},\"thumbnailUrl\":\"http:\\\/\\\/akunq.net\\\/tr\\\/wp-content\\\/uploads\\\/2010\\\/08\\\/bu-yaylada-televizyon-yasak-7682241.jpg\",\"datePublished\":\"2010-08-09T06:20:19+00:00\",\"author\":{\"@id\":\"https:\\\/\\\/akunq.net\\\/turkish\\\/#\\\/schema\\\/person\\\/135e7923d1aeb8887890799619969a6c\"},\"breadcrumb\":{\"@id\":\"https:\\\/\\\/akunq.net\\\/turkish\\\/2010\\\/08\\\/09\\\/bu-yaylada-televizyon-yasak\\\/#breadcrumb\"},\"inLanguage\":\"en-US\",\"potentialAction\":[{\"@type\":\"ReadAction\",\"target\":[\"https:\\\/\\\/akunq.net\\\/turkish\\\/2010\\\/08\\\/09\\\/bu-yaylada-televizyon-yasak\\\/\"]}]},{\"@type\":\"ImageObject\",\"inLanguage\":\"en-US\",\"@id\":\"https:\\\/\\\/akunq.net\\\/turkish\\\/2010\\\/08\\\/09\\\/bu-yaylada-televizyon-yasak\\\/#primaryimage\",\"url\":\"http:\\\/\\\/akunq.net\\\/tr\\\/wp-content\\\/uploads\\\/2010\\\/08\\\/bu-yaylada-televizyon-yasak-7682241.jpg\",\"contentUrl\":\"http:\\\/\\\/akunq.net\\\/tr\\\/wp-content\\\/uploads\\\/2010\\\/08\\\/bu-yaylada-televizyon-yasak-7682241.jpg\"},{\"@type\":\"BreadcrumbList\",\"@id\":\"https:\\\/\\\/akunq.net\\\/turkish\\\/2010\\\/08\\\/09\\\/bu-yaylada-televizyon-yasak\\\/#breadcrumb\",\"itemListElement\":[{\"@type\":\"ListItem\",\"position\":1,\"name\":\"Home\",\"item\":\"https:\\\/\\\/akunq.net\\\/turkish\\\/\"},{\"@type\":\"ListItem\",\"position\":2,\"name\":\"Bu yaylada televizyon yasak\"}]},{\"@type\":\"WebSite\",\"@id\":\"https:\\\/\\\/akunq.net\\\/turkish\\\/#website\",\"url\":\"https:\\\/\\\/akunq.net\\\/turkish\\\/\",\"name\":\"Bati Ermenistan Ve Bati Ermenileri Sorunlari Ara\u015ftirmalar Merkezi\",\"description\":\"\",\"potentialAction\":[{\"@type\":\"SearchAction\",\"target\":{\"@type\":\"EntryPoint\",\"urlTemplate\":\"https:\\\/\\\/akunq.net\\\/turkish\\\/?s={search_term_string}\"},\"query-input\":{\"@type\":\"PropertyValueSpecification\",\"valueRequired\":true,\"valueName\":\"search_term_string\"}}],\"inLanguage\":\"en-US\"},{\"@type\":\"Person\",\"@id\":\"https:\\\/\\\/akunq.net\\\/turkish\\\/#\\\/schema\\\/person\\\/135e7923d1aeb8887890799619969a6c\",\"name\":\"kalem\",\"image\":{\"@type\":\"ImageObject\",\"inLanguage\":\"en-US\",\"@id\":\"https:\\\/\\\/secure.gravatar.com\\\/avatar\\\/a06875e4b25feb5674296adf8e8a7ae1e587cebce2493fe63c456109967e27d3?s=96&d=mm&r=g\",\"url\":\"https:\\\/\\\/secure.gravatar.com\\\/avatar\\\/a06875e4b25feb5674296adf8e8a7ae1e587cebce2493fe63c456109967e27d3?s=96&d=mm&r=g\",\"contentUrl\":\"https:\\\/\\\/secure.gravatar.com\\\/avatar\\\/a06875e4b25feb5674296adf8e8a7ae1e587cebce2493fe63c456109967e27d3?s=96&d=mm&r=g\",\"caption\":\"kalem\"},\"url\":\"https:\\\/\\\/akunq.net\\\/turkish\\\/author\\\/kalem\\\/\"}]}<\/script>\n<!-- \/ Yoast SEO plugin. -->","yoast_head_json":{"title":"Bu yaylada televizyon yasak - Bati Ermenistan Ve Bati Ermenileri Sorunlari Ara\u015ftirmalar Merkezi","robots":{"index":"index","follow":"follow","max-snippet":"max-snippet:-1","max-image-preview":"max-image-preview:large","max-video-preview":"max-video-preview:-1"},"canonical":"https:\/\/akunq.net\/turkish\/2010\/08\/09\/bu-yaylada-televizyon-yasak\/","og_locale":"en_US","og_type":"article","og_title":"Bu yaylada televizyon yasak - Bati Ermenistan Ve Bati Ermenileri Sorunlari Ara\u015ftirmalar Merkezi","og_description":"R\u0130ZE\u2019nin \u00c7aml\u0131hem\u015fin \u0130l\u00e7esi \u015eenyuva k\u00f6yl\u00fcleri, kom\u015fuluk ili\u015fkilerinin bozulaca\u011f\u0131 gerek\u00e7esiyle Sal yaylas\u0131na, televizyon sokmad\u0131. \u00a0K\u00f6yl\u00fcler, daha \u00f6nce de kablolar\u0131n\u0131n yaylada do\u011fal g\u00fczelli\u011fi etkileyece\u011fi gerek\u00e7esiyle imza toplam\u0131\u015f, ancak elektrik hatlar\u0131n\u0131n yeralt\u0131na al\u0131nmas\u0131yla ikna olmu\u015ftu. Hava ve g\u00fcr\u00fclt\u00fc kirlili\u011fine neden olaca\u011f\u0131na inand\u0131klar\u0131 ara\u00e7lar\u0131n giri\u015fini \u00f6nlemek i\u00e7in yol yap\u0131m\u0131n\u0131 yaylaya 500 metre mesafede durduran k\u00f6yl\u00fcler, evlerine de ancak patikadan [&hellip;]","og_url":"https:\/\/akunq.net\/turkish\/2010\/08\/09\/bu-yaylada-televizyon-yasak\/","og_site_name":"Bati Ermenistan Ve Bati Ermenileri Sorunlari Ara\u015ftirmalar Merkezi","article_published_time":"2010-08-09T06:20:19+00:00","og_image":[{"width":450,"height":298,"url":"https:\/\/akunq.net\/turkish\/wp-content\/uploads\/sites\/5\/2010\/08\/bu-yaylada-televizyon-yasak-7682241.jpg","type":"image\/jpeg"}],"author":"kalem","twitter_card":"summary_large_image","twitter_misc":{"Written by":"kalem","Est. reading time":"4 minutes"},"schema":{"@context":"https:\/\/schema.org","@graph":[{"@type":"Article","@id":"https:\/\/akunq.net\/turkish\/2010\/08\/09\/bu-yaylada-televizyon-yasak\/#article","isPartOf":{"@id":"https:\/\/akunq.net\/turkish\/2010\/08\/09\/bu-yaylada-televizyon-yasak\/"},"author":{"name":"kalem","@id":"https:\/\/akunq.net\/turkish\/#\/schema\/person\/135e7923d1aeb8887890799619969a6c"},"headline":"Bu yaylada televizyon yasak","datePublished":"2010-08-09T06:20:19+00:00","mainEntityOfPage":{"@id":"https:\/\/akunq.net\/turkish\/2010\/08\/09\/bu-yaylada-televizyon-yasak\/"},"wordCount":708,"image":{"@id":"https:\/\/akunq.net\/turkish\/2010\/08\/09\/bu-yaylada-televizyon-yasak\/#primaryimage"},"thumbnailUrl":"http:\/\/akunq.net\/tr\/wp-content\/uploads\/2010\/08\/bu-yaylada-televizyon-yasak-7682241.jpg","articleSection":["Haberler"],"inLanguage":"en-US"},{"@type":"WebPage","@id":"https:\/\/akunq.net\/turkish\/2010\/08\/09\/bu-yaylada-televizyon-yasak\/","url":"https:\/\/akunq.net\/turkish\/2010\/08\/09\/bu-yaylada-televizyon-yasak\/","name":"Bu yaylada televizyon yasak - Bati Ermenistan Ve Bati Ermenileri Sorunlari Ara\u015ftirmalar Merkezi","isPartOf":{"@id":"https:\/\/akunq.net\/turkish\/#website"},"primaryImageOfPage":{"@id":"https:\/\/akunq.net\/turkish\/2010\/08\/09\/bu-yaylada-televizyon-yasak\/#primaryimage"},"image":{"@id":"https:\/\/akunq.net\/turkish\/2010\/08\/09\/bu-yaylada-televizyon-yasak\/#primaryimage"},"thumbnailUrl":"http:\/\/akunq.net\/tr\/wp-content\/uploads\/2010\/08\/bu-yaylada-televizyon-yasak-7682241.jpg","datePublished":"2010-08-09T06:20:19+00:00","author":{"@id":"https:\/\/akunq.net\/turkish\/#\/schema\/person\/135e7923d1aeb8887890799619969a6c"},"breadcrumb":{"@id":"https:\/\/akunq.net\/turkish\/2010\/08\/09\/bu-yaylada-televizyon-yasak\/#breadcrumb"},"inLanguage":"en-US","potentialAction":[{"@type":"ReadAction","target":["https:\/\/akunq.net\/turkish\/2010\/08\/09\/bu-yaylada-televizyon-yasak\/"]}]},{"@type":"ImageObject","inLanguage":"en-US","@id":"https:\/\/akunq.net\/turkish\/2010\/08\/09\/bu-yaylada-televizyon-yasak\/#primaryimage","url":"http:\/\/akunq.net\/tr\/wp-content\/uploads\/2010\/08\/bu-yaylada-televizyon-yasak-7682241.jpg","contentUrl":"http:\/\/akunq.net\/tr\/wp-content\/uploads\/2010\/08\/bu-yaylada-televizyon-yasak-7682241.jpg"},{"@type":"BreadcrumbList","@id":"https:\/\/akunq.net\/turkish\/2010\/08\/09\/bu-yaylada-televizyon-yasak\/#breadcrumb","itemListElement":[{"@type":"ListItem","position":1,"name":"Home","item":"https:\/\/akunq.net\/turkish\/"},{"@type":"ListItem","position":2,"name":"Bu yaylada televizyon yasak"}]},{"@type":"WebSite","@id":"https:\/\/akunq.net\/turkish\/#website","url":"https:\/\/akunq.net\/turkish\/","name":"Bati Ermenistan Ve Bati Ermenileri Sorunlari Ara\u015ftirmalar Merkezi","description":"","potentialAction":[{"@type":"SearchAction","target":{"@type":"EntryPoint","urlTemplate":"https:\/\/akunq.net\/turkish\/?s={search_term_string}"},"query-input":{"@type":"PropertyValueSpecification","valueRequired":true,"valueName":"search_term_string"}}],"inLanguage":"en-US"},{"@type":"Person","@id":"https:\/\/akunq.net\/turkish\/#\/schema\/person\/135e7923d1aeb8887890799619969a6c","name":"kalem","image":{"@type":"ImageObject","inLanguage":"en-US","@id":"https:\/\/secure.gravatar.com\/avatar\/a06875e4b25feb5674296adf8e8a7ae1e587cebce2493fe63c456109967e27d3?s=96&d=mm&r=g","url":"https:\/\/secure.gravatar.com\/avatar\/a06875e4b25feb5674296adf8e8a7ae1e587cebce2493fe63c456109967e27d3?s=96&d=mm&r=g","contentUrl":"https:\/\/secure.gravatar.com\/avatar\/a06875e4b25feb5674296adf8e8a7ae1e587cebce2493fe63c456109967e27d3?s=96&d=mm&r=g","caption":"kalem"},"url":"https:\/\/akunq.net\/turkish\/author\/kalem\/"}]}},"_links":{"self":[{"href":"https:\/\/akunq.net\/turkish\/wp-json\/wp\/v2\/posts\/1482","targetHints":{"allow":["GET"]}}],"collection":[{"href":"https:\/\/akunq.net\/turkish\/wp-json\/wp\/v2\/posts"}],"about":[{"href":"https:\/\/akunq.net\/turkish\/wp-json\/wp\/v2\/types\/post"}],"author":[{"embeddable":true,"href":"https:\/\/akunq.net\/turkish\/wp-json\/wp\/v2\/users\/3"}],"replies":[{"embeddable":true,"href":"https:\/\/akunq.net\/turkish\/wp-json\/wp\/v2\/comments?post=1482"}],"version-history":[{"count":0,"href":"https:\/\/akunq.net\/turkish\/wp-json\/wp\/v2\/posts\/1482\/revisions"}],"wp:attachment":[{"href":"https:\/\/akunq.net\/turkish\/wp-json\/wp\/v2\/media?parent=1482"}],"wp:term":[{"taxonomy":"category","embeddable":true,"href":"https:\/\/akunq.net\/turkish\/wp-json\/wp\/v2\/categories?post=1482"},{"taxonomy":"post_tag","embeddable":true,"href":"https:\/\/akunq.net\/turkish\/wp-json\/wp\/v2\/tags?post=1482"}],"curies":[{"name":"wp","href":"https:\/\/api.w.org\/{rel}","templated":true}]}}