{"id":1480,"date":"2010-08-09T00:52:27","date_gmt":"2010-08-09T05:52:27","guid":{"rendered":"http:\/\/akunq.net\/tr\/?p=1480"},"modified":"2010-08-09T00:52:27","modified_gmt":"2010-08-09T05:52:27","slug":"hamile-ermeni-kadin-turkiyede-olduruldu","status":"publish","type":"post","link":"https:\/\/akunq.net\/turkish\/2010\/08\/09\/hamile-ermeni-kadin-turkiyede-olduruldu\/","title":{"rendered":"Hamile Ermeni kad\u0131n T\u00fcrkiye\u2019de \u00f6ld\u00fcr\u00fcld\u00fc"},"content":{"rendered":"<p style=\"text-align: justify\"><strong><em>K\u0131sa bir s\u00fcre \u00f6nce kaybolan Ermenisan vatanda\u015f\u0131 Anna Davtyan T\u00fcrkiye\u2019de \u00f6l\u00fc bulundu.<\/em><\/strong><\/p>\n<p style=\"text-align: justify\">T\u00fcrkiye\u2019de yay\u0131mlanan Sabah gazetesi 28 Temmuz say\u0131s\u0131nda 29 ya\u015f\u0131ndaki <a href=\"http:\/\/news.am\/tur\/news\/26283.html\">Anna Davtyna\u2019\u0131n kayboldu\u011fu haberini vermi\u015fti<\/a>. \u00c7arentsavan sakini Anna, 6 ayl\u0131k hamileydi. Birka\u00e7 g\u00fcn \u00f6nce, Ermeni gen\u00e7 bayan\u0131n cesedinin Antalya\u2019da bulundu\u011fu haberleri yay\u0131lm\u0131\u015ft\u0131.<\/p>\n<p style=\"text-align: justify\">\u00c7arentsavan belediye ba\u015fkan\u0131 Hakob \u015eahgaldyan \u2018\u00d6zg\u00fcrl\u00fck Radyosu\u2019na yapt\u0131\u011f\u0131 a\u00e7\u0131klamada, k\u0131z\u0131n\u0131 bulmak amac\u0131yla Antalya\u2019ya hareket eden Anna\u2019n\u0131n annesinin % 90 ihtimalle k\u0131z\u0131n\u0131n bedenini tan\u0131d\u0131\u011f\u0131 bilgisini teyid etti. Gen\u00e7 bayan\u0131n \u00f6l\u00fc bedeninin i\u015fkencelere maruz kalmas\u0131ndan \u00f6t\u00fcr\u00fc tan\u0131namaz durumda oldu\u011fu ve bunun Ermenistan\u2019a nakil konusunda zorluklar yaratt\u0131\u011f\u0131 kaydedildi. Anna Davtyan\u2019\u0131n akrabalar\u0131 \u015fu anda DNA analizi i\u00e7in beklemekteler.<\/p>\n<p style=\"text-align: justify\">Durumu, T\u00fcrkiye ve Ermenistan aras\u0131nda diplomatik ili\u015fkiler olmamas\u0131 daha da zorla\u015ft\u0131rmakta.<\/p>\n<p style=\"text-align: justify\">\u00a0<a href=\"http:\/\/news.am\/tur\/\"><strong><em>News from Armenia &#8211; NEWS.am<\/em><\/strong><\/a><strong><em> <\/em><\/strong><\/p>\n<p style=\"text-align: justify\"><strong><em>A\u011fustos 07, 2010 <\/em><\/strong><\/p>\n","protected":false},"excerpt":{"rendered":"<p>K\u0131sa bir s\u00fcre \u00f6nce kaybolan Ermenisan vatanda\u015f\u0131 Anna Davtyan T\u00fcrkiye\u2019de \u00f6l\u00fc bulundu. T\u00fcrkiye\u2019de yay\u0131mlanan Sabah gazetesi 28 Temmuz say\u0131s\u0131nda 29 ya\u015f\u0131ndaki Anna Davtyna\u2019\u0131n kayboldu\u011fu haberini vermi\u015fti. \u00c7arentsavan sakini Anna, 6 ayl\u0131k hamileydi. Birka\u00e7 g\u00fcn \u00f6nce, Ermeni gen\u00e7 bayan\u0131n cesedinin Antalya\u2019da bulundu\u011fu haberleri yay\u0131lm\u0131\u015ft\u0131. \u00c7arentsavan belediye ba\u015fkan\u0131 Hakob \u015eahgaldyan \u2018\u00d6zg\u00fcrl\u00fck Radyosu\u2019na yapt\u0131\u011f\u0131 a\u00e7\u0131klamada, k\u0131z\u0131n\u0131 bulmak amac\u0131yla [&hellip;]<\/p>\n","protected":false},"author":3,"featured_media":0,"comment_status":"closed","ping_status":"open","sticky":false,"template":"","format":"standard","meta":{"footnotes":""},"categories":[14],"tags":[],"class_list":["post-1480","post","type-post","status-publish","format-standard","hentry","category-haberler"],"yoast_head":"<!-- This site is optimized with the Yoast SEO plugin v27.4 - https:\/\/yoast.com\/product\/yoast-seo-wordpress\/ -->\n<title>Hamile Ermeni kad\u0131n T\u00fcrkiye\u2019de \u00f6ld\u00fcr\u00fcld\u00fc - Bati Ermenistan Ve Bati Ermenileri Sorunlari Ara\u015ftirmalar Merkezi<\/title>\n<meta name=\"robots\" content=\"index, follow, max-snippet:-1, max-image-preview:large, max-video-preview:-1\" \/>\n<link rel=\"canonical\" href=\"https:\/\/akunq.net\/turkish\/2010\/08\/09\/hamile-ermeni-kadin-turkiyede-olduruldu\/\" \/>\n<meta property=\"og:locale\" content=\"en_US\" \/>\n<meta property=\"og:type\" content=\"article\" \/>\n<meta property=\"og:title\" content=\"Hamile Ermeni kad\u0131n T\u00fcrkiye\u2019de \u00f6ld\u00fcr\u00fcld\u00fc - Bati Ermenistan Ve Bati Ermenileri Sorunlari Ara\u015ftirmalar Merkezi\" \/>\n<meta property=\"og:description\" content=\"K\u0131sa bir s\u00fcre \u00f6nce kaybolan Ermenisan vatanda\u015f\u0131 Anna Davtyan T\u00fcrkiye\u2019de \u00f6l\u00fc bulundu. T\u00fcrkiye\u2019de yay\u0131mlanan Sabah gazetesi 28 Temmuz say\u0131s\u0131nda 29 ya\u015f\u0131ndaki Anna Davtyna\u2019\u0131n kayboldu\u011fu haberini vermi\u015fti. \u00c7arentsavan sakini Anna, 6 ayl\u0131k hamileydi. Birka\u00e7 g\u00fcn \u00f6nce, Ermeni gen\u00e7 bayan\u0131n cesedinin Antalya\u2019da bulundu\u011fu haberleri yay\u0131lm\u0131\u015ft\u0131. \u00c7arentsavan belediye ba\u015fkan\u0131 Hakob \u015eahgaldyan \u2018\u00d6zg\u00fcrl\u00fck Radyosu\u2019na yapt\u0131\u011f\u0131 a\u00e7\u0131klamada, k\u0131z\u0131n\u0131 bulmak amac\u0131yla [&hellip;]\" \/>\n<meta property=\"og:url\" content=\"https:\/\/akunq.net\/turkish\/2010\/08\/09\/hamile-ermeni-kadin-turkiyede-olduruldu\/\" \/>\n<meta property=\"og:site_name\" content=\"Bati Ermenistan Ve Bati Ermenileri Sorunlari Ara\u015ftirmalar Merkezi\" \/>\n<meta property=\"article:published_time\" content=\"2010-08-09T05:52:27+00:00\" \/>\n<meta name=\"author\" content=\"kalem\" \/>\n<meta name=\"twitter:card\" content=\"summary_large_image\" \/>\n<meta name=\"twitter:label1\" content=\"Written by\" \/>\n\t<meta name=\"twitter:data1\" content=\"kalem\" \/>\n\t<meta name=\"twitter:label2\" content=\"Est. reading time\" \/>\n\t<meta name=\"twitter:data2\" content=\"1 minute\" \/>\n<script type=\"application\/ld+json\" class=\"yoast-schema-graph\">{\"@context\":\"https:\\\/\\\/schema.org\",\"@graph\":[{\"@type\":\"Article\",\"@id\":\"https:\\\/\\\/akunq.net\\\/turkish\\\/2010\\\/08\\\/09\\\/hamile-ermeni-kadin-turkiyede-olduruldu\\\/#article\",\"isPartOf\":{\"@id\":\"https:\\\/\\\/akunq.net\\\/turkish\\\/2010\\\/08\\\/09\\\/hamile-ermeni-kadin-turkiyede-olduruldu\\\/\"},\"author\":{\"name\":\"kalem\",\"@id\":\"https:\\\/\\\/akunq.net\\\/turkish\\\/#\\\/schema\\\/person\\\/135e7923d1aeb8887890799619969a6c\"},\"headline\":\"Hamile Ermeni kad\u0131n T\u00fcrkiye\u2019de \u00f6ld\u00fcr\u00fcld\u00fc\",\"datePublished\":\"2010-08-09T05:52:27+00:00\",\"mainEntityOfPage\":{\"@id\":\"https:\\\/\\\/akunq.net\\\/turkish\\\/2010\\\/08\\\/09\\\/hamile-ermeni-kadin-turkiyede-olduruldu\\\/\"},\"wordCount\":170,\"articleSection\":[\"Haberler\"],\"inLanguage\":\"en-US\"},{\"@type\":\"WebPage\",\"@id\":\"https:\\\/\\\/akunq.net\\\/turkish\\\/2010\\\/08\\\/09\\\/hamile-ermeni-kadin-turkiyede-olduruldu\\\/\",\"url\":\"https:\\\/\\\/akunq.net\\\/turkish\\\/2010\\\/08\\\/09\\\/hamile-ermeni-kadin-turkiyede-olduruldu\\\/\",\"name\":\"Hamile Ermeni kad\u0131n T\u00fcrkiye\u2019de \u00f6ld\u00fcr\u00fcld\u00fc - Bati Ermenistan Ve Bati Ermenileri Sorunlari Ara\u015ftirmalar Merkezi\",\"isPartOf\":{\"@id\":\"https:\\\/\\\/akunq.net\\\/turkish\\\/#website\"},\"datePublished\":\"2010-08-09T05:52:27+00:00\",\"author\":{\"@id\":\"https:\\\/\\\/akunq.net\\\/turkish\\\/#\\\/schema\\\/person\\\/135e7923d1aeb8887890799619969a6c\"},\"breadcrumb\":{\"@id\":\"https:\\\/\\\/akunq.net\\\/turkish\\\/2010\\\/08\\\/09\\\/hamile-ermeni-kadin-turkiyede-olduruldu\\\/#breadcrumb\"},\"inLanguage\":\"en-US\",\"potentialAction\":[{\"@type\":\"ReadAction\",\"target\":[\"https:\\\/\\\/akunq.net\\\/turkish\\\/2010\\\/08\\\/09\\\/hamile-ermeni-kadin-turkiyede-olduruldu\\\/\"]}]},{\"@type\":\"BreadcrumbList\",\"@id\":\"https:\\\/\\\/akunq.net\\\/turkish\\\/2010\\\/08\\\/09\\\/hamile-ermeni-kadin-turkiyede-olduruldu\\\/#breadcrumb\",\"itemListElement\":[{\"@type\":\"ListItem\",\"position\":1,\"name\":\"Home\",\"item\":\"https:\\\/\\\/akunq.net\\\/turkish\\\/\"},{\"@type\":\"ListItem\",\"position\":2,\"name\":\"Hamile Ermeni kad\u0131n T\u00fcrkiye\u2019de \u00f6ld\u00fcr\u00fcld\u00fc\"}]},{\"@type\":\"WebSite\",\"@id\":\"https:\\\/\\\/akunq.net\\\/turkish\\\/#website\",\"url\":\"https:\\\/\\\/akunq.net\\\/turkish\\\/\",\"name\":\"Bati Ermenistan Ve Bati Ermenileri Sorunlari Ara\u015ftirmalar Merkezi\",\"description\":\"\",\"potentialAction\":[{\"@type\":\"SearchAction\",\"target\":{\"@type\":\"EntryPoint\",\"urlTemplate\":\"https:\\\/\\\/akunq.net\\\/turkish\\\/?s={search_term_string}\"},\"query-input\":{\"@type\":\"PropertyValueSpecification\",\"valueRequired\":true,\"valueName\":\"search_term_string\"}}],\"inLanguage\":\"en-US\"},{\"@type\":\"Person\",\"@id\":\"https:\\\/\\\/akunq.net\\\/turkish\\\/#\\\/schema\\\/person\\\/135e7923d1aeb8887890799619969a6c\",\"name\":\"kalem\",\"image\":{\"@type\":\"ImageObject\",\"inLanguage\":\"en-US\",\"@id\":\"https:\\\/\\\/secure.gravatar.com\\\/avatar\\\/a06875e4b25feb5674296adf8e8a7ae1e587cebce2493fe63c456109967e27d3?s=96&d=mm&r=g\",\"url\":\"https:\\\/\\\/secure.gravatar.com\\\/avatar\\\/a06875e4b25feb5674296adf8e8a7ae1e587cebce2493fe63c456109967e27d3?s=96&d=mm&r=g\",\"contentUrl\":\"https:\\\/\\\/secure.gravatar.com\\\/avatar\\\/a06875e4b25feb5674296adf8e8a7ae1e587cebce2493fe63c456109967e27d3?s=96&d=mm&r=g\",\"caption\":\"kalem\"},\"url\":\"https:\\\/\\\/akunq.net\\\/turkish\\\/author\\\/kalem\\\/\"}]}<\/script>\n<!-- \/ Yoast SEO plugin. -->","yoast_head_json":{"title":"Hamile Ermeni kad\u0131n T\u00fcrkiye\u2019de \u00f6ld\u00fcr\u00fcld\u00fc - Bati Ermenistan Ve Bati Ermenileri Sorunlari Ara\u015ftirmalar Merkezi","robots":{"index":"index","follow":"follow","max-snippet":"max-snippet:-1","max-image-preview":"max-image-preview:large","max-video-preview":"max-video-preview:-1"},"canonical":"https:\/\/akunq.net\/turkish\/2010\/08\/09\/hamile-ermeni-kadin-turkiyede-olduruldu\/","og_locale":"en_US","og_type":"article","og_title":"Hamile Ermeni kad\u0131n T\u00fcrkiye\u2019de \u00f6ld\u00fcr\u00fcld\u00fc - Bati Ermenistan Ve Bati Ermenileri Sorunlari Ara\u015ftirmalar Merkezi","og_description":"K\u0131sa bir s\u00fcre \u00f6nce kaybolan Ermenisan vatanda\u015f\u0131 Anna Davtyan T\u00fcrkiye\u2019de \u00f6l\u00fc bulundu. T\u00fcrkiye\u2019de yay\u0131mlanan Sabah gazetesi 28 Temmuz say\u0131s\u0131nda 29 ya\u015f\u0131ndaki Anna Davtyna\u2019\u0131n kayboldu\u011fu haberini vermi\u015fti. \u00c7arentsavan sakini Anna, 6 ayl\u0131k hamileydi. Birka\u00e7 g\u00fcn \u00f6nce, Ermeni gen\u00e7 bayan\u0131n cesedinin Antalya\u2019da bulundu\u011fu haberleri yay\u0131lm\u0131\u015ft\u0131. \u00c7arentsavan belediye ba\u015fkan\u0131 Hakob \u015eahgaldyan \u2018\u00d6zg\u00fcrl\u00fck Radyosu\u2019na yapt\u0131\u011f\u0131 a\u00e7\u0131klamada, k\u0131z\u0131n\u0131 bulmak amac\u0131yla [&hellip;]","og_url":"https:\/\/akunq.net\/turkish\/2010\/08\/09\/hamile-ermeni-kadin-turkiyede-olduruldu\/","og_site_name":"Bati Ermenistan Ve Bati Ermenileri Sorunlari Ara\u015ftirmalar Merkezi","article_published_time":"2010-08-09T05:52:27+00:00","author":"kalem","twitter_card":"summary_large_image","twitter_misc":{"Written by":"kalem","Est. reading time":"1 minute"},"schema":{"@context":"https:\/\/schema.org","@graph":[{"@type":"Article","@id":"https:\/\/akunq.net\/turkish\/2010\/08\/09\/hamile-ermeni-kadin-turkiyede-olduruldu\/#article","isPartOf":{"@id":"https:\/\/akunq.net\/turkish\/2010\/08\/09\/hamile-ermeni-kadin-turkiyede-olduruldu\/"},"author":{"name":"kalem","@id":"https:\/\/akunq.net\/turkish\/#\/schema\/person\/135e7923d1aeb8887890799619969a6c"},"headline":"Hamile Ermeni kad\u0131n T\u00fcrkiye\u2019de \u00f6ld\u00fcr\u00fcld\u00fc","datePublished":"2010-08-09T05:52:27+00:00","mainEntityOfPage":{"@id":"https:\/\/akunq.net\/turkish\/2010\/08\/09\/hamile-ermeni-kadin-turkiyede-olduruldu\/"},"wordCount":170,"articleSection":["Haberler"],"inLanguage":"en-US"},{"@type":"WebPage","@id":"https:\/\/akunq.net\/turkish\/2010\/08\/09\/hamile-ermeni-kadin-turkiyede-olduruldu\/","url":"https:\/\/akunq.net\/turkish\/2010\/08\/09\/hamile-ermeni-kadin-turkiyede-olduruldu\/","name":"Hamile Ermeni kad\u0131n T\u00fcrkiye\u2019de \u00f6ld\u00fcr\u00fcld\u00fc - Bati Ermenistan Ve Bati Ermenileri Sorunlari Ara\u015ftirmalar Merkezi","isPartOf":{"@id":"https:\/\/akunq.net\/turkish\/#website"},"datePublished":"2010-08-09T05:52:27+00:00","author":{"@id":"https:\/\/akunq.net\/turkish\/#\/schema\/person\/135e7923d1aeb8887890799619969a6c"},"breadcrumb":{"@id":"https:\/\/akunq.net\/turkish\/2010\/08\/09\/hamile-ermeni-kadin-turkiyede-olduruldu\/#breadcrumb"},"inLanguage":"en-US","potentialAction":[{"@type":"ReadAction","target":["https:\/\/akunq.net\/turkish\/2010\/08\/09\/hamile-ermeni-kadin-turkiyede-olduruldu\/"]}]},{"@type":"BreadcrumbList","@id":"https:\/\/akunq.net\/turkish\/2010\/08\/09\/hamile-ermeni-kadin-turkiyede-olduruldu\/#breadcrumb","itemListElement":[{"@type":"ListItem","position":1,"name":"Home","item":"https:\/\/akunq.net\/turkish\/"},{"@type":"ListItem","position":2,"name":"Hamile Ermeni kad\u0131n T\u00fcrkiye\u2019de \u00f6ld\u00fcr\u00fcld\u00fc"}]},{"@type":"WebSite","@id":"https:\/\/akunq.net\/turkish\/#website","url":"https:\/\/akunq.net\/turkish\/","name":"Bati Ermenistan Ve Bati Ermenileri Sorunlari Ara\u015ftirmalar Merkezi","description":"","potentialAction":[{"@type":"SearchAction","target":{"@type":"EntryPoint","urlTemplate":"https:\/\/akunq.net\/turkish\/?s={search_term_string}"},"query-input":{"@type":"PropertyValueSpecification","valueRequired":true,"valueName":"search_term_string"}}],"inLanguage":"en-US"},{"@type":"Person","@id":"https:\/\/akunq.net\/turkish\/#\/schema\/person\/135e7923d1aeb8887890799619969a6c","name":"kalem","image":{"@type":"ImageObject","inLanguage":"en-US","@id":"https:\/\/secure.gravatar.com\/avatar\/a06875e4b25feb5674296adf8e8a7ae1e587cebce2493fe63c456109967e27d3?s=96&d=mm&r=g","url":"https:\/\/secure.gravatar.com\/avatar\/a06875e4b25feb5674296adf8e8a7ae1e587cebce2493fe63c456109967e27d3?s=96&d=mm&r=g","contentUrl":"https:\/\/secure.gravatar.com\/avatar\/a06875e4b25feb5674296adf8e8a7ae1e587cebce2493fe63c456109967e27d3?s=96&d=mm&r=g","caption":"kalem"},"url":"https:\/\/akunq.net\/turkish\/author\/kalem\/"}]}},"_links":{"self":[{"href":"https:\/\/akunq.net\/turkish\/wp-json\/wp\/v2\/posts\/1480","targetHints":{"allow":["GET"]}}],"collection":[{"href":"https:\/\/akunq.net\/turkish\/wp-json\/wp\/v2\/posts"}],"about":[{"href":"https:\/\/akunq.net\/turkish\/wp-json\/wp\/v2\/types\/post"}],"author":[{"embeddable":true,"href":"https:\/\/akunq.net\/turkish\/wp-json\/wp\/v2\/users\/3"}],"replies":[{"embeddable":true,"href":"https:\/\/akunq.net\/turkish\/wp-json\/wp\/v2\/comments?post=1480"}],"version-history":[{"count":0,"href":"https:\/\/akunq.net\/turkish\/wp-json\/wp\/v2\/posts\/1480\/revisions"}],"wp:attachment":[{"href":"https:\/\/akunq.net\/turkish\/wp-json\/wp\/v2\/media?parent=1480"}],"wp:term":[{"taxonomy":"category","embeddable":true,"href":"https:\/\/akunq.net\/turkish\/wp-json\/wp\/v2\/categories?post=1480"},{"taxonomy":"post_tag","embeddable":true,"href":"https:\/\/akunq.net\/turkish\/wp-json\/wp\/v2\/tags?post=1480"}],"curies":[{"name":"wp","href":"https:\/\/api.w.org\/{rel}","templated":true}]}}