{"id":1474,"date":"2010-08-06T07:19:03","date_gmt":"2010-08-06T12:19:03","guid":{"rendered":"http:\/\/akunq.net\/tr\/?p=1474"},"modified":"2010-08-06T07:19:03","modified_gmt":"2010-08-06T12:19:03","slug":"ruhani-kurulun-son-duyurusunun-bize-dusundurdukleri","status":"publish","type":"post","link":"https:\/\/akunq.net\/turkish\/2010\/08\/06\/ruhani-kurulun-son-duyurusunun-bize-dusundurdukleri\/","title":{"rendered":"RUHAN\u0130 KURULUN SON DUYURUSUNUN B\u0130ZE D\u00dc\u015e\u00dcND\u00dcRD\u00dcKLER\u0130"},"content":{"rendered":"<p style=\"text-align: justify\">\n<strong>Ruhani Kurul E\u015f Patrik Se\u00e7iminden Bu Kadar \u00c7abuk Vazge\u00e7erek Hata Yapt\u0131\u00a0<br \/>\n<\/strong><br \/>\nD\u00fcn Ruhani Kurul&#8217;un Patriklik se\u00e7imi ile ilgili yarat\u0131lan durumun veya bizlere dayat\u0131lan &#8220;oldu bitti&#8221; ile ilintili bir dizi sorunun yan\u0131tlar\u0131n\u0131 i\u00e7eren duyurusunu yay\u0131nlam\u0131\u015ft\u0131k. Yine d\u00fcn bu habere eklemi\u015f oldu\u011fumuz gibi bu duyuru olas\u0131l\u0131kla gecikmi\u015f bir duyuruydu. B\u00f6yle bir a\u00e7\u0131klaman\u0131n daha \u00f6nce yap\u0131lmam\u0131\u015f olmas\u0131 yersiz tedirginliklere, dedikodulara, gelece\u011fe ve geleneklerimize y\u00f6nelik ciddi endi\u015felere yol a\u00e7m\u0131\u015ft\u0131. Asl\u0131nda ge\u00e7 olmas\u0131 hi\u00e7 olmamas\u0131ndan iyiydi. Ruhani Kurul nihayet bir \u015feyler s\u00f6ylemesi gerekti\u011fini hissetti ve s\u00f6yledi.\u00a0<\/p>\n<p>Peki bu duyuru zihinleri tam anlam\u0131yla rahatlat\u0131r m\u0131, yarat\u0131lan suni ve tamamen yersiz krizi sona erdirmeyi ba\u015farabilir mi? Bu duyuru bizlere geleneksel patrik se\u00e7me hakk\u0131m\u0131z\u0131n sakl\u0131 kald\u0131\u011f\u0131 ve bu hakk\u0131m\u0131z\u0131 zaman\u0131 geldi\u011finde mutlaka kullanaca\u011f\u0131m\u0131z konusunda g\u00fcvence vererek bizleri rahatlatmakla birlikte, bu hakk\u0131 hemen kullanamamaz\u0131n hayati \u00f6nemine hi\u00e7 de\u011finmemektedir. Zaman\u0131 geldi\u011finde kullan\u0131lacak. &#8220;Zaman\u0131 geldi\u011finde&#8221; tan\u0131mlamas\u0131ndan anla\u015f\u0131lan ise kimsenin hakk\u0131nda konu\u015fmaktan ho\u015flanmad\u0131\u011f\u0131 konu. &#8220;Patrik Mesrob Hazretleri vefat etti\u011finde&#8221; demek isteniyor. Bir ba\u015fka deyi\u015fle geleneksel patrik se\u00e7me hakk\u0131 ne Devlet taraf\u0131ndan ne de bug\u00fcn Patrikhane ad\u0131na g\u00f6revi y\u00fcr\u00fctenler taraf\u0131ndan elimizden al\u0131nm\u0131\u015f de\u011fil, sadece Patrik Mesrob hayatta oldu\u011fu m\u00fcddet\u00e7e beklenecek.\u00a0<\/p>\n<p>Burada hemen zaten bizim ne Devletimizin ne bizimkilerin patrik se\u00e7me hakk\u0131m\u0131z\u0131 elimizden almaya niyetleri oldu\u011funa dair en ufak bir endi\u015femiz olmad\u0131\u011f\u0131n\u0131 belirtelim. Zaten b\u00f6yle bir \u015fey yapamazlard\u0131. Bu y\u00fczden bir tak\u0131m \u00e7evreler, \u00f6zellikle yurt d\u0131\u015f\u0131nda ya\u015fayanlar bu y\u00f6nde endi\u015felenmeye ba\u015flad\u0131klar\u0131nda, biz bu endi\u015felerin yersiz oldu\u011funu s\u00f6yl\u00fcyorduk. Bizim endi\u015femizin nedeni farkl\u0131yd\u0131. Biz bir Patrik Vekili se\u00e7iminin ge\u00e7ici olarak Patrik se\u00e7imiyle e\u015fde\u011fer olarak de\u011ferlendirilip Patriklik Makam\u0131na acilen bir patrik se\u00e7me umudumuzu yok etmesinden endi\u015fe ediyorduk.\u00a0<\/p>\n<p>\u015eimdi sonu\u00e7 \u015f\u00f6yle:\u00a0<\/p>\n<p>Ruhani kurul biz ve bizim gibi endi\u015felilere Patrik se\u00e7imi hakk\u0131m\u0131z\u0131n baki oldu\u011fu konusunda g\u00fcvence verdi. Bu g\u00fczel ve alk\u0131\u015flanacak bir davran\u0131\u015f. Fakat \u00f6te yandan Ruhani Kurul Kesin bir \u015fekilde Patriklik se\u00e7imi s\u00fcrecini sona erdirdi ve cemaati bir Vekil ile yetinme olgusuyla ba\u015f ba\u015fa b\u0131rakt\u0131. \u0130\u015fte bu g\u00fczel de\u011fil. Bizim, hep belirtmi\u015f oldu\u011fumuz gibi, bir vekile de\u011fil bir Patrik&#8217;e ihtiyac\u0131m\u0131z var. Bu nedenle de en son s\u00f6yleyece\u011fimiz \u015feyi burada hemen s\u00f6yleyece\u011fiz. Bizim bir vekile sadece e\u011fer bizi bir an \u00f6nce kurallara ve geleneklerimize uygun bir Patriklik Se\u00e7imine g\u00f6t\u00fcrecekse ihtiyac\u0131m\u0131z var. Aksi takdirde bizim s\u00fcrekli bir vekile ihtiyac\u0131m\u0131z yok. Zaten bir vekil vard\u0131. Bunun i\u00e7in de Ruhaniler Genel Meclisini toplamaya filan gerek yoktu.\u00a0<\/p>\n<p>Gelin \u00f6nce bu duyuruyu ayr\u0131nt\u0131lar\u0131yla bir inceleyelim ve hangi noktalar\u0131n tespit edilmi\u015f oldu\u011funu birlikte g\u00f6relim.\u00a0<\/p>\n<p>1. Ruhani Kurulun daha \u00f6nce duyurmu\u015f oldu\u011fu \u201cPatrik Mesrob II\u2019nin hayat\u0131 boyunca Patrik olarak tan\u0131naca\u011f\u0131\u201d karar\u0131 ge\u00e7erlili\u011fini korumaktad\u0131r.\u00a0<\/p>\n<p>2. Patrik Mesrob II hayat\u0131 boyunca Patrik olarak kalaca\u011f\u0131na g\u00f6re bu d\u00f6nemde herhangi bir se\u00e7im yap\u0131lmayacakt\u0131r.\u00a0<\/p>\n<p>3. E\u015f Patrik se\u00e7imi, bu konu i\u00e7in g\u00f6revlendirilmi\u015f olan \u201cE\u015f Patrik Se\u00e7imi M\u00fcte\u015febbis Heyeti\u201dnin g\u00f6revini farkl\u0131 alg\u0131lamas\u0131 ve kanuni dayana\u011f\u0131 olmayan giri\u015fimleri sebebiyle ger\u00e7ekle\u015fememi\u015ftir.\u00a0<\/p>\n<p>4. Bu durumdan Ruhani Kurul sorumlu tutulamaz. Ruhani Kurula haks\u0131zl\u0131k etmemek gerekir.\u00a0<\/p>\n<p>5. Makam bo\u015f olmad\u0131\u011f\u0131 i\u00e7in se\u00e7im yap\u0131lamayaca\u011f\u0131na g\u00f6re M\u00fcte\u015febbis Heyetin de art\u0131k hukuki temeli yoktur ve onun varl\u0131\u011f\u0131ndan s\u00f6z etmek m\u00fcmk\u00fcn de\u011fildir.\u00a0<\/p>\n<p>6. Baz\u0131 \u00e7evrelerce ileri s\u00fcr\u00fclen, \u201cT\u00fcrkiye Ermenileri Patri\u011fi\u2019ni art\u0131k cemaatin se\u00e7meyece\u011fi\u201d yolundaki iddia, kesinlikle do\u011fru olmay\u0131p tarafl\u0131 ve yanl\u0131\u015f bir y\u00f6nlendirmedir. B\u00f6yle bir tehlike s\u00f6z konusu de\u011fildir. Patrik Mesrob II Hazretleri\u2019nin vefat\u0131ndan sonra kural ve geleneklerimize uygun se\u00e7im yap\u0131lacakt\u0131r. Buna ne Devlet taraf\u0131ndan bir engel konmu\u015ftur, ne de herhangi bir ba\u015fka kurum taraf\u0131ndan b\u00f6yle bir talep gelmi\u015ftir. Bug\u00fcne kadar oldu\u011fu gibi bundan sonra da Ruhani Kurul T\u00fcrkiye Ermenilerinin Patrik se\u00e7me hakk\u0131n\u0131 korumakta kararl\u0131d\u0131r.\u00a0<\/p>\n<p>7. Bug\u00fcnk\u00fc durum, anlams\u0131z giri\u015fimleriyle E\u015f-Patrik se\u00e7imini baltalayanlar\u0131n yaratm\u0131\u015f oldu\u011fu d\u00fc\u011f\u00fcme bir \u00e7\u00f6z\u00fcm getirmi\u015ftir. Patrik Genel Vekili se\u00e7imi bir bo\u015flu\u011fu doldurmu\u015ftur. Se\u00e7im, team\u00fcller gere\u011fi, sadece \u0130stanbul\u2019da g\u00f6rev yapan din adamlar\u0131n\u0131n kat\u0131l\u0131m\u0131yla toplanan Ruhaniler Genel Meclisi taraf\u0131ndan yap\u0131lm\u0131\u015ft\u0131r.\u00a0<\/p>\n<p>8. Patrik Genel Vekili\u2019ne verilebilece\u011fi bildirilen, \u201cMabed ve ayin d\u0131\u015f\u0131nda dini k\u0131yafetle dola\u015fma\u201d yetkisi ise sadece kiliseler aras\u0131 ili\u015fkilerle ilgili toplant\u0131larda, \u00f6b\u00fcr cemaatler ile e\u015fit bir mevki edinme amac\u0131yla kullan\u0131lacakt\u0131r.\u00a0<\/p>\n<p>Sat\u0131rlar aras\u0131nda gizli bir \u00e7ok noktalar\u0131 atlayarak, duyuruda \u00fczerinde durulan temel tespitlerin bunlar oldu\u011funu s\u00f6yleyebiliriz.\u00a0<\/p>\n<p>\u015eimdi bu tespitlerin ne anlama geldi\u011fine bir bakal\u0131m.\u00a0<\/p>\n<p>Bu tespitler bizlere Patrik Mesrob II Hazretleri vefat edene kadar art\u0131k yapacak bir \u015fey olmad\u0131\u011f\u0131n\u0131 s\u00f6yl\u00fcyor. Bu \u015fekilde ifade etmek ho\u015f de\u011fil ancak ne yaz\u0131k ki ortada bir mecburiyet var. Duyuruya g\u00f6re Makam bo\u015f de\u011fil ve bo\u015falmas\u0131 beklenecek. Zaman\u0131 geldi\u011finde \u00f6rf ve adetlerimize uygun bir Patriklik se\u00e7imi yap\u0131lacak. O zaman kadar gerekti\u011finde uluslar veya cemaatler aras\u0131 etkinliklerde &#8220;Patriklik K\u0131yafeti&#8221; giyebilecek ve Patriklik yetkisiyle g\u00f6rev yapacak olan Patrik Genel Vekili ile yetinece\u011fiz. Duyuru endi\u015felenmeye gerek olmad\u0131\u011f\u0131n\u0131 s\u00f6yl\u00fcyor, Devlet taraf\u0131ndan herhangi bir art niyet ortaya konmu\u015f de\u011fil, sadece Mesrop II Hazretlerinin vefat\u0131ndan sonra normal durumumuza geri d\u00f6nece\u011fimiz zamana kadar uygulanacak en iyi \u00e7\u00f6z\u00fcm\u00fcn bulundu\u011fu belirtiliyor.\u00a0<\/p>\n<p>Bir de kendi a\u00e7\u0131m\u0131zdan bakal\u0131m duruma.\u00a0<\/p>\n<p>Bir: Ruhani Kurul Patrik Mesrob II Hazretlerinin \u00f6lene kadar Patrik olarak kalaca\u011f\u0131na dair daha \u00f6nceki karar\u0131n\u0131 tekrarl\u0131yor. G\u00fczel. Ancak Patrik Hazretleri Ruhani Kurul b\u00f6yle kararla\u015ft\u0131rd\u0131\u011f\u0131 i\u00e7in \u00f6lene kadar Patrik olarak kalmayacak, Patrik hazretleri \u00f6lene kadar Patrik kalacak \u00e7\u00fcnk\u00fc \u00f6rf ve adetlerimiz bunu emrediyor zaten. Demek ki Ruhani Kurulun bu duyurusu sadece bir hat\u0131rlatmad\u0131r.\u00a0<\/p>\n<p>\u0130ki: Daha \u00f6nce E\u015f Patrik se\u00e7me prensibini kabul etmi\u015f olan Ruhani Kurul, M\u00fcte\u015febbis Heyetin kendisine teslim edilen g\u00f6revi k\u00f6t\u00fcye kullanm\u0131\u015f olmas\u0131 ve se\u00e7im s\u00fcrecini \u00e7\u0131kmaza sokmas\u0131 nedeniyle art\u0131k bu g\u00f6r\u00fc\u015ften vazge\u00e7mi\u015ftir.\u00a0<\/p>\n<p>Tamam\u0131yla iyi niyet \u00e7er\u00e7evesinde \u015fu soruyu Ruhani Kurulun dikkatine sunmay\u0131 istiyoruz. E\u011fer E\u015f Patrik se\u00e7imi M\u00fcte\u015febbis Heyetin kanuni dayana\u011f\u0131 olmayan giri\u015fimleri nedeniyle \u00e7\u0131kmaza girdiyse, Ruhani Kurul bu heyeti azlederek E\u015f Patrik se\u00e7imi i\u00e7in \u00e7al\u0131\u015fmay\u0131 kabul edecek yeni bir heyet kuramaz m\u0131yd\u0131? Ruhani kurul M\u00fcte\u015febbis Heyetin baltalamas\u0131 kar\u015f\u0131s\u0131nda neden bu kadar kolay ve \u00e7abuk \u00f6nceki karar\u0131ndan vazge\u00e7ti? Bu durum kimilerinin Vilayetin karar\u0131n\u0131n Ba\u015fepiskopos Aram&#8217;\u0131n ve Ruhani Kurul&#8217;un i\u015fine geldi\u011fini ve bu y\u00fczden hemen kabul ettiklerini d\u00fc\u015f\u00fcnmesi gibi uygunsuzluklara yol a\u00e7ar.\u00a0<\/p>\n<p>M\u00fcte\u015febbis Heyetin azledilmesi konusunda heyet \u00fcyeleri kendilerinin cemaat taraf\u0131ndan se\u00e7ilmi\u015f olduklar\u0131n\u0131 ve sadece cemaat taraf\u0131ndan azledilebileceklerini ileri s\u00fcrerek itiraz edebilirler. Bu do\u011fru de\u011fil. Cemaat bu heyeti E\u015f Patrik se\u00e7mek i\u00e7in se\u00e7ti, ba\u015fka bir \u015fey i\u00e7in de\u011fil. E\u011fer onlar E\u015f Patrik se\u00e7me fikrine kar\u015f\u0131 geliyorlarsa o zaman cemaatin iradesine kar\u015f\u0131 geliyorlar demektir. Bu nedenle de var olma haklar\u0131n\u0131 yitirirler. \u00dcstelik onlar\u0131n kendi kendilerine kararlar alarak, devlete kar\u015f\u0131 dava a\u00e7maya varacak kadar ileri gitmeye haklar\u0131 var m\u0131yd\u0131 diye de sormak m\u00fcmk\u00fcn. Avukatlar M\u00fcte\u015febbis Heyete ne derece do\u011fru bir yol \u00e7izmi\u015flerdi?\u00a0<\/p>\n<p>\u015eimdi Ruhani Kurul&#8217;un M\u00fcte\u015febbis Heyeti kurmak i\u00e7in biraz acele etmi\u015f oldu\u011fu da d\u00fc\u015f\u00fcn\u00fclebilir. Olaylar \u00f6nce se\u00e7im i\u00e7in iznin gelmesini beklemenin, sonra M\u00fcte\u015febbis Heyet kurman\u0131n daha ak\u0131ll\u0131ca olaca\u011f\u0131n\u0131 g\u00f6sterdi. Fakat art\u0131k yapacak bir \u015fey yok. Ancak \u015fu sorun var.\u00a0<\/p>\n<p>Biz ilk andan itibaren Vilayetten gelen \u00f6nerinin kabul ve tatbik edilmesindeki aceleyi hayretle kar\u015f\u0131lad\u0131k. Beklemenin durumu daha da zorla\u015ft\u0131raca\u011f\u0131n\u0131 d\u00fc\u015f\u00fcnd\u00fclerse dahi, Ba\u015fepiskopos Aram ve Ruhani Kurul bize g\u00f6re bu kadar acele ederek iyi yapmad\u0131lar. Ele\u015ftirilere ve rahats\u0131zl\u0131klara yol a\u00e7an bu acele oldu; yine bu acele yurt d\u0131\u015f\u0131nda da gerek devlet, gerek Ba\u015fepiskopos Aram ve Ruhani Kurul hesab\u0131na tenkitlere neden oldu.\u00a0<\/p>\n<p>Biz Patrik Genel Vekili se\u00e7imini ancak bir tek \u015fartla kabul edebiliriz. Se\u00e7ildi\u011fi andan itibaren bir E\u015f Patrik se\u00e7mek \u00fczere \u00e7al\u0131\u015fmaya ba\u015flamas\u0131 \u015fartt\u0131r. Bir Vekilin se\u00e7ilmesi bir \u00e7\u00f6z\u00fcm de\u011fildir, daha \u00f6nce de belirttik, bizim Patrik&#8217;e ihtiyac\u0131m\u0131z var, Vekile de\u011fil. \u015fu andaki stat\u00fcko bize g\u00f6re \u00e7\u00f6z\u00fcm de\u011fil \u00e7\u00fcnk\u00fc bu se\u00e7im uzak ve belirsiz bir tarihe kadar Patriklik Makam\u0131n\u0131 bir vekalet makam\u0131na indirgemi\u015f oluyor. Biz bizim Patriklik makam\u0131m\u0131zda b\u00f6ylesine bir indirgemeye ve k\u0131s\u0131tlamaya taraftar de\u011filiz. Talihsiz Mesrob II Hazretlerine Tanr\u0131 ne kadar hayat vermi\u015ftir bilemeyiz, ancak kimsenin bizleri bir Patrik se\u00e7ebilmek i\u00e7in Patrik Hazretlerinin bir an \u00f6nce \u00f6lmesini beklemeye mecbur olaca\u011f\u0131m\u0131z bir duruma sokmaya hakk\u0131 yok. \u00c7ok daha insani bir duru\u015f sergilemeliyiz. E\u015f Patrik se\u00e7imi i\u015fte tam bu insani duru\u015fun ifadesi olacakt\u0131, hala da olabilir.\u00a0<\/p>\n<p>\u015eu andaki durumu biz herkesin bunun kesin ve kal\u0131c\u0131 \u00e7\u00f6z\u00fcm olmad\u0131\u011f\u0131nda, sadece bir ge\u00e7i\u015f d\u00f6nemi oldu\u011funda ve k\u0131sa s\u00fcrmesi gerekti\u011finde, Mesrob II Hazretlerinin vefat\u0131n\u0131 beklemeden yap\u0131lacak bir Patriklik Se\u00e7imine do\u011fru bir ge\u00e7i\u015f d\u00f6nemi oldu\u011funda hemfikir olmas\u0131 \u015fart\u0131yla kabul etti\u011fimizi tekrarlayal\u0131m. \u00c7\u00fcnk\u00fc bu durum Ruhani Kurul ve Patrik Genel Vekili taraf\u0131ndan aynen kabul edilirse, ve Patrik Genel Vekili Patrikli\u011fi simgeleyen k\u0131yafeti de gerekti\u011finde giyerse biz o zaman bir E\u015f Patrik&#8217;in zaten se\u00e7ilmi\u015f oldu\u011funu, sadece isminin konmam\u0131\u015f oldu\u011funu d\u00fc\u015f\u00fcnece\u011fiz. Yaln\u0131z bu sefer cemaat taraf\u0131ndan de\u011fil sadece Ruhaniler Genel Meclis taraf\u0131ndan se\u00e7ilmi\u015f olacak. Bir ba\u015fka deyi\u015fle geleneklerimize ayk\u0131r\u0131 bir \u015fekilde! \u00dcstelik b\u00f6yle bir se\u00e7imle bir de E\u015f Patrik se\u00e7imini kabul etmi\u015f olan yurt d\u0131\u015f\u0131ndaki di\u011fer iki aday\u0131n da haklar\u0131 ayaklar alt\u0131na al\u0131nm\u0131\u015f olacak. \u00d6yle de\u011fil mi? E\u011fer Patrik Genel Vekili, Patrik ad\u0131na g\u00f6rev yapacaksa, hatta Patriklik kisvesini de giyecekse o zaman onun E\u015f Patrikten ne fark\u0131 var?\u00a0<\/p>\n<p>Ba\u015fepiskopos Aram bug\u00fcn hakk\u0131yla, lay\u0131k\u0131yla Patriklik Makam\u0131n\u0131n t\u00fcm sorumlulu\u011funu omuzlam\u0131\u015ft\u0131r, ve bu zor d\u00f6nemde yapt\u0131\u011f\u0131 bu zor g\u00f6rev i\u00e7in hepimizin minnet ve \u015f\u00fckran\u0131n\u0131 hak ediyor. \u015eu son on y\u0131l boyunca Patriklik i\u00e7in onun yapm\u0131\u015f oldu\u011fu \u00e7ok yararl\u0131 ve fedakar \u00e7al\u0131\u015fmalar\u0131 da unutmam\u0131z m\u00fcmk\u00fcn de\u011fildir. Ancak \u015fimdi Ba\u015fepiskopos Aram \u00e7ok daha zorunu yapmal\u0131, Patriklik Se\u00e7imi s\u00fcrecini yeniden ba\u015flatmal\u0131, ve Patriklik Makam\u0131n\u0131n bir Patrik eksikli\u011fi nedeniyle g\u00fcc\u00fcnden ve \u00f6neminden bir \u015feyler kaybetmesini \u00f6nlemek i\u00e7in her t\u00fcrl\u00fc \u00e7areye ba\u015fvurmal\u0131d\u0131r. Bu makam yeni episkoposlarla g\u00fc\u00e7lendirilmelidir, \u015fu anda bizim sorunumuz sadece bir Patrik sorunu de\u011fil, iyi haz\u0131rlanm\u0131\u015f ruhanilerin de eksikli\u011fidir. Yeni ruhani yeti\u015ftirmek veya d\u0131\u015far\u0131dan ruhani getirmek i\u00e7in var g\u00fcc\u00fcyle \u00e7al\u0131\u015fan Rum Patrikhanesini \u00f6rnek almal\u0131y\u0131z. Elimizde bulunan az say\u0131daki de\u011ferleri orada burada harcamak yerine, biz de ayn\u0131s\u0131n\u0131 yapmal\u0131y\u0131z. \u00d6rne\u011fin Bir Ba\u015frahip Tatul&#8217;umuz var, iyi haz\u0131rlanm\u0131\u015f, entelekt\u00fcel \u00f6zelliklere sahip bu rahibimiz Episkoposlu\u011fu hak ediyor. Y\u00fckseltelim onu bu r\u00fctbeye. Gerekirse yurt d\u0131\u015f\u0131na gitmi\u015f ruhanilerimizi geri getirelim, hatta devletten bizim \u00f6rf ve adetlerimize ayak uyduracak ve bizim \u00f6zelliklerimizi \u00f6z\u00fcmseyebilecek ruhanileri getirebilmemiz i\u00e7in izin vermesini rica edelim. Ne pahas\u0131na olursa olsun Patriklik Makam\u0131n\u0131 g\u00fc\u00e7lendirelim, Patrik Mesrob II&#8217;nin o kadar istedi\u011fi fakat kurmay\u0131 ba\u015faramad\u0131\u011f\u0131 okulu kural\u0131m. Bunlar bir Patrik Vekilinin yapaca\u011f\u0131 i\u015fler de\u011fil, bunlar bir E\u015f Patri\u011fin yapaca\u011f\u0131 i\u015fler. Ve kaybedecek zaman\u0131m\u0131z yok. Hi\u00e7 zaman\u0131m\u0131z yok.\u00a0<\/p>\n<p>Bu sat\u0131rlar\u0131 yazarken \u00fcz\u00fcnt\u00fcl\u00fcy\u00fcz. \u00c7\u00fcnk\u00fc tam el ele vermemiz, birlik beraberlik i\u00e7inde olmam\u0131z gereken bir d\u00f6nemde yine b\u00f6l\u00fcnmenin tuza\u011f\u0131na d\u00fc\u015fm\u00fc\u015f oldu\u011fumuzu g\u00f6r\u00fcyoruz. B\u00f6l\u00fcnd\u00fck, birbirimizin i\u015flerini baltalad\u0131k, ve \u015fimdi bizi &#8220;asgari&#8221; ile yetinmeye zorluyorlar. Hay\u0131r. Asgari ile yetinemeyiz. Patriklik Makam\u0131m\u0131z\u0131n bir Patrik&#8217;e ihtiyac\u0131 var. Bunu Ba\u015fepiskopos Aram da biliyor, Ruhani Kurul da biliyor, Devlet de biliyor. Biz bu makam\u0131 Mesrob II Hazretlerinin manevi haklar\u0131na ve sayg\u0131nl\u0131\u011f\u0131na haks\u0131zl\u0131k etmeden yeni bir Patrik&#8217;e teslim etmeliyiz.\u00a0<\/p>\n<p>MARMARA\u00a0<br \/>\n<a href=\"http:\/\/www.hyetert.com\/yazi3.asp?s=0&amp;Id=697&amp;DilId=1\">http:\/\/www.hyetert.com\/yazi3.asp?s=0&amp;Id=697&amp;DilId=1<\/a><\/p>\n","protected":false},"excerpt":{"rendered":"<p>Ruhani Kurul E\u015f Patrik Se\u00e7iminden Bu Kadar \u00c7abuk Vazge\u00e7erek Hata Yapt\u0131\u00a0 D\u00fcn Ruhani Kurul&#8217;un Patriklik se\u00e7imi ile ilgili yarat\u0131lan durumun veya bizlere dayat\u0131lan &#8220;oldu bitti&#8221; ile ilintili bir dizi sorunun yan\u0131tlar\u0131n\u0131 i\u00e7eren duyurusunu yay\u0131nlam\u0131\u015ft\u0131k. Yine d\u00fcn bu habere eklemi\u015f oldu\u011fumuz gibi bu duyuru olas\u0131l\u0131kla gecikmi\u015f bir duyuruydu. B\u00f6yle bir a\u00e7\u0131klaman\u0131n daha \u00f6nce yap\u0131lmam\u0131\u015f olmas\u0131 yersiz [&hellip;]<\/p>\n","protected":false},"author":3,"featured_media":0,"comment_status":"closed","ping_status":"open","sticky":false,"template":"","format":"standard","meta":{"footnotes":""},"categories":[14],"tags":[],"class_list":["post-1474","post","type-post","status-publish","format-standard","hentry","category-haberler"],"yoast_head":"<!-- This site is optimized with the Yoast SEO plugin v27.4 - https:\/\/yoast.com\/product\/yoast-seo-wordpress\/ -->\n<title>RUHAN\u0130 KURULUN SON DUYURUSUNUN B\u0130ZE D\u00dc\u015e\u00dcND\u00dcRD\u00dcKLER\u0130 - Bati Ermenistan Ve Bati Ermenileri Sorunlari Ara\u015ftirmalar Merkezi<\/title>\n<meta name=\"robots\" content=\"index, follow, max-snippet:-1, max-image-preview:large, max-video-preview:-1\" \/>\n<link rel=\"canonical\" href=\"https:\/\/akunq.net\/turkish\/2010\/08\/06\/ruhani-kurulun-son-duyurusunun-bize-dusundurdukleri\/\" \/>\n<meta property=\"og:locale\" content=\"en_US\" \/>\n<meta property=\"og:type\" content=\"article\" \/>\n<meta property=\"og:title\" content=\"RUHAN\u0130 KURULUN SON DUYURUSUNUN B\u0130ZE D\u00dc\u015e\u00dcND\u00dcRD\u00dcKLER\u0130 - Bati Ermenistan Ve Bati Ermenileri Sorunlari Ara\u015ftirmalar Merkezi\" \/>\n<meta property=\"og:description\" content=\"Ruhani Kurul E\u015f Patrik Se\u00e7iminden Bu Kadar \u00c7abuk Vazge\u00e7erek Hata Yapt\u0131\u00a0 D\u00fcn Ruhani Kurul&#8217;un Patriklik se\u00e7imi ile ilgili yarat\u0131lan durumun veya bizlere dayat\u0131lan &#8220;oldu bitti&#8221; ile ilintili bir dizi sorunun yan\u0131tlar\u0131n\u0131 i\u00e7eren duyurusunu yay\u0131nlam\u0131\u015ft\u0131k. Yine d\u00fcn bu habere eklemi\u015f oldu\u011fumuz gibi bu duyuru olas\u0131l\u0131kla gecikmi\u015f bir duyuruydu. B\u00f6yle bir a\u00e7\u0131klaman\u0131n daha \u00f6nce yap\u0131lmam\u0131\u015f olmas\u0131 yersiz [&hellip;]\" \/>\n<meta property=\"og:url\" content=\"https:\/\/akunq.net\/turkish\/2010\/08\/06\/ruhani-kurulun-son-duyurusunun-bize-dusundurdukleri\/\" \/>\n<meta property=\"og:site_name\" content=\"Bati Ermenistan Ve Bati Ermenileri Sorunlari Ara\u015ftirmalar Merkezi\" \/>\n<meta property=\"article:published_time\" content=\"2010-08-06T12:19:03+00:00\" \/>\n<meta name=\"author\" content=\"kalem\" \/>\n<meta name=\"twitter:card\" content=\"summary_large_image\" \/>\n<meta name=\"twitter:label1\" content=\"Written by\" \/>\n\t<meta name=\"twitter:data1\" content=\"kalem\" \/>\n\t<meta name=\"twitter:label2\" content=\"Est. reading time\" \/>\n\t<meta name=\"twitter:data2\" content=\"11 minutes\" \/>\n<script type=\"application\/ld+json\" class=\"yoast-schema-graph\">{\"@context\":\"https:\\\/\\\/schema.org\",\"@graph\":[{\"@type\":\"Article\",\"@id\":\"https:\\\/\\\/akunq.net\\\/turkish\\\/2010\\\/08\\\/06\\\/ruhani-kurulun-son-duyurusunun-bize-dusundurdukleri\\\/#article\",\"isPartOf\":{\"@id\":\"https:\\\/\\\/akunq.net\\\/turkish\\\/2010\\\/08\\\/06\\\/ruhani-kurulun-son-duyurusunun-bize-dusundurdukleri\\\/\"},\"author\":{\"name\":\"kalem\",\"@id\":\"https:\\\/\\\/akunq.net\\\/turkish\\\/#\\\/schema\\\/person\\\/135e7923d1aeb8887890799619969a6c\"},\"headline\":\"RUHAN\u0130 KURULUN SON DUYURUSUNUN B\u0130ZE D\u00dc\u015e\u00dcND\u00dcRD\u00dcKLER\u0130\",\"datePublished\":\"2010-08-06T12:19:03+00:00\",\"mainEntityOfPage\":{\"@id\":\"https:\\\/\\\/akunq.net\\\/turkish\\\/2010\\\/08\\\/06\\\/ruhani-kurulun-son-duyurusunun-bize-dusundurdukleri\\\/\"},\"wordCount\":2241,\"articleSection\":[\"Haberler\"],\"inLanguage\":\"en-US\"},{\"@type\":\"WebPage\",\"@id\":\"https:\\\/\\\/akunq.net\\\/turkish\\\/2010\\\/08\\\/06\\\/ruhani-kurulun-son-duyurusunun-bize-dusundurdukleri\\\/\",\"url\":\"https:\\\/\\\/akunq.net\\\/turkish\\\/2010\\\/08\\\/06\\\/ruhani-kurulun-son-duyurusunun-bize-dusundurdukleri\\\/\",\"name\":\"RUHAN\u0130 KURULUN SON DUYURUSUNUN B\u0130ZE D\u00dc\u015e\u00dcND\u00dcRD\u00dcKLER\u0130 - Bati Ermenistan Ve Bati Ermenileri Sorunlari Ara\u015ftirmalar Merkezi\",\"isPartOf\":{\"@id\":\"https:\\\/\\\/akunq.net\\\/turkish\\\/#website\"},\"datePublished\":\"2010-08-06T12:19:03+00:00\",\"author\":{\"@id\":\"https:\\\/\\\/akunq.net\\\/turkish\\\/#\\\/schema\\\/person\\\/135e7923d1aeb8887890799619969a6c\"},\"breadcrumb\":{\"@id\":\"https:\\\/\\\/akunq.net\\\/turkish\\\/2010\\\/08\\\/06\\\/ruhani-kurulun-son-duyurusunun-bize-dusundurdukleri\\\/#breadcrumb\"},\"inLanguage\":\"en-US\",\"potentialAction\":[{\"@type\":\"ReadAction\",\"target\":[\"https:\\\/\\\/akunq.net\\\/turkish\\\/2010\\\/08\\\/06\\\/ruhani-kurulun-son-duyurusunun-bize-dusundurdukleri\\\/\"]}]},{\"@type\":\"BreadcrumbList\",\"@id\":\"https:\\\/\\\/akunq.net\\\/turkish\\\/2010\\\/08\\\/06\\\/ruhani-kurulun-son-duyurusunun-bize-dusundurdukleri\\\/#breadcrumb\",\"itemListElement\":[{\"@type\":\"ListItem\",\"position\":1,\"name\":\"Home\",\"item\":\"https:\\\/\\\/akunq.net\\\/turkish\\\/\"},{\"@type\":\"ListItem\",\"position\":2,\"name\":\"RUHAN\u0130 KURULUN SON DUYURUSUNUN B\u0130ZE D\u00dc\u015e\u00dcND\u00dcRD\u00dcKLER\u0130\"}]},{\"@type\":\"WebSite\",\"@id\":\"https:\\\/\\\/akunq.net\\\/turkish\\\/#website\",\"url\":\"https:\\\/\\\/akunq.net\\\/turkish\\\/\",\"name\":\"Bati Ermenistan Ve Bati Ermenileri Sorunlari Ara\u015ftirmalar Merkezi\",\"description\":\"\",\"potentialAction\":[{\"@type\":\"SearchAction\",\"target\":{\"@type\":\"EntryPoint\",\"urlTemplate\":\"https:\\\/\\\/akunq.net\\\/turkish\\\/?s={search_term_string}\"},\"query-input\":{\"@type\":\"PropertyValueSpecification\",\"valueRequired\":true,\"valueName\":\"search_term_string\"}}],\"inLanguage\":\"en-US\"},{\"@type\":\"Person\",\"@id\":\"https:\\\/\\\/akunq.net\\\/turkish\\\/#\\\/schema\\\/person\\\/135e7923d1aeb8887890799619969a6c\",\"name\":\"kalem\",\"image\":{\"@type\":\"ImageObject\",\"inLanguage\":\"en-US\",\"@id\":\"https:\\\/\\\/secure.gravatar.com\\\/avatar\\\/a06875e4b25feb5674296adf8e8a7ae1e587cebce2493fe63c456109967e27d3?s=96&d=mm&r=g\",\"url\":\"https:\\\/\\\/secure.gravatar.com\\\/avatar\\\/a06875e4b25feb5674296adf8e8a7ae1e587cebce2493fe63c456109967e27d3?s=96&d=mm&r=g\",\"contentUrl\":\"https:\\\/\\\/secure.gravatar.com\\\/avatar\\\/a06875e4b25feb5674296adf8e8a7ae1e587cebce2493fe63c456109967e27d3?s=96&d=mm&r=g\",\"caption\":\"kalem\"},\"url\":\"https:\\\/\\\/akunq.net\\\/turkish\\\/author\\\/kalem\\\/\"}]}<\/script>\n<!-- \/ Yoast SEO plugin. -->","yoast_head_json":{"title":"RUHAN\u0130 KURULUN SON DUYURUSUNUN B\u0130ZE D\u00dc\u015e\u00dcND\u00dcRD\u00dcKLER\u0130 - Bati Ermenistan Ve Bati Ermenileri Sorunlari Ara\u015ftirmalar Merkezi","robots":{"index":"index","follow":"follow","max-snippet":"max-snippet:-1","max-image-preview":"max-image-preview:large","max-video-preview":"max-video-preview:-1"},"canonical":"https:\/\/akunq.net\/turkish\/2010\/08\/06\/ruhani-kurulun-son-duyurusunun-bize-dusundurdukleri\/","og_locale":"en_US","og_type":"article","og_title":"RUHAN\u0130 KURULUN SON DUYURUSUNUN B\u0130ZE D\u00dc\u015e\u00dcND\u00dcRD\u00dcKLER\u0130 - Bati Ermenistan Ve Bati Ermenileri Sorunlari Ara\u015ftirmalar Merkezi","og_description":"Ruhani Kurul E\u015f Patrik Se\u00e7iminden Bu Kadar \u00c7abuk Vazge\u00e7erek Hata Yapt\u0131\u00a0 D\u00fcn Ruhani Kurul&#8217;un Patriklik se\u00e7imi ile ilgili yarat\u0131lan durumun veya bizlere dayat\u0131lan &#8220;oldu bitti&#8221; ile ilintili bir dizi sorunun yan\u0131tlar\u0131n\u0131 i\u00e7eren duyurusunu yay\u0131nlam\u0131\u015ft\u0131k. Yine d\u00fcn bu habere eklemi\u015f oldu\u011fumuz gibi bu duyuru olas\u0131l\u0131kla gecikmi\u015f bir duyuruydu. B\u00f6yle bir a\u00e7\u0131klaman\u0131n daha \u00f6nce yap\u0131lmam\u0131\u015f olmas\u0131 yersiz [&hellip;]","og_url":"https:\/\/akunq.net\/turkish\/2010\/08\/06\/ruhani-kurulun-son-duyurusunun-bize-dusundurdukleri\/","og_site_name":"Bati Ermenistan Ve Bati Ermenileri Sorunlari Ara\u015ftirmalar Merkezi","article_published_time":"2010-08-06T12:19:03+00:00","author":"kalem","twitter_card":"summary_large_image","twitter_misc":{"Written by":"kalem","Est. reading time":"11 minutes"},"schema":{"@context":"https:\/\/schema.org","@graph":[{"@type":"Article","@id":"https:\/\/akunq.net\/turkish\/2010\/08\/06\/ruhani-kurulun-son-duyurusunun-bize-dusundurdukleri\/#article","isPartOf":{"@id":"https:\/\/akunq.net\/turkish\/2010\/08\/06\/ruhani-kurulun-son-duyurusunun-bize-dusundurdukleri\/"},"author":{"name":"kalem","@id":"https:\/\/akunq.net\/turkish\/#\/schema\/person\/135e7923d1aeb8887890799619969a6c"},"headline":"RUHAN\u0130 KURULUN SON DUYURUSUNUN B\u0130ZE D\u00dc\u015e\u00dcND\u00dcRD\u00dcKLER\u0130","datePublished":"2010-08-06T12:19:03+00:00","mainEntityOfPage":{"@id":"https:\/\/akunq.net\/turkish\/2010\/08\/06\/ruhani-kurulun-son-duyurusunun-bize-dusundurdukleri\/"},"wordCount":2241,"articleSection":["Haberler"],"inLanguage":"en-US"},{"@type":"WebPage","@id":"https:\/\/akunq.net\/turkish\/2010\/08\/06\/ruhani-kurulun-son-duyurusunun-bize-dusundurdukleri\/","url":"https:\/\/akunq.net\/turkish\/2010\/08\/06\/ruhani-kurulun-son-duyurusunun-bize-dusundurdukleri\/","name":"RUHAN\u0130 KURULUN SON DUYURUSUNUN B\u0130ZE D\u00dc\u015e\u00dcND\u00dcRD\u00dcKLER\u0130 - Bati Ermenistan Ve Bati Ermenileri Sorunlari Ara\u015ftirmalar Merkezi","isPartOf":{"@id":"https:\/\/akunq.net\/turkish\/#website"},"datePublished":"2010-08-06T12:19:03+00:00","author":{"@id":"https:\/\/akunq.net\/turkish\/#\/schema\/person\/135e7923d1aeb8887890799619969a6c"},"breadcrumb":{"@id":"https:\/\/akunq.net\/turkish\/2010\/08\/06\/ruhani-kurulun-son-duyurusunun-bize-dusundurdukleri\/#breadcrumb"},"inLanguage":"en-US","potentialAction":[{"@type":"ReadAction","target":["https:\/\/akunq.net\/turkish\/2010\/08\/06\/ruhani-kurulun-son-duyurusunun-bize-dusundurdukleri\/"]}]},{"@type":"BreadcrumbList","@id":"https:\/\/akunq.net\/turkish\/2010\/08\/06\/ruhani-kurulun-son-duyurusunun-bize-dusundurdukleri\/#breadcrumb","itemListElement":[{"@type":"ListItem","position":1,"name":"Home","item":"https:\/\/akunq.net\/turkish\/"},{"@type":"ListItem","position":2,"name":"RUHAN\u0130 KURULUN SON DUYURUSUNUN B\u0130ZE D\u00dc\u015e\u00dcND\u00dcRD\u00dcKLER\u0130"}]},{"@type":"WebSite","@id":"https:\/\/akunq.net\/turkish\/#website","url":"https:\/\/akunq.net\/turkish\/","name":"Bati Ermenistan Ve Bati Ermenileri Sorunlari Ara\u015ftirmalar Merkezi","description":"","potentialAction":[{"@type":"SearchAction","target":{"@type":"EntryPoint","urlTemplate":"https:\/\/akunq.net\/turkish\/?s={search_term_string}"},"query-input":{"@type":"PropertyValueSpecification","valueRequired":true,"valueName":"search_term_string"}}],"inLanguage":"en-US"},{"@type":"Person","@id":"https:\/\/akunq.net\/turkish\/#\/schema\/person\/135e7923d1aeb8887890799619969a6c","name":"kalem","image":{"@type":"ImageObject","inLanguage":"en-US","@id":"https:\/\/secure.gravatar.com\/avatar\/a06875e4b25feb5674296adf8e8a7ae1e587cebce2493fe63c456109967e27d3?s=96&d=mm&r=g","url":"https:\/\/secure.gravatar.com\/avatar\/a06875e4b25feb5674296adf8e8a7ae1e587cebce2493fe63c456109967e27d3?s=96&d=mm&r=g","contentUrl":"https:\/\/secure.gravatar.com\/avatar\/a06875e4b25feb5674296adf8e8a7ae1e587cebce2493fe63c456109967e27d3?s=96&d=mm&r=g","caption":"kalem"},"url":"https:\/\/akunq.net\/turkish\/author\/kalem\/"}]}},"_links":{"self":[{"href":"https:\/\/akunq.net\/turkish\/wp-json\/wp\/v2\/posts\/1474","targetHints":{"allow":["GET"]}}],"collection":[{"href":"https:\/\/akunq.net\/turkish\/wp-json\/wp\/v2\/posts"}],"about":[{"href":"https:\/\/akunq.net\/turkish\/wp-json\/wp\/v2\/types\/post"}],"author":[{"embeddable":true,"href":"https:\/\/akunq.net\/turkish\/wp-json\/wp\/v2\/users\/3"}],"replies":[{"embeddable":true,"href":"https:\/\/akunq.net\/turkish\/wp-json\/wp\/v2\/comments?post=1474"}],"version-history":[{"count":0,"href":"https:\/\/akunq.net\/turkish\/wp-json\/wp\/v2\/posts\/1474\/revisions"}],"wp:attachment":[{"href":"https:\/\/akunq.net\/turkish\/wp-json\/wp\/v2\/media?parent=1474"}],"wp:term":[{"taxonomy":"category","embeddable":true,"href":"https:\/\/akunq.net\/turkish\/wp-json\/wp\/v2\/categories?post=1474"},{"taxonomy":"post_tag","embeddable":true,"href":"https:\/\/akunq.net\/turkish\/wp-json\/wp\/v2\/tags?post=1474"}],"curies":[{"name":"wp","href":"https:\/\/api.w.org\/{rel}","templated":true}]}}