{"id":1471,"date":"2010-08-05T05:51:37","date_gmt":"2010-08-05T10:51:37","guid":{"rendered":"http:\/\/akunq.net\/tr\/?p=1471"},"modified":"2010-08-05T05:51:37","modified_gmt":"2010-08-05T10:51:37","slug":"meretonun-zirvesinde-halay-cektiler","status":"publish","type":"post","link":"https:\/\/akunq.net\/turkish\/2010\/08\/05\/meretonun-zirvesinde-halay-cektiler\/","title":{"rendered":"Mereto&#8217;nun zirvesinde halay \u00e7ektiler"},"content":{"rendered":"<p style=\"text-align: justify\">Sason&#8217;da bulunan 2 bin 983 metre y\u00fcksekli\u011findeki Mereto Da\u011f\u0131&#8217;na yap\u0131lan t\u0131rman\u0131\u015f \u015fenli\u011fe d\u00f6n\u00fc\u015ft\u00fc. Mereto t\u0131rman\u0131\u015f\u0131n\u0131 Sason Kaymakaml\u0131\u011f\u0131, Sason Belediyesi ve Sason E\u011fitim K\u00fclt\u00fcr ve Yard\u0131mla\u015fma Derne\u011fi birlikte organize etti. \u0130l\u00e7e merkezinden hareket eden t\u0131rman\u0131\u015f\u00e7\u0131lar, saat 06.30&#8217;da Sason&#8217;a ba\u011fl\u0131 \u00d6rena\u011f\u0131l-Kayadibi(Pur\u015feng) mezras\u0131ndan t\u0131rman\u0131\u015fa ge\u00e7ti. Yakla\u015f\u0131k 2 saatlik bir t\u0131rman\u0131\u015ftan sonra zirveye ula\u015fan kat\u0131l\u0131mc\u0131lar zirvede kahvalt\u0131 yapt\u0131ktan sonra halay \u00e7ekti. H\u0131ristiyan Ermeniler taraf\u0131ndan kutsal kabul edilen Mereto da\u011f\u0131n\u0131n zirvesinde bulunan manast\u0131rda mum yakan Ermeniler dua etti.<\/p>\n<p style=\"text-align: justify\">Batman&#8217;\u0131n Sason il\u00e7esinde bulunan 2 bin 983 metre y\u00fcksekli\u011findeki Mereto Da\u011f\u0131&#8217;na yap\u0131lan t\u0131rman\u0131\u015f \u015fenli\u011fe d\u00f6n\u00fc\u015ft\u00fc. Mereto t\u0131rman\u0131\u015f\u0131n\u0131 Sason Kaymakaml\u0131\u011f\u0131, Sason Belediyesi ve Sason E\u011fitim K\u00fclt\u00fcr ve Yard\u0131mla\u015fma Derne\u011fi birlikte organize etti. T\u0131rman\u0131\u015fa Sason Kaymakam\u0131 \u0130zzet Karaman, AK Parti Batman \u0130l Ba\u015fkan\u0131 Ziver \u00d6zdemir, Sason Belediye Ba\u015fkan\u0131 Muzaffer Arslan, Hasankeyf Belediye Ba\u015fkan\u0131 A. Vahap Kusen, Y\u00fcceba\u011f Belediye Ba\u015fkan\u0131 Atilla \u00c7etinkaya, Gen\u00e7lik ve Spor \u0130l M\u00fcd\u00fcr\u00fc Hamit Kana\u011f\u0131, Sason N\u00fcfus M\u00fcd\u00fcr\u00fc Hasan \u0130nan\u00e7, di\u011fer Sasonlu y\u00f6neticiler ile yakla\u015f\u0131k 200 vatanda\u015f kat\u0131ld\u0131.<\/p>\n<p style=\"text-align: justify\">\u0130l\u00e7e merkezinden hareket eden t\u0131rman\u0131\u015f\u00e7\u0131lar, saat 06.30&#8217;da Sason&#8217;a ba\u011fl\u0131 \u00d6rena\u011f\u0131l-Kayadibi(Pur\u015feng) mezras\u0131ndan t\u0131rman\u0131\u015fa ge\u00e7ti. Yakla\u015f\u0131k 2 saatlik bir t\u0131rman\u0131\u015ftan sonra zirveye ula\u015fan kat\u0131l\u0131mc\u0131lar zirvede kahvalt\u0131 yapt\u0131ktan sonra halay \u00e7ekti.<\/p>\n<p style=\"text-align: justify\">HIR\u0130ST\u0130YAN ERMEN\u0130LER MUM YAKIP DUA ETT\u0130<\/p>\n<p style=\"text-align: justify\">H\u0131ristiyan Ermeniler taraf\u0131ndan kutsal kabul edilen Mereto da\u011f\u0131n\u0131n zirvesinde bulunan manast\u0131rda mum yakan Ermeniler dua etti. Her y\u0131l Mereto ziyaret g\u00fcn\u00fcnde kurban kestiklerini belirten Kaz\u0131m Akku\u015f &#8220;Mereto bizde kutsal say\u0131l\u0131r. Her y\u0131l gelip mum yakarak dua ediyoruz, daha sonra da halay \u00e7ekip yaylaya ge\u00e7iyoruz. Orada kesti\u011fimiz kurban etlerinden yiyoruz. Buras\u0131 bizim i\u00e7in \u00e7ok \u00f6nemlidir. Bu y\u0131l kutlamalara \u00e7ok ilgi var. Bunun da sebebi Belediye Ba\u015fkan\u0131m\u0131z Muzaffer Arslan&#8217;\u0131n buraya yak\u0131n Pur\u015feng yaylas\u0131na do\u011fru yol a\u00e7mas\u0131d\u0131r. Umuyorum bu yol tamamlan\u0131r ve \u00f6n\u00fcm\u00fczdeki y\u0131llarda daha fazla bir kat\u0131l\u0131mla Mereto hak etti\u011fi yere gelir.&#8221; dedi.<\/p>\n<p style=\"text-align: justify\">Mereto kilisesinde mum yakan Ermeniler her y\u0131l yeni do\u011fan \u00e7ocuklar\u0131n\u0131 da Mereto&#8217;daki kilisenin i\u00e7ine koyuyor. Ayr\u0131ca Mereto&#8217;ya ilk gelenlerin kendileriyle beraber g\u00f6t\u00fcrd\u00fcklerine Mereto topra\u011f\u0131n\u0131n bulundu\u011fu evlere akrep ve y\u0131lanlar\u0131n musallat olmad\u0131\u011f\u0131na inan\u0131l\u0131yor.<\/p>\n<p style=\"text-align: justify\">Mereto da\u011f\u0131na ilk defa t\u0131rmanan Kaymakam Yusuf \u0130zzet Karaman &#8220;Zevkli bir t\u0131rman\u0131\u015ft\u0131. Mereto Da\u011f\u0131&#8217;n\u0131n zirvesinde olmak ger\u00e7ekten \u00e7ok m\u00fcthi\u015f bir \u015fey, m\u00fcthi\u015f bir duygu, ger\u00e7ekten kutsal Mereto da\u011f\u0131 denecek kadar varm\u0131\u015f.&#8221; dedi. Mereto Da\u011f\u0131n\u0131 Kaf da\u011f\u0131na benzeten Hasankeyf Belediye Ba\u015fkan\u0131 A.Vahap Kusen &#8220;Biz k\u00fc\u00e7\u00fckken Kur&#8217;an kursuna giderken Hasankeyf tepesinden Mereto&#8217;yu izlerdik. Mereto&#8217;yu hep Kaf Da\u011f\u0131 olarak hayal etmi\u015fim. Nasip bug\u00fcneymi\u015f, buraya geldi\u011fimden dolay\u0131 \u00e7ok mutluyum, ger\u00e7ekten Kaf Da\u011f\u0131 gibi hayali kurulacak bir yermi\u015f.&#8221; ifadesini kulland\u0131.<\/p>\n<p style=\"text-align: justify\">Mereto da\u011f\u0131 zirvesinde kahvalt\u0131 yapan t\u0131rman\u0131\u015f\u00e7\u0131lar daha sonra Pur\u015feng yaylas\u0131na ge\u00e7erek H\u0131ristiyan Ermenilerin Mereto g\u00fcn\u00fc ve M\u00fcsl\u00fcman Araplar\u0131n \u015eeyh Baz\u0131t ziyareti g\u00fcn\u00fc nedeniyle kestikleri kurban etinden yediler. Mereto kutlamalar\u0131n\u0131n insanlar\u0131 bir araya getirdi\u011fini belirten \u00d6rena\u011f\u0131l k\u00f6y\u00fc Muhtar\u0131 \u0130smet Baran &#8220;Her y\u0131l k\u00f6y\u00fcm\u00fcze ba\u011fl\u0131 Pur\u015feng yaylas\u0131nda bu kutlamalar yap\u0131l\u0131yor. Bu kutlamalar\u0131n \u00f6zelli\u011fi M\u00fcsl\u00fcmanlar ve Ermeniler taraf\u0131ndan birlikte yap\u0131lmas\u0131d\u0131r. Ermeniler a\u00e7\u0131s\u0131ndan Mereto da\u011f\u0131, M\u00fcsl\u00fcmanlar a\u00e7\u0131s\u0131ndan da Mereto da\u011f\u0131 yan\u0131nda bulunan \u015eeyh Baz\u0131t tepesinde bulunan \u015eeyh Baz\u0131t i\u00e7in kurban kesilmektedir. Her ikisinin de ziyaret g\u00fcn\u00fc ayn\u0131d\u0131r. Ziyaretlere T\u00fcrk, K\u00fcrt, Arap, Ermeni her \u0131rktan ve her inan\u00e7tan insanlar kat\u0131l\u0131r, bu ziyaretlerde Ermeniler ve Araplar birlikte kurban keser, misafirlere ikram eder ve birlikte halay \u00e7ekerek e\u011flenirler.&#8221; dedi.<\/p>\n<p style=\"text-align: justify\"><a href=\"http:\/\/www.zaman.com.tr\/ara.do?author=4D4544454EC4B020414B4241C59E\">MEDEN\u0130 AKBA\u015e<\/a><\/p>\n<p style=\"text-align: justify\"><a href=\"http:\/\/www.zaman.com.tr\/haber.do?haberno=1012234&amp;title=meretonun-zirvesinde-halay-cektiler\"><strong>ZAMAN <\/strong><\/a>\u00a0<\/p>\n<p style=\"text-align: justify\">04 A\u011fustos 2010, \u00c7ar\u015famba<\/p>\n","protected":false},"excerpt":{"rendered":"<p>Sason&#8217;da bulunan 2 bin 983 metre y\u00fcksekli\u011findeki Mereto Da\u011f\u0131&#8217;na yap\u0131lan t\u0131rman\u0131\u015f \u015fenli\u011fe d\u00f6n\u00fc\u015ft\u00fc. Mereto t\u0131rman\u0131\u015f\u0131n\u0131 Sason Kaymakaml\u0131\u011f\u0131, Sason Belediyesi ve Sason E\u011fitim K\u00fclt\u00fcr ve Yard\u0131mla\u015fma Derne\u011fi birlikte organize etti. \u0130l\u00e7e merkezinden hareket eden t\u0131rman\u0131\u015f\u00e7\u0131lar, saat 06.30&#8217;da Sason&#8217;a ba\u011fl\u0131 \u00d6rena\u011f\u0131l-Kayadibi(Pur\u015feng) mezras\u0131ndan t\u0131rman\u0131\u015fa ge\u00e7ti. Yakla\u015f\u0131k 2 saatlik bir t\u0131rman\u0131\u015ftan sonra zirveye ula\u015fan kat\u0131l\u0131mc\u0131lar zirvede kahvalt\u0131 yapt\u0131ktan sonra [&hellip;]<\/p>\n","protected":false},"author":3,"featured_media":0,"comment_status":"closed","ping_status":"open","sticky":false,"template":"","format":"standard","meta":{"footnotes":""},"categories":[14],"tags":[],"class_list":["post-1471","post","type-post","status-publish","format-standard","hentry","category-haberler"],"yoast_head":"<!-- This site is optimized with the Yoast SEO plugin v27.4 - https:\/\/yoast.com\/product\/yoast-seo-wordpress\/ -->\n<title>Mereto&#039;nun zirvesinde halay \u00e7ektiler - Bati Ermenistan Ve Bati Ermenileri Sorunlari Ara\u015ftirmalar Merkezi<\/title>\n<meta name=\"robots\" content=\"index, follow, max-snippet:-1, max-image-preview:large, max-video-preview:-1\" \/>\n<link rel=\"canonical\" href=\"https:\/\/akunq.net\/turkish\/2010\/08\/05\/meretonun-zirvesinde-halay-cektiler\/\" \/>\n<meta property=\"og:locale\" content=\"en_US\" \/>\n<meta property=\"og:type\" content=\"article\" \/>\n<meta property=\"og:title\" content=\"Mereto&#039;nun zirvesinde halay \u00e7ektiler - Bati Ermenistan Ve Bati Ermenileri Sorunlari Ara\u015ftirmalar Merkezi\" \/>\n<meta property=\"og:description\" content=\"Sason&#8217;da bulunan 2 bin 983 metre y\u00fcksekli\u011findeki Mereto Da\u011f\u0131&#8217;na yap\u0131lan t\u0131rman\u0131\u015f \u015fenli\u011fe d\u00f6n\u00fc\u015ft\u00fc. Mereto t\u0131rman\u0131\u015f\u0131n\u0131 Sason Kaymakaml\u0131\u011f\u0131, Sason Belediyesi ve Sason E\u011fitim K\u00fclt\u00fcr ve Yard\u0131mla\u015fma Derne\u011fi birlikte organize etti. \u0130l\u00e7e merkezinden hareket eden t\u0131rman\u0131\u015f\u00e7\u0131lar, saat 06.30&#8217;da Sason&#8217;a ba\u011fl\u0131 \u00d6rena\u011f\u0131l-Kayadibi(Pur\u015feng) mezras\u0131ndan t\u0131rman\u0131\u015fa ge\u00e7ti. Yakla\u015f\u0131k 2 saatlik bir t\u0131rman\u0131\u015ftan sonra zirveye ula\u015fan kat\u0131l\u0131mc\u0131lar zirvede kahvalt\u0131 yapt\u0131ktan sonra [&hellip;]\" \/>\n<meta property=\"og:url\" content=\"https:\/\/akunq.net\/turkish\/2010\/08\/05\/meretonun-zirvesinde-halay-cektiler\/\" \/>\n<meta property=\"og:site_name\" content=\"Bati Ermenistan Ve Bati Ermenileri Sorunlari Ara\u015ftirmalar Merkezi\" \/>\n<meta property=\"article:published_time\" content=\"2010-08-05T10:51:37+00:00\" \/>\n<meta name=\"author\" content=\"kalem\" \/>\n<meta name=\"twitter:card\" content=\"summary_large_image\" \/>\n<meta name=\"twitter:label1\" content=\"Written by\" \/>\n\t<meta name=\"twitter:data1\" content=\"kalem\" \/>\n\t<meta name=\"twitter:label2\" content=\"Est. reading time\" \/>\n\t<meta name=\"twitter:data2\" content=\"4 minutes\" \/>\n<script type=\"application\/ld+json\" class=\"yoast-schema-graph\">{\"@context\":\"https:\\\/\\\/schema.org\",\"@graph\":[{\"@type\":\"Article\",\"@id\":\"https:\\\/\\\/akunq.net\\\/turkish\\\/2010\\\/08\\\/05\\\/meretonun-zirvesinde-halay-cektiler\\\/#article\",\"isPartOf\":{\"@id\":\"https:\\\/\\\/akunq.net\\\/turkish\\\/2010\\\/08\\\/05\\\/meretonun-zirvesinde-halay-cektiler\\\/\"},\"author\":{\"name\":\"kalem\",\"@id\":\"https:\\\/\\\/akunq.net\\\/turkish\\\/#\\\/schema\\\/person\\\/135e7923d1aeb8887890799619969a6c\"},\"headline\":\"Mereto&#8217;nun zirvesinde halay \u00e7ektiler\",\"datePublished\":\"2010-08-05T10:51:37+00:00\",\"mainEntityOfPage\":{\"@id\":\"https:\\\/\\\/akunq.net\\\/turkish\\\/2010\\\/08\\\/05\\\/meretonun-zirvesinde-halay-cektiler\\\/\"},\"wordCount\":719,\"articleSection\":[\"Haberler\"],\"inLanguage\":\"en-US\"},{\"@type\":\"WebPage\",\"@id\":\"https:\\\/\\\/akunq.net\\\/turkish\\\/2010\\\/08\\\/05\\\/meretonun-zirvesinde-halay-cektiler\\\/\",\"url\":\"https:\\\/\\\/akunq.net\\\/turkish\\\/2010\\\/08\\\/05\\\/meretonun-zirvesinde-halay-cektiler\\\/\",\"name\":\"Mereto'nun zirvesinde halay \u00e7ektiler - Bati Ermenistan Ve Bati Ermenileri Sorunlari Ara\u015ftirmalar Merkezi\",\"isPartOf\":{\"@id\":\"https:\\\/\\\/akunq.net\\\/turkish\\\/#website\"},\"datePublished\":\"2010-08-05T10:51:37+00:00\",\"author\":{\"@id\":\"https:\\\/\\\/akunq.net\\\/turkish\\\/#\\\/schema\\\/person\\\/135e7923d1aeb8887890799619969a6c\"},\"breadcrumb\":{\"@id\":\"https:\\\/\\\/akunq.net\\\/turkish\\\/2010\\\/08\\\/05\\\/meretonun-zirvesinde-halay-cektiler\\\/#breadcrumb\"},\"inLanguage\":\"en-US\",\"potentialAction\":[{\"@type\":\"ReadAction\",\"target\":[\"https:\\\/\\\/akunq.net\\\/turkish\\\/2010\\\/08\\\/05\\\/meretonun-zirvesinde-halay-cektiler\\\/\"]}]},{\"@type\":\"BreadcrumbList\",\"@id\":\"https:\\\/\\\/akunq.net\\\/turkish\\\/2010\\\/08\\\/05\\\/meretonun-zirvesinde-halay-cektiler\\\/#breadcrumb\",\"itemListElement\":[{\"@type\":\"ListItem\",\"position\":1,\"name\":\"Home\",\"item\":\"https:\\\/\\\/akunq.net\\\/turkish\\\/\"},{\"@type\":\"ListItem\",\"position\":2,\"name\":\"Mereto&#8217;nun zirvesinde halay \u00e7ektiler\"}]},{\"@type\":\"WebSite\",\"@id\":\"https:\\\/\\\/akunq.net\\\/turkish\\\/#website\",\"url\":\"https:\\\/\\\/akunq.net\\\/turkish\\\/\",\"name\":\"Bati Ermenistan Ve Bati Ermenileri Sorunlari Ara\u015ftirmalar Merkezi\",\"description\":\"\",\"potentialAction\":[{\"@type\":\"SearchAction\",\"target\":{\"@type\":\"EntryPoint\",\"urlTemplate\":\"https:\\\/\\\/akunq.net\\\/turkish\\\/?s={search_term_string}\"},\"query-input\":{\"@type\":\"PropertyValueSpecification\",\"valueRequired\":true,\"valueName\":\"search_term_string\"}}],\"inLanguage\":\"en-US\"},{\"@type\":\"Person\",\"@id\":\"https:\\\/\\\/akunq.net\\\/turkish\\\/#\\\/schema\\\/person\\\/135e7923d1aeb8887890799619969a6c\",\"name\":\"kalem\",\"image\":{\"@type\":\"ImageObject\",\"inLanguage\":\"en-US\",\"@id\":\"https:\\\/\\\/secure.gravatar.com\\\/avatar\\\/a06875e4b25feb5674296adf8e8a7ae1e587cebce2493fe63c456109967e27d3?s=96&d=mm&r=g\",\"url\":\"https:\\\/\\\/secure.gravatar.com\\\/avatar\\\/a06875e4b25feb5674296adf8e8a7ae1e587cebce2493fe63c456109967e27d3?s=96&d=mm&r=g\",\"contentUrl\":\"https:\\\/\\\/secure.gravatar.com\\\/avatar\\\/a06875e4b25feb5674296adf8e8a7ae1e587cebce2493fe63c456109967e27d3?s=96&d=mm&r=g\",\"caption\":\"kalem\"},\"url\":\"https:\\\/\\\/akunq.net\\\/turkish\\\/author\\\/kalem\\\/\"}]}<\/script>\n<!-- \/ Yoast SEO plugin. -->","yoast_head_json":{"title":"Mereto'nun zirvesinde halay \u00e7ektiler - Bati Ermenistan Ve Bati Ermenileri Sorunlari Ara\u015ftirmalar Merkezi","robots":{"index":"index","follow":"follow","max-snippet":"max-snippet:-1","max-image-preview":"max-image-preview:large","max-video-preview":"max-video-preview:-1"},"canonical":"https:\/\/akunq.net\/turkish\/2010\/08\/05\/meretonun-zirvesinde-halay-cektiler\/","og_locale":"en_US","og_type":"article","og_title":"Mereto'nun zirvesinde halay \u00e7ektiler - Bati Ermenistan Ve Bati Ermenileri Sorunlari Ara\u015ftirmalar Merkezi","og_description":"Sason&#8217;da bulunan 2 bin 983 metre y\u00fcksekli\u011findeki Mereto Da\u011f\u0131&#8217;na yap\u0131lan t\u0131rman\u0131\u015f \u015fenli\u011fe d\u00f6n\u00fc\u015ft\u00fc. Mereto t\u0131rman\u0131\u015f\u0131n\u0131 Sason Kaymakaml\u0131\u011f\u0131, Sason Belediyesi ve Sason E\u011fitim K\u00fclt\u00fcr ve Yard\u0131mla\u015fma Derne\u011fi birlikte organize etti. \u0130l\u00e7e merkezinden hareket eden t\u0131rman\u0131\u015f\u00e7\u0131lar, saat 06.30&#8217;da Sason&#8217;a ba\u011fl\u0131 \u00d6rena\u011f\u0131l-Kayadibi(Pur\u015feng) mezras\u0131ndan t\u0131rman\u0131\u015fa ge\u00e7ti. Yakla\u015f\u0131k 2 saatlik bir t\u0131rman\u0131\u015ftan sonra zirveye ula\u015fan kat\u0131l\u0131mc\u0131lar zirvede kahvalt\u0131 yapt\u0131ktan sonra [&hellip;]","og_url":"https:\/\/akunq.net\/turkish\/2010\/08\/05\/meretonun-zirvesinde-halay-cektiler\/","og_site_name":"Bati Ermenistan Ve Bati Ermenileri Sorunlari Ara\u015ftirmalar Merkezi","article_published_time":"2010-08-05T10:51:37+00:00","author":"kalem","twitter_card":"summary_large_image","twitter_misc":{"Written by":"kalem","Est. reading time":"4 minutes"},"schema":{"@context":"https:\/\/schema.org","@graph":[{"@type":"Article","@id":"https:\/\/akunq.net\/turkish\/2010\/08\/05\/meretonun-zirvesinde-halay-cektiler\/#article","isPartOf":{"@id":"https:\/\/akunq.net\/turkish\/2010\/08\/05\/meretonun-zirvesinde-halay-cektiler\/"},"author":{"name":"kalem","@id":"https:\/\/akunq.net\/turkish\/#\/schema\/person\/135e7923d1aeb8887890799619969a6c"},"headline":"Mereto&#8217;nun zirvesinde halay \u00e7ektiler","datePublished":"2010-08-05T10:51:37+00:00","mainEntityOfPage":{"@id":"https:\/\/akunq.net\/turkish\/2010\/08\/05\/meretonun-zirvesinde-halay-cektiler\/"},"wordCount":719,"articleSection":["Haberler"],"inLanguage":"en-US"},{"@type":"WebPage","@id":"https:\/\/akunq.net\/turkish\/2010\/08\/05\/meretonun-zirvesinde-halay-cektiler\/","url":"https:\/\/akunq.net\/turkish\/2010\/08\/05\/meretonun-zirvesinde-halay-cektiler\/","name":"Mereto'nun zirvesinde halay \u00e7ektiler - Bati Ermenistan Ve Bati Ermenileri Sorunlari Ara\u015ftirmalar Merkezi","isPartOf":{"@id":"https:\/\/akunq.net\/turkish\/#website"},"datePublished":"2010-08-05T10:51:37+00:00","author":{"@id":"https:\/\/akunq.net\/turkish\/#\/schema\/person\/135e7923d1aeb8887890799619969a6c"},"breadcrumb":{"@id":"https:\/\/akunq.net\/turkish\/2010\/08\/05\/meretonun-zirvesinde-halay-cektiler\/#breadcrumb"},"inLanguage":"en-US","potentialAction":[{"@type":"ReadAction","target":["https:\/\/akunq.net\/turkish\/2010\/08\/05\/meretonun-zirvesinde-halay-cektiler\/"]}]},{"@type":"BreadcrumbList","@id":"https:\/\/akunq.net\/turkish\/2010\/08\/05\/meretonun-zirvesinde-halay-cektiler\/#breadcrumb","itemListElement":[{"@type":"ListItem","position":1,"name":"Home","item":"https:\/\/akunq.net\/turkish\/"},{"@type":"ListItem","position":2,"name":"Mereto&#8217;nun zirvesinde halay \u00e7ektiler"}]},{"@type":"WebSite","@id":"https:\/\/akunq.net\/turkish\/#website","url":"https:\/\/akunq.net\/turkish\/","name":"Bati Ermenistan Ve Bati Ermenileri Sorunlari Ara\u015ftirmalar Merkezi","description":"","potentialAction":[{"@type":"SearchAction","target":{"@type":"EntryPoint","urlTemplate":"https:\/\/akunq.net\/turkish\/?s={search_term_string}"},"query-input":{"@type":"PropertyValueSpecification","valueRequired":true,"valueName":"search_term_string"}}],"inLanguage":"en-US"},{"@type":"Person","@id":"https:\/\/akunq.net\/turkish\/#\/schema\/person\/135e7923d1aeb8887890799619969a6c","name":"kalem","image":{"@type":"ImageObject","inLanguage":"en-US","@id":"https:\/\/secure.gravatar.com\/avatar\/a06875e4b25feb5674296adf8e8a7ae1e587cebce2493fe63c456109967e27d3?s=96&d=mm&r=g","url":"https:\/\/secure.gravatar.com\/avatar\/a06875e4b25feb5674296adf8e8a7ae1e587cebce2493fe63c456109967e27d3?s=96&d=mm&r=g","contentUrl":"https:\/\/secure.gravatar.com\/avatar\/a06875e4b25feb5674296adf8e8a7ae1e587cebce2493fe63c456109967e27d3?s=96&d=mm&r=g","caption":"kalem"},"url":"https:\/\/akunq.net\/turkish\/author\/kalem\/"}]}},"_links":{"self":[{"href":"https:\/\/akunq.net\/turkish\/wp-json\/wp\/v2\/posts\/1471","targetHints":{"allow":["GET"]}}],"collection":[{"href":"https:\/\/akunq.net\/turkish\/wp-json\/wp\/v2\/posts"}],"about":[{"href":"https:\/\/akunq.net\/turkish\/wp-json\/wp\/v2\/types\/post"}],"author":[{"embeddable":true,"href":"https:\/\/akunq.net\/turkish\/wp-json\/wp\/v2\/users\/3"}],"replies":[{"embeddable":true,"href":"https:\/\/akunq.net\/turkish\/wp-json\/wp\/v2\/comments?post=1471"}],"version-history":[{"count":0,"href":"https:\/\/akunq.net\/turkish\/wp-json\/wp\/v2\/posts\/1471\/revisions"}],"wp:attachment":[{"href":"https:\/\/akunq.net\/turkish\/wp-json\/wp\/v2\/media?parent=1471"}],"wp:term":[{"taxonomy":"category","embeddable":true,"href":"https:\/\/akunq.net\/turkish\/wp-json\/wp\/v2\/categories?post=1471"},{"taxonomy":"post_tag","embeddable":true,"href":"https:\/\/akunq.net\/turkish\/wp-json\/wp\/v2\/tags?post=1471"}],"curies":[{"name":"wp","href":"https:\/\/api.w.org\/{rel}","templated":true}]}}