{"id":1466,"date":"2010-08-05T02:05:11","date_gmt":"2010-08-05T07:05:11","guid":{"rendered":"http:\/\/akunq.net\/tr\/?p=1466"},"modified":"2010-08-05T02:05:11","modified_gmt":"2010-08-05T07:05:11","slug":"turkiye-akhtamar-adasinda-bulunan-surp-hac-kilisesinin-ibadete-acilmasini-gelir-kaynagi-olarak-algilamaktadir","status":"publish","type":"post","link":"https:\/\/akunq.net\/turkish\/2010\/08\/05\/turkiye-akhtamar-adasinda-bulunan-surp-hac-kilisesinin-ibadete-acilmasini-gelir-kaynagi-olarak-algilamaktadir\/","title":{"rendered":"T\u00fcrkiye, Akhtamar adas\u0131nda bulunan Surp Ha\u00e7 Kilisesi\u2019nin \u0130badete A\u00e7\u0131lmas\u0131n\u0131 Gelir Kayna\u011f\u0131 Olarak Alg\u0131lamaktad\u0131r"},"content":{"rendered":"<p style=\"text-align: justify\">Van&#8217;da yerel yay\u0131n yapan \u015eehrivan gazetesi imtiyaz sahibi Aziz Ayka\u00e7, 19 Eyl\u00fcl&#8217;de Akhtamar adas\u0131ndaki Surp Kha\u00e7 Kilisesi&#8217;nde yap\u0131lacak olan ayin i\u00e7in gelecek olan Ermenileri evlerinde misafir etmek isteyen Vanl\u0131lar\u0131n say\u0131s\u0131n\u0131n her ge\u00e7en g\u00fcn artt\u0131\u011f\u0131n\u0131 belirtti. Ba\u015flatt\u0131klar\u0131 kampanyaya \u015fimdiye kadar yakla\u015f\u0131k 6 bin ki\u015finin ba\u015fvurdu\u011funu ifade eden Ayka\u00e7, &#8220;Van&#8217;da 3-5 ki\u015finin d\u0131\u015f\u0131nda herkes kampanyam\u0131za destek veriyor. \u015eimdiye kadar 6 bin aile bize ba\u015fvurdu. Valili\u011fin destekleriyle s\u00fcrd\u00fcr\u00fclen kampanya kapsam\u0131nda olu\u015fturulan komisyon, evleri tek tek ziyaret ederek g\u00fcvenlik, ula\u015f\u0131m ve ailenin durumu ile ilgili bir de\u011ferlendirme yapacak. \u015eu an itibar\u0131yla 5 bin ev misafir kabul edecek durumdad\u0131r&#8221; dedi.<\/p>\n<p style=\"text-align: justify\">Aziz Ayka\u00e7\u2019a g\u00f6re Agos gazetesi arac\u0131l\u0131\u011f\u0131yla Avrupa&#8217;dan 10 tane gazeteci ayinde g\u00f6rev alacak ve buradaki g\u00fczellikleri d\u00fcnyaya duyuracak. Yakla\u015f\u0131k 10 bin civar\u0131nda insan\u0131n kat\u0131lmas\u0131n\u0131 beklenen ayinde \u015eehrivan gazetesi de Ermenice bas\u0131lacak. Aziz Ayka\u00e7, &#8220;Bug\u00fcn Avrupa ve Ermenistan&#8217;da Vanl\u0131lar\u0131n bu anlaml\u0131 kampanyas\u0131 konu\u015fuluyor, tart\u0131\u015f\u0131l\u0131yor. Korkmamak laz\u0131m. Eski olumsuz d\u00fc\u015f\u00fcnceleri, korkular\u0131, bo\u015f tela\u015flar\u0131 b\u0131rakmak laz\u0131m. Bug\u00fcn d\u00fcnya \u00fclkeleri ekonomik olarak ayakta durmak i\u00e7in \u00e7abal\u0131yor. Bir Suudi Arabistan, hac farizas\u0131 i\u00e7in giden M\u00fcsl\u00fcmanlar\u0131n oraya harcad\u0131klar\u0131 para nedeniyle bug\u00fcn en zengin \u00fclkeler aras\u0131nda. Bu yolla her y\u0131l b\u00fcy\u00fck bir gelir sa\u011fl\u0131yor. Ermeniler i\u00e7in de kutsal say\u0131lan Akdamar Kilisesi neden Van ve b\u00f6lge i\u00e7in bir gelir kayna\u011f\u0131 olmas\u0131n? Bu f\u0131rsat\u0131 temkinli ve iyi kullanmam\u0131z laz\u0131m&#8221; ifadelerini kulland\u0131.<\/p>\n<p style=\"text-align: justify\">Belirtmek gerekir ki, 19 Eyl\u00fcl yakla\u015ft\u0131k\u00e7a T\u00fcrkiye y\u00f6neticileri, \u00e7e\u015fitli yollarla d\u00fcnyan\u0131n dikkatini s\u00f6zde \u201ciyi niyetlerine\u201d \u00e7ekmek istemektedirler.<\/p>\n<p style=\"text-align: justify\">News.am<\/p>\n<p style=\"text-align: justify\">\u00a004.08.10<\/p>\n<p style=\"text-align: justify\">Ermenice\u2019den \u00e7evirisini <a href=\"http:\/\/www.akunq.net\/tr\/\">www.akunq.net\/tr\/<\/a> yapt\u0131.<\/p>\n","protected":false},"excerpt":{"rendered":"<p>Van&#8217;da yerel yay\u0131n yapan \u015eehrivan gazetesi imtiyaz sahibi Aziz Ayka\u00e7, 19 Eyl\u00fcl&#8217;de Akhtamar adas\u0131ndaki Surp Kha\u00e7 Kilisesi&#8217;nde yap\u0131lacak olan ayin i\u00e7in gelecek olan Ermenileri evlerinde misafir etmek isteyen Vanl\u0131lar\u0131n say\u0131s\u0131n\u0131n her ge\u00e7en g\u00fcn artt\u0131\u011f\u0131n\u0131 belirtti. Ba\u015flatt\u0131klar\u0131 kampanyaya \u015fimdiye kadar yakla\u015f\u0131k 6 bin ki\u015finin ba\u015fvurdu\u011funu ifade eden Ayka\u00e7, &#8220;Van&#8217;da 3-5 ki\u015finin d\u0131\u015f\u0131nda herkes kampanyam\u0131za destek veriyor. [&hellip;]<\/p>\n","protected":false},"author":3,"featured_media":0,"comment_status":"closed","ping_status":"open","sticky":false,"template":"","format":"standard","meta":{"footnotes":""},"categories":[14],"tags":[],"class_list":["post-1466","post","type-post","status-publish","format-standard","hentry","category-haberler"],"yoast_head":"<!-- This site is optimized with the Yoast SEO plugin v27.4 - https:\/\/yoast.com\/product\/yoast-seo-wordpress\/ -->\n<title>T\u00fcrkiye, Akhtamar adas\u0131nda bulunan Surp Ha\u00e7 Kilisesi\u2019nin \u0130badete A\u00e7\u0131lmas\u0131n\u0131 Gelir Kayna\u011f\u0131 Olarak Alg\u0131lamaktad\u0131r - Bati Ermenistan Ve Bati Ermenileri Sorunlari Ara\u015ftirmalar Merkezi<\/title>\n<meta name=\"robots\" content=\"index, follow, max-snippet:-1, max-image-preview:large, max-video-preview:-1\" \/>\n<link rel=\"canonical\" href=\"https:\/\/akunq.net\/turkish\/2010\/08\/05\/turkiye-akhtamar-adasinda-bulunan-surp-hac-kilisesinin-ibadete-acilmasini-gelir-kaynagi-olarak-algilamaktadir\/\" \/>\n<meta property=\"og:locale\" content=\"en_US\" \/>\n<meta property=\"og:type\" content=\"article\" \/>\n<meta property=\"og:title\" content=\"T\u00fcrkiye, Akhtamar adas\u0131nda bulunan Surp Ha\u00e7 Kilisesi\u2019nin \u0130badete A\u00e7\u0131lmas\u0131n\u0131 Gelir Kayna\u011f\u0131 Olarak Alg\u0131lamaktad\u0131r - Bati Ermenistan Ve Bati Ermenileri Sorunlari Ara\u015ftirmalar Merkezi\" \/>\n<meta property=\"og:description\" content=\"Van&#8217;da yerel yay\u0131n yapan \u015eehrivan gazetesi imtiyaz sahibi Aziz Ayka\u00e7, 19 Eyl\u00fcl&#8217;de Akhtamar adas\u0131ndaki Surp Kha\u00e7 Kilisesi&#8217;nde yap\u0131lacak olan ayin i\u00e7in gelecek olan Ermenileri evlerinde misafir etmek isteyen Vanl\u0131lar\u0131n say\u0131s\u0131n\u0131n her ge\u00e7en g\u00fcn artt\u0131\u011f\u0131n\u0131 belirtti. Ba\u015flatt\u0131klar\u0131 kampanyaya \u015fimdiye kadar yakla\u015f\u0131k 6 bin ki\u015finin ba\u015fvurdu\u011funu ifade eden Ayka\u00e7, &#8220;Van&#8217;da 3-5 ki\u015finin d\u0131\u015f\u0131nda herkes kampanyam\u0131za destek veriyor. [&hellip;]\" \/>\n<meta property=\"og:url\" content=\"https:\/\/akunq.net\/turkish\/2010\/08\/05\/turkiye-akhtamar-adasinda-bulunan-surp-hac-kilisesinin-ibadete-acilmasini-gelir-kaynagi-olarak-algilamaktadir\/\" \/>\n<meta property=\"og:site_name\" content=\"Bati Ermenistan Ve Bati Ermenileri Sorunlari Ara\u015ftirmalar Merkezi\" \/>\n<meta property=\"article:published_time\" content=\"2010-08-05T07:05:11+00:00\" \/>\n<meta name=\"author\" content=\"kalem\" \/>\n<meta name=\"twitter:card\" content=\"summary_large_image\" \/>\n<meta name=\"twitter:label1\" content=\"Written by\" \/>\n\t<meta name=\"twitter:data1\" content=\"kalem\" \/>\n\t<meta name=\"twitter:label2\" content=\"Est. reading time\" \/>\n\t<meta name=\"twitter:data2\" content=\"2 minutes\" \/>\n<script type=\"application\/ld+json\" class=\"yoast-schema-graph\">{\"@context\":\"https:\\\/\\\/schema.org\",\"@graph\":[{\"@type\":\"Article\",\"@id\":\"https:\\\/\\\/akunq.net\\\/turkish\\\/2010\\\/08\\\/05\\\/turkiye-akhtamar-adasinda-bulunan-surp-hac-kilisesinin-ibadete-acilmasini-gelir-kaynagi-olarak-algilamaktadir\\\/#article\",\"isPartOf\":{\"@id\":\"https:\\\/\\\/akunq.net\\\/turkish\\\/2010\\\/08\\\/05\\\/turkiye-akhtamar-adasinda-bulunan-surp-hac-kilisesinin-ibadete-acilmasini-gelir-kaynagi-olarak-algilamaktadir\\\/\"},\"author\":{\"name\":\"kalem\",\"@id\":\"https:\\\/\\\/akunq.net\\\/turkish\\\/#\\\/schema\\\/person\\\/135e7923d1aeb8887890799619969a6c\"},\"headline\":\"T\u00fcrkiye, Akhtamar adas\u0131nda bulunan Surp Ha\u00e7 Kilisesi\u2019nin \u0130badete A\u00e7\u0131lmas\u0131n\u0131 Gelir Kayna\u011f\u0131 Olarak Alg\u0131lamaktad\u0131r\",\"datePublished\":\"2010-08-05T07:05:11+00:00\",\"mainEntityOfPage\":{\"@id\":\"https:\\\/\\\/akunq.net\\\/turkish\\\/2010\\\/08\\\/05\\\/turkiye-akhtamar-adasinda-bulunan-surp-hac-kilisesinin-ibadete-acilmasini-gelir-kaynagi-olarak-algilamaktadir\\\/\"},\"wordCount\":339,\"articleSection\":[\"Haberler\"],\"inLanguage\":\"en-US\"},{\"@type\":\"WebPage\",\"@id\":\"https:\\\/\\\/akunq.net\\\/turkish\\\/2010\\\/08\\\/05\\\/turkiye-akhtamar-adasinda-bulunan-surp-hac-kilisesinin-ibadete-acilmasini-gelir-kaynagi-olarak-algilamaktadir\\\/\",\"url\":\"https:\\\/\\\/akunq.net\\\/turkish\\\/2010\\\/08\\\/05\\\/turkiye-akhtamar-adasinda-bulunan-surp-hac-kilisesinin-ibadete-acilmasini-gelir-kaynagi-olarak-algilamaktadir\\\/\",\"name\":\"T\u00fcrkiye, Akhtamar adas\u0131nda bulunan Surp Ha\u00e7 Kilisesi\u2019nin \u0130badete A\u00e7\u0131lmas\u0131n\u0131 Gelir Kayna\u011f\u0131 Olarak Alg\u0131lamaktad\u0131r - Bati Ermenistan Ve Bati Ermenileri Sorunlari Ara\u015ftirmalar Merkezi\",\"isPartOf\":{\"@id\":\"https:\\\/\\\/akunq.net\\\/turkish\\\/#website\"},\"datePublished\":\"2010-08-05T07:05:11+00:00\",\"author\":{\"@id\":\"https:\\\/\\\/akunq.net\\\/turkish\\\/#\\\/schema\\\/person\\\/135e7923d1aeb8887890799619969a6c\"},\"breadcrumb\":{\"@id\":\"https:\\\/\\\/akunq.net\\\/turkish\\\/2010\\\/08\\\/05\\\/turkiye-akhtamar-adasinda-bulunan-surp-hac-kilisesinin-ibadete-acilmasini-gelir-kaynagi-olarak-algilamaktadir\\\/#breadcrumb\"},\"inLanguage\":\"en-US\",\"potentialAction\":[{\"@type\":\"ReadAction\",\"target\":[\"https:\\\/\\\/akunq.net\\\/turkish\\\/2010\\\/08\\\/05\\\/turkiye-akhtamar-adasinda-bulunan-surp-hac-kilisesinin-ibadete-acilmasini-gelir-kaynagi-olarak-algilamaktadir\\\/\"]}]},{\"@type\":\"BreadcrumbList\",\"@id\":\"https:\\\/\\\/akunq.net\\\/turkish\\\/2010\\\/08\\\/05\\\/turkiye-akhtamar-adasinda-bulunan-surp-hac-kilisesinin-ibadete-acilmasini-gelir-kaynagi-olarak-algilamaktadir\\\/#breadcrumb\",\"itemListElement\":[{\"@type\":\"ListItem\",\"position\":1,\"name\":\"Home\",\"item\":\"https:\\\/\\\/akunq.net\\\/turkish\\\/\"},{\"@type\":\"ListItem\",\"position\":2,\"name\":\"T\u00fcrkiye, Akhtamar adas\u0131nda bulunan Surp Ha\u00e7 Kilisesi\u2019nin \u0130badete A\u00e7\u0131lmas\u0131n\u0131 Gelir Kayna\u011f\u0131 Olarak Alg\u0131lamaktad\u0131r\"}]},{\"@type\":\"WebSite\",\"@id\":\"https:\\\/\\\/akunq.net\\\/turkish\\\/#website\",\"url\":\"https:\\\/\\\/akunq.net\\\/turkish\\\/\",\"name\":\"Bati Ermenistan Ve Bati Ermenileri Sorunlari Ara\u015ftirmalar Merkezi\",\"description\":\"\",\"potentialAction\":[{\"@type\":\"SearchAction\",\"target\":{\"@type\":\"EntryPoint\",\"urlTemplate\":\"https:\\\/\\\/akunq.net\\\/turkish\\\/?s={search_term_string}\"},\"query-input\":{\"@type\":\"PropertyValueSpecification\",\"valueRequired\":true,\"valueName\":\"search_term_string\"}}],\"inLanguage\":\"en-US\"},{\"@type\":\"Person\",\"@id\":\"https:\\\/\\\/akunq.net\\\/turkish\\\/#\\\/schema\\\/person\\\/135e7923d1aeb8887890799619969a6c\",\"name\":\"kalem\",\"image\":{\"@type\":\"ImageObject\",\"inLanguage\":\"en-US\",\"@id\":\"https:\\\/\\\/secure.gravatar.com\\\/avatar\\\/a06875e4b25feb5674296adf8e8a7ae1e587cebce2493fe63c456109967e27d3?s=96&d=mm&r=g\",\"url\":\"https:\\\/\\\/secure.gravatar.com\\\/avatar\\\/a06875e4b25feb5674296adf8e8a7ae1e587cebce2493fe63c456109967e27d3?s=96&d=mm&r=g\",\"contentUrl\":\"https:\\\/\\\/secure.gravatar.com\\\/avatar\\\/a06875e4b25feb5674296adf8e8a7ae1e587cebce2493fe63c456109967e27d3?s=96&d=mm&r=g\",\"caption\":\"kalem\"},\"url\":\"https:\\\/\\\/akunq.net\\\/turkish\\\/author\\\/kalem\\\/\"}]}<\/script>\n<!-- \/ Yoast SEO plugin. -->","yoast_head_json":{"title":"T\u00fcrkiye, Akhtamar adas\u0131nda bulunan Surp Ha\u00e7 Kilisesi\u2019nin \u0130badete A\u00e7\u0131lmas\u0131n\u0131 Gelir Kayna\u011f\u0131 Olarak Alg\u0131lamaktad\u0131r - Bati Ermenistan Ve Bati Ermenileri Sorunlari Ara\u015ftirmalar Merkezi","robots":{"index":"index","follow":"follow","max-snippet":"max-snippet:-1","max-image-preview":"max-image-preview:large","max-video-preview":"max-video-preview:-1"},"canonical":"https:\/\/akunq.net\/turkish\/2010\/08\/05\/turkiye-akhtamar-adasinda-bulunan-surp-hac-kilisesinin-ibadete-acilmasini-gelir-kaynagi-olarak-algilamaktadir\/","og_locale":"en_US","og_type":"article","og_title":"T\u00fcrkiye, Akhtamar adas\u0131nda bulunan Surp Ha\u00e7 Kilisesi\u2019nin \u0130badete A\u00e7\u0131lmas\u0131n\u0131 Gelir Kayna\u011f\u0131 Olarak Alg\u0131lamaktad\u0131r - Bati Ermenistan Ve Bati Ermenileri Sorunlari Ara\u015ftirmalar Merkezi","og_description":"Van&#8217;da yerel yay\u0131n yapan \u015eehrivan gazetesi imtiyaz sahibi Aziz Ayka\u00e7, 19 Eyl\u00fcl&#8217;de Akhtamar adas\u0131ndaki Surp Kha\u00e7 Kilisesi&#8217;nde yap\u0131lacak olan ayin i\u00e7in gelecek olan Ermenileri evlerinde misafir etmek isteyen Vanl\u0131lar\u0131n say\u0131s\u0131n\u0131n her ge\u00e7en g\u00fcn artt\u0131\u011f\u0131n\u0131 belirtti. Ba\u015flatt\u0131klar\u0131 kampanyaya \u015fimdiye kadar yakla\u015f\u0131k 6 bin ki\u015finin ba\u015fvurdu\u011funu ifade eden Ayka\u00e7, &#8220;Van&#8217;da 3-5 ki\u015finin d\u0131\u015f\u0131nda herkes kampanyam\u0131za destek veriyor. [&hellip;]","og_url":"https:\/\/akunq.net\/turkish\/2010\/08\/05\/turkiye-akhtamar-adasinda-bulunan-surp-hac-kilisesinin-ibadete-acilmasini-gelir-kaynagi-olarak-algilamaktadir\/","og_site_name":"Bati Ermenistan Ve Bati Ermenileri Sorunlari Ara\u015ftirmalar Merkezi","article_published_time":"2010-08-05T07:05:11+00:00","author":"kalem","twitter_card":"summary_large_image","twitter_misc":{"Written by":"kalem","Est. reading time":"2 minutes"},"schema":{"@context":"https:\/\/schema.org","@graph":[{"@type":"Article","@id":"https:\/\/akunq.net\/turkish\/2010\/08\/05\/turkiye-akhtamar-adasinda-bulunan-surp-hac-kilisesinin-ibadete-acilmasini-gelir-kaynagi-olarak-algilamaktadir\/#article","isPartOf":{"@id":"https:\/\/akunq.net\/turkish\/2010\/08\/05\/turkiye-akhtamar-adasinda-bulunan-surp-hac-kilisesinin-ibadete-acilmasini-gelir-kaynagi-olarak-algilamaktadir\/"},"author":{"name":"kalem","@id":"https:\/\/akunq.net\/turkish\/#\/schema\/person\/135e7923d1aeb8887890799619969a6c"},"headline":"T\u00fcrkiye, Akhtamar adas\u0131nda bulunan Surp Ha\u00e7 Kilisesi\u2019nin \u0130badete A\u00e7\u0131lmas\u0131n\u0131 Gelir Kayna\u011f\u0131 Olarak Alg\u0131lamaktad\u0131r","datePublished":"2010-08-05T07:05:11+00:00","mainEntityOfPage":{"@id":"https:\/\/akunq.net\/turkish\/2010\/08\/05\/turkiye-akhtamar-adasinda-bulunan-surp-hac-kilisesinin-ibadete-acilmasini-gelir-kaynagi-olarak-algilamaktadir\/"},"wordCount":339,"articleSection":["Haberler"],"inLanguage":"en-US"},{"@type":"WebPage","@id":"https:\/\/akunq.net\/turkish\/2010\/08\/05\/turkiye-akhtamar-adasinda-bulunan-surp-hac-kilisesinin-ibadete-acilmasini-gelir-kaynagi-olarak-algilamaktadir\/","url":"https:\/\/akunq.net\/turkish\/2010\/08\/05\/turkiye-akhtamar-adasinda-bulunan-surp-hac-kilisesinin-ibadete-acilmasini-gelir-kaynagi-olarak-algilamaktadir\/","name":"T\u00fcrkiye, Akhtamar adas\u0131nda bulunan Surp Ha\u00e7 Kilisesi\u2019nin \u0130badete A\u00e7\u0131lmas\u0131n\u0131 Gelir Kayna\u011f\u0131 Olarak Alg\u0131lamaktad\u0131r - Bati Ermenistan Ve Bati Ermenileri Sorunlari Ara\u015ftirmalar Merkezi","isPartOf":{"@id":"https:\/\/akunq.net\/turkish\/#website"},"datePublished":"2010-08-05T07:05:11+00:00","author":{"@id":"https:\/\/akunq.net\/turkish\/#\/schema\/person\/135e7923d1aeb8887890799619969a6c"},"breadcrumb":{"@id":"https:\/\/akunq.net\/turkish\/2010\/08\/05\/turkiye-akhtamar-adasinda-bulunan-surp-hac-kilisesinin-ibadete-acilmasini-gelir-kaynagi-olarak-algilamaktadir\/#breadcrumb"},"inLanguage":"en-US","potentialAction":[{"@type":"ReadAction","target":["https:\/\/akunq.net\/turkish\/2010\/08\/05\/turkiye-akhtamar-adasinda-bulunan-surp-hac-kilisesinin-ibadete-acilmasini-gelir-kaynagi-olarak-algilamaktadir\/"]}]},{"@type":"BreadcrumbList","@id":"https:\/\/akunq.net\/turkish\/2010\/08\/05\/turkiye-akhtamar-adasinda-bulunan-surp-hac-kilisesinin-ibadete-acilmasini-gelir-kaynagi-olarak-algilamaktadir\/#breadcrumb","itemListElement":[{"@type":"ListItem","position":1,"name":"Home","item":"https:\/\/akunq.net\/turkish\/"},{"@type":"ListItem","position":2,"name":"T\u00fcrkiye, Akhtamar adas\u0131nda bulunan Surp Ha\u00e7 Kilisesi\u2019nin \u0130badete A\u00e7\u0131lmas\u0131n\u0131 Gelir Kayna\u011f\u0131 Olarak Alg\u0131lamaktad\u0131r"}]},{"@type":"WebSite","@id":"https:\/\/akunq.net\/turkish\/#website","url":"https:\/\/akunq.net\/turkish\/","name":"Bati Ermenistan Ve Bati Ermenileri Sorunlari Ara\u015ftirmalar Merkezi","description":"","potentialAction":[{"@type":"SearchAction","target":{"@type":"EntryPoint","urlTemplate":"https:\/\/akunq.net\/turkish\/?s={search_term_string}"},"query-input":{"@type":"PropertyValueSpecification","valueRequired":true,"valueName":"search_term_string"}}],"inLanguage":"en-US"},{"@type":"Person","@id":"https:\/\/akunq.net\/turkish\/#\/schema\/person\/135e7923d1aeb8887890799619969a6c","name":"kalem","image":{"@type":"ImageObject","inLanguage":"en-US","@id":"https:\/\/secure.gravatar.com\/avatar\/a06875e4b25feb5674296adf8e8a7ae1e587cebce2493fe63c456109967e27d3?s=96&d=mm&r=g","url":"https:\/\/secure.gravatar.com\/avatar\/a06875e4b25feb5674296adf8e8a7ae1e587cebce2493fe63c456109967e27d3?s=96&d=mm&r=g","contentUrl":"https:\/\/secure.gravatar.com\/avatar\/a06875e4b25feb5674296adf8e8a7ae1e587cebce2493fe63c456109967e27d3?s=96&d=mm&r=g","caption":"kalem"},"url":"https:\/\/akunq.net\/turkish\/author\/kalem\/"}]}},"_links":{"self":[{"href":"https:\/\/akunq.net\/turkish\/wp-json\/wp\/v2\/posts\/1466","targetHints":{"allow":["GET"]}}],"collection":[{"href":"https:\/\/akunq.net\/turkish\/wp-json\/wp\/v2\/posts"}],"about":[{"href":"https:\/\/akunq.net\/turkish\/wp-json\/wp\/v2\/types\/post"}],"author":[{"embeddable":true,"href":"https:\/\/akunq.net\/turkish\/wp-json\/wp\/v2\/users\/3"}],"replies":[{"embeddable":true,"href":"https:\/\/akunq.net\/turkish\/wp-json\/wp\/v2\/comments?post=1466"}],"version-history":[{"count":0,"href":"https:\/\/akunq.net\/turkish\/wp-json\/wp\/v2\/posts\/1466\/revisions"}],"wp:attachment":[{"href":"https:\/\/akunq.net\/turkish\/wp-json\/wp\/v2\/media?parent=1466"}],"wp:term":[{"taxonomy":"category","embeddable":true,"href":"https:\/\/akunq.net\/turkish\/wp-json\/wp\/v2\/categories?post=1466"},{"taxonomy":"post_tag","embeddable":true,"href":"https:\/\/akunq.net\/turkish\/wp-json\/wp\/v2\/tags?post=1466"}],"curies":[{"name":"wp","href":"https:\/\/api.w.org\/{rel}","templated":true}]}}