{"id":1463,"date":"2010-08-04T04:18:20","date_gmt":"2010-08-04T09:18:20","guid":{"rendered":"http:\/\/akunq.net\/tr\/?p=1463"},"modified":"2010-08-04T04:18:20","modified_gmt":"2010-08-04T09:18:20","slug":"trabzona-dikkat-nefret-soylemi-ve-kin-kusan-mekanizmalar-yeniden-devrede","status":"publish","type":"post","link":"https:\/\/akunq.net\/turkish\/2010\/08\/04\/trabzona-dikkat-nefret-soylemi-ve-kin-kusan-mekanizmalar-yeniden-devrede\/","title":{"rendered":"Trabzon\u2019a dikkat!!! Nefret s\u00f6ylemi ve kin kusan mekanizmalar  yeniden devrede"},"content":{"rendered":"<p style=\"text-align: justify\">Trabzon\u2019da Ergenekon yap\u0131lanmas\u0131n\u0131n uzant\u0131lar\u0131 bir s\u00fcredir faaliyette. Buna baz\u0131 medya odaklar\u0131 ve internet yay\u0131nlar\u0131 da katk\u0131 sunuyor.<br \/>\nSebep ise, 15 A\u011fustos\u2019ta Ma\u00e7ka\u2019n\u0131n S\u00fcmela Manast\u0131r\u0131nda bir defal\u0131\u011f\u0131na ayin izninin verilmi\u015f olmas\u0131.<\/p>\n<p style=\"text-align: justify\">\u00c7ok ba\u015fl\u0131 Ergenekon\u2019un d\u0131\u015far\u0131da kalm\u0131\u015f odaklar\u0131, 12 Eyl\u00fcl referandumu \u00f6ncesinde b\u00fct\u00fcn cephaneyi kullanma niyetinde. Bunun i\u00e7inde mutlaka K\u00fcrt d\u00fc\u015fmanl\u0131\u011f\u0131 tuzu da olmal\u0131 elbette.<\/p>\n<p style=\"text-align: justify\">\u201c\u0130NT\u0130KAM G\u0130B\u0130 AY\u0130N TAR\u0130H\u0130\u201d man\u015feti atm\u0131\u015f malum YEN\u0130 \u00c7A\u011e gazetesi ve \u015f\u00f6yle diyor haberinde: \u201c S\u00dcMELA Manast\u0131r\u0131\u2019nda ayin yap\u0131lacak g\u00fcn\u00fcn tarihi de \u00e7ok ilgin\u00e7. 15 A\u011fustos 1461 Trabzon\u2019un fethinin tarihi. [Hicri\/Miladi takvim fark\u0131yla hesaplamay\u0131 nas\u0131l becerdilerse!!!] Bir ba\u015fka deyi\u015fle, Rum Pontus\u2019un tarihin sayfalar\u0131na g\u00f6m\u00fcld\u00fc\u011f\u00fc g\u00fcn\u2026 Ayin i\u00e7in bu tarihi se\u00e7enler, adeta Bizans\u2019\u0131n yeniden ihyas\u0131n\u0131 ilan etme tavr\u0131 i\u00e7inde. [!!!]<\/p>\n<p style=\"text-align: justify\">Sonra, \u0131rk\u00e7\u0131 ajitasyonun K\u00fcrt aya\u011f\u0131 da kuruluyor komplo teorisyenlerince: \u201cAyine \u00e7ok \u00f6zel g\u00fcn\u201d, \u201cAKP, S\u00fcmela Manast\u0131r\u0131\u2019n\u0131n ibadete a\u00e7\u0131laca\u011f\u0131 g\u00fcn\u00fc 15 A\u011fustos olarak belirledi. \u00d6zenle se\u00e7ilmi\u015f bu tarihin, Rumlar\u0131n Trabzon\u2019u kaybettikleri ve PKK\u2019n\u0131n ilk kahpe kur\u015fununu att\u0131\u011f\u0131 g\u00fcnle ayn\u0131 olmas\u0131 dikkat \u00e7ekti \u201c[!!!] \u201cHainlerin s\u00f6zde dirili\u015f bayram\u0131\u201d ara ba\u015fl\u0131\u011f\u0131ndan sonra gazete \u015f\u00f6yle devam ediyor:<\/p>\n<p style=\"text-align: justify\">\u201cYine 15 A\u011fustos tarihi, 1984 y\u0131l\u0131ndan itibaren PKK\u2019n\u0131n kahpe eylemlerini ger\u00e7ekle\u015ftirdi\u011fi g\u00fcn olarak haf\u0131zalarda yerini ald\u0131. Siirt\u2019in Eruh ve Hakkari\u2019nin \u015eemdinli il\u00e7esini basan PKK\u2019l\u0131lar, karakollara ve askeri lojmanlara sald\u0131rm\u0131\u015f, 1 asker \u015fehit edilmi\u015fti. Her iki il\u00e7eyi bir s\u00fcre kontrol alt\u0131nda tutan \u00f6rg\u00fct militanlar\u0131, il\u00e7e meydan\u0131ndan ve cami minaresinden bir s\u00fcre propaganda yap\u0131p, daha sonra da Kuzey Irak\u2019a d\u00f6nm\u00fc\u015flerdi.\u201d<br \/>\nBu de\u011ferlendirmelere biz g\u00fcl\u00fcyoruz ama, bunu okuyan kimileri de baltas\u0131n\u0131, sat\u0131r\u0131n\u0131 haz\u0131r ediyor bir yandan.<\/p>\n<p style=\"text-align: justify\">\u201cYeni\u00e7a\u011f\u201d harekete ge\u00e7er de, [Nasyonal Sosyalist] \u0130\u015f\u00e7i Partisi durur mu? Nas\u0131l olsa el alt\u0131nda \u0130dare Mahkemesi var. 2005 Osmanl\u0131 Ermenileri Konferans\u0131n\u0131 engellemek i\u00e7in yap\u0131ld\u0131\u011f\u0131 gibi, \u0130P Trabzon il ba\u015fkan\u0131 hemen Trabzon \u0130dare Mahkemesinde K\u00fclt\u00fcr Bakanl\u0131\u011f\u0131n\u0131n verdi\u011fi iznin iptali i\u00e7in bir dava a\u00e7\u0131veriyor.<\/p>\n<p style=\"text-align: justify\">Ge\u00e7en y\u0131l 15 A\u011fustos\u2019ta S\u00fcmele\u2019daki ayini engellemeye \u00e7al\u0131\u015fan Trabzon Valili\u011finin g\u00f6revden al\u0131nan \u00d6zel \u0130dare Amiri Hasan Kanber de ge\u00e7ti\u011fimiz g\u00fcnlerde Trabzon Valisi Recep K\u0131z\u0131lc\u0131k, K\u00fclt\u00fcr ve Turizm Bakan\u0131 Ertu\u011furul G\u00fcnay ve M\u00fczeler Genel M\u00fcd\u00fcr Vekili Murat S\u00fcsl\u00fc hakk\u0131nda Cumhuriyet Savc\u0131l\u0131\u011f\u0131\u2019na ayine izin verdikleri gerek\u00e7esiyle su\u00e7 duyurusunda bulundu.<\/p>\n<p style=\"text-align: justify\">Ma\u00e7ka\u2019da Trabzonun Fethini kutlamak i\u00e7in bir miting giri\u015fimi var. Olaya sadece turizm geliri a\u00e7\u0131s\u0131ndan bakan CHP\u2019li Ma\u00e7ka Belediye ba\u015fkan\u0131 ise, bunun yap\u0131lmamas\u0131 i\u00e7in siyasi parti ve s\u00f6zde sivil toplum kurulu\u015flar\u0131 ile g\u00f6r\u00fc\u015f\u00fcld\u00fc\u011f\u00fcn\u00fc a\u00e7\u0131kl\u0131yor.<br \/>\nTrabzon valisi: \u201cKom\u015fu \u015fehirlerde bile oteller dolu. Ayin yap\u0131p gidecekler. Ciddi miktarda para da kalacak\u201d diyor.<\/p>\n<p style=\"text-align: justify\">T\u00fcrkiye Seyahat Acenteleri Birli\u011fi (TURSAB) Karadeniz B\u00f6lgesi B\u00f6lgesel Y\u00fcr\u00fctme Kurulu Genel Sekreteri G\u00f6khan Usta ise bana pes dedirtti: \u201cS\u00fcmela Manast\u0131r\u0131\u2019ndaki Ayin tarihinin turizm a\u00e7\u0131s\u0131ndan \u00f6l\u00fc sezona kayd\u0131r\u0131lmas\u0131 Trabzon ekonomisine daha fazla katk\u0131 sa\u011flar.\u201d.<br \/>\nNeyse K\u00fclt\u00fcr ve Turizm Bakan\u0131 G\u00fcnay olay\u0131 ba\u015fka a\u00e7\u0131dan de\u011ferlendirdi: \u201cS\u00fcmela, ayn\u0131 zamanda bizim i\u00e7in bir an\u0131t m\u00fczedir, ama bir inanc\u0131n sahipleri bizim i\u00e7in \u00e7ok anlaml\u0131 olan bu an\u0131t m\u00fczede, \u2018iki saat bir ba\u015fka dilde dua etmek istiyoruz\u2019 diyorlar. \u0130nsana, inanc\u0131na sayg\u0131 a\u00e7\u0131s\u0131ndan \u00f6zg\u00fcrl\u00fck\u00e7\u00fc bir toplum ve devlet bu talep kar\u015f\u0131s\u0131nda anlay\u0131\u015fs\u0131z kalabilir mi?\u201d<br \/>\nKime, insana ve inanca sayg\u0131dan, kime \u00f6zg\u00fcrl\u00fck\u00e7\u00fc toplum ve devletten bahsediyorsunuz?<br \/>\n\u201cMeclis haber sitesi\u201d ise \u015f\u00f6yle bak\u0131yor olaya: \u201cTrilyonlar harcay\u0131p kiliseleri ihya eden AKP [tek parti CHP\u2019si gibi kiliseleri berhava etmeliydi!] , kat\u0131l\u0131mc\u0131lar i\u00e7in de \u2018g\u00fcvenlik\u2019 emri verdi. [yani lin\u00e7 izni vermeliydi]. Trabzon\u2019un fetih tarihini, S\u00fcmela Kilisesi\u2019nin ibadete a\u00e7\u0131l\u0131\u015f g\u00fcn\u00fc olarak se\u00e7en Rumlar\u0131n bu iste\u011fi de AKP iktidar\u0131 taraf\u0131ndan geri \u00e7evrilmedi. [Vay hainler!] AKP iktidar\u0131n\u0131n restore i\u00e7in tam 3 trilyon lira harcad\u0131\u011f\u0131 Akdamar Kilisesi 19 Eyl\u00fcl\u2019de Ermenilerin ibadetine a\u00e7\u0131lacak\u201d. [Eyvah, T\u00fcrkiye batacak!] \u201cErmeni ve Rum\u2019a koruma\u201d\u2026 [\u00d6yle ya Ermeni ve Rum kesmek i\u00e7indir, hi\u00e7 olmazsa lin\u00e7 i\u00e7in]. Ayn\u0131 site Ahtamar\u2019a da de\u011finmeden edemiyor: \u201cVan\u2019daki Akdamar Kilisesi\u2019nde yap\u0131lacak ayin \u00f6ncesi polis ve jandarmaya talimat ya\u011fd\u0131. Hristiyanl\u0131\u011fa hizmette s\u0131n\u0131r tan\u0131mayan AKP iktidar\u0131 [Ben de onlardan gizli Hristiyan diye \u015f\u00fcpheleniyordum zaten!], Trabzon\u2019daki S\u00fcmela Manast\u0131r\u0131 ile Van\u2019daki Akdamar Kilisesi\u2019nde d\u00fczenlenecek ayinler i\u00e7in g\u00fcvenlik g\u00fc\u00e7lerini alarma ge\u00e7irdi.[Vah vah, i\u015f biraz zor olacak!]<\/p>\n<p style=\"text-align: justify\">Yahu, el insaf, yahu biraz sayg\u0131, yahu biraz insanl\u0131k!<br \/>\nS\u00f6z konusu olan 15 A\u011fustos, 2 bin y\u0131la yak\u0131n zamand\u0131r kutlanan \u201cMERYEM ANA YORTUSU!\u201d \u00a0<br \/>\nBu ne zulumdur, ne ac\u0131mas\u0131zl\u0131kt\u0131r, ne insanl\u0131ktan uzakla\u015fmakt\u0131r\u2026.<br \/>\nMekke\u2019de bir turizm acentas\u0131, \u201cyahu Mira\u00e7 Kandili\u201dni \u00f6l\u00fc sezona alsak, daha fazla m\u00fc\u015fteri \u00e7ekeriz dese, nas\u0131l tepki al\u0131rd\u0131 acaba?<\/p>\n<p style=\"text-align: justify\"><strong>\u00a0<\/strong><strong>Kaynak:<\/strong> evrensel.net<br \/>\n<strong>Tarih:<\/strong> 3.8.2010<\/p>\n<p style=\"text-align: justify\">RAGIP ZARAKOLU<\/p>\n","protected":false},"excerpt":{"rendered":"<p>Trabzon\u2019da Ergenekon yap\u0131lanmas\u0131n\u0131n uzant\u0131lar\u0131 bir s\u00fcredir faaliyette. Buna baz\u0131 medya odaklar\u0131 ve internet yay\u0131nlar\u0131 da katk\u0131 sunuyor. Sebep ise, 15 A\u011fustos\u2019ta Ma\u00e7ka\u2019n\u0131n S\u00fcmela Manast\u0131r\u0131nda bir defal\u0131\u011f\u0131na ayin izninin verilmi\u015f olmas\u0131. \u00c7ok ba\u015fl\u0131 Ergenekon\u2019un d\u0131\u015far\u0131da kalm\u0131\u015f odaklar\u0131, 12 Eyl\u00fcl referandumu \u00f6ncesinde b\u00fct\u00fcn cephaneyi kullanma niyetinde. Bunun i\u00e7inde mutlaka K\u00fcrt d\u00fc\u015fmanl\u0131\u011f\u0131 tuzu da olmal\u0131 elbette. \u201c\u0130NT\u0130KAM G\u0130B\u0130 [&hellip;]<\/p>\n","protected":false},"author":3,"featured_media":0,"comment_status":"closed","ping_status":"open","sticky":false,"template":"","format":"standard","meta":{"footnotes":""},"categories":[14],"tags":[],"class_list":["post-1463","post","type-post","status-publish","format-standard","hentry","category-haberler"],"yoast_head":"<!-- This site is optimized with the Yoast SEO plugin v27.4 - https:\/\/yoast.com\/product\/yoast-seo-wordpress\/ -->\n<title>Trabzon\u2019a dikkat!!! Nefret s\u00f6ylemi ve kin kusan mekanizmalar yeniden devrede - Bati Ermenistan Ve Bati Ermenileri Sorunlari Ara\u015ftirmalar Merkezi<\/title>\n<meta name=\"robots\" content=\"index, follow, max-snippet:-1, max-image-preview:large, max-video-preview:-1\" \/>\n<link rel=\"canonical\" href=\"https:\/\/akunq.net\/turkish\/2010\/08\/04\/trabzona-dikkat-nefret-soylemi-ve-kin-kusan-mekanizmalar-yeniden-devrede\/\" \/>\n<meta property=\"og:locale\" content=\"en_US\" \/>\n<meta property=\"og:type\" content=\"article\" \/>\n<meta property=\"og:title\" content=\"Trabzon\u2019a dikkat!!! Nefret s\u00f6ylemi ve kin kusan mekanizmalar yeniden devrede - Bati Ermenistan Ve Bati Ermenileri Sorunlari Ara\u015ftirmalar Merkezi\" \/>\n<meta property=\"og:description\" content=\"Trabzon\u2019da Ergenekon yap\u0131lanmas\u0131n\u0131n uzant\u0131lar\u0131 bir s\u00fcredir faaliyette. Buna baz\u0131 medya odaklar\u0131 ve internet yay\u0131nlar\u0131 da katk\u0131 sunuyor. Sebep ise, 15 A\u011fustos\u2019ta Ma\u00e7ka\u2019n\u0131n S\u00fcmela Manast\u0131r\u0131nda bir defal\u0131\u011f\u0131na ayin izninin verilmi\u015f olmas\u0131. \u00c7ok ba\u015fl\u0131 Ergenekon\u2019un d\u0131\u015far\u0131da kalm\u0131\u015f odaklar\u0131, 12 Eyl\u00fcl referandumu \u00f6ncesinde b\u00fct\u00fcn cephaneyi kullanma niyetinde. Bunun i\u00e7inde mutlaka K\u00fcrt d\u00fc\u015fmanl\u0131\u011f\u0131 tuzu da olmal\u0131 elbette. \u201c\u0130NT\u0130KAM G\u0130B\u0130 [&hellip;]\" \/>\n<meta property=\"og:url\" content=\"https:\/\/akunq.net\/turkish\/2010\/08\/04\/trabzona-dikkat-nefret-soylemi-ve-kin-kusan-mekanizmalar-yeniden-devrede\/\" \/>\n<meta property=\"og:site_name\" content=\"Bati Ermenistan Ve Bati Ermenileri Sorunlari Ara\u015ftirmalar Merkezi\" \/>\n<meta property=\"article:published_time\" content=\"2010-08-04T09:18:20+00:00\" \/>\n<meta name=\"author\" content=\"kalem\" \/>\n<meta name=\"twitter:card\" content=\"summary_large_image\" \/>\n<meta name=\"twitter:label1\" content=\"Written by\" \/>\n\t<meta name=\"twitter:data1\" content=\"kalem\" \/>\n\t<meta name=\"twitter:label2\" content=\"Est. reading time\" \/>\n\t<meta name=\"twitter:data2\" content=\"5 minutes\" \/>\n<script type=\"application\/ld+json\" class=\"yoast-schema-graph\">{\"@context\":\"https:\\\/\\\/schema.org\",\"@graph\":[{\"@type\":\"Article\",\"@id\":\"https:\\\/\\\/akunq.net\\\/turkish\\\/2010\\\/08\\\/04\\\/trabzona-dikkat-nefret-soylemi-ve-kin-kusan-mekanizmalar-yeniden-devrede\\\/#article\",\"isPartOf\":{\"@id\":\"https:\\\/\\\/akunq.net\\\/turkish\\\/2010\\\/08\\\/04\\\/trabzona-dikkat-nefret-soylemi-ve-kin-kusan-mekanizmalar-yeniden-devrede\\\/\"},\"author\":{\"name\":\"kalem\",\"@id\":\"https:\\\/\\\/akunq.net\\\/turkish\\\/#\\\/schema\\\/person\\\/135e7923d1aeb8887890799619969a6c\"},\"headline\":\"Trabzon\u2019a dikkat!!! Nefret s\u00f6ylemi ve kin kusan mekanizmalar yeniden devrede\",\"datePublished\":\"2010-08-04T09:18:20+00:00\",\"mainEntityOfPage\":{\"@id\":\"https:\\\/\\\/akunq.net\\\/turkish\\\/2010\\\/08\\\/04\\\/trabzona-dikkat-nefret-soylemi-ve-kin-kusan-mekanizmalar-yeniden-devrede\\\/\"},\"wordCount\":939,\"articleSection\":[\"Haberler\"],\"inLanguage\":\"en-US\"},{\"@type\":\"WebPage\",\"@id\":\"https:\\\/\\\/akunq.net\\\/turkish\\\/2010\\\/08\\\/04\\\/trabzona-dikkat-nefret-soylemi-ve-kin-kusan-mekanizmalar-yeniden-devrede\\\/\",\"url\":\"https:\\\/\\\/akunq.net\\\/turkish\\\/2010\\\/08\\\/04\\\/trabzona-dikkat-nefret-soylemi-ve-kin-kusan-mekanizmalar-yeniden-devrede\\\/\",\"name\":\"Trabzon\u2019a dikkat!!! Nefret s\u00f6ylemi ve kin kusan mekanizmalar yeniden devrede - Bati Ermenistan Ve Bati Ermenileri Sorunlari Ara\u015ftirmalar Merkezi\",\"isPartOf\":{\"@id\":\"https:\\\/\\\/akunq.net\\\/turkish\\\/#website\"},\"datePublished\":\"2010-08-04T09:18:20+00:00\",\"author\":{\"@id\":\"https:\\\/\\\/akunq.net\\\/turkish\\\/#\\\/schema\\\/person\\\/135e7923d1aeb8887890799619969a6c\"},\"breadcrumb\":{\"@id\":\"https:\\\/\\\/akunq.net\\\/turkish\\\/2010\\\/08\\\/04\\\/trabzona-dikkat-nefret-soylemi-ve-kin-kusan-mekanizmalar-yeniden-devrede\\\/#breadcrumb\"},\"inLanguage\":\"en-US\",\"potentialAction\":[{\"@type\":\"ReadAction\",\"target\":[\"https:\\\/\\\/akunq.net\\\/turkish\\\/2010\\\/08\\\/04\\\/trabzona-dikkat-nefret-soylemi-ve-kin-kusan-mekanizmalar-yeniden-devrede\\\/\"]}]},{\"@type\":\"BreadcrumbList\",\"@id\":\"https:\\\/\\\/akunq.net\\\/turkish\\\/2010\\\/08\\\/04\\\/trabzona-dikkat-nefret-soylemi-ve-kin-kusan-mekanizmalar-yeniden-devrede\\\/#breadcrumb\",\"itemListElement\":[{\"@type\":\"ListItem\",\"position\":1,\"name\":\"Home\",\"item\":\"https:\\\/\\\/akunq.net\\\/turkish\\\/\"},{\"@type\":\"ListItem\",\"position\":2,\"name\":\"Trabzon\u2019a dikkat!!! Nefret s\u00f6ylemi ve kin kusan mekanizmalar yeniden devrede\"}]},{\"@type\":\"WebSite\",\"@id\":\"https:\\\/\\\/akunq.net\\\/turkish\\\/#website\",\"url\":\"https:\\\/\\\/akunq.net\\\/turkish\\\/\",\"name\":\"Bati Ermenistan Ve Bati Ermenileri Sorunlari Ara\u015ftirmalar Merkezi\",\"description\":\"\",\"potentialAction\":[{\"@type\":\"SearchAction\",\"target\":{\"@type\":\"EntryPoint\",\"urlTemplate\":\"https:\\\/\\\/akunq.net\\\/turkish\\\/?s={search_term_string}\"},\"query-input\":{\"@type\":\"PropertyValueSpecification\",\"valueRequired\":true,\"valueName\":\"search_term_string\"}}],\"inLanguage\":\"en-US\"},{\"@type\":\"Person\",\"@id\":\"https:\\\/\\\/akunq.net\\\/turkish\\\/#\\\/schema\\\/person\\\/135e7923d1aeb8887890799619969a6c\",\"name\":\"kalem\",\"image\":{\"@type\":\"ImageObject\",\"inLanguage\":\"en-US\",\"@id\":\"https:\\\/\\\/secure.gravatar.com\\\/avatar\\\/a06875e4b25feb5674296adf8e8a7ae1e587cebce2493fe63c456109967e27d3?s=96&d=mm&r=g\",\"url\":\"https:\\\/\\\/secure.gravatar.com\\\/avatar\\\/a06875e4b25feb5674296adf8e8a7ae1e587cebce2493fe63c456109967e27d3?s=96&d=mm&r=g\",\"contentUrl\":\"https:\\\/\\\/secure.gravatar.com\\\/avatar\\\/a06875e4b25feb5674296adf8e8a7ae1e587cebce2493fe63c456109967e27d3?s=96&d=mm&r=g\",\"caption\":\"kalem\"},\"url\":\"https:\\\/\\\/akunq.net\\\/turkish\\\/author\\\/kalem\\\/\"}]}<\/script>\n<!-- \/ Yoast SEO plugin. -->","yoast_head_json":{"title":"Trabzon\u2019a dikkat!!! Nefret s\u00f6ylemi ve kin kusan mekanizmalar yeniden devrede - Bati Ermenistan Ve Bati Ermenileri Sorunlari Ara\u015ftirmalar Merkezi","robots":{"index":"index","follow":"follow","max-snippet":"max-snippet:-1","max-image-preview":"max-image-preview:large","max-video-preview":"max-video-preview:-1"},"canonical":"https:\/\/akunq.net\/turkish\/2010\/08\/04\/trabzona-dikkat-nefret-soylemi-ve-kin-kusan-mekanizmalar-yeniden-devrede\/","og_locale":"en_US","og_type":"article","og_title":"Trabzon\u2019a dikkat!!! Nefret s\u00f6ylemi ve kin kusan mekanizmalar yeniden devrede - Bati Ermenistan Ve Bati Ermenileri Sorunlari Ara\u015ftirmalar Merkezi","og_description":"Trabzon\u2019da Ergenekon yap\u0131lanmas\u0131n\u0131n uzant\u0131lar\u0131 bir s\u00fcredir faaliyette. Buna baz\u0131 medya odaklar\u0131 ve internet yay\u0131nlar\u0131 da katk\u0131 sunuyor. Sebep ise, 15 A\u011fustos\u2019ta Ma\u00e7ka\u2019n\u0131n S\u00fcmela Manast\u0131r\u0131nda bir defal\u0131\u011f\u0131na ayin izninin verilmi\u015f olmas\u0131. \u00c7ok ba\u015fl\u0131 Ergenekon\u2019un d\u0131\u015far\u0131da kalm\u0131\u015f odaklar\u0131, 12 Eyl\u00fcl referandumu \u00f6ncesinde b\u00fct\u00fcn cephaneyi kullanma niyetinde. Bunun i\u00e7inde mutlaka K\u00fcrt d\u00fc\u015fmanl\u0131\u011f\u0131 tuzu da olmal\u0131 elbette. \u201c\u0130NT\u0130KAM G\u0130B\u0130 [&hellip;]","og_url":"https:\/\/akunq.net\/turkish\/2010\/08\/04\/trabzona-dikkat-nefret-soylemi-ve-kin-kusan-mekanizmalar-yeniden-devrede\/","og_site_name":"Bati Ermenistan Ve Bati Ermenileri Sorunlari Ara\u015ftirmalar Merkezi","article_published_time":"2010-08-04T09:18:20+00:00","author":"kalem","twitter_card":"summary_large_image","twitter_misc":{"Written by":"kalem","Est. reading time":"5 minutes"},"schema":{"@context":"https:\/\/schema.org","@graph":[{"@type":"Article","@id":"https:\/\/akunq.net\/turkish\/2010\/08\/04\/trabzona-dikkat-nefret-soylemi-ve-kin-kusan-mekanizmalar-yeniden-devrede\/#article","isPartOf":{"@id":"https:\/\/akunq.net\/turkish\/2010\/08\/04\/trabzona-dikkat-nefret-soylemi-ve-kin-kusan-mekanizmalar-yeniden-devrede\/"},"author":{"name":"kalem","@id":"https:\/\/akunq.net\/turkish\/#\/schema\/person\/135e7923d1aeb8887890799619969a6c"},"headline":"Trabzon\u2019a dikkat!!! Nefret s\u00f6ylemi ve kin kusan mekanizmalar yeniden devrede","datePublished":"2010-08-04T09:18:20+00:00","mainEntityOfPage":{"@id":"https:\/\/akunq.net\/turkish\/2010\/08\/04\/trabzona-dikkat-nefret-soylemi-ve-kin-kusan-mekanizmalar-yeniden-devrede\/"},"wordCount":939,"articleSection":["Haberler"],"inLanguage":"en-US"},{"@type":"WebPage","@id":"https:\/\/akunq.net\/turkish\/2010\/08\/04\/trabzona-dikkat-nefret-soylemi-ve-kin-kusan-mekanizmalar-yeniden-devrede\/","url":"https:\/\/akunq.net\/turkish\/2010\/08\/04\/trabzona-dikkat-nefret-soylemi-ve-kin-kusan-mekanizmalar-yeniden-devrede\/","name":"Trabzon\u2019a dikkat!!! Nefret s\u00f6ylemi ve kin kusan mekanizmalar yeniden devrede - Bati Ermenistan Ve Bati Ermenileri Sorunlari Ara\u015ftirmalar Merkezi","isPartOf":{"@id":"https:\/\/akunq.net\/turkish\/#website"},"datePublished":"2010-08-04T09:18:20+00:00","author":{"@id":"https:\/\/akunq.net\/turkish\/#\/schema\/person\/135e7923d1aeb8887890799619969a6c"},"breadcrumb":{"@id":"https:\/\/akunq.net\/turkish\/2010\/08\/04\/trabzona-dikkat-nefret-soylemi-ve-kin-kusan-mekanizmalar-yeniden-devrede\/#breadcrumb"},"inLanguage":"en-US","potentialAction":[{"@type":"ReadAction","target":["https:\/\/akunq.net\/turkish\/2010\/08\/04\/trabzona-dikkat-nefret-soylemi-ve-kin-kusan-mekanizmalar-yeniden-devrede\/"]}]},{"@type":"BreadcrumbList","@id":"https:\/\/akunq.net\/turkish\/2010\/08\/04\/trabzona-dikkat-nefret-soylemi-ve-kin-kusan-mekanizmalar-yeniden-devrede\/#breadcrumb","itemListElement":[{"@type":"ListItem","position":1,"name":"Home","item":"https:\/\/akunq.net\/turkish\/"},{"@type":"ListItem","position":2,"name":"Trabzon\u2019a dikkat!!! Nefret s\u00f6ylemi ve kin kusan mekanizmalar yeniden devrede"}]},{"@type":"WebSite","@id":"https:\/\/akunq.net\/turkish\/#website","url":"https:\/\/akunq.net\/turkish\/","name":"Bati Ermenistan Ve Bati Ermenileri Sorunlari Ara\u015ftirmalar Merkezi","description":"","potentialAction":[{"@type":"SearchAction","target":{"@type":"EntryPoint","urlTemplate":"https:\/\/akunq.net\/turkish\/?s={search_term_string}"},"query-input":{"@type":"PropertyValueSpecification","valueRequired":true,"valueName":"search_term_string"}}],"inLanguage":"en-US"},{"@type":"Person","@id":"https:\/\/akunq.net\/turkish\/#\/schema\/person\/135e7923d1aeb8887890799619969a6c","name":"kalem","image":{"@type":"ImageObject","inLanguage":"en-US","@id":"https:\/\/secure.gravatar.com\/avatar\/a06875e4b25feb5674296adf8e8a7ae1e587cebce2493fe63c456109967e27d3?s=96&d=mm&r=g","url":"https:\/\/secure.gravatar.com\/avatar\/a06875e4b25feb5674296adf8e8a7ae1e587cebce2493fe63c456109967e27d3?s=96&d=mm&r=g","contentUrl":"https:\/\/secure.gravatar.com\/avatar\/a06875e4b25feb5674296adf8e8a7ae1e587cebce2493fe63c456109967e27d3?s=96&d=mm&r=g","caption":"kalem"},"url":"https:\/\/akunq.net\/turkish\/author\/kalem\/"}]}},"_links":{"self":[{"href":"https:\/\/akunq.net\/turkish\/wp-json\/wp\/v2\/posts\/1463","targetHints":{"allow":["GET"]}}],"collection":[{"href":"https:\/\/akunq.net\/turkish\/wp-json\/wp\/v2\/posts"}],"about":[{"href":"https:\/\/akunq.net\/turkish\/wp-json\/wp\/v2\/types\/post"}],"author":[{"embeddable":true,"href":"https:\/\/akunq.net\/turkish\/wp-json\/wp\/v2\/users\/3"}],"replies":[{"embeddable":true,"href":"https:\/\/akunq.net\/turkish\/wp-json\/wp\/v2\/comments?post=1463"}],"version-history":[{"count":0,"href":"https:\/\/akunq.net\/turkish\/wp-json\/wp\/v2\/posts\/1463\/revisions"}],"wp:attachment":[{"href":"https:\/\/akunq.net\/turkish\/wp-json\/wp\/v2\/media?parent=1463"}],"wp:term":[{"taxonomy":"category","embeddable":true,"href":"https:\/\/akunq.net\/turkish\/wp-json\/wp\/v2\/categories?post=1463"},{"taxonomy":"post_tag","embeddable":true,"href":"https:\/\/akunq.net\/turkish\/wp-json\/wp\/v2\/tags?post=1463"}],"curies":[{"name":"wp","href":"https:\/\/api.w.org\/{rel}","templated":true}]}}