{"id":1455,"date":"2010-08-03T23:59:55","date_gmt":"2010-08-04T04:59:55","guid":{"rendered":"http:\/\/akunq.net\/tr\/?p=1455"},"modified":"2010-08-03T23:59:55","modified_gmt":"2010-08-04T04:59:55","slug":"ruhani-meclis-duyurusu","status":"publish","type":"post","link":"https:\/\/akunq.net\/turkish\/2010\/08\/03\/ruhani-meclis-duyurusu\/","title":{"rendered":"RUHAN\u0130 MECL\u0130S DUYURUSU"},"content":{"rendered":"<p style=\"text-align: justify\">Bir s\u00fcredir medyada ve sanal ortamlarda Patrik \/ E\u015f-Patrik \/ Patrik Genel Vekili se\u00e7imi konular\u0131 tart\u0131\u015fma konusu haline getirilmektedir. Hen\u00fcz tam olarak anla\u015f\u0131lamad\u0131\u011f\u0131 d\u00fc\u015f\u00fcn\u00fclen yukar\u0131daki hususlarda, Meclisimiz Cemaatimizi bilgilendirme gere\u011fini duymu\u015ftur.<\/p>\n<p style=\"text-align: justify\">T.C. \u0130stanbul Valili\u011fi taraf\u0131ndan elimize ula\u015fan 29\/06\/2010 tarih ve 31941 say\u0131l\u0131 yaz\u0131 neticesinde, Ruhani Meclisimiz Patrik Genel Vekili se\u00e7imine gitme karar\u0131 alarak Ruhaniler Genel Meclisi\u2019ni toplant\u0131ya \u00e7a\u011f\u0131rm\u0131\u015ft\u0131r. 1 Temmuz 2010 tarihinde Ruhaniler Genel Meclisi taraf\u0131ndan ger\u00e7ekle\u015ftirilen se\u00e7im sonucu ise cemaatimize duyurulmu\u015ftur.<\/p>\n<p style=\"text-align: justify\">Meclisimiz taraf\u0131ndan daha \u00f6nce duyurulmu\u015f olan \u201cPatrik Mesrob II\u2019nin hayat\u0131 boyunca Patrik olarak tan\u0131naca\u011f\u0131\u201d karar\u0131 ise ge\u00e7erlili\u011fini korumakta olup bu d\u00f6nemde herhangi bir se\u00e7im yoluna gidilmeyecektir. Meclisimiz a\u00e7\u0131s\u0131ndan ve geleneklerimize g\u00f6re ba\u015fkaca bir uygulamaya gerek g\u00f6r\u00fclmemektedir.<\/p>\n<p style=\"text-align: justify\">E\u015f-Patrik se\u00e7imi, bu konu i\u00e7in g\u00f6revlendirilmi\u015f olan \u201cE\u015f-Patrik Se\u00e7imi M\u00fcte\u015febbis Heyeti\u201dnin g\u00f6revini farkl\u0131 alg\u0131lamas\u0131 ve kanuni dayana\u011f\u0131 olmayan giri\u015fimleri sebebiyle ger\u00e7ekle\u015fememi\u015ftir. Meclisimizin gelinen durumdan sorumlu tutulmas\u0131 ise tarafl\u0131 bir d\u00fc\u015f\u00fcnce tarz\u0131d\u0131r. Bu yolda hareket eden baz\u0131 \u00e7evrelerin g\u00fctt\u00fc\u011f\u00fc amac\u0131 sorgulamak yerinde olacakt\u0131r.<\/p>\n<p style=\"text-align: justify\">Valilik Makam\u0131 taraf\u0131ndan bildirilen \u201c\u2026Patriklik Makam\u0131 bo\u015falmad\u0131\u011f\u0131ndan yeni Patrik Se\u00e7imi yap\u0131lmas\u0131 veya E\u015f-Patrik Se\u00e7imi amac\u0131yla m\u00fcte\u015febbis heyet olu\u015fturulmas\u0131n\u0131n hukuki temeli bulunmad\u0131\u011f\u0131\u201d konusu Ruhani Meclis\u2019in karar\u0131 neticesinde, 30\/06\/2010 tarih ve 9167 say\u0131l\u0131 yaz\u0131 ile Cemaat ve Vak\u0131f Y\u00f6neticileri huzurunda \u201cE\u015f-Patrik Se\u00e7imi M\u00fcte\u015febbis Heyeti\u201dne tebli\u011f edilmi\u015ftir. Bu noktadan sonra, \u201cM\u00fcte\u015febbis Heyet\u201d ad\u0131 alt\u0131nda i\u015flev s\u00fcrd\u00fcren bir olu\u015fumdan s\u00f6z etmek m\u00fcmk\u00fcn de\u011fildir. Bu durumda, \u201cM\u00fcte\u015febbis Heyet\u201d ad\u0131 alt\u0131nda yap\u0131lan t\u00fcm giri\u015fimler ve sonu\u00e7lar\u0131 giri\u015fimlerde bulunanlar\u0131 ba\u011flayacak olup Patrikli\u011fimiz nezdinde ge\u00e7erli olmayacakt\u0131r.<\/p>\n<p style=\"text-align: justify\">Yine baz\u0131 \u00e7evrelerce ileri s\u00fcr\u00fclen, \u201cT\u00fcrkiye Ermenileri Patri\u011fi\u2019ni art\u0131k cemaatin se\u00e7meyece\u011fi\u201d yolundaki iddia, kesinlikle do\u011fru olmay\u0131p tarafl\u0131 ve yanl\u0131\u015f bir y\u00f6nlendirmedir. Ruhani Meclis\u2019in, Patrik Mesrob II Hazretleri\u2019nin vefat\u0131 durumunda yap\u0131lacak Patrik Se\u00e7imi\u2019nin Kilisemizin kadim gelenekleri do\u011frultusunda ger\u00e7ekle\u015fmesi i\u00e7in ba\u015fvuruda bulunaca\u011f\u0131 muhakkakt\u0131r. Benzeri bir endi\u015feye gerek de yoktur. Bug\u00fcne kadar oldu\u011fu gibi bundan sonra da T\u00fcrkiye Ermenileri Patri\u011fi\u2019nin T\u00fcrkiye Ermeni Cemaati \u00f6rf ve adetleri do\u011frultusunda se\u00e7ilece\u011fini ifade ediyoruz. T\u00fcrkiye Ermenileri Patri\u011fi\u2019ni Ruhani Meclis\u2019in veya Vak\u0131f Y\u00f6neticileri\u2019nin se\u00e7mesi y\u00f6n\u00fcnde ne Devlet Kat\u0131\u2019ndan herhangi bir talep ne de herhangi bir merciden bir karar veya dayatma vard\u0131r. Gelenekleri, \u00f6rf ve adetleri daima koruyan ve g\u00f6zeten Ruhani Meclis\u2019in de b\u00f6yle bir karar alm\u0131\u015f olmas\u0131 d\u00fc\u015f\u00fcn\u00fclemez. Kald\u0131 ki, \u00f6rf ve adetlerimize g\u00f6re bu m\u00fcmk\u00fcn de de\u011fildir. Ruhani Meclisimiz, gelecekte de aynen ge\u00e7mi\u015fte oldu\u011fu gibi Patri\u011fin yine T\u00fcrkiye Ermenileri taraf\u0131ndan se\u00e7me hakk\u0131n\u0131 korumaya kararl\u0131d\u0131r.<\/p>\n<p style=\"text-align: justify\">Bug\u00fcnk\u00fc hal ise, yak\u0131n ge\u00e7mi\u015fteki anlams\u0131z giri\u015fimler sebebiyle E\u015f-Patrik se\u00e7ilemedi\u011finden ula\u015f\u0131lm\u0131\u015f olan bir \u00e7\u00f6z\u00fcmd\u00fcr. T\u00fcrkiye Ermenileri Patrikli\u011fi y\u00f6netim uygulamalar\u0131nda Patrik Vekili\u2019nin yan\u0131nda, Patri\u011fin Makam\u0131nda bulunmad\u0131\u011f\u0131 durumlarda Patriklik yetkisini kullanabilen bir Patrik Genel Vekili bulunmu\u015ftur. Patrik Vekili sadece Patri\u011fin verdi\u011fi g\u00f6revleri yerine getirmekle y\u00fck\u00fcml\u00fcyken, Patrik Genel Vekili Patriklik yetkilerini t\u00fcm\u00fcyle kullanma yetkisine sahiptir. Bug\u00fcn, Patrik Vekili olan Ba\u015fepiskopos \u015eahan S\u0131vac\u0131yan ya\u015fl\u0131l\u0131k nedeniyle g\u00f6rev yapma arzusunda olmad\u0131\u011f\u0131n\u0131 Ruhaniler Genel Meclisi\u2019nde ve bilahare m\u00fcteaddit defalar ifade etmi\u015ftir. Bu durumda, kesin yetkili bir vekalet sistemi olan ve Devlet taraf\u0131ndan da kabul g\u00f6rece\u011fi bildirilen \u201cPatrik Genel Vekilli\u011fi\u201d bir \u00e7\u00f6z\u00fcm olarak g\u00f6r\u00fclm\u00fc\u015ft\u00fcr. Devlet Patriklik Yetkili Organlar\u0131 taraf\u0131ndan se\u00e7im yap\u0131lmas\u0131n\u0131n uygunlu\u011funa dikkat \u00e7ekmi\u015ftir. Ruhani Meclis Patriklik Yetkili Organ\u0131 iken dahi, daha geni\u015f bir kat\u0131l\u0131m ama\u00e7l\u0131 se\u00e7im d\u00fc\u015f\u00fcn\u00fclerek bu se\u00e7im, yine Yetkili Organ olan Ruhaniler Genel Meclisi taraf\u0131ndan yap\u0131lm\u0131\u015ft\u0131r. K\u0131saca, asl\u0131nda eskiden beri mevcut olan Patrik Genel Vekilli\u011fi i\u00e7in Ruhaniler Genel Meclisince se\u00e7im yap\u0131lm\u0131\u015f, do\u011fan bo\u015fluk doldurulmu\u015ftur. B\u00f6ylece, Patrik veya E\u015f-Patrik se\u00e7imi m\u00fcmk\u00fcn olmad\u0131\u011f\u0131ndan y\u00f6netsel sorunlar\u0131n a\u015f\u0131labilmesi i\u00e7in bir ara \u00e7\u00f6z\u00fcm bulunmu\u015ftur.<\/p>\n<p style=\"text-align: justify\">Bu kararlar al\u0131n\u0131rken Patrikli\u011fimizin ge\u00e7mi\u015ften intikal eden y\u00f6netsel d\u00fczenlemeleri do\u011frultusunda hareket edilmi\u015ftir. Patrik Genel Vekilli\u011fi se\u00e7imi, team\u00fcller gere\u011fi, sadece \u0130stanbul\u2019da g\u00f6rev yapan din adamlar\u0131n\u0131n kat\u0131l\u0131m\u0131yla toplanan Ruhaniler Genel Meclisi\u2019nde aday g\u00f6stermeden, Patriklik yetki s\u0131n\u0131rlar\u0131 dahilinde g\u00f6rev yapan, r\u00fctbe g\u00f6zetmeksizin t\u00fcm din adamlar\u0131m\u0131z\u0131n se\u00e7ilebilece\u011fi bildirilerek gizli oyla yap\u0131lm\u0131\u015ft\u0131r.<\/p>\n<p style=\"text-align: justify\">Patrik Genel Vekili\u2019ne verilebilece\u011fi bildirilen, \u201cMabed ve ayin d\u0131\u015f\u0131nda dini k\u0131yafetle dola\u015fma\u201d yetkisinin tek amac\u0131, Vekil\u2019in Patriklik ad\u0131na haz\u0131r bulunaca\u011f\u0131 resmi ortamlarda di\u011fer cemaatler aras\u0131nda e\u015fit bir mevki edinmesi ve Patrikli\u011fi temsiliyetidir. Kald\u0131 ki, Patriklik Genel Vekili Ba\u015fepiskopos Aram Ate\u015fyan muhtelif vesilelerle, b\u00f6yle bir hak verilmesi durumunda sadece yukar\u0131daki ortamlarda kullanaca\u011f\u0131n\u0131 da ifade etmi\u015ftir.<\/p>\n<p style=\"text-align: justify\">Sonu\u00e7 olarak,<\/p>\n<p style=\"text-align: justify\">Patrik Genel Vekili\u2019nin Ruhaniler Genel Meclisi taraf\u0131ndan se\u00e7ilmesi, kal\u0131c\u0131 \u00e7\u00f6z\u00fcmler \u00fcretilemedi\u011finden, do\u011fan bo\u015flu\u011fu doldurmak amac\u0131yla bulunmu\u015f bir \u00e7\u00f6z\u00fcmd\u00fcr.<\/p>\n<p style=\"text-align: justify\">Patrik Genel Vekili Ba\u015fepiskopos Aram Ate\u015fyan, gerekli izin verildi\u011finde, mabed ve ayin d\u0131\u015f\u0131nda dini k\u0131yafeti yukar\u0131da izah edildi\u011fi \u00e7er\u00e7evede kullanacakt\u0131r.<\/p>\n<p style=\"text-align: justify\">T\u00fcrkiye Ermenileri Patri\u011fi, Patrik Mesrob II Hazretleri\u2019nin vefat\u0131 durumunda, bug\u00fcne kadar oldu\u011fu gibi bundan sonra da \u00f6rf ve adetlerimiz do\u011frultusunda se\u00e7ilecektir. Bu konuda herhangi bir de\u011fi\u015fiklik s\u00f6z konusu de\u011fildir.<\/p>\n<p style=\"text-align: justify\">Patrik Mesrob II Hazretleri\u2019nin vefat\u0131 durumunda bir m\u00fcte\u015febbis heyet te\u015fkil edilerek g\u00f6reve \u00e7a\u011fr\u0131lacakt\u0131r.<\/p>\n<p style=\"text-align: justify\">02 A\u011fustos 2010<br \/>\n9202<br \/>\nRUHAN\u0130 MECL\u0130S D\u0130VANI<\/p>\n<p style=\"text-align: justify\"><strong>Kaynak:<\/strong> Lraper<br \/>\n<strong>Yer:<\/strong> \u0130stanbul<br \/>\n<strong>Tarih:<\/strong> 3.8.2010<\/p>\n","protected":false},"excerpt":{"rendered":"<p>Bir s\u00fcredir medyada ve sanal ortamlarda Patrik \/ E\u015f-Patrik \/ Patrik Genel Vekili se\u00e7imi konular\u0131 tart\u0131\u015fma konusu haline getirilmektedir. Hen\u00fcz tam olarak anla\u015f\u0131lamad\u0131\u011f\u0131 d\u00fc\u015f\u00fcn\u00fclen yukar\u0131daki hususlarda, Meclisimiz Cemaatimizi bilgilendirme gere\u011fini duymu\u015ftur. T.C. \u0130stanbul Valili\u011fi taraf\u0131ndan elimize ula\u015fan 29\/06\/2010 tarih ve 31941 say\u0131l\u0131 yaz\u0131 neticesinde, Ruhani Meclisimiz Patrik Genel Vekili se\u00e7imine gitme karar\u0131 alarak Ruhaniler Genel [&hellip;]<\/p>\n","protected":false},"author":3,"featured_media":0,"comment_status":"closed","ping_status":"open","sticky":false,"template":"","format":"standard","meta":{"footnotes":""},"categories":[14],"tags":[],"class_list":["post-1455","post","type-post","status-publish","format-standard","hentry","category-haberler"],"yoast_head":"<!-- This site is optimized with the Yoast SEO plugin v27.4 - https:\/\/yoast.com\/product\/yoast-seo-wordpress\/ -->\n<title>RUHAN\u0130 MECL\u0130S DUYURUSU - Bati Ermenistan Ve Bati Ermenileri Sorunlari Ara\u015ftirmalar Merkezi<\/title>\n<meta name=\"robots\" content=\"index, follow, max-snippet:-1, max-image-preview:large, max-video-preview:-1\" \/>\n<link rel=\"canonical\" href=\"https:\/\/akunq.net\/turkish\/2010\/08\/03\/ruhani-meclis-duyurusu\/\" \/>\n<meta property=\"og:locale\" content=\"en_US\" \/>\n<meta property=\"og:type\" content=\"article\" \/>\n<meta property=\"og:title\" content=\"RUHAN\u0130 MECL\u0130S DUYURUSU - Bati Ermenistan Ve Bati Ermenileri Sorunlari Ara\u015ftirmalar Merkezi\" \/>\n<meta property=\"og:description\" content=\"Bir s\u00fcredir medyada ve sanal ortamlarda Patrik \/ E\u015f-Patrik \/ Patrik Genel Vekili se\u00e7imi konular\u0131 tart\u0131\u015fma konusu haline getirilmektedir. Hen\u00fcz tam olarak anla\u015f\u0131lamad\u0131\u011f\u0131 d\u00fc\u015f\u00fcn\u00fclen yukar\u0131daki hususlarda, Meclisimiz Cemaatimizi bilgilendirme gere\u011fini duymu\u015ftur. T.C. \u0130stanbul Valili\u011fi taraf\u0131ndan elimize ula\u015fan 29\/06\/2010 tarih ve 31941 say\u0131l\u0131 yaz\u0131 neticesinde, Ruhani Meclisimiz Patrik Genel Vekili se\u00e7imine gitme karar\u0131 alarak Ruhaniler Genel [&hellip;]\" \/>\n<meta property=\"og:url\" content=\"https:\/\/akunq.net\/turkish\/2010\/08\/03\/ruhani-meclis-duyurusu\/\" \/>\n<meta property=\"og:site_name\" content=\"Bati Ermenistan Ve Bati Ermenileri Sorunlari Ara\u015ftirmalar Merkezi\" \/>\n<meta property=\"article:published_time\" content=\"2010-08-04T04:59:55+00:00\" \/>\n<meta name=\"author\" content=\"kalem\" \/>\n<meta name=\"twitter:card\" content=\"summary_large_image\" \/>\n<meta name=\"twitter:label1\" content=\"Written by\" \/>\n\t<meta name=\"twitter:data1\" content=\"kalem\" \/>\n\t<meta name=\"twitter:label2\" content=\"Est. reading time\" \/>\n\t<meta name=\"twitter:data2\" content=\"5 minutes\" \/>\n<script type=\"application\/ld+json\" class=\"yoast-schema-graph\">{\"@context\":\"https:\\\/\\\/schema.org\",\"@graph\":[{\"@type\":\"Article\",\"@id\":\"https:\\\/\\\/akunq.net\\\/turkish\\\/2010\\\/08\\\/03\\\/ruhani-meclis-duyurusu\\\/#article\",\"isPartOf\":{\"@id\":\"https:\\\/\\\/akunq.net\\\/turkish\\\/2010\\\/08\\\/03\\\/ruhani-meclis-duyurusu\\\/\"},\"author\":{\"name\":\"kalem\",\"@id\":\"https:\\\/\\\/akunq.net\\\/turkish\\\/#\\\/schema\\\/person\\\/135e7923d1aeb8887890799619969a6c\"},\"headline\":\"RUHAN\u0130 MECL\u0130S DUYURUSU\",\"datePublished\":\"2010-08-04T04:59:55+00:00\",\"mainEntityOfPage\":{\"@id\":\"https:\\\/\\\/akunq.net\\\/turkish\\\/2010\\\/08\\\/03\\\/ruhani-meclis-duyurusu\\\/\"},\"wordCount\":1072,\"articleSection\":[\"Haberler\"],\"inLanguage\":\"en-US\"},{\"@type\":\"WebPage\",\"@id\":\"https:\\\/\\\/akunq.net\\\/turkish\\\/2010\\\/08\\\/03\\\/ruhani-meclis-duyurusu\\\/\",\"url\":\"https:\\\/\\\/akunq.net\\\/turkish\\\/2010\\\/08\\\/03\\\/ruhani-meclis-duyurusu\\\/\",\"name\":\"RUHAN\u0130 MECL\u0130S DUYURUSU - Bati Ermenistan Ve Bati Ermenileri Sorunlari Ara\u015ftirmalar Merkezi\",\"isPartOf\":{\"@id\":\"https:\\\/\\\/akunq.net\\\/turkish\\\/#website\"},\"datePublished\":\"2010-08-04T04:59:55+00:00\",\"author\":{\"@id\":\"https:\\\/\\\/akunq.net\\\/turkish\\\/#\\\/schema\\\/person\\\/135e7923d1aeb8887890799619969a6c\"},\"breadcrumb\":{\"@id\":\"https:\\\/\\\/akunq.net\\\/turkish\\\/2010\\\/08\\\/03\\\/ruhani-meclis-duyurusu\\\/#breadcrumb\"},\"inLanguage\":\"en-US\",\"potentialAction\":[{\"@type\":\"ReadAction\",\"target\":[\"https:\\\/\\\/akunq.net\\\/turkish\\\/2010\\\/08\\\/03\\\/ruhani-meclis-duyurusu\\\/\"]}]},{\"@type\":\"BreadcrumbList\",\"@id\":\"https:\\\/\\\/akunq.net\\\/turkish\\\/2010\\\/08\\\/03\\\/ruhani-meclis-duyurusu\\\/#breadcrumb\",\"itemListElement\":[{\"@type\":\"ListItem\",\"position\":1,\"name\":\"Home\",\"item\":\"https:\\\/\\\/akunq.net\\\/turkish\\\/\"},{\"@type\":\"ListItem\",\"position\":2,\"name\":\"RUHAN\u0130 MECL\u0130S DUYURUSU\"}]},{\"@type\":\"WebSite\",\"@id\":\"https:\\\/\\\/akunq.net\\\/turkish\\\/#website\",\"url\":\"https:\\\/\\\/akunq.net\\\/turkish\\\/\",\"name\":\"Bati Ermenistan Ve Bati Ermenileri Sorunlari Ara\u015ftirmalar Merkezi\",\"description\":\"\",\"potentialAction\":[{\"@type\":\"SearchAction\",\"target\":{\"@type\":\"EntryPoint\",\"urlTemplate\":\"https:\\\/\\\/akunq.net\\\/turkish\\\/?s={search_term_string}\"},\"query-input\":{\"@type\":\"PropertyValueSpecification\",\"valueRequired\":true,\"valueName\":\"search_term_string\"}}],\"inLanguage\":\"en-US\"},{\"@type\":\"Person\",\"@id\":\"https:\\\/\\\/akunq.net\\\/turkish\\\/#\\\/schema\\\/person\\\/135e7923d1aeb8887890799619969a6c\",\"name\":\"kalem\",\"image\":{\"@type\":\"ImageObject\",\"inLanguage\":\"en-US\",\"@id\":\"https:\\\/\\\/secure.gravatar.com\\\/avatar\\\/a06875e4b25feb5674296adf8e8a7ae1e587cebce2493fe63c456109967e27d3?s=96&d=mm&r=g\",\"url\":\"https:\\\/\\\/secure.gravatar.com\\\/avatar\\\/a06875e4b25feb5674296adf8e8a7ae1e587cebce2493fe63c456109967e27d3?s=96&d=mm&r=g\",\"contentUrl\":\"https:\\\/\\\/secure.gravatar.com\\\/avatar\\\/a06875e4b25feb5674296adf8e8a7ae1e587cebce2493fe63c456109967e27d3?s=96&d=mm&r=g\",\"caption\":\"kalem\"},\"url\":\"https:\\\/\\\/akunq.net\\\/turkish\\\/author\\\/kalem\\\/\"}]}<\/script>\n<!-- \/ Yoast SEO plugin. -->","yoast_head_json":{"title":"RUHAN\u0130 MECL\u0130S DUYURUSU - Bati Ermenistan Ve Bati Ermenileri Sorunlari Ara\u015ftirmalar Merkezi","robots":{"index":"index","follow":"follow","max-snippet":"max-snippet:-1","max-image-preview":"max-image-preview:large","max-video-preview":"max-video-preview:-1"},"canonical":"https:\/\/akunq.net\/turkish\/2010\/08\/03\/ruhani-meclis-duyurusu\/","og_locale":"en_US","og_type":"article","og_title":"RUHAN\u0130 MECL\u0130S DUYURUSU - Bati Ermenistan Ve Bati Ermenileri Sorunlari Ara\u015ftirmalar Merkezi","og_description":"Bir s\u00fcredir medyada ve sanal ortamlarda Patrik \/ E\u015f-Patrik \/ Patrik Genel Vekili se\u00e7imi konular\u0131 tart\u0131\u015fma konusu haline getirilmektedir. Hen\u00fcz tam olarak anla\u015f\u0131lamad\u0131\u011f\u0131 d\u00fc\u015f\u00fcn\u00fclen yukar\u0131daki hususlarda, Meclisimiz Cemaatimizi bilgilendirme gere\u011fini duymu\u015ftur. T.C. \u0130stanbul Valili\u011fi taraf\u0131ndan elimize ula\u015fan 29\/06\/2010 tarih ve 31941 say\u0131l\u0131 yaz\u0131 neticesinde, Ruhani Meclisimiz Patrik Genel Vekili se\u00e7imine gitme karar\u0131 alarak Ruhaniler Genel [&hellip;]","og_url":"https:\/\/akunq.net\/turkish\/2010\/08\/03\/ruhani-meclis-duyurusu\/","og_site_name":"Bati Ermenistan Ve Bati Ermenileri Sorunlari Ara\u015ftirmalar Merkezi","article_published_time":"2010-08-04T04:59:55+00:00","author":"kalem","twitter_card":"summary_large_image","twitter_misc":{"Written by":"kalem","Est. reading time":"5 minutes"},"schema":{"@context":"https:\/\/schema.org","@graph":[{"@type":"Article","@id":"https:\/\/akunq.net\/turkish\/2010\/08\/03\/ruhani-meclis-duyurusu\/#article","isPartOf":{"@id":"https:\/\/akunq.net\/turkish\/2010\/08\/03\/ruhani-meclis-duyurusu\/"},"author":{"name":"kalem","@id":"https:\/\/akunq.net\/turkish\/#\/schema\/person\/135e7923d1aeb8887890799619969a6c"},"headline":"RUHAN\u0130 MECL\u0130S DUYURUSU","datePublished":"2010-08-04T04:59:55+00:00","mainEntityOfPage":{"@id":"https:\/\/akunq.net\/turkish\/2010\/08\/03\/ruhani-meclis-duyurusu\/"},"wordCount":1072,"articleSection":["Haberler"],"inLanguage":"en-US"},{"@type":"WebPage","@id":"https:\/\/akunq.net\/turkish\/2010\/08\/03\/ruhani-meclis-duyurusu\/","url":"https:\/\/akunq.net\/turkish\/2010\/08\/03\/ruhani-meclis-duyurusu\/","name":"RUHAN\u0130 MECL\u0130S DUYURUSU - Bati Ermenistan Ve Bati Ermenileri Sorunlari Ara\u015ftirmalar Merkezi","isPartOf":{"@id":"https:\/\/akunq.net\/turkish\/#website"},"datePublished":"2010-08-04T04:59:55+00:00","author":{"@id":"https:\/\/akunq.net\/turkish\/#\/schema\/person\/135e7923d1aeb8887890799619969a6c"},"breadcrumb":{"@id":"https:\/\/akunq.net\/turkish\/2010\/08\/03\/ruhani-meclis-duyurusu\/#breadcrumb"},"inLanguage":"en-US","potentialAction":[{"@type":"ReadAction","target":["https:\/\/akunq.net\/turkish\/2010\/08\/03\/ruhani-meclis-duyurusu\/"]}]},{"@type":"BreadcrumbList","@id":"https:\/\/akunq.net\/turkish\/2010\/08\/03\/ruhani-meclis-duyurusu\/#breadcrumb","itemListElement":[{"@type":"ListItem","position":1,"name":"Home","item":"https:\/\/akunq.net\/turkish\/"},{"@type":"ListItem","position":2,"name":"RUHAN\u0130 MECL\u0130S DUYURUSU"}]},{"@type":"WebSite","@id":"https:\/\/akunq.net\/turkish\/#website","url":"https:\/\/akunq.net\/turkish\/","name":"Bati Ermenistan Ve Bati Ermenileri Sorunlari Ara\u015ftirmalar Merkezi","description":"","potentialAction":[{"@type":"SearchAction","target":{"@type":"EntryPoint","urlTemplate":"https:\/\/akunq.net\/turkish\/?s={search_term_string}"},"query-input":{"@type":"PropertyValueSpecification","valueRequired":true,"valueName":"search_term_string"}}],"inLanguage":"en-US"},{"@type":"Person","@id":"https:\/\/akunq.net\/turkish\/#\/schema\/person\/135e7923d1aeb8887890799619969a6c","name":"kalem","image":{"@type":"ImageObject","inLanguage":"en-US","@id":"https:\/\/secure.gravatar.com\/avatar\/a06875e4b25feb5674296adf8e8a7ae1e587cebce2493fe63c456109967e27d3?s=96&d=mm&r=g","url":"https:\/\/secure.gravatar.com\/avatar\/a06875e4b25feb5674296adf8e8a7ae1e587cebce2493fe63c456109967e27d3?s=96&d=mm&r=g","contentUrl":"https:\/\/secure.gravatar.com\/avatar\/a06875e4b25feb5674296adf8e8a7ae1e587cebce2493fe63c456109967e27d3?s=96&d=mm&r=g","caption":"kalem"},"url":"https:\/\/akunq.net\/turkish\/author\/kalem\/"}]}},"_links":{"self":[{"href":"https:\/\/akunq.net\/turkish\/wp-json\/wp\/v2\/posts\/1455","targetHints":{"allow":["GET"]}}],"collection":[{"href":"https:\/\/akunq.net\/turkish\/wp-json\/wp\/v2\/posts"}],"about":[{"href":"https:\/\/akunq.net\/turkish\/wp-json\/wp\/v2\/types\/post"}],"author":[{"embeddable":true,"href":"https:\/\/akunq.net\/turkish\/wp-json\/wp\/v2\/users\/3"}],"replies":[{"embeddable":true,"href":"https:\/\/akunq.net\/turkish\/wp-json\/wp\/v2\/comments?post=1455"}],"version-history":[{"count":0,"href":"https:\/\/akunq.net\/turkish\/wp-json\/wp\/v2\/posts\/1455\/revisions"}],"wp:attachment":[{"href":"https:\/\/akunq.net\/turkish\/wp-json\/wp\/v2\/media?parent=1455"}],"wp:term":[{"taxonomy":"category","embeddable":true,"href":"https:\/\/akunq.net\/turkish\/wp-json\/wp\/v2\/categories?post=1455"},{"taxonomy":"post_tag","embeddable":true,"href":"https:\/\/akunq.net\/turkish\/wp-json\/wp\/v2\/tags?post=1455"}],"curies":[{"name":"wp","href":"https:\/\/api.w.org\/{rel}","templated":true}]}}